{"id":21143,"date":"2026-04-01T13:22:59","date_gmt":"2026-04-01T11:22:59","guid":{"rendered":"https:\/\/alinvest-verde.eu\/?p=21143"},"modified":"2026-04-06T09:56:34","modified_gmt":"2026-04-06T07:56:34","slug":"quito-reune-a-especialistas-de-mas-de-20-paises-de-america-latina-y-la-union-europea-para-analizar-el-futuro-de-la-agricultura-organica","status":"publish","type":"post","link":"https:\/\/alinvest-verde.eu\/es_es\/quito-reune-a-especialistas-de-mas-de-20-paises-de-america-latina-y-la-union-europea-para-analizar-el-futuro-de-la-agricultura-organica\/","title":{"rendered":"Quito re\u00fane a especialistas de m\u00e1s de 20 pa\u00edses de Am\u00e9rica Latina y la Uni\u00f3n Europea para analizar el futuro de la agricultura org\u00e1nica"},"content":{"rendered":"\t\t<div data-elementor-type=\"wp-post\" data-elementor-id=\"21143\" class=\"elementor elementor-21143\" data-elementor-post-type=\"post\">\n\t\t\t\t\t\t<section class=\"elementor-section elementor-top-section elementor-element elementor-element-152e107e elementor-section-boxed elementor-section-height-default elementor-section-height-default\" data-id=\"152e107e\" data-element_type=\"section\" data-e-type=\"section\">\n\t\t\t\t\t\t<div class=\"elementor-container elementor-column-gap-default\">\n\t\t\t\t\t<div class=\"elementor-column elementor-col-100 elementor-top-column elementor-element elementor-element-7b777d10\" data-id=\"7b777d10\" data-element_type=\"column\" data-e-type=\"column\">\n\t\t\t<div class=\"elementor-widget-wrap elementor-element-populated\">\n\t\t\t\t\t\t<div class=\"elementor-element elementor-element-7a099c09 elementor-widget elementor-widget-text-editor\" data-id=\"7a099c09\" data-element_type=\"widget\" data-e-type=\"widget\" data-widget_type=\"text-editor.default\">\n\t\t\t\t<div class=\"elementor-widget-container\">\n\t\t\t\t\t\t\t\t\t\n<p class=\"wp-block-paragraph\">La capital de Ecuador acogi\u00f3 el<strong> V Di\u00e1logo Agroalimentario UE\u2013ALC<\/strong>, al que asistieron especialistas y representantes del sector p\u00fablico y privado de m\u00e1s de 20 pa\u00edses de la Uni\u00f3n Europea y de Am\u00e9rica Latina y el Caribe. El evento fue organizado por AL-INVEST Verde en colaboraci\u00f3n con el Instituto Interamericano de Cooperaci\u00f3n para la Agricultura (IICA) y estuvo enfocado en el fortalecimiento de la agricultura org\u00e1nica y su papel estrat\u00e9gico en la transici\u00f3n hacia modelos productivos sostenibles.<\/p>\n\n<p class=\"wp-block-paragraph\">Durante la apertura del evento, Emilio Calvo, director de AL-INVEST Verde \/ Componente 2, destac\u00f3 la importancia de fortalecer la cooperaci\u00f3n entre ambas regiones para avanzar hacia <strong>sistemas agroalimentarios m\u00e1s sostenibles, resilientes e inclusivos<\/strong>. Por su parte, la embajadora de la Uni\u00f3n Europea en Ecuador, Jekaterina Dorodnova, resalt\u00f3 el compromiso de la UE con la sostenibilidad y el fortalecimiento de <strong>alianzas estrat\u00e9gicas<\/strong> con Am\u00e9rica Latina y el Caribe en materia agroalimentaria.<\/p>\n\n<p class=\"wp-block-paragraph\">Asimismo, el ministro de Agricultura, Ganader\u00eda y Pesca de Ecuador, Juan Carlos Vega, subray\u00f3 el potencial de la agricultura org\u00e1nica para dinamizar las <strong>econom\u00edas rurales<\/strong> y posicionar al pa\u00eds en mercados internacionales de alto valor.<\/p>\n\n<p class=\"wp-block-paragraph\">En la inauguraci\u00f3n participaron tambi\u00e9n Olivier Luyckx y Luis Carazo Jim\u00e9nez, jefes de unidad en la Comisi\u00f3n Europea; Francisco Tierraseca Gald\u00f3n, director de la Fundaci\u00f3n para la Internacionalizaci\u00f3n de las Administraciones P\u00fablicas (FIAP) \u2014entidad implementadora de AL-INVEST Verde\u2014; y Lloyd Day, subdirector general del IICA.<\/p>\n\n<p class=\"wp-block-paragraph\">A lo largo del encuentro, se abordaron temas clave como los<strong> marcos regulatorios <\/strong>de la producci\u00f3n org\u00e1nica, los sistemas de certificaci\u00f3n, la trazabilidad, el acceso a mercados internacionales y las oportunidades de cooperaci\u00f3n t\u00e9cnica entre ambas regiones. Asimismo, se presentaron <strong>experiencias y buenas pr\u00e1cticas <\/strong>que evidencian la importancia de la agricultura org\u00e1nica para contribuir a la sostenibilidad ambiental, la seguridad alimentaria y el desarrollo econ\u00f3mico inclusivo.<\/p>\n\n<p class=\"wp-block-paragraph\"><strong>Producci\u00f3n m\u00e1s sostenible y responsable<\/strong><\/p>\n\n<p class=\"wp-block-paragraph\">El <a href=\"https:\/\/alinvest-verde.eu\/es_es\/dialogos-agroalimentarios-ue-alc\/\">ciclo \u201cDi\u00e1logos agroalimentarios UE-ALC\u201d<\/a> busca facilitar intercambios estructurados entre ambas regiones sobre marcos normativos, enfoques t\u00e9cnicos, mercados y pol\u00edticas p\u00fablicas que contribuyan a la transici\u00f3n sostenible de los sistemas agroalimentarios. Hasta el momento, AL-INVEST Verde, en colaboraci\u00f3n con el IICA, ha impulsado cuatro encuentros centrados en ganader\u00eda sostenible y gesti\u00f3n del recurso h\u00eddrico en el sector agr\u00edcola, que han reunido a m\u00e1s de 500 actores de ambas regiones.<\/p>\n\n<p class=\"wp-block-paragraph\">El V encuentro se centr\u00f3 en la agricultura org\u00e1nica, un sistema productivo cada vez m\u00e1s relevante para promover modelos de producci\u00f3n y consumo responsables. Esta iniciativa se alinea con las principales <strong>pol\u00edticas europeas en materia ambiental y alimentaria<\/strong>, como el Pacto Verde Europeo, la estrategia De la Granja a la Mesa y el Plan de Acci\u00f3n para el Desarrollo de la Producci\u00f3n Ecol\u00f3gica de la UE, que establece como objetivo alcanzar al menos el 25 % de la superficie agr\u00edcola europea bajo producci\u00f3n org\u00e1nica para 2030.<\/p>\n\n<p class=\"wp-block-paragraph\">En Am\u00e9rica Latina y el Caribe, la agricultura org\u00e1nica tambi\u00e9n registra un crecimiento sostenido. Seg\u00fan el Reporte Mundial de la Agricultura Org\u00e1nica 2025 y datos de la Comisi\u00f3n Interamericana de Agricultura Org\u00e1nica, la regi\u00f3n cuenta con m\u00e1s de 10 millones de hect\u00e1reas dedicadas a la producci\u00f3n org\u00e1nica y m\u00e1s de 250.000 productores vinculados a este sistema.<\/p>\n\n<p class=\"wp-block-paragraph\">El v\u00ednculo comercial entre ambas regiones es significativo. El mercado europeo concentra m\u00e1s del 37 % de las exportaciones agroalimentarias org\u00e1nicas de Am\u00e9rica Latina y el Caribe, con productos destacados como banano, frutas tropicales, caf\u00e9, cacao, t\u00e9, especias, az\u00facar, cereales y oleaginosas. En conjunto, la regi\u00f3n se posiciona como el principal proveedor de productos org\u00e1nicos para la Uni\u00f3n Europea, representando m\u00e1s del 40 % del volumen total de sus importaciones.<\/p>\n\n<p class=\"wp-block-paragraph\"><strong>Acerca de AL-INVEST Verde<\/strong><\/p>\n\n<p class=\"wp-block-paragraph\">AL-INVEST Verde es un programa de la Uni\u00f3n Europea (UE) cuyo principal objetivo es promover el crecimiento sostenible y la creaci\u00f3n de empleo en Am\u00e9rica Latina, apoyando la transici\u00f3n hacia una econom\u00eda baja en carbono, eficiente en recursos y m\u00e1s circular. A trav\u00e9s del Componente 2, liderado por FIAP en consorcio con IILA, el programa proporciona asistencia para el fortalecimiento de las pol\u00edticas p\u00fablicas y los di\u00e1logos entre m\u00faltiples partes interesadas sobre las cadenas agr\u00edcolas y de valor sostenibles, las normas ambientales y laborales, as\u00ed como la pol\u00edtica comercial y econ\u00f3mica sostenible y los marcos regulatorios.<\/p>\n\t\t\t\t\t\t\t\t<\/div>\n\t\t\t\t<\/div>\n\t\t\t\t\t<\/div>\n\t\t<\/div>\n\t\t\t\t\t<\/div>\n\t\t<\/section>\n\t\t\t\t<section class=\"elementor-section elementor-top-section elementor-element elementor-element-184348f elementor-section-boxed elementor-section-height-default elementor-section-height-default\" data-id=\"184348f\" data-element_type=\"section\" data-e-type=\"section\">\n\t\t\t\t\t\t<div class=\"elementor-container elementor-column-gap-default\">\n\t\t\t\t\t<div class=\"elementor-column elementor-col-100 elementor-top-column elementor-element elementor-element-a7068ad\" data-id=\"a7068ad\" data-element_type=\"column\" data-e-type=\"column\">\n\t\t\t<div class=\"elementor-widget-wrap elementor-element-populated\">\n\t\t\t\t\t\t<div class=\"elementor-element elementor-element-421b0f1 elementor-widget elementor-widget-html\" data-id=\"421b0f1\" data-element_type=\"widget\" data-e-type=\"widget\" data-widget_type=\"html.default\">\n\t\t\t\t<div class=\"elementor-widget-container\">\n\t\t\t\t\t<a data-flickr-embed=\"true\" href=\"https:\/\/www.flickr.com\/photos\/al-investverde\/albums\/72177720332796197\" title=\"V Di\u00e1logo Agroalimentario UE-ALC\"><img fetchpriority=\"high\" decoding=\"async\" src=\"https:\/\/live.staticflickr.com\/65535\/55177078506_b994b0dfb9_h.jpg\" width=\"1600\" height=\"1200\" alt=\"V Di\u00e1logo Agroalimentario UE-ALC\"\/><\/a><script async src=\"\/\/embedr.flickr.com\/assets\/client-code.js\" charset=\"utf-8\"><\/script>\t\t\t\t<\/div>\n\t\t\t\t<\/div>\n\t\t\t\t\t<\/div>\n\t\t<\/div>\n\t\t\t\t\t<\/div>\n\t\t<\/section>\n\t\t\t\t<\/div>\n\t\t","protected":false},"excerpt":{"rendered":"<p>La capital de Ecuador acogi\u00f3 el V Di\u00e1logo Agroalimentario UE\u2013ALC, al que asistieron especialistas y representantes del sector p\u00fablico y privado de m\u00e1s de 20 pa\u00edses de la Uni\u00f3n Europea y de Am\u00e9rica Latina y el Caribe. El evento fue organizado por AL-INVEST Verde en colaboraci\u00f3n con el Instituto Interamericano de Cooperaci\u00f3n para la Agricultura [&hellip;]<\/p>\n","protected":false},"author":6,"featured_media":21144,"comment_status":"closed","ping_status":"closed","sticky":false,"template":"","format":"standard","meta":{"footnotes":""},"categories":[24,170],"tags":[],"class_list":["post-21143","post","type-post","status-publish","format-standard","has-post-thumbnail","hentry","category-actualidad","category-ecuador"],"yoast_head":"<!-- This site is optimized with the Yoast SEO plugin v28.4 - https:\/\/yoast.com\/product\/yoast-seo-wordpress\/ -->\n<title>Quito re\u00fane a especialistas de m\u00e1s de 20 pa\u00edses de Am\u00e9rica Latina y la Uni\u00f3n Europea para analizar el futuro de la agricultura org\u00e1nica - Programme AL-INVEST Verde<\/title>\n<meta name=\"robots\" content=\"index, follow, max-snippet:-1, max-image-preview:large, max-video-preview:-1\" \/>\n<link rel=\"canonical\" href=\"https:\/\/alinvest-verde.eu\/es_es\/quito-reune-a-especialistas-de-mas-de-20-paises-de-america-latina-y-la-union-europea-para-analizar-el-futuro-de-la-agricultura-organica\/\" \/>\n<meta property=\"og:locale\" content=\"es_ES\" \/>\n<meta property=\"og:type\" content=\"article\" \/>\n<meta property=\"og:title\" content=\"Quito re\u00fane a especialistas de m\u00e1s de 20 pa\u00edses de Am\u00e9rica Latina y la Uni\u00f3n Europea para analizar el futuro de la agricultura org\u00e1nica - Programme AL-INVEST Verde\" \/>\n<meta property=\"og:description\" content=\"La capital de Ecuador acogi\u00f3 el V Di\u00e1logo Agroalimentario UE\u2013ALC, al que asistieron especialistas y representantes del sector p\u00fablico y privado de m\u00e1s de 20 pa\u00edses de la Uni\u00f3n Europea y de Am\u00e9rica Latina y el Caribe. El evento fue organizado por AL-INVEST Verde en colaboraci\u00f3n con el Instituto Interamericano de Cooperaci\u00f3n para la Agricultura [&hellip;]\" \/>\n<meta property=\"og:url\" content=\"https:\/\/alinvest-verde.eu\/es_es\/quito-reune-a-especialistas-de-mas-de-20-paises-de-america-latina-y-la-union-europea-para-analizar-el-futuro-de-la-agricultura-organica\/\" \/>\n<meta property=\"og:site_name\" content=\"Programme AL-INVEST Verde\" \/>\n<meta property=\"article:published_time\" content=\"2026-04-01T11:22:59+00:00\" \/>\n<meta property=\"article:modified_time\" content=\"2026-04-06T07:56:34+00:00\" \/>\n<meta property=\"og:image\" content=\"https:\/\/alinvest-verde.eu\/wp-content\/uploads\/2026\/04\/JP1_1955-scaled.jpg\" \/>\n\t<meta property=\"og:image:width\" content=\"2560\" \/>\n\t<meta property=\"og:image:height\" content=\"1703\" \/>\n\t<meta property=\"og:image:type\" content=\"image\/jpeg\" \/>\n<meta name=\"author\" content=\"Azucena Garc\u00eda\" \/>\n<meta name=\"twitter:card\" content=\"summary_large_image\" \/>\n<meta name=\"twitter:creator\" content=\"@Frank Summa\" \/>\n<meta name=\"twitter:label1\" content=\"Escrito por\" \/>\n\t<meta name=\"twitter:data1\" content=\"\" \/>\n\t<meta name=\"twitter:label2\" content=\"Tiempo de lectura\" \/>\n\t<meta name=\"twitter:data2\" content=\"4 minutos\" \/>\n<script type=\"application\/ld+json\" class=\"yoast-schema-graph\">{\"@context\":\"https:\\\/\\\/schema.org\",\"@graph\":[{\"@type\":\"Article\",\"@id\":\"https:\\\/\\\/alinvest-verde.eu\\\/quito-reune-a-especialistas-de-mas-de-20-paises-de-america-latina-y-la-union-europea-para-analizar-el-futuro-de-la-agricultura-organica\\\/#article\",\"isPartOf\":{\"@id\":\"https:\\\/\\\/alinvest-verde.eu\\\/quito-reune-a-especialistas-de-mas-de-20-paises-de-america-latina-y-la-union-europea-para-analizar-el-futuro-de-la-agricultura-organica\\\/\"},\"author\":{\"name\":\"Azucena Garc\u00eda\",\"@id\":\"https:\\\/\\\/alinvest-verde.eu\\\/#\\\/schema\\\/person\\\/8804ec49772ba377829838bc11b6aa6b\"},\"headline\":\"Quito re\u00fane a especialistas de m\u00e1s de 20 pa\u00edses de Am\u00e9rica Latina y la Uni\u00f3n Europea para analizar el futuro de la agricultura org\u00e1nica\",\"datePublished\":\"2026-04-01T11:22:59+00:00\",\"dateModified\":\"2026-04-06T07:56:34+00:00\",\"mainEntityOfPage\":{\"@id\":\"https:\\\/\\\/alinvest-verde.eu\\\/quito-reune-a-especialistas-de-mas-de-20-paises-de-america-latina-y-la-union-europea-para-analizar-el-futuro-de-la-agricultura-organica\\\/\"},\"wordCount\":790,\"publisher\":{\"@id\":\"https:\\\/\\\/alinvest-verde.eu\\\/#organization\"},\"image\":{\"@id\":\"https:\\\/\\\/alinvest-verde.eu\\\/quito-reune-a-especialistas-de-mas-de-20-paises-de-america-latina-y-la-union-europea-para-analizar-el-futuro-de-la-agricultura-organica\\\/#primaryimage\"},\"thumbnailUrl\":\"https:\\\/\\\/alinvest-verde.eu\\\/wp-content\\\/uploads\\\/2026\\\/04\\\/JP1_1955-scaled.jpg\",\"articleSection\":[\"Actualidad\",\"Ecuador\"],\"inLanguage\":\"es\"},{\"@type\":\"WebPage\",\"@id\":\"https:\\\/\\\/alinvest-verde.eu\\\/quito-reune-a-especialistas-de-mas-de-20-paises-de-america-latina-y-la-union-europea-para-analizar-el-futuro-de-la-agricultura-organica\\\/\",\"url\":\"https:\\\/\\\/alinvest-verde.eu\\\/quito-reune-a-especialistas-de-mas-de-20-paises-de-america-latina-y-la-union-europea-para-analizar-el-futuro-de-la-agricultura-organica\\\/\",\"name\":\"Quito re\u00fane a especialistas de m\u00e1s de 20 pa\u00edses de Am\u00e9rica Latina y la Uni\u00f3n Europea para analizar el futuro de la agricultura org\u00e1nica - Programme AL-INVEST Verde\",\"isPartOf\":{\"@id\":\"https:\\\/\\\/alinvest-verde.eu\\\/#website\"},\"primaryImageOfPage\":{\"@id\":\"https:\\\/\\\/alinvest-verde.eu\\\/quito-reune-a-especialistas-de-mas-de-20-paises-de-america-latina-y-la-union-europea-para-analizar-el-futuro-de-la-agricultura-organica\\\/#primaryimage\"},\"image\":{\"@id\":\"https:\\\/\\\/alinvest-verde.eu\\\/quito-reune-a-especialistas-de-mas-de-20-paises-de-america-latina-y-la-union-europea-para-analizar-el-futuro-de-la-agricultura-organica\\\/#primaryimage\"},\"thumbnailUrl\":\"https:\\\/\\\/alinvest-verde.eu\\\/wp-content\\\/uploads\\\/2026\\\/04\\\/JP1_1955-scaled.jpg\",\"datePublished\":\"2026-04-01T11:22:59+00:00\",\"dateModified\":\"2026-04-06T07:56:34+00:00\",\"breadcrumb\":{\"@id\":\"https:\\\/\\\/alinvest-verde.eu\\\/quito-reune-a-especialistas-de-mas-de-20-paises-de-america-latina-y-la-union-europea-para-analizar-el-futuro-de-la-agricultura-organica\\\/#breadcrumb\"},\"inLanguage\":\"es\",\"potentialAction\":[{\"@type\":\"ReadAction\",\"target\":[\"https:\\\/\\\/alinvest-verde.eu\\\/quito-reune-a-especialistas-de-mas-de-20-paises-de-america-latina-y-la-union-europea-para-analizar-el-futuro-de-la-agricultura-organica\\\/\"]}]},{\"@type\":\"ImageObject\",\"inLanguage\":\"es\",\"@id\":\"https:\\\/\\\/alinvest-verde.eu\\\/quito-reune-a-especialistas-de-mas-de-20-paises-de-america-latina-y-la-union-europea-para-analizar-el-futuro-de-la-agricultura-organica\\\/#primaryimage\",\"url\":\"https:\\\/\\\/alinvest-verde.eu\\\/wp-content\\\/uploads\\\/2026\\\/04\\\/JP1_1955-scaled.jpg\",\"contentUrl\":\"https:\\\/\\\/alinvest-verde.eu\\\/wp-content\\\/uploads\\\/2026\\\/04\\\/JP1_1955-scaled.jpg\",\"width\":2560,\"height\":1703},{\"@type\":\"BreadcrumbList\",\"@id\":\"https:\\\/\\\/alinvest-verde.eu\\\/quito-reune-a-especialistas-de-mas-de-20-paises-de-america-latina-y-la-union-europea-para-analizar-el-futuro-de-la-agricultura-organica\\\/#breadcrumb\",\"itemListElement\":[{\"@type\":\"ListItem\",\"position\":1,\"name\":\"Inicio\",\"item\":\"https:\\\/\\\/alinvest-verde.eu\\\/\"},{\"@type\":\"ListItem\",\"position\":2,\"name\":\"Actualidad\",\"item\":\"https:\\\/\\\/alinvest-verde.eu\\\/category\\\/actualidad\\\/\"},{\"@type\":\"ListItem\",\"position\":3,\"name\":\"Quito re\u00fane a especialistas de m\u00e1s de 20 pa\u00edses de Am\u00e9rica Latina y la Uni\u00f3n Europea para analizar el futuro de la agricultura org\u00e1nica\"}]},{\"@type\":\"WebSite\",\"@id\":\"https:\\\/\\\/alinvest-verde.eu\\\/#website\",\"url\":\"https:\\\/\\\/alinvest-verde.eu\\\/\",\"name\":\"Programme AL-INVEST Verde\",\"description\":\"Building alliances with the private sector in LA and promote sustainable growth and jobs creation by supporting the transition towards a low-carbon, resource-efficient economy\",\"publisher\":{\"@id\":\"https:\\\/\\\/alinvest-verde.eu\\\/#organization\"},\"potentialAction\":[{\"@type\":\"SearchAction\",\"target\":{\"@type\":\"EntryPoint\",\"urlTemplate\":\"https:\\\/\\\/alinvest-verde.eu\\\/?s={search_term_string}\"},\"query-input\":{\"@type\":\"PropertyValueSpecification\",\"valueRequired\":true,\"valueName\":\"search_term_string\"}}],\"inLanguage\":\"es\"},{\"@type\":\"Organization\",\"@id\":\"https:\\\/\\\/alinvest-verde.eu\\\/#organization\",\"name\":\"Programme AL-INVEST Verde\",\"url\":\"https:\\\/\\\/alinvest-verde.eu\\\/\",\"logo\":{\"@type\":\"ImageObject\",\"inLanguage\":\"es\",\"@id\":\"https:\\\/\\\/alinvest-verde.eu\\\/#\\\/schema\\\/logo\\\/image\\\/\",\"url\":\"https:\\\/\\\/alinvest-verde.eu\\\/wp-content\\\/uploads\\\/2022\\\/01\\\/cropped-logo-financiado-por-la-UE.jpg\",\"contentUrl\":\"https:\\\/\\\/alinvest-verde.eu\\\/wp-content\\\/uploads\\\/2022\\\/01\\\/cropped-logo-financiado-por-la-UE.jpg\",\"width\":756,\"height\":216,\"caption\":\"Programme AL-INVEST Verde\"},\"image\":{\"@id\":\"https:\\\/\\\/alinvest-verde.eu\\\/#\\\/schema\\\/logo\\\/image\\\/\"}},{\"@type\":\"Person\",\"@id\":\"https:\\\/\\\/alinvest-verde.eu\\\/#\\\/schema\\\/person\\\/8804ec49772ba377829838bc11b6aa6b\",\"name\":\"Azucena Garc\u00eda\",\"image\":{\"@type\":\"ImageObject\",\"inLanguage\":\"es\",\"@id\":\"https:\\\/\\\/secure.gravatar.com\\\/avatar\\\/fc4d91c562d3c4ac55cafd2f4ae4ebd513d2304b007a5c8d4f2d8543edeb9d79?s=96&d=mm&r=g\",\"url\":\"https:\\\/\\\/secure.gravatar.com\\\/avatar\\\/fc4d91c562d3c4ac55cafd2f4ae4ebd513d2304b007a5c8d4f2d8543edeb9d79?s=96&d=mm&r=g\",\"contentUrl\":\"https:\\\/\\\/secure.gravatar.com\\\/avatar\\\/fc4d91c562d3c4ac55cafd2f4ae4ebd513d2304b007a5c8d4f2d8543edeb9d79?s=96&d=mm&r=g\",\"caption\":\"Azucena Garc\u00eda\"},\"sameAs\":[\"https:\\\/\\\/x.com\\\/Frank Summa\"],\"url\":\"https:\\\/\\\/alinvest-verde.eu\\\/es_es\\\/author\\\/azucena-garcia\\\/\"}]}<\/script>\n<!-- \/ Yoast SEO plugin. -->","yoast_head_json":{"title":"Quito re\u00fane a especialistas de m\u00e1s de 20 pa\u00edses de Am\u00e9rica Latina y la Uni\u00f3n Europea para analizar el futuro de la agricultura org\u00e1nica - Programme AL-INVEST Verde","robots":{"index":"index","follow":"follow","max-snippet":"max-snippet:-1","max-image-preview":"max-image-preview:large","max-video-preview":"max-video-preview:-1"},"canonical":"https:\/\/alinvest-verde.eu\/es_es\/quito-reune-a-especialistas-de-mas-de-20-paises-de-america-latina-y-la-union-europea-para-analizar-el-futuro-de-la-agricultura-organica\/","og_locale":"es_ES","og_type":"article","og_title":"Quito re\u00fane a especialistas de m\u00e1s de 20 pa\u00edses de Am\u00e9rica Latina y la Uni\u00f3n Europea para analizar el futuro de la agricultura org\u00e1nica - Programme AL-INVEST Verde","og_description":"La capital de Ecuador acogi\u00f3 el V Di\u00e1logo Agroalimentario UE\u2013ALC, al que asistieron especialistas y representantes del sector p\u00fablico y privado de m\u00e1s de 20 pa\u00edses de la Uni\u00f3n Europea y de Am\u00e9rica Latina y el Caribe. El evento fue organizado por AL-INVEST Verde en colaboraci\u00f3n con el Instituto Interamericano de Cooperaci\u00f3n para la Agricultura [&hellip;]","og_url":"https:\/\/alinvest-verde.eu\/es_es\/quito-reune-a-especialistas-de-mas-de-20-paises-de-america-latina-y-la-union-europea-para-analizar-el-futuro-de-la-agricultura-organica\/","og_site_name":"Programme AL-INVEST Verde","article_published_time":"2026-04-01T11:22:59+00:00","article_modified_time":"2026-04-06T07:56:34+00:00","og_image":[{"width":2560,"height":1703,"url":"https:\/\/alinvest-verde.eu\/wp-content\/uploads\/2026\/04\/JP1_1955-scaled.jpg","type":"image\/jpeg"}],"author":"Azucena Garc\u00eda","twitter_card":"summary_large_image","twitter_creator":"@Frank Summa","twitter_misc":{"Escrito por":false,"Tiempo de lectura":"4 minutos"},"schema":{"@context":"https:\/\/schema.org","@graph":[{"@type":"Article","@id":"https:\/\/alinvest-verde.eu\/quito-reune-a-especialistas-de-mas-de-20-paises-de-america-latina-y-la-union-europea-para-analizar-el-futuro-de-la-agricultura-organica\/#article","isPartOf":{"@id":"https:\/\/alinvest-verde.eu\/quito-reune-a-especialistas-de-mas-de-20-paises-de-america-latina-y-la-union-europea-para-analizar-el-futuro-de-la-agricultura-organica\/"},"author":{"name":"Azucena Garc\u00eda","@id":"https:\/\/alinvest-verde.eu\/#\/schema\/person\/8804ec49772ba377829838bc11b6aa6b"},"headline":"Quito re\u00fane a especialistas de m\u00e1s de 20 pa\u00edses de Am\u00e9rica Latina y la Uni\u00f3n Europea para analizar el futuro de la agricultura org\u00e1nica","datePublished":"2026-04-01T11:22:59+00:00","dateModified":"2026-04-06T07:56:34+00:00","mainEntityOfPage":{"@id":"https:\/\/alinvest-verde.eu\/quito-reune-a-especialistas-de-mas-de-20-paises-de-america-latina-y-la-union-europea-para-analizar-el-futuro-de-la-agricultura-organica\/"},"wordCount":790,"publisher":{"@id":"https:\/\/alinvest-verde.eu\/#organization"},"image":{"@id":"https:\/\/alinvest-verde.eu\/quito-reune-a-especialistas-de-mas-de-20-paises-de-america-latina-y-la-union-europea-para-analizar-el-futuro-de-la-agricultura-organica\/#primaryimage"},"thumbnailUrl":"https:\/\/alinvest-verde.eu\/wp-content\/uploads\/2026\/04\/JP1_1955-scaled.jpg","articleSection":["Actualidad","Ecuador"],"inLanguage":"es"},{"@type":"WebPage","@id":"https:\/\/alinvest-verde.eu\/quito-reune-a-especialistas-de-mas-de-20-paises-de-america-latina-y-la-union-europea-para-analizar-el-futuro-de-la-agricultura-organica\/","url":"https:\/\/alinvest-verde.eu\/quito-reune-a-especialistas-de-mas-de-20-paises-de-america-latina-y-la-union-europea-para-analizar-el-futuro-de-la-agricultura-organica\/","name":"Quito re\u00fane a especialistas de m\u00e1s de 20 pa\u00edses de Am\u00e9rica Latina y la Uni\u00f3n Europea para analizar el futuro de la agricultura org\u00e1nica - Programme AL-INVEST Verde","isPartOf":{"@id":"https:\/\/alinvest-verde.eu\/#website"},"primaryImageOfPage":{"@id":"https:\/\/alinvest-verde.eu\/quito-reune-a-especialistas-de-mas-de-20-paises-de-america-latina-y-la-union-europea-para-analizar-el-futuro-de-la-agricultura-organica\/#primaryimage"},"image":{"@id":"https:\/\/alinvest-verde.eu\/quito-reune-a-especialistas-de-mas-de-20-paises-de-america-latina-y-la-union-europea-para-analizar-el-futuro-de-la-agricultura-organica\/#primaryimage"},"thumbnailUrl":"https:\/\/alinvest-verde.eu\/wp-content\/uploads\/2026\/04\/JP1_1955-scaled.jpg","datePublished":"2026-04-01T11:22:59+00:00","dateModified":"2026-04-06T07:56:34+00:00","breadcrumb":{"@id":"https:\/\/alinvest-verde.eu\/quito-reune-a-especialistas-de-mas-de-20-paises-de-america-latina-y-la-union-europea-para-analizar-el-futuro-de-la-agricultura-organica\/#breadcrumb"},"inLanguage":"es","potentialAction":[{"@type":"ReadAction","target":["https:\/\/alinvest-verde.eu\/quito-reune-a-especialistas-de-mas-de-20-paises-de-america-latina-y-la-union-europea-para-analizar-el-futuro-de-la-agricultura-organica\/"]}]},{"@type":"ImageObject","inLanguage":"es","@id":"https:\/\/alinvest-verde.eu\/quito-reune-a-especialistas-de-mas-de-20-paises-de-america-latina-y-la-union-europea-para-analizar-el-futuro-de-la-agricultura-organica\/#primaryimage","url":"https:\/\/alinvest-verde.eu\/wp-content\/uploads\/2026\/04\/JP1_1955-scaled.jpg","contentUrl":"https:\/\/alinvest-verde.eu\/wp-content\/uploads\/2026\/04\/JP1_1955-scaled.jpg","width":2560,"height":1703},{"@type":"BreadcrumbList","@id":"https:\/\/alinvest-verde.eu\/quito-reune-a-especialistas-de-mas-de-20-paises-de-america-latina-y-la-union-europea-para-analizar-el-futuro-de-la-agricultura-organica\/#breadcrumb","itemListElement":[{"@type":"ListItem","position":1,"name":"Inicio","item":"https:\/\/alinvest-verde.eu\/"},{"@type":"ListItem","position":2,"name":"Actualidad","item":"https:\/\/alinvest-verde.eu\/category\/actualidad\/"},{"@type":"ListItem","position":3,"name":"Quito re\u00fane a especialistas de m\u00e1s de 20 pa\u00edses de Am\u00e9rica Latina y la Uni\u00f3n Europea para analizar el futuro de la agricultura org\u00e1nica"}]},{"@type":"WebSite","@id":"https:\/\/alinvest-verde.eu\/#website","url":"https:\/\/alinvest-verde.eu\/","name":"Programme AL-INVEST Verde","description":"Building alliances with the private sector in LA and promote sustainable growth and jobs creation by supporting the transition towards a low-carbon, resource-efficient economy","publisher":{"@id":"https:\/\/alinvest-verde.eu\/#organization"},"potentialAction":[{"@type":"SearchAction","target":{"@type":"EntryPoint","urlTemplate":"https:\/\/alinvest-verde.eu\/?s={search_term_string}"},"query-input":{"@type":"PropertyValueSpecification","valueRequired":true,"valueName":"search_term_string"}}],"inLanguage":"es"},{"@type":"Organization","@id":"https:\/\/alinvest-verde.eu\/#organization","name":"Programme AL-INVEST Verde","url":"https:\/\/alinvest-verde.eu\/","logo":{"@type":"ImageObject","inLanguage":"es","@id":"https:\/\/alinvest-verde.eu\/#\/schema\/logo\/image\/","url":"https:\/\/alinvest-verde.eu\/wp-content\/uploads\/2022\/01\/cropped-logo-financiado-por-la-UE.jpg","contentUrl":"https:\/\/alinvest-verde.eu\/wp-content\/uploads\/2022\/01\/cropped-logo-financiado-por-la-UE.jpg","width":756,"height":216,"caption":"Programme AL-INVEST Verde"},"image":{"@id":"https:\/\/alinvest-verde.eu\/#\/schema\/logo\/image\/"}},{"@type":"Person","@id":"https:\/\/alinvest-verde.eu\/#\/schema\/person\/8804ec49772ba377829838bc11b6aa6b","name":"Azucena Garc\u00eda","image":{"@type":"ImageObject","inLanguage":"es","@id":"https:\/\/secure.gravatar.com\/avatar\/fc4d91c562d3c4ac55cafd2f4ae4ebd513d2304b007a5c8d4f2d8543edeb9d79?s=96&d=mm&r=g","url":"https:\/\/secure.gravatar.com\/avatar\/fc4d91c562d3c4ac55cafd2f4ae4ebd513d2304b007a5c8d4f2d8543edeb9d79?s=96&d=mm&r=g","contentUrl":"https:\/\/secure.gravatar.com\/avatar\/fc4d91c562d3c4ac55cafd2f4ae4ebd513d2304b007a5c8d4f2d8543edeb9d79?s=96&d=mm&r=g","caption":"Azucena Garc\u00eda"},"sameAs":["https:\/\/x.com\/Frank Summa"],"url":"https:\/\/alinvest-verde.eu\/es_es\/author\/azucena-garcia\/"}]}},"_links":{"self":[{"href":"https:\/\/alinvest-verde.eu\/es_es\/wp-json\/wp\/v2\/posts\/21143","targetHints":{"allow":["GET"]}}],"collection":[{"href":"https:\/\/alinvest-verde.eu\/es_es\/wp-json\/wp\/v2\/posts"}],"about":[{"href":"https:\/\/alinvest-verde.eu\/es_es\/wp-json\/wp\/v2\/types\/post"}],"author":[{"embeddable":true,"href":"https:\/\/alinvest-verde.eu\/es_es\/wp-json\/wp\/v2\/users\/6"}],"replies":[{"embeddable":true,"href":"https:\/\/alinvest-verde.eu\/es_es\/wp-json\/wp\/v2\/comments?post=21143"}],"version-history":[{"count":8,"href":"https:\/\/alinvest-verde.eu\/es_es\/wp-json\/wp\/v2\/posts\/21143\/revisions"}],"predecessor-version":[{"id":21162,"href":"https:\/\/alinvest-verde.eu\/es_es\/wp-json\/wp\/v2\/posts\/21143\/revisions\/21162"}],"wp:featuredmedia":[{"embeddable":true,"href":"https:\/\/alinvest-verde.eu\/es_es\/wp-json\/wp\/v2\/media\/21144"}],"wp:attachment":[{"href":"https:\/\/alinvest-verde.eu\/es_es\/wp-json\/wp\/v2\/media?parent=21143"}],"wp:term":[{"taxonomy":"category","embeddable":true,"href":"https:\/\/alinvest-verde.eu\/es_es\/wp-json\/wp\/v2\/categories?post=21143"},{"taxonomy":"post_tag","embeddable":true,"href":"https:\/\/alinvest-verde.eu\/es_es\/wp-json\/wp\/v2\/tags?post=21143"}],"curies":[{"name":"wp","href":"https:\/\/api.w.org\/{rel}","templated":true}]}}