{"id":21515,"date":"2026-06-04T09:29:23","date_gmt":"2026-06-04T07:29:23","guid":{"rendered":"https:\/\/alinvest-verde.eu\/?p=21515"},"modified":"2026-06-04T09:32:08","modified_gmt":"2026-06-04T07:32:08","slug":"el-vi-dialogo-agroalimentario-ue-alc-impulsa-la-cooperacion-birregional-para-fortalecer-los-sistemas-organicos","status":"publish","type":"post","link":"https:\/\/alinvest-verde.eu\/es_es\/el-vi-dialogo-agroalimentario-ue-alc-impulsa-la-cooperacion-birregional-para-fortalecer-los-sistemas-organicos\/","title":{"rendered":"El VI Di\u00e1logo agroalimentario UE\u2013ALC impulsa la cooperaci\u00f3n birregional para fortalecer los sistemas org\u00e1nicos"},"content":{"rendered":"\t\t<div data-elementor-type=\"wp-post\" data-elementor-id=\"21515\" class=\"elementor elementor-21515\" data-elementor-post-type=\"post\">\n\t\t\t\t\t\t<section class=\"elementor-section elementor-top-section elementor-element elementor-element-55d36a72 elementor-section-boxed elementor-section-height-default elementor-section-height-default\" data-id=\"55d36a72\" data-element_type=\"section\" data-e-type=\"section\">\n\t\t\t\t\t\t<div class=\"elementor-container elementor-column-gap-default\">\n\t\t\t\t\t<div class=\"elementor-column elementor-col-100 elementor-top-column elementor-element elementor-element-79e37a43\" data-id=\"79e37a43\" data-element_type=\"column\" data-e-type=\"column\">\n\t\t\t<div class=\"elementor-widget-wrap elementor-element-populated\">\n\t\t\t\t\t\t<div class=\"elementor-element elementor-element-5c5a990b elementor-widget elementor-widget-text-editor\" data-id=\"5c5a990b\" data-element_type=\"widget\" data-e-type=\"widget\" data-widget_type=\"text-editor.default\">\n\t\t\t\t<div class=\"elementor-widget-container\">\n\t\t\t\t\t\t\t\t\t\n<p class=\"wp-block-paragraph\">El VI Di\u00e1logo Agroalimentario UE\u2013ALC, organizado por <strong>AL\u2011INVEST Verde<\/strong> en colaboraci\u00f3n con el <strong>Instituto Interamericano de Cooperaci\u00f3n para la Agricultura (IICA)<\/strong>, permiti\u00f3 avanzar en el an\u00e1lisis para el fortalecimiento de los <strong>sistemas org\u00e1nicos<\/strong> y promoci\u00f3n de <strong>mercados agroalimentarios m\u00e1s sostenibles<\/strong>. El encuentro, celebrado de forma virtual, dio continuidad a la agenda t\u00e9cnica iniciada en los di\u00e1logos anteriores, consolidando este espacio como un referente de cooperaci\u00f3n birregional.<\/p>\n\n\n\n<p class=\"wp-block-paragraph\">La apertura estuvo a cargo de <strong>Emilio Calvo, <\/strong>director de AL\u2011INVEST Verde \/ Componente 2, <strong>Elena Panichi<\/strong>, jefa de Unidad en DG AGRI de la Comisi\u00f3n Europea, y <strong>Lloyd Day<\/strong>, subdirector general del IICA, quienes destacaron la importancia de profundizar la colaboraci\u00f3n entre la Uni\u00f3n Europea y Am\u00e9rica Latina y el Caribe para responder a la creciente demanda global de productos org\u00e1nicos y a los desaf\u00edos regulatorios asociados a la sostenibilidad.<\/p>\n\n\n\n<p class=\"wp-block-paragraph\">Durante la sesi\u00f3n, <strong>Graciela Lacaze<\/strong>, secretaria ejecutiva de la Comisi\u00f3n Interamericana de Agricultura Org\u00e1nica (CIAO), present\u00f3 los principales resultados del V Di\u00e1logo celebrado en Quito, Ecuador, subrayando la necesidad de avanzar en la <strong>convergencia regulatoria<\/strong>, mejorar los sistemas de <strong>certificaci\u00f3n y control<\/strong>, e impulsar la <strong>innovaci\u00f3n tecnol\u00f3gica<\/strong> en la producci\u00f3n org\u00e1nica.<\/p>\n\n\n\n<p class=\"wp-block-paragraph\">El panel central abord\u00f3 los elementos prioritarios para el fortalecimiento de los sistemas org\u00e1nicos. <strong>Luis Carazo<\/strong> (DG AGRI) expuso los avances del marco regulatorio europeo y la hoja de ruta para los pr\u00f3ximos meses, mientras que <strong>Ivonne D\u00edaz<\/strong> (M\u00e9xico) y <strong>Lucero Rodr\u00edguez Huertas<\/strong> (Colombia) compartieron experiencias nacionales en materia de regulaci\u00f3n y control org\u00e1nico. Asimismo, <strong>Anselmo M\u00e9ndez \u00c1lvarez<\/strong> (Veritas, Espa\u00f1a) analiz\u00f3 las tendencias del mercado europeo y las oportunidades para los productores latinoamericanos.<\/p>\n\n\n\n<p class=\"wp-block-paragraph\">La sesi\u00f3n tambi\u00e9n incluy\u00f3 un espacio dedicado a la innovaci\u00f3n, con intervenciones de <strong>Alessandra Trinchera<\/strong> (CREA, Italia) y <strong>Natalia Curcio<\/strong> (CABIO, Argentina), quienes presentaron avances en bioinsumos y tecnolog\u00edas aplicadas a sistemas org\u00e1nicos m\u00e1s productivos y resilientes, destacando su potencial para mejorar la competitividad de los productores de ambas regiones.<\/p>\n\n\n\n<p class=\"wp-block-paragraph\">En el cierre, <strong>Davide Bonechi<\/strong>, senior programme manager de AL\u2011INVEST Verde \/ Componente 2, resalt\u00f3 la importancia de mantener un di\u00e1logo t\u00e9cnico continuo para promover <strong>cadenas de valor sostenibles<\/strong>, facilitar el <strong>acceso a mercados de alto valor<\/strong> y fortalecer la cooperaci\u00f3n entre la Uni\u00f3n Europea y Am\u00e9rica Latina y el Caribe en materia agroalimentaria.<\/p>\n\n\n\n<p class=\"wp-block-paragraph\"><strong>Acerca de AL-INVEST Verde<\/strong><\/p>\n\n\n\n<p class=\"wp-block-paragraph\">AL-INVEST Verde es un programa de la Uni\u00f3n Europea (UE) cuyo principal objetivo es promover el crecimiento sostenible y la creaci\u00f3n de empleo en Am\u00e9rica Latina, apoyando la transici\u00f3n hacia una econom\u00eda baja en carbono, eficiente en recursos y m\u00e1s circular. A trav\u00e9s del Componente 2, liderado por FIAP en consorcio con IILA, el programa proporciona asistencia para el fortalecimiento de las pol\u00edticas p\u00fablicas y los di\u00e1logos entre m\u00faltiples partes interesadas sobre las cadenas agr\u00edcolas y de valor sostenibles, las normas ambientales y laborales, as\u00ed como la pol\u00edtica comercial y econ\u00f3mica sostenible y los marcos regulatorios.<\/p>\n\n\n\n<p class=\"wp-block-paragraph\"><\/p>\n\t\t\t\t\t\t\t\t<\/div>\n\t\t\t\t<\/div>\n\t\t\t\t\t<\/div>\n\t\t<\/div>\n\t\t\t\t\t<\/div>\n\t\t<\/section>\n\t\t\t\t<section class=\"elementor-section elementor-top-section elementor-element elementor-element-d4bb2b4 elementor-section-boxed elementor-section-height-default elementor-section-height-default\" data-id=\"d4bb2b4\" data-element_type=\"section\" data-e-type=\"section\">\n\t\t\t\t\t\t<div class=\"elementor-container elementor-column-gap-default\">\n\t\t\t\t\t<div class=\"elementor-column elementor-col-100 elementor-top-column elementor-element elementor-element-151b349\" data-id=\"151b349\" data-element_type=\"column\" data-e-type=\"column\">\n\t\t\t<div class=\"elementor-widget-wrap elementor-element-populated\">\n\t\t\t\t\t\t<div class=\"elementor-element elementor-element-ac8370d elementor-widget elementor-widget-video\" data-id=\"ac8370d\" data-element_type=\"widget\" data-e-type=\"widget\" data-settings=\"{&quot;youtube_url&quot;:&quot;https:\\\/\\\/www.youtube.com\\\/watch?v=Vq2GwzaHcBg&quot;,&quot;video_type&quot;:&quot;youtube&quot;,&quot;controls&quot;:&quot;yes&quot;}\" data-widget_type=\"video.default\">\n\t\t\t\t<div class=\"elementor-widget-container\">\n\t\t\t\t\t\t\t<div class=\"elementor-wrapper elementor-open-inline\">\n\t\t\t<div class=\"elementor-video\"><\/div>\t\t<\/div>\n\t\t\t\t\t\t<\/div>\n\t\t\t\t<\/div>\n\t\t\t\t\t<\/div>\n\t\t<\/div>\n\t\t\t\t\t<\/div>\n\t\t<\/section>\n\t\t\t\t<\/div>\n\t\t","protected":false},"excerpt":{"rendered":"<p>El VI Di\u00e1logo Agroalimentario UE\u2013ALC, organizado por AL\u2011INVEST Verde en colaboraci\u00f3n con el Instituto Interamericano de Cooperaci\u00f3n para la Agricultura (IICA), permiti\u00f3 avanzar en el an\u00e1lisis para el fortalecimiento de los sistemas org\u00e1nicos y promoci\u00f3n de mercados agroalimentarios m\u00e1s sostenibles. El encuentro, celebrado de forma virtual, dio continuidad a la agenda t\u00e9cnica iniciada en los [&hellip;]<\/p>\n","protected":false},"author":6,"featured_media":21518,"comment_status":"closed","ping_status":"closed","sticky":false,"template":"","format":"standard","meta":{"footnotes":""},"categories":[24],"tags":[],"class_list":["post-21515","post","type-post","status-publish","format-standard","has-post-thumbnail","hentry","category-actualidad"],"yoast_head":"<!-- This site is optimized with the Yoast SEO plugin v28.4 - https:\/\/yoast.com\/product\/yoast-seo-wordpress\/ -->\n<title>El VI Di\u00e1logo agroalimentario UE\u2013ALC impulsa la cooperaci\u00f3n birregional para fortalecer los sistemas org\u00e1nicos - Programme AL-INVEST Verde<\/title>\n<meta name=\"robots\" content=\"index, follow, max-snippet:-1, max-image-preview:large, max-video-preview:-1\" \/>\n<link rel=\"canonical\" href=\"https:\/\/alinvest-verde.eu\/es_es\/el-vi-dialogo-agroalimentario-ue-alc-impulsa-la-cooperacion-birregional-para-fortalecer-los-sistemas-organicos\/\" \/>\n<meta property=\"og:locale\" content=\"es_ES\" \/>\n<meta property=\"og:type\" content=\"article\" \/>\n<meta property=\"og:title\" content=\"El VI Di\u00e1logo agroalimentario UE\u2013ALC impulsa la cooperaci\u00f3n birregional para fortalecer los sistemas org\u00e1nicos - Programme AL-INVEST Verde\" \/>\n<meta property=\"og:description\" content=\"El VI Di\u00e1logo Agroalimentario UE\u2013ALC, organizado por AL\u2011INVEST Verde en colaboraci\u00f3n con el Instituto Interamericano de Cooperaci\u00f3n para la Agricultura (IICA), permiti\u00f3 avanzar en el an\u00e1lisis para el fortalecimiento de los sistemas org\u00e1nicos y promoci\u00f3n de mercados agroalimentarios m\u00e1s sostenibles. El encuentro, celebrado de forma virtual, dio continuidad a la agenda t\u00e9cnica iniciada en los [&hellip;]\" \/>\n<meta property=\"og:url\" content=\"https:\/\/alinvest-verde.eu\/es_es\/el-vi-dialogo-agroalimentario-ue-alc-impulsa-la-cooperacion-birregional-para-fortalecer-los-sistemas-organicos\/\" \/>\n<meta property=\"og:site_name\" content=\"Programme AL-INVEST Verde\" \/>\n<meta property=\"article:published_time\" content=\"2026-06-04T07:29:23+00:00\" \/>\n<meta property=\"article:modified_time\" content=\"2026-06-04T07:32:08+00:00\" \/>\n<meta property=\"og:image\" content=\"https:\/\/alinvest-verde.eu\/wp-content\/uploads\/Agricultura-organica.webp\" \/>\n\t<meta property=\"og:image:width\" content=\"1101\" \/>\n\t<meta property=\"og:image:height\" content=\"507\" \/>\n\t<meta property=\"og:image:type\" content=\"image\/webp\" \/>\n<meta name=\"author\" content=\"Azucena Garc\u00eda\" \/>\n<meta name=\"twitter:card\" content=\"summary_large_image\" \/>\n<meta name=\"twitter:creator\" content=\"@Frank Summa\" \/>\n<meta name=\"twitter:label1\" content=\"Escrito por\" \/>\n\t<meta name=\"twitter:data1\" content=\"\" \/>\n\t<meta name=\"twitter:label2\" content=\"Tiempo de lectura\" \/>\n\t<meta name=\"twitter:data2\" content=\"3 minutos\" \/>\n<script type=\"application\/ld+json\" class=\"yoast-schema-graph\">{\"@context\":\"https:\\\/\\\/schema.org\",\"@graph\":[{\"@type\":\"Article\",\"@id\":\"https:\\\/\\\/alinvest-verde.eu\\\/el-vi-dialogo-agroalimentario-ue-alc-impulsa-la-cooperacion-birregional-para-fortalecer-los-sistemas-organicos\\\/#article\",\"isPartOf\":{\"@id\":\"https:\\\/\\\/alinvest-verde.eu\\\/el-vi-dialogo-agroalimentario-ue-alc-impulsa-la-cooperacion-birregional-para-fortalecer-los-sistemas-organicos\\\/\"},\"author\":{\"name\":\"Azucena Garc\u00eda\",\"@id\":\"https:\\\/\\\/alinvest-verde.eu\\\/#\\\/schema\\\/person\\\/8804ec49772ba377829838bc11b6aa6b\"},\"headline\":\"El VI Di\u00e1logo agroalimentario UE\u2013ALC impulsa la cooperaci\u00f3n birregional para fortalecer los sistemas org\u00e1nicos\",\"datePublished\":\"2026-06-04T07:29:23+00:00\",\"dateModified\":\"2026-06-04T07:32:08+00:00\",\"mainEntityOfPage\":{\"@id\":\"https:\\\/\\\/alinvest-verde.eu\\\/el-vi-dialogo-agroalimentario-ue-alc-impulsa-la-cooperacion-birregional-para-fortalecer-los-sistemas-organicos\\\/\"},\"wordCount\":549,\"publisher\":{\"@id\":\"https:\\\/\\\/alinvest-verde.eu\\\/#organization\"},\"image\":{\"@id\":\"https:\\\/\\\/alinvest-verde.eu\\\/el-vi-dialogo-agroalimentario-ue-alc-impulsa-la-cooperacion-birregional-para-fortalecer-los-sistemas-organicos\\\/#primaryimage\"},\"thumbnailUrl\":\"https:\\\/\\\/alinvest-verde.eu\\\/wp-content\\\/uploads\\\/Agricultura-organica.webp\",\"articleSection\":[\"Actualidad\"],\"inLanguage\":\"es\"},{\"@type\":\"WebPage\",\"@id\":\"https:\\\/\\\/alinvest-verde.eu\\\/el-vi-dialogo-agroalimentario-ue-alc-impulsa-la-cooperacion-birregional-para-fortalecer-los-sistemas-organicos\\\/\",\"url\":\"https:\\\/\\\/alinvest-verde.eu\\\/el-vi-dialogo-agroalimentario-ue-alc-impulsa-la-cooperacion-birregional-para-fortalecer-los-sistemas-organicos\\\/\",\"name\":\"El VI Di\u00e1logo agroalimentario UE\u2013ALC impulsa la cooperaci\u00f3n birregional para fortalecer los sistemas org\u00e1nicos - Programme AL-INVEST Verde\",\"isPartOf\":{\"@id\":\"https:\\\/\\\/alinvest-verde.eu\\\/#website\"},\"primaryImageOfPage\":{\"@id\":\"https:\\\/\\\/alinvest-verde.eu\\\/el-vi-dialogo-agroalimentario-ue-alc-impulsa-la-cooperacion-birregional-para-fortalecer-los-sistemas-organicos\\\/#primaryimage\"},\"image\":{\"@id\":\"https:\\\/\\\/alinvest-verde.eu\\\/el-vi-dialogo-agroalimentario-ue-alc-impulsa-la-cooperacion-birregional-para-fortalecer-los-sistemas-organicos\\\/#primaryimage\"},\"thumbnailUrl\":\"https:\\\/\\\/alinvest-verde.eu\\\/wp-content\\\/uploads\\\/Agricultura-organica.webp\",\"datePublished\":\"2026-06-04T07:29:23+00:00\",\"dateModified\":\"2026-06-04T07:32:08+00:00\",\"breadcrumb\":{\"@id\":\"https:\\\/\\\/alinvest-verde.eu\\\/el-vi-dialogo-agroalimentario-ue-alc-impulsa-la-cooperacion-birregional-para-fortalecer-los-sistemas-organicos\\\/#breadcrumb\"},\"inLanguage\":\"es\",\"potentialAction\":[{\"@type\":\"ReadAction\",\"target\":[\"https:\\\/\\\/alinvest-verde.eu\\\/el-vi-dialogo-agroalimentario-ue-alc-impulsa-la-cooperacion-birregional-para-fortalecer-los-sistemas-organicos\\\/\"]}]},{\"@type\":\"ImageObject\",\"inLanguage\":\"es\",\"@id\":\"https:\\\/\\\/alinvest-verde.eu\\\/el-vi-dialogo-agroalimentario-ue-alc-impulsa-la-cooperacion-birregional-para-fortalecer-los-sistemas-organicos\\\/#primaryimage\",\"url\":\"https:\\\/\\\/alinvest-verde.eu\\\/wp-content\\\/uploads\\\/Agricultura-organica.webp\",\"contentUrl\":\"https:\\\/\\\/alinvest-verde.eu\\\/wp-content\\\/uploads\\\/Agricultura-organica.webp\",\"width\":1101,\"height\":507},{\"@type\":\"BreadcrumbList\",\"@id\":\"https:\\\/\\\/alinvest-verde.eu\\\/el-vi-dialogo-agroalimentario-ue-alc-impulsa-la-cooperacion-birregional-para-fortalecer-los-sistemas-organicos\\\/#breadcrumb\",\"itemListElement\":[{\"@type\":\"ListItem\",\"position\":1,\"name\":\"Inicio\",\"item\":\"https:\\\/\\\/alinvest-verde.eu\\\/\"},{\"@type\":\"ListItem\",\"position\":2,\"name\":\"Actualidad\",\"item\":\"https:\\\/\\\/alinvest-verde.eu\\\/category\\\/actualidad\\\/\"},{\"@type\":\"ListItem\",\"position\":3,\"name\":\"El VI Di\u00e1logo agroalimentario UE\u2013ALC impulsa la cooperaci\u00f3n birregional para fortalecer los sistemas org\u00e1nicos\"}]},{\"@type\":\"WebSite\",\"@id\":\"https:\\\/\\\/alinvest-verde.eu\\\/#website\",\"url\":\"https:\\\/\\\/alinvest-verde.eu\\\/\",\"name\":\"Programme AL-INVEST Verde\",\"description\":\"Building alliances with the private sector in LA and promote sustainable growth and jobs creation by supporting the transition towards a low-carbon, resource-efficient economy\",\"publisher\":{\"@id\":\"https:\\\/\\\/alinvest-verde.eu\\\/#organization\"},\"potentialAction\":[{\"@type\":\"SearchAction\",\"target\":{\"@type\":\"EntryPoint\",\"urlTemplate\":\"https:\\\/\\\/alinvest-verde.eu\\\/?s={search_term_string}\"},\"query-input\":{\"@type\":\"PropertyValueSpecification\",\"valueRequired\":true,\"valueName\":\"search_term_string\"}}],\"inLanguage\":\"es\"},{\"@type\":\"Organization\",\"@id\":\"https:\\\/\\\/alinvest-verde.eu\\\/#organization\",\"name\":\"Programme AL-INVEST Verde\",\"url\":\"https:\\\/\\\/alinvest-verde.eu\\\/\",\"logo\":{\"@type\":\"ImageObject\",\"inLanguage\":\"es\",\"@id\":\"https:\\\/\\\/alinvest-verde.eu\\\/#\\\/schema\\\/logo\\\/image\\\/\",\"url\":\"https:\\\/\\\/alinvest-verde.eu\\\/wp-content\\\/uploads\\\/2022\\\/01\\\/cropped-logo-financiado-por-la-UE.jpg\",\"contentUrl\":\"https:\\\/\\\/alinvest-verde.eu\\\/wp-content\\\/uploads\\\/2022\\\/01\\\/cropped-logo-financiado-por-la-UE.jpg\",\"width\":756,\"height\":216,\"caption\":\"Programme AL-INVEST Verde\"},\"image\":{\"@id\":\"https:\\\/\\\/alinvest-verde.eu\\\/#\\\/schema\\\/logo\\\/image\\\/\"}},{\"@type\":\"Person\",\"@id\":\"https:\\\/\\\/alinvest-verde.eu\\\/#\\\/schema\\\/person\\\/8804ec49772ba377829838bc11b6aa6b\",\"name\":\"Azucena Garc\u00eda\",\"image\":{\"@type\":\"ImageObject\",\"inLanguage\":\"es\",\"@id\":\"https:\\\/\\\/secure.gravatar.com\\\/avatar\\\/fc4d91c562d3c4ac55cafd2f4ae4ebd513d2304b007a5c8d4f2d8543edeb9d79?s=96&d=mm&r=g\",\"url\":\"https:\\\/\\\/secure.gravatar.com\\\/avatar\\\/fc4d91c562d3c4ac55cafd2f4ae4ebd513d2304b007a5c8d4f2d8543edeb9d79?s=96&d=mm&r=g\",\"contentUrl\":\"https:\\\/\\\/secure.gravatar.com\\\/avatar\\\/fc4d91c562d3c4ac55cafd2f4ae4ebd513d2304b007a5c8d4f2d8543edeb9d79?s=96&d=mm&r=g\",\"caption\":\"Azucena Garc\u00eda\"},\"sameAs\":[\"https:\\\/\\\/x.com\\\/Frank Summa\"],\"url\":\"https:\\\/\\\/alinvest-verde.eu\\\/es_es\\\/author\\\/azucena-garcia\\\/\"}]}<\/script>\n<!-- \/ Yoast SEO plugin. -->","yoast_head_json":{"title":"El VI Di\u00e1logo agroalimentario UE\u2013ALC impulsa la cooperaci\u00f3n birregional para fortalecer los sistemas org\u00e1nicos - Programme AL-INVEST Verde","robots":{"index":"index","follow":"follow","max-snippet":"max-snippet:-1","max-image-preview":"max-image-preview:large","max-video-preview":"max-video-preview:-1"},"canonical":"https:\/\/alinvest-verde.eu\/es_es\/el-vi-dialogo-agroalimentario-ue-alc-impulsa-la-cooperacion-birregional-para-fortalecer-los-sistemas-organicos\/","og_locale":"es_ES","og_type":"article","og_title":"El VI Di\u00e1logo agroalimentario UE\u2013ALC impulsa la cooperaci\u00f3n birregional para fortalecer los sistemas org\u00e1nicos - Programme AL-INVEST Verde","og_description":"El VI Di\u00e1logo Agroalimentario UE\u2013ALC, organizado por AL\u2011INVEST Verde en colaboraci\u00f3n con el Instituto Interamericano de Cooperaci\u00f3n para la Agricultura (IICA), permiti\u00f3 avanzar en el an\u00e1lisis para el fortalecimiento de los sistemas org\u00e1nicos y promoci\u00f3n de mercados agroalimentarios m\u00e1s sostenibles. El encuentro, celebrado de forma virtual, dio continuidad a la agenda t\u00e9cnica iniciada en los [&hellip;]","og_url":"https:\/\/alinvest-verde.eu\/es_es\/el-vi-dialogo-agroalimentario-ue-alc-impulsa-la-cooperacion-birregional-para-fortalecer-los-sistemas-organicos\/","og_site_name":"Programme AL-INVEST Verde","article_published_time":"2026-06-04T07:29:23+00:00","article_modified_time":"2026-06-04T07:32:08+00:00","og_image":[{"width":1101,"height":507,"url":"https:\/\/alinvest-verde.eu\/wp-content\/uploads\/Agricultura-organica.webp","type":"image\/webp"}],"author":"Azucena Garc\u00eda","twitter_card":"summary_large_image","twitter_creator":"@Frank Summa","twitter_misc":{"Escrito por":false,"Tiempo de lectura":"3 minutos"},"schema":{"@context":"https:\/\/schema.org","@graph":[{"@type":"Article","@id":"https:\/\/alinvest-verde.eu\/el-vi-dialogo-agroalimentario-ue-alc-impulsa-la-cooperacion-birregional-para-fortalecer-los-sistemas-organicos\/#article","isPartOf":{"@id":"https:\/\/alinvest-verde.eu\/el-vi-dialogo-agroalimentario-ue-alc-impulsa-la-cooperacion-birregional-para-fortalecer-los-sistemas-organicos\/"},"author":{"name":"Azucena Garc\u00eda","@id":"https:\/\/alinvest-verde.eu\/#\/schema\/person\/8804ec49772ba377829838bc11b6aa6b"},"headline":"El VI Di\u00e1logo agroalimentario UE\u2013ALC impulsa la cooperaci\u00f3n birregional para fortalecer los sistemas org\u00e1nicos","datePublished":"2026-06-04T07:29:23+00:00","dateModified":"2026-06-04T07:32:08+00:00","mainEntityOfPage":{"@id":"https:\/\/alinvest-verde.eu\/el-vi-dialogo-agroalimentario-ue-alc-impulsa-la-cooperacion-birregional-para-fortalecer-los-sistemas-organicos\/"},"wordCount":549,"publisher":{"@id":"https:\/\/alinvest-verde.eu\/#organization"},"image":{"@id":"https:\/\/alinvest-verde.eu\/el-vi-dialogo-agroalimentario-ue-alc-impulsa-la-cooperacion-birregional-para-fortalecer-los-sistemas-organicos\/#primaryimage"},"thumbnailUrl":"https:\/\/alinvest-verde.eu\/wp-content\/uploads\/Agricultura-organica.webp","articleSection":["Actualidad"],"inLanguage":"es"},{"@type":"WebPage","@id":"https:\/\/alinvest-verde.eu\/el-vi-dialogo-agroalimentario-ue-alc-impulsa-la-cooperacion-birregional-para-fortalecer-los-sistemas-organicos\/","url":"https:\/\/alinvest-verde.eu\/el-vi-dialogo-agroalimentario-ue-alc-impulsa-la-cooperacion-birregional-para-fortalecer-los-sistemas-organicos\/","name":"El VI Di\u00e1logo agroalimentario UE\u2013ALC impulsa la cooperaci\u00f3n birregional para fortalecer los sistemas org\u00e1nicos - Programme AL-INVEST Verde","isPartOf":{"@id":"https:\/\/alinvest-verde.eu\/#website"},"primaryImageOfPage":{"@id":"https:\/\/alinvest-verde.eu\/el-vi-dialogo-agroalimentario-ue-alc-impulsa-la-cooperacion-birregional-para-fortalecer-los-sistemas-organicos\/#primaryimage"},"image":{"@id":"https:\/\/alinvest-verde.eu\/el-vi-dialogo-agroalimentario-ue-alc-impulsa-la-cooperacion-birregional-para-fortalecer-los-sistemas-organicos\/#primaryimage"},"thumbnailUrl":"https:\/\/alinvest-verde.eu\/wp-content\/uploads\/Agricultura-organica.webp","datePublished":"2026-06-04T07:29:23+00:00","dateModified":"2026-06-04T07:32:08+00:00","breadcrumb":{"@id":"https:\/\/alinvest-verde.eu\/el-vi-dialogo-agroalimentario-ue-alc-impulsa-la-cooperacion-birregional-para-fortalecer-los-sistemas-organicos\/#breadcrumb"},"inLanguage":"es","potentialAction":[{"@type":"ReadAction","target":["https:\/\/alinvest-verde.eu\/el-vi-dialogo-agroalimentario-ue-alc-impulsa-la-cooperacion-birregional-para-fortalecer-los-sistemas-organicos\/"]}]},{"@type":"ImageObject","inLanguage":"es","@id":"https:\/\/alinvest-verde.eu\/el-vi-dialogo-agroalimentario-ue-alc-impulsa-la-cooperacion-birregional-para-fortalecer-los-sistemas-organicos\/#primaryimage","url":"https:\/\/alinvest-verde.eu\/wp-content\/uploads\/Agricultura-organica.webp","contentUrl":"https:\/\/alinvest-verde.eu\/wp-content\/uploads\/Agricultura-organica.webp","width":1101,"height":507},{"@type":"BreadcrumbList","@id":"https:\/\/alinvest-verde.eu\/el-vi-dialogo-agroalimentario-ue-alc-impulsa-la-cooperacion-birregional-para-fortalecer-los-sistemas-organicos\/#breadcrumb","itemListElement":[{"@type":"ListItem","position":1,"name":"Inicio","item":"https:\/\/alinvest-verde.eu\/"},{"@type":"ListItem","position":2,"name":"Actualidad","item":"https:\/\/alinvest-verde.eu\/category\/actualidad\/"},{"@type":"ListItem","position":3,"name":"El VI Di\u00e1logo agroalimentario UE\u2013ALC impulsa la cooperaci\u00f3n birregional para fortalecer los sistemas org\u00e1nicos"}]},{"@type":"WebSite","@id":"https:\/\/alinvest-verde.eu\/#website","url":"https:\/\/alinvest-verde.eu\/","name":"Programme AL-INVEST Verde","description":"Building alliances with the private sector in LA and promote sustainable growth and jobs creation by supporting the transition towards a low-carbon, resource-efficient economy","publisher":{"@id":"https:\/\/alinvest-verde.eu\/#organization"},"potentialAction":[{"@type":"SearchAction","target":{"@type":"EntryPoint","urlTemplate":"https:\/\/alinvest-verde.eu\/?s={search_term_string}"},"query-input":{"@type":"PropertyValueSpecification","valueRequired":true,"valueName":"search_term_string"}}],"inLanguage":"es"},{"@type":"Organization","@id":"https:\/\/alinvest-verde.eu\/#organization","name":"Programme AL-INVEST Verde","url":"https:\/\/alinvest-verde.eu\/","logo":{"@type":"ImageObject","inLanguage":"es","@id":"https:\/\/alinvest-verde.eu\/#\/schema\/logo\/image\/","url":"https:\/\/alinvest-verde.eu\/wp-content\/uploads\/2022\/01\/cropped-logo-financiado-por-la-UE.jpg","contentUrl":"https:\/\/alinvest-verde.eu\/wp-content\/uploads\/2022\/01\/cropped-logo-financiado-por-la-UE.jpg","width":756,"height":216,"caption":"Programme AL-INVEST Verde"},"image":{"@id":"https:\/\/alinvest-verde.eu\/#\/schema\/logo\/image\/"}},{"@type":"Person","@id":"https:\/\/alinvest-verde.eu\/#\/schema\/person\/8804ec49772ba377829838bc11b6aa6b","name":"Azucena Garc\u00eda","image":{"@type":"ImageObject","inLanguage":"es","@id":"https:\/\/secure.gravatar.com\/avatar\/fc4d91c562d3c4ac55cafd2f4ae4ebd513d2304b007a5c8d4f2d8543edeb9d79?s=96&d=mm&r=g","url":"https:\/\/secure.gravatar.com\/avatar\/fc4d91c562d3c4ac55cafd2f4ae4ebd513d2304b007a5c8d4f2d8543edeb9d79?s=96&d=mm&r=g","contentUrl":"https:\/\/secure.gravatar.com\/avatar\/fc4d91c562d3c4ac55cafd2f4ae4ebd513d2304b007a5c8d4f2d8543edeb9d79?s=96&d=mm&r=g","caption":"Azucena Garc\u00eda"},"sameAs":["https:\/\/x.com\/Frank Summa"],"url":"https:\/\/alinvest-verde.eu\/es_es\/author\/azucena-garcia\/"}]}},"_links":{"self":[{"href":"https:\/\/alinvest-verde.eu\/es_es\/wp-json\/wp\/v2\/posts\/21515","targetHints":{"allow":["GET"]}}],"collection":[{"href":"https:\/\/alinvest-verde.eu\/es_es\/wp-json\/wp\/v2\/posts"}],"about":[{"href":"https:\/\/alinvest-verde.eu\/es_es\/wp-json\/wp\/v2\/types\/post"}],"author":[{"embeddable":true,"href":"https:\/\/alinvest-verde.eu\/es_es\/wp-json\/wp\/v2\/users\/6"}],"replies":[{"embeddable":true,"href":"https:\/\/alinvest-verde.eu\/es_es\/wp-json\/wp\/v2\/comments?post=21515"}],"version-history":[{"count":4,"href":"https:\/\/alinvest-verde.eu\/es_es\/wp-json\/wp\/v2\/posts\/21515\/revisions"}],"predecessor-version":[{"id":21521,"href":"https:\/\/alinvest-verde.eu\/es_es\/wp-json\/wp\/v2\/posts\/21515\/revisions\/21521"}],"wp:featuredmedia":[{"embeddable":true,"href":"https:\/\/alinvest-verde.eu\/es_es\/wp-json\/wp\/v2\/media\/21518"}],"wp:attachment":[{"href":"https:\/\/alinvest-verde.eu\/es_es\/wp-json\/wp\/v2\/media?parent=21515"}],"wp:term":[{"taxonomy":"category","embeddable":true,"href":"https:\/\/alinvest-verde.eu\/es_es\/wp-json\/wp\/v2\/categories?post=21515"},{"taxonomy":"post_tag","embeddable":true,"href":"https:\/\/alinvest-verde.eu\/es_es\/wp-json\/wp\/v2\/tags?post=21515"}],"curies":[{"name":"wp","href":"https:\/\/api.w.org\/{rel}","templated":true}]}}