{"id":21873,"date":"2026-08-31T13:39:01","date_gmt":"2026-08-31T11:39:01","guid":{"rendered":"https:\/\/alinvest-verde.eu\/?p=21873"},"modified":"2026-08-31T13:39:03","modified_gmt":"2026-08-31T11:39:03","slug":"conexionverde-reune-en-bruselas-a-mas-de-200-representantes-de-europa-y-america-latina-para-reforzar-las-alianzas-y-consolidar-el-legado-de-al-invest-verde","status":"publish","type":"post","link":"https:\/\/alinvest-verde.eu\/es_es\/conexionverde-reune-en-bruselas-a-mas-de-200-representantes-de-europa-y-america-latina-para-reforzar-las-alianzas-y-consolidar-el-legado-de-al-invest-verde\/","title":{"rendered":"CONEXI\u00d3NVerde+ re\u00fane en Bruselas a m\u00e1s de 200 representantes de Europa y Am\u00e9rica Latina para reforzar las alianzas y consolidar el legado de AL-INVEST Verde\u00a0"},"content":{"rendered":"\n<p class=\"wp-block-paragraph\">M\u00e1s de 200 representantes de gobiernos, organizaciones empresariales, empresas, organismos e instituciones de Am\u00e9rica Latina y la Uni\u00f3n Europea participaron en #CONEXI\u00d3NVerde, el evento anual del programa AL-INVEST Verde, celebrado en Bruselas (B\u00e9lgica) del 16 al 18 de junio. Esta edici\u00f3n, concebida como un evento de clausura, se centr\u00f3 en reflexionar sobre el legado del programa y en fortalecer las alianzas necesarias para garantizar la continuidad de los resultados logrados en sostenibilidad, innovaci\u00f3n y desarrollo econ\u00f3mico.&nbsp;<\/p>\n\n\n\n<p class=\"wp-block-paragraph\">El evento se estructur\u00f3 en torno a sesiones de alto nivel, paneles tem\u00e1ticos y di\u00e1logos estrat\u00e9gicos, con el objetivo de consolidar las lecciones aprendidas y fomentar nuevas sinergias que impulsen el progreso en&nbsp;materia de&nbsp;empleo, competitividad sostenible y&nbsp;<s>la<\/s>&nbsp;transici\u00f3n verde en Am\u00e9rica Latina.&nbsp;<\/p>\n\n\n\n<p class=\"wp-block-paragraph\">El primer d\u00eda, 16 de junio, las sesiones paralelas se\u00a0centraron\u00a0en el apoyo al sector privado y el fortalecimiento del sector p\u00fablico. El segundo d\u00eda, 17 de junio, una sesi\u00f3n plenaria present\u00f3 los resultados\u00a0y\u00a0el legado\u00a0del programa, as\u00ed como\u00a0los desaf\u00edos\u00a0por abordar, al tiempo que reconoci\u00f3\u00a0a los actores clave que contribuyeron a su \u00e9xito. El tercer d\u00eda, 18 de junio, se dedic\u00f3 a varias visitas de campo dise\u00f1adas para profundizar en el conocimiento de las pr\u00e1cticas europeas y fortalecer el\u00a0<em>networking<\/em>\u00a0entre los participantes.\u00a0<\/p>\n\n\n\n<p class=\"wp-block-paragraph\">Durante la sesi\u00f3n plenaria, titulada \u201cEl legado de AL-INVEST Verde: de la experiencia a la continuidad\u201d, funcionarios de la Comisi\u00f3n Europea, representantes gubernamentales y actores del sector privado de Am\u00e9rica Latina, as\u00ed como las organizaciones encargadas de la ejecuci\u00f3n del programa, analizaron los avances logrados y el papel de la cooperaci\u00f3n birregional para impulsar la transici\u00f3n hacia modelos de producci\u00f3n m\u00e1s sostenibles, resilientes y competitivos.&nbsp;<\/p>\n\n\n\n<p class=\"wp-block-paragraph\">El evento fue inaugurado por el Sr. F\u00e9lix Fern\u00e1ndez Shaw,&nbsp;director para Am\u00e9rica Latina y el Caribe de la Direcci\u00f3n General de Asociaciones Internacionales (DG INTPA) de la Comisi\u00f3n Europea, quien destac\u00f3 la importancia de profundizar en la relaci\u00f3n entre ambas regiones:&nbsp;<em>\u201cEs una&nbsp;alianza&nbsp;que debe seguir estrech\u00e1ndose, ya que re\u00fane los valores de sostenibilidad que nos gustar\u00eda ver reflejados en todo el mundo\u201d<\/em>.&nbsp;<\/p>\n\n\n\n<p class=\"wp-block-paragraph\">Representantes gubernamentales de Am\u00e9rica Latina tambi\u00e9n tomaron la palabra. El Sr. Gustavo Gim\u00e9nez Fern\u00e1ndez,&nbsp;viceministro de&nbsp;Mipymes&nbsp;del Ministerio de Industria y Comercio de Paraguay, subray\u00f3 la necesidad de que&nbsp;<em>\u201cla sostenibilidad sea una puerta de entrada para nuestras&nbsp;mipymes, no una barrera\u201d<\/em>. Por su parte, el Sr. Jorge Luis S\u00e1enz Rabanal,&nbsp;viceministro de Pol\u00edtica y Supervisi\u00f3n del Desarrollo Agrario del Ministerio de Desarrollo Agrario y Riego (MIDAGRI) de Per\u00fa, afirm\u00f3 que&nbsp;<em>\u201cpara Per\u00fa, la sostenibilidad de las cadenas de agroexportaci\u00f3n es una prioridad estrat\u00e9gica\u201d<\/em>&nbsp;y resalt\u00f3 que&nbsp;<em>\u201cla Uni\u00f3n Europea es un socio clave y estrat\u00e9gico para el pa\u00eds\u201d<\/em>.&nbsp;<\/p>\n\n\n\n<p class=\"wp-block-paragraph\">El Sr. Ren\u00e9 Vossen,&nbsp;director&nbsp;gerente de&nbsp;<em>sequa<\/em>; el Sr. Francisco Tierraseca,&nbsp;director de FIAP; y el Sr. Gianandrea Rossi,&nbsp;director&nbsp;ejecutivo de IILA, tambi\u00e9n hablaron en representaci\u00f3n de las tres instituciones que implementan el apoyo del programa al sector privado y p\u00fablico. El Sr. Vossen destac\u00f3 que&nbsp;<em>\u201cAL-INVEST Verde no es solo un programa, sino una&nbsp;alianza\u201d<\/em>, mientras que el Sr. Tierraseca resalt\u00f3 el apoyo del programa a&nbsp;<em>\u201cpol\u00edticas p\u00fablicas con impacto real en los pa\u00edses con los que trabajamos\u201d<\/em>. El Sr. Rossi subray\u00f3 el desaf\u00edo de&nbsp;<em>\u201cproducir m\u00e1s y mejor respetando el medio ambiente\u201d<\/em>&nbsp;y record\u00f3 que esta agenda est\u00e1 plenamente integrada en las l\u00edneas de trabajo de IILA. Estas intervenciones reforzaron el \u00e9nfasis del programa en la cooperaci\u00f3n institucional y el compromiso compartido&nbsp;de promover una&nbsp;producci\u00f3n sostenible.&nbsp;&nbsp;<\/p>\n\n\n\n<p class=\"wp-block-paragraph\">La presentaci\u00f3n de los resultados estuvo a cargo del Sr. Frank Summa,&nbsp;director del&nbsp;Componente de Apoyo al Sector Privado (sequa); el Sr. Emilio Calvo,&nbsp;director del&nbsp;Componente de Apoyo al Sector P\u00fablico (FIAP); y el Sr. Andrea Monaco, l\u00edder del equipo del programa en IILA. Todos ellos destacaron los principales logros del programa&nbsp;y su contribuci\u00f3n a la sostenibilidad, la competitividad empresarial y las pol\u00edticas p\u00fablicas en Am\u00e9rica Latina.<\/p>\n\n\n\n<p class=\"wp-block-paragraph\">La agenda tambi\u00e9n incluy\u00f3 debates estrat\u00e9gicos sobre el fortalecimiento de cadenas de valor sostenibles e innovadoras, el uso de herramientas digitales para apoyar la producci\u00f3n sostenible,&nbsp;y el potencial de escalar las iniciativas desarrolladas bajo el programa. Expertos y representantes de Argentina, Brasil, Chile, Colombia, Ecuador, El Salvador, Paraguay, Per\u00fa y Uruguay compartieron experiencias relacionadas con trazabilidad, certificaci\u00f3n, comercio internacional, sostenibilidad empresarial y transformaci\u00f3n digital.&nbsp;<\/p>\n\n\n\n<p class=\"wp-block-paragraph\">Empresas, organizaciones empresariales y organismos internacionales tambi\u00e9n examinaron los desaf\u00edos y oportunidades de la transici\u00f3n verde en el sector privado, destacando la importancia de la cooperaci\u00f3n entre la Uni\u00f3n Europea y Am\u00e9rica Latina para acelerar la adopci\u00f3n de modelos de producci\u00f3n sostenibles. Se presentaron experiencias exitosas desarrolladas bajo AL-INVEST Verde, que demostraron resultados concretos en innovaci\u00f3n, fortalecimiento empresarial y acceso a mercados.&nbsp;<\/p>\n\n\n\n<p class=\"wp-block-paragraph\">Los participantes coincidieron en que los avances logrados en los \u00faltimos a\u00f1os proporcionan una base s\u00f3lida para&nbsp;progresar&nbsp;hacia cadenas de valor m\u00e1s resilientes, inclusivas y sostenibles. La sesi\u00f3n plenaria concluy\u00f3 con un llamado a fortalecer las alianzas estrat\u00e9gicas, ampliar los espacios de cooperaci\u00f3n y garantizar la continuidad de las iniciativas promovidas por AL-INVEST Verde m\u00e1s all\u00e1 de 2026.&nbsp;<\/p>\n\n\n\n<p class=\"wp-block-paragraph\"><strong>Resultados destacados en sostenibilidad y trazabilidad en Am\u00e9rica Latina<\/strong>&nbsp;<\/p>\n\n\n\n<p class=\"wp-block-paragraph\">En el \u00e1mbito del apoyo al sector privado, el programa ha beneficiado a m\u00e1s de 80.000&nbsp;mipymes&nbsp;latinoamericanas a trav\u00e9s de 71 proyectos realizados en 15 pa\u00edses, promoviendo la adopci\u00f3n de pr\u00e1cticas sostenibles, modelos de econom\u00eda circular, digitalizaci\u00f3n y producci\u00f3n de bajo carbono. Adem\u00e1s, ha contribuido a consolidar una red de m\u00e1s de 200 instituciones latinoamericanas y europeas, fortaleciendo la cooperaci\u00f3n empresarial y el intercambio de conocimientos para impulsar la transici\u00f3n verde.&nbsp;<\/p>\n\n\n\n<p class=\"wp-block-paragraph\">Hasta la fecha, m\u00e1s de 20.600 empresas han adoptado nuevas pr\u00e1cticas empresariales sostenibles, y m\u00e1s de 12.100&nbsp;mipymes&nbsp;reportan ahorros en recursos como agua, energ\u00eda, combustible y materiales. Dado que la creaci\u00f3n de empleo es uno de los principales objetivos del programa, se han generado o fortalecido casi 20.000 empleos verdes y digitales \u2014el 50% de ellos para mujeres\u2014 gracias a las intervenciones del programa.&nbsp;<\/p>\n\n\n\n<p class=\"wp-block-paragraph\">En el \u00e1mbito del apoyo al sector p\u00fablico, se ha trabajado en nueve pa\u00edses de Am\u00e9rica Latina para fortalecer sistemas de trazabilidad, mejorar la gesti\u00f3n de informaci\u00f3n productiva y facilitar la adaptaci\u00f3n a los nuevos requisitos de sostenibilidad y deforestaci\u00f3n cero. Entre los resultados clave destacan&nbsp;el lanzamiento de nueve plataformas p\u00fablicas de trazabilidad, la certificaci\u00f3n de 1.969 formadores, la&nbsp;georreferenciaci\u00f3n y registro de 26.411 parcelas agr\u00edcolas&nbsp;y la integraci\u00f3n de 1,2 millones de hect\u00e1reas de plantaciones forestales.&nbsp;Adem\u00e1s, se realizaron 91.791 an\u00e1lisis de deforestaci\u00f3n vinculados a cadenas de suministro de soja y carne en Argentina, y se inform\u00f3 a 30.460 operadores econ\u00f3micos en Per\u00fa, Argentina y Ecuador sobre el Reglamento de la Uni\u00f3n Europea&nbsp;sobre Deforestaci\u00f3n (EUDR) y el uso de plataformas de trazabilidad.&nbsp;<\/p>\n\n\n\n<p class=\"wp-block-paragraph\">El programa tambi\u00e9n promovi\u00f3 22 di\u00e1logos birregionales alrededor de seis cadenas de valor estrat\u00e9gicas, con la participaci\u00f3n de 3.493 representantes de 38 pa\u00edses y cinco autoridades del EUDR, consolidando espacios de intercambio y cooperaci\u00f3n entre Am\u00e9rica Latina y la Uni\u00f3n Europea para impulsar cadenas agroalimentarias m\u00e1s sostenibles y resilientes.&nbsp;<\/p>\n\n\n\n<p class=\"wp-block-paragraph\"><strong>Sobre AL-INVEST Verde<\/strong>&nbsp;<\/p>\n\n\n\n<p class=\"wp-block-paragraph\">AL-INVEST Verde es un programa de la Uni\u00f3n Europea cuyo objetivo principal es promover el crecimiento sostenible y la creaci\u00f3n de empleo en Am\u00e9rica Latina, apoyando la transici\u00f3n hacia una econom\u00eda baja en carbono, eficiente en el uso de recursos y m\u00e1s circular.&nbsp;<\/p>\n\n\n\n<p class=\"wp-block-paragraph\">El programa trabaja con el sector privado, las administraciones p\u00fablicas y las instituciones de propiedad intelectual para fortalecer capacidades, impulsar la innovaci\u00f3n, promover cadenas de valor sostenibles y fomentar marcos que favorezcan el desarrollo econ\u00f3mico sostenible en la regi\u00f3n.<\/p>\n\n\n\n<p class=\"wp-block-paragraph\">AL-INVEST Verde es un pilar clave de la estrategia Global Gateway y ejemplifica c\u00f3mo la Uni\u00f3n Europea traduce su visi\u00f3n en acciones concretas a trav\u00e9s de alianzas que impulsan el desarrollo sostenible y el crecimiento econ\u00f3mico responsable en Am\u00e9rica Latina.\u00a0<\/p>\n\n\n\n<p class=\"wp-block-paragraph\"><\/p>\n","protected":false},"excerpt":{"rendered":"<p>M\u00e1s de 200 representantes de gobiernos, organizaciones empresariales, empresas, organismos e instituciones de Am\u00e9rica Latina y la Uni\u00f3n Europea participaron en #CONEXI\u00d3NVerde, el evento anual del programa AL-INVEST Verde, celebrado en Bruselas (B\u00e9lgica) del 16 al 18 de junio. Esta edici\u00f3n, concebida como un evento de clausura, se centr\u00f3 en reflexionar sobre el legado del [&hellip;]<\/p>\n","protected":false},"author":6,"featured_media":21457,"comment_status":"closed","ping_status":"closed","sticky":false,"template":"","format":"standard","meta":{"footnotes":""},"categories":[24,1,159],"tags":[],"class_list":["post-21873","post","type-post","status-publish","format-standard","has-post-thumbnail","hentry","category-actualidad","category-allgemein","category-belgica-bruselas"],"yoast_head":"<!-- This site is optimized with the Yoast SEO plugin v28.3 - https:\/\/yoast.com\/product\/yoast-seo-wordpress\/ -->\n<title>CONEXI\u00d3NVerde+ re\u00fane en Bruselas a m\u00e1s de 200 representantes de Europa y Am\u00e9rica Latina para reforzar las alianzas y consolidar el legado de AL-INVEST Verde\u00a0 - Programme AL-INVEST Verde<\/title>\n<meta name=\"robots\" content=\"index, follow, max-snippet:-1, max-image-preview:large, max-video-preview:-1\" \/>\n<link rel=\"canonical\" href=\"https:\/\/alinvest-verde.eu\/es_es\/conexionverde-reune-en-bruselas-a-mas-de-200-representantes-de-europa-y-america-latina-para-reforzar-las-alianzas-y-consolidar-el-legado-de-al-invest-verde\/\" \/>\n<meta property=\"og:locale\" content=\"es_ES\" \/>\n<meta property=\"og:type\" content=\"article\" \/>\n<meta property=\"og:title\" content=\"CONEXI\u00d3NVerde+ re\u00fane en Bruselas a m\u00e1s de 200 representantes de Europa y Am\u00e9rica Latina para reforzar las alianzas y consolidar el legado de AL-INVEST Verde\u00a0 - Programme AL-INVEST Verde\" \/>\n<meta property=\"og:description\" content=\"M\u00e1s de 200 representantes de gobiernos, organizaciones empresariales, empresas, organismos e instituciones de Am\u00e9rica Latina y la Uni\u00f3n Europea participaron en #CONEXI\u00d3NVerde, el evento anual del programa AL-INVEST Verde, celebrado en Bruselas (B\u00e9lgica) del 16 al 18 de junio. Esta edici\u00f3n, concebida como un evento de clausura, se centr\u00f3 en reflexionar sobre el legado del [&hellip;]\" \/>\n<meta property=\"og:url\" content=\"https:\/\/alinvest-verde.eu\/es_es\/conexionverde-reune-en-bruselas-a-mas-de-200-representantes-de-europa-y-america-latina-para-reforzar-las-alianzas-y-consolidar-el-legado-de-al-invest-verde\/\" \/>\n<meta property=\"og:site_name\" content=\"Programme AL-INVEST Verde\" \/>\n<meta property=\"article:published_time\" content=\"2026-08-31T11:39:01+00:00\" \/>\n<meta property=\"article:modified_time\" content=\"2026-08-31T11:39:03+00:00\" \/>\n<meta property=\"og:image\" content=\"https:\/\/alinvest-verde.eu\/wp-content\/uploads\/V10_FINAL_Fondo_de_pantalla_ES-scaled.jpg\" \/>\n\t<meta property=\"og:image:width\" content=\"2560\" \/>\n\t<meta property=\"og:image:height\" content=\"1440\" \/>\n\t<meta property=\"og:image:type\" content=\"image\/jpeg\" \/>\n<meta name=\"author\" content=\"Azucena Garc\u00eda\" \/>\n<meta name=\"twitter:card\" content=\"summary_large_image\" \/>\n<meta name=\"twitter:creator\" content=\"@Frank Summa\" \/>\n<meta name=\"twitter:label1\" content=\"Escrito por\" \/>\n\t<meta name=\"twitter:data1\" content=\"\" \/>\n\t<meta name=\"twitter:label2\" content=\"Tiempo de lectura\" \/>\n\t<meta name=\"twitter:data2\" content=\"7 minutos\" \/>\n<script type=\"application\/ld+json\" class=\"yoast-schema-graph\">{\"@context\":\"https:\\\/\\\/schema.org\",\"@graph\":[{\"@type\":\"Article\",\"@id\":\"https:\\\/\\\/alinvest-verde.eu\\\/conexionverde-reune-en-bruselas-a-mas-de-200-representantes-de-europa-y-america-latina-para-reforzar-las-alianzas-y-consolidar-el-legado-de-al-invest-verde\\\/#article\",\"isPartOf\":{\"@id\":\"https:\\\/\\\/alinvest-verde.eu\\\/conexionverde-reune-en-bruselas-a-mas-de-200-representantes-de-europa-y-america-latina-para-reforzar-las-alianzas-y-consolidar-el-legado-de-al-invest-verde\\\/\"},\"author\":{\"name\":\"Azucena Garc\u00eda\",\"@id\":\"https:\\\/\\\/alinvest-verde.eu\\\/#\\\/schema\\\/person\\\/8804ec49772ba377829838bc11b6aa6b\"},\"headline\":\"CONEXI\u00d3NVerde+ re\u00fane en Bruselas a m\u00e1s de 200 representantes de Europa y Am\u00e9rica Latina para reforzar las alianzas y consolidar el legado de AL-INVEST Verde\u00a0\",\"datePublished\":\"2026-08-31T11:39:01+00:00\",\"dateModified\":\"2026-08-31T11:39:03+00:00\",\"mainEntityOfPage\":{\"@id\":\"https:\\\/\\\/alinvest-verde.eu\\\/conexionverde-reune-en-bruselas-a-mas-de-200-representantes-de-europa-y-america-latina-para-reforzar-las-alianzas-y-consolidar-el-legado-de-al-invest-verde\\\/\"},\"wordCount\":1492,\"publisher\":{\"@id\":\"https:\\\/\\\/alinvest-verde.eu\\\/#organization\"},\"image\":{\"@id\":\"https:\\\/\\\/alinvest-verde.eu\\\/conexionverde-reune-en-bruselas-a-mas-de-200-representantes-de-europa-y-america-latina-para-reforzar-las-alianzas-y-consolidar-el-legado-de-al-invest-verde\\\/#primaryimage\"},\"thumbnailUrl\":\"https:\\\/\\\/alinvest-verde.eu\\\/wp-content\\\/uploads\\\/V10_FINAL_Fondo_de_pantalla_ES-scaled.jpg\",\"articleSection\":[\"Actualidad\",\"Allgemein\",\"B\u00e9lgica, Bruselas\"],\"inLanguage\":\"es\"},{\"@type\":\"WebPage\",\"@id\":\"https:\\\/\\\/alinvest-verde.eu\\\/conexionverde-reune-en-bruselas-a-mas-de-200-representantes-de-europa-y-america-latina-para-reforzar-las-alianzas-y-consolidar-el-legado-de-al-invest-verde\\\/\",\"url\":\"https:\\\/\\\/alinvest-verde.eu\\\/conexionverde-reune-en-bruselas-a-mas-de-200-representantes-de-europa-y-america-latina-para-reforzar-las-alianzas-y-consolidar-el-legado-de-al-invest-verde\\\/\",\"name\":\"CONEXI\u00d3NVerde+ re\u00fane en Bruselas a m\u00e1s de 200 representantes de Europa y Am\u00e9rica Latina para reforzar las alianzas y consolidar el legado de AL-INVEST Verde\u00a0 - Programme AL-INVEST Verde\",\"isPartOf\":{\"@id\":\"https:\\\/\\\/alinvest-verde.eu\\\/#website\"},\"primaryImageOfPage\":{\"@id\":\"https:\\\/\\\/alinvest-verde.eu\\\/conexionverde-reune-en-bruselas-a-mas-de-200-representantes-de-europa-y-america-latina-para-reforzar-las-alianzas-y-consolidar-el-legado-de-al-invest-verde\\\/#primaryimage\"},\"image\":{\"@id\":\"https:\\\/\\\/alinvest-verde.eu\\\/conexionverde-reune-en-bruselas-a-mas-de-200-representantes-de-europa-y-america-latina-para-reforzar-las-alianzas-y-consolidar-el-legado-de-al-invest-verde\\\/#primaryimage\"},\"thumbnailUrl\":\"https:\\\/\\\/alinvest-verde.eu\\\/wp-content\\\/uploads\\\/V10_FINAL_Fondo_de_pantalla_ES-scaled.jpg\",\"datePublished\":\"2026-08-31T11:39:01+00:00\",\"dateModified\":\"2026-08-31T11:39:03+00:00\",\"breadcrumb\":{\"@id\":\"https:\\\/\\\/alinvest-verde.eu\\\/conexionverde-reune-en-bruselas-a-mas-de-200-representantes-de-europa-y-america-latina-para-reforzar-las-alianzas-y-consolidar-el-legado-de-al-invest-verde\\\/#breadcrumb\"},\"inLanguage\":\"es\",\"potentialAction\":[{\"@type\":\"ReadAction\",\"target\":[\"https:\\\/\\\/alinvest-verde.eu\\\/conexionverde-reune-en-bruselas-a-mas-de-200-representantes-de-europa-y-america-latina-para-reforzar-las-alianzas-y-consolidar-el-legado-de-al-invest-verde\\\/\"]}]},{\"@type\":\"ImageObject\",\"inLanguage\":\"es\",\"@id\":\"https:\\\/\\\/alinvest-verde.eu\\\/conexionverde-reune-en-bruselas-a-mas-de-200-representantes-de-europa-y-america-latina-para-reforzar-las-alianzas-y-consolidar-el-legado-de-al-invest-verde\\\/#primaryimage\",\"url\":\"https:\\\/\\\/alinvest-verde.eu\\\/wp-content\\\/uploads\\\/V10_FINAL_Fondo_de_pantalla_ES-scaled.jpg\",\"contentUrl\":\"https:\\\/\\\/alinvest-verde.eu\\\/wp-content\\\/uploads\\\/V10_FINAL_Fondo_de_pantalla_ES-scaled.jpg\",\"width\":2560,\"height\":1440},{\"@type\":\"BreadcrumbList\",\"@id\":\"https:\\\/\\\/alinvest-verde.eu\\\/conexionverde-reune-en-bruselas-a-mas-de-200-representantes-de-europa-y-america-latina-para-reforzar-las-alianzas-y-consolidar-el-legado-de-al-invest-verde\\\/#breadcrumb\",\"itemListElement\":[{\"@type\":\"ListItem\",\"position\":1,\"name\":\"Inicio\",\"item\":\"https:\\\/\\\/alinvest-verde.eu\\\/\"},{\"@type\":\"ListItem\",\"position\":2,\"name\":\"Actualidad\",\"item\":\"https:\\\/\\\/alinvest-verde.eu\\\/category\\\/actualidad\\\/\"},{\"@type\":\"ListItem\",\"position\":3,\"name\":\"CONEXI\u00d3NVerde+ re\u00fane en Bruselas a m\u00e1s de 200 representantes de Europa y Am\u00e9rica Latina para reforzar las alianzas y consolidar el legado de AL-INVEST Verde\u00a0\"}]},{\"@type\":\"WebSite\",\"@id\":\"https:\\\/\\\/alinvest-verde.eu\\\/#website\",\"url\":\"https:\\\/\\\/alinvest-verde.eu\\\/\",\"name\":\"Programme AL-INVEST Verde\",\"description\":\"Building alliances with the private sector in LA and promote sustainable growth and jobs creation by supporting the transition towards a low-carbon, resource-efficient economy\",\"publisher\":{\"@id\":\"https:\\\/\\\/alinvest-verde.eu\\\/#organization\"},\"potentialAction\":[{\"@type\":\"SearchAction\",\"target\":{\"@type\":\"EntryPoint\",\"urlTemplate\":\"https:\\\/\\\/alinvest-verde.eu\\\/?s={search_term_string}\"},\"query-input\":{\"@type\":\"PropertyValueSpecification\",\"valueRequired\":true,\"valueName\":\"search_term_string\"}}],\"inLanguage\":\"es\"},{\"@type\":\"Organization\",\"@id\":\"https:\\\/\\\/alinvest-verde.eu\\\/#organization\",\"name\":\"Programme AL-INVEST Verde\",\"url\":\"https:\\\/\\\/alinvest-verde.eu\\\/\",\"logo\":{\"@type\":\"ImageObject\",\"inLanguage\":\"es\",\"@id\":\"https:\\\/\\\/alinvest-verde.eu\\\/#\\\/schema\\\/logo\\\/image\\\/\",\"url\":\"https:\\\/\\\/alinvest-verde.eu\\\/wp-content\\\/uploads\\\/2022\\\/01\\\/cropped-logo-financiado-por-la-UE.jpg\",\"contentUrl\":\"https:\\\/\\\/alinvest-verde.eu\\\/wp-content\\\/uploads\\\/2022\\\/01\\\/cropped-logo-financiado-por-la-UE.jpg\",\"width\":756,\"height\":216,\"caption\":\"Programme AL-INVEST Verde\"},\"image\":{\"@id\":\"https:\\\/\\\/alinvest-verde.eu\\\/#\\\/schema\\\/logo\\\/image\\\/\"}},{\"@type\":\"Person\",\"@id\":\"https:\\\/\\\/alinvest-verde.eu\\\/#\\\/schema\\\/person\\\/8804ec49772ba377829838bc11b6aa6b\",\"name\":\"Azucena Garc\u00eda\",\"image\":{\"@type\":\"ImageObject\",\"inLanguage\":\"es\",\"@id\":\"https:\\\/\\\/secure.gravatar.com\\\/avatar\\\/fc4d91c562d3c4ac55cafd2f4ae4ebd513d2304b007a5c8d4f2d8543edeb9d79?s=96&d=mm&r=g\",\"url\":\"https:\\\/\\\/secure.gravatar.com\\\/avatar\\\/fc4d91c562d3c4ac55cafd2f4ae4ebd513d2304b007a5c8d4f2d8543edeb9d79?s=96&d=mm&r=g\",\"contentUrl\":\"https:\\\/\\\/secure.gravatar.com\\\/avatar\\\/fc4d91c562d3c4ac55cafd2f4ae4ebd513d2304b007a5c8d4f2d8543edeb9d79?s=96&d=mm&r=g\",\"caption\":\"Azucena Garc\u00eda\"},\"sameAs\":[\"https:\\\/\\\/x.com\\\/Frank Summa\"],\"url\":\"https:\\\/\\\/alinvest-verde.eu\\\/es_es\\\/author\\\/azucena-garcia\\\/\"}]}<\/script>\n<!-- \/ Yoast SEO plugin. -->","yoast_head_json":{"title":"CONEXI\u00d3NVerde+ re\u00fane en Bruselas a m\u00e1s de 200 representantes de Europa y Am\u00e9rica Latina para reforzar las alianzas y consolidar el legado de AL-INVEST Verde\u00a0 - Programme AL-INVEST Verde","robots":{"index":"index","follow":"follow","max-snippet":"max-snippet:-1","max-image-preview":"max-image-preview:large","max-video-preview":"max-video-preview:-1"},"canonical":"https:\/\/alinvest-verde.eu\/es_es\/conexionverde-reune-en-bruselas-a-mas-de-200-representantes-de-europa-y-america-latina-para-reforzar-las-alianzas-y-consolidar-el-legado-de-al-invest-verde\/","og_locale":"es_ES","og_type":"article","og_title":"CONEXI\u00d3NVerde+ re\u00fane en Bruselas a m\u00e1s de 200 representantes de Europa y Am\u00e9rica Latina para reforzar las alianzas y consolidar el legado de AL-INVEST Verde\u00a0 - Programme AL-INVEST Verde","og_description":"M\u00e1s de 200 representantes de gobiernos, organizaciones empresariales, empresas, organismos e instituciones de Am\u00e9rica Latina y la Uni\u00f3n Europea participaron en #CONEXI\u00d3NVerde, el evento anual del programa AL-INVEST Verde, celebrado en Bruselas (B\u00e9lgica) del 16 al 18 de junio. Esta edici\u00f3n, concebida como un evento de clausura, se centr\u00f3 en reflexionar sobre el legado del [&hellip;]","og_url":"https:\/\/alinvest-verde.eu\/es_es\/conexionverde-reune-en-bruselas-a-mas-de-200-representantes-de-europa-y-america-latina-para-reforzar-las-alianzas-y-consolidar-el-legado-de-al-invest-verde\/","og_site_name":"Programme AL-INVEST Verde","article_published_time":"2026-08-31T11:39:01+00:00","article_modified_time":"2026-08-31T11:39:03+00:00","og_image":[{"width":2560,"height":1440,"url":"https:\/\/alinvest-verde.eu\/wp-content\/uploads\/V10_FINAL_Fondo_de_pantalla_ES-scaled.jpg","type":"image\/jpeg"}],"author":"Azucena Garc\u00eda","twitter_card":"summary_large_image","twitter_creator":"@Frank Summa","twitter_misc":{"Escrito por":false,"Tiempo de lectura":"7 minutos"},"schema":{"@context":"https:\/\/schema.org","@graph":[{"@type":"Article","@id":"https:\/\/alinvest-verde.eu\/conexionverde-reune-en-bruselas-a-mas-de-200-representantes-de-europa-y-america-latina-para-reforzar-las-alianzas-y-consolidar-el-legado-de-al-invest-verde\/#article","isPartOf":{"@id":"https:\/\/alinvest-verde.eu\/conexionverde-reune-en-bruselas-a-mas-de-200-representantes-de-europa-y-america-latina-para-reforzar-las-alianzas-y-consolidar-el-legado-de-al-invest-verde\/"},"author":{"name":"Azucena Garc\u00eda","@id":"https:\/\/alinvest-verde.eu\/#\/schema\/person\/8804ec49772ba377829838bc11b6aa6b"},"headline":"CONEXI\u00d3NVerde+ re\u00fane en Bruselas a m\u00e1s de 200 representantes de Europa y Am\u00e9rica Latina para reforzar las alianzas y consolidar el legado de AL-INVEST Verde\u00a0","datePublished":"2026-08-31T11:39:01+00:00","dateModified":"2026-08-31T11:39:03+00:00","mainEntityOfPage":{"@id":"https:\/\/alinvest-verde.eu\/conexionverde-reune-en-bruselas-a-mas-de-200-representantes-de-europa-y-america-latina-para-reforzar-las-alianzas-y-consolidar-el-legado-de-al-invest-verde\/"},"wordCount":1492,"publisher":{"@id":"https:\/\/alinvest-verde.eu\/#organization"},"image":{"@id":"https:\/\/alinvest-verde.eu\/conexionverde-reune-en-bruselas-a-mas-de-200-representantes-de-europa-y-america-latina-para-reforzar-las-alianzas-y-consolidar-el-legado-de-al-invest-verde\/#primaryimage"},"thumbnailUrl":"https:\/\/alinvest-verde.eu\/wp-content\/uploads\/V10_FINAL_Fondo_de_pantalla_ES-scaled.jpg","articleSection":["Actualidad","Allgemein","B\u00e9lgica, Bruselas"],"inLanguage":"es"},{"@type":"WebPage","@id":"https:\/\/alinvest-verde.eu\/conexionverde-reune-en-bruselas-a-mas-de-200-representantes-de-europa-y-america-latina-para-reforzar-las-alianzas-y-consolidar-el-legado-de-al-invest-verde\/","url":"https:\/\/alinvest-verde.eu\/conexionverde-reune-en-bruselas-a-mas-de-200-representantes-de-europa-y-america-latina-para-reforzar-las-alianzas-y-consolidar-el-legado-de-al-invest-verde\/","name":"CONEXI\u00d3NVerde+ re\u00fane en Bruselas a m\u00e1s de 200 representantes de Europa y Am\u00e9rica Latina para reforzar las alianzas y consolidar el legado de AL-INVEST Verde\u00a0 - Programme AL-INVEST Verde","isPartOf":{"@id":"https:\/\/alinvest-verde.eu\/#website"},"primaryImageOfPage":{"@id":"https:\/\/alinvest-verde.eu\/conexionverde-reune-en-bruselas-a-mas-de-200-representantes-de-europa-y-america-latina-para-reforzar-las-alianzas-y-consolidar-el-legado-de-al-invest-verde\/#primaryimage"},"image":{"@id":"https:\/\/alinvest-verde.eu\/conexionverde-reune-en-bruselas-a-mas-de-200-representantes-de-europa-y-america-latina-para-reforzar-las-alianzas-y-consolidar-el-legado-de-al-invest-verde\/#primaryimage"},"thumbnailUrl":"https:\/\/alinvest-verde.eu\/wp-content\/uploads\/V10_FINAL_Fondo_de_pantalla_ES-scaled.jpg","datePublished":"2026-08-31T11:39:01+00:00","dateModified":"2026-08-31T11:39:03+00:00","breadcrumb":{"@id":"https:\/\/alinvest-verde.eu\/conexionverde-reune-en-bruselas-a-mas-de-200-representantes-de-europa-y-america-latina-para-reforzar-las-alianzas-y-consolidar-el-legado-de-al-invest-verde\/#breadcrumb"},"inLanguage":"es","potentialAction":[{"@type":"ReadAction","target":["https:\/\/alinvest-verde.eu\/conexionverde-reune-en-bruselas-a-mas-de-200-representantes-de-europa-y-america-latina-para-reforzar-las-alianzas-y-consolidar-el-legado-de-al-invest-verde\/"]}]},{"@type":"ImageObject","inLanguage":"es","@id":"https:\/\/alinvest-verde.eu\/conexionverde-reune-en-bruselas-a-mas-de-200-representantes-de-europa-y-america-latina-para-reforzar-las-alianzas-y-consolidar-el-legado-de-al-invest-verde\/#primaryimage","url":"https:\/\/alinvest-verde.eu\/wp-content\/uploads\/V10_FINAL_Fondo_de_pantalla_ES-scaled.jpg","contentUrl":"https:\/\/alinvest-verde.eu\/wp-content\/uploads\/V10_FINAL_Fondo_de_pantalla_ES-scaled.jpg","width":2560,"height":1440},{"@type":"BreadcrumbList","@id":"https:\/\/alinvest-verde.eu\/conexionverde-reune-en-bruselas-a-mas-de-200-representantes-de-europa-y-america-latina-para-reforzar-las-alianzas-y-consolidar-el-legado-de-al-invest-verde\/#breadcrumb","itemListElement":[{"@type":"ListItem","position":1,"name":"Inicio","item":"https:\/\/alinvest-verde.eu\/"},{"@type":"ListItem","position":2,"name":"Actualidad","item":"https:\/\/alinvest-verde.eu\/category\/actualidad\/"},{"@type":"ListItem","position":3,"name":"CONEXI\u00d3NVerde+ re\u00fane en Bruselas a m\u00e1s de 200 representantes de Europa y Am\u00e9rica Latina para reforzar las alianzas y consolidar el legado de AL-INVEST Verde\u00a0"}]},{"@type":"WebSite","@id":"https:\/\/alinvest-verde.eu\/#website","url":"https:\/\/alinvest-verde.eu\/","name":"Programme AL-INVEST Verde","description":"Building alliances with the private sector in LA and promote sustainable growth and jobs creation by supporting the transition towards a low-carbon, resource-efficient economy","publisher":{"@id":"https:\/\/alinvest-verde.eu\/#organization"},"potentialAction":[{"@type":"SearchAction","target":{"@type":"EntryPoint","urlTemplate":"https:\/\/alinvest-verde.eu\/?s={search_term_string}"},"query-input":{"@type":"PropertyValueSpecification","valueRequired":true,"valueName":"search_term_string"}}],"inLanguage":"es"},{"@type":"Organization","@id":"https:\/\/alinvest-verde.eu\/#organization","name":"Programme AL-INVEST Verde","url":"https:\/\/alinvest-verde.eu\/","logo":{"@type":"ImageObject","inLanguage":"es","@id":"https:\/\/alinvest-verde.eu\/#\/schema\/logo\/image\/","url":"https:\/\/alinvest-verde.eu\/wp-content\/uploads\/2022\/01\/cropped-logo-financiado-por-la-UE.jpg","contentUrl":"https:\/\/alinvest-verde.eu\/wp-content\/uploads\/2022\/01\/cropped-logo-financiado-por-la-UE.jpg","width":756,"height":216,"caption":"Programme AL-INVEST Verde"},"image":{"@id":"https:\/\/alinvest-verde.eu\/#\/schema\/logo\/image\/"}},{"@type":"Person","@id":"https:\/\/alinvest-verde.eu\/#\/schema\/person\/8804ec49772ba377829838bc11b6aa6b","name":"Azucena Garc\u00eda","image":{"@type":"ImageObject","inLanguage":"es","@id":"https:\/\/secure.gravatar.com\/avatar\/fc4d91c562d3c4ac55cafd2f4ae4ebd513d2304b007a5c8d4f2d8543edeb9d79?s=96&d=mm&r=g","url":"https:\/\/secure.gravatar.com\/avatar\/fc4d91c562d3c4ac55cafd2f4ae4ebd513d2304b007a5c8d4f2d8543edeb9d79?s=96&d=mm&r=g","contentUrl":"https:\/\/secure.gravatar.com\/avatar\/fc4d91c562d3c4ac55cafd2f4ae4ebd513d2304b007a5c8d4f2d8543edeb9d79?s=96&d=mm&r=g","caption":"Azucena Garc\u00eda"},"sameAs":["https:\/\/x.com\/Frank Summa"],"url":"https:\/\/alinvest-verde.eu\/es_es\/author\/azucena-garcia\/"}]}},"_links":{"self":[{"href":"https:\/\/alinvest-verde.eu\/es_es\/wp-json\/wp\/v2\/posts\/21873","targetHints":{"allow":["GET"]}}],"collection":[{"href":"https:\/\/alinvest-verde.eu\/es_es\/wp-json\/wp\/v2\/posts"}],"about":[{"href":"https:\/\/alinvest-verde.eu\/es_es\/wp-json\/wp\/v2\/types\/post"}],"author":[{"embeddable":true,"href":"https:\/\/alinvest-verde.eu\/es_es\/wp-json\/wp\/v2\/users\/6"}],"replies":[{"embeddable":true,"href":"https:\/\/alinvest-verde.eu\/es_es\/wp-json\/wp\/v2\/comments?post=21873"}],"version-history":[{"count":2,"href":"https:\/\/alinvest-verde.eu\/es_es\/wp-json\/wp\/v2\/posts\/21873\/revisions"}],"predecessor-version":[{"id":21875,"href":"https:\/\/alinvest-verde.eu\/es_es\/wp-json\/wp\/v2\/posts\/21873\/revisions\/21875"}],"wp:featuredmedia":[{"embeddable":true,"href":"https:\/\/alinvest-verde.eu\/es_es\/wp-json\/wp\/v2\/media\/21457"}],"wp:attachment":[{"href":"https:\/\/alinvest-verde.eu\/es_es\/wp-json\/wp\/v2\/media?parent=21873"}],"wp:term":[{"taxonomy":"category","embeddable":true,"href":"https:\/\/alinvest-verde.eu\/es_es\/wp-json\/wp\/v2\/categories?post=21873"},{"taxonomy":"post_tag","embeddable":true,"href":"https:\/\/alinvest-verde.eu\/es_es\/wp-json\/wp\/v2\/tags?post=21873"}],"curies":[{"name":"wp","href":"https:\/\/api.w.org\/{rel}","templated":true}]}}