{"id":5893,"date":"2023-04-21T10:44:47","date_gmt":"2023-04-21T08:44:47","guid":{"rendered":"https:\/\/alinvest-verde.eu\/?p=5893"},"modified":"2024-07-05T17:21:59","modified_gmt":"2024-07-05T15:21:59","slug":"intercambio-de-experiencias-sobre-sostenibilidad-en-la-cadena-de-valor-del-cafe","status":"publish","type":"post","link":"https:\/\/alinvest-verde.eu\/es_es\/intercambio-de-experiencias-sobre-sostenibilidad-en-la-cadena-de-valor-del-cafe\/","title":{"rendered":"Intercambio de experiencias sobre sostenibilidad en la cadena de valor del caf\u00e9"},"content":{"rendered":"\t\t<div data-elementor-type=\"wp-post\" data-elementor-id=\"5893\" class=\"elementor elementor-5893\" data-elementor-post-type=\"post\">\n\t\t\t\t\t\t<section class=\"elementor-section elementor-top-section elementor-element elementor-element-36ef83b4 elementor-section-boxed elementor-section-height-default elementor-section-height-default\" data-id=\"36ef83b4\" data-element_type=\"section\" data-e-type=\"section\">\n\t\t\t\t\t\t<div class=\"elementor-container elementor-column-gap-default\">\n\t\t\t\t\t<div class=\"elementor-column elementor-col-100 elementor-top-column elementor-element elementor-element-3ab6e2d\" data-id=\"3ab6e2d\" data-element_type=\"column\" data-e-type=\"column\">\n\t\t\t<div class=\"elementor-widget-wrap elementor-element-populated\">\n\t\t\t\t\t\t<div class=\"elementor-element elementor-element-4871a5ec elementor-widget elementor-widget-text-editor\" data-id=\"4871a5ec\" data-element_type=\"widget\" data-e-type=\"widget\" data-widget_type=\"text-editor.default\">\n\t\t\t\t<div class=\"elementor-widget-container\">\n\t\t\t\t\t\t\t\t\t\n<p class=\"wp-block-paragraph\"><strong>18 de abril de 2023.-<\/strong> El <a href=\"https:\/\/alinvest-verde.eu\/es_es\/acerca-del-componente-2\/\">Componente 2<\/a> de AL-INVEST Verde organiz\u00f3 la mesa redonda \u201cProgramas e instrumentos de apoyo para la sostenibilidad en la cadena de valor del caf\u00e9\u201d, en la que tomaron parte representantes de Brasil, Colombia, Per\u00fa y Ecuador, entre otros, principales pa\u00edses productores de caf\u00e9.<\/p>\n\n<p class=\"wp-block-paragraph\">El encuentro, organizado de manera virtual, analiz\u00f3 <strong>iniciativas p\u00fablicas para la sostenibilidad social y medioambiental<\/strong>\u00a0de\u00a0la\u00a0cadena de valor del caf\u00e9, as\u00ed como los avances y desaf\u00edos respecto a los instrumentos que favorecen la transparencia\u00a0en\u00a0este\u00a0\u00e1mbito.<\/p>\n\n<p class=\"wp-block-paragraph\">La mesa redonda fue inaugurada por Zoltan Agai, representante de la Uni\u00f3n Europea (UE) en la Organizaci\u00f3n Internacional del Caf\u00e9 (OIC) y miembro del \u00e1rea de Sistemas agroalimentarios sostenibles y pesca de la Comisi\u00f3n Europea; Ingrid Jenezova, Administradora principal y Programme manager de AL-INVEST Verde en la Comisi\u00f3n Europea; y Van\u00fasia Nogueira, directora ejecutiva de la Organizaci\u00f3n Internacional del Caf\u00e9 (OIC).<\/p>\n\n<p class=\"wp-block-paragraph\">A continuaci\u00f3n, tomaron la palabra Rog\u00e9rio Fernandes, director del Programa Certifica Minas del Instituto Mineiro de Agropecu\u00e1ria de Minas Gerais, Brasil, y Maria del Pilar Alarc\u00f3n, coordinadora del Departamento de Comisi\u00f3n de Promoci\u00f3n del Per\u00fa para la Exportaci\u00f3n y el Turismo (PROMPER\u00da).<\/p>\n\n<p class=\"wp-block-paragraph\">Por parte de Colombia, participaron Asmed Orozco, secretario t\u00e9cnico nacional de la cadena del caf\u00e9 del Ministerio de Agricultura y Desarrollo Rural, y Ra\u00fal Jaime Hernandez, director de Medio Ambiente en la Federaci\u00f3n Nacional de Cafeteros (FNC). En representaci\u00f3n de Ecuador, estuvieron presentes Juan Merino, coordinador del Componente de transici\u00f3n a producci\u00f3n sostenible de PROAmazon\u00eda, y Daysy C\u00e1rdenas, especialista de Mitigaci\u00f3n del Cambio Clim\u00e1tico del Ministerio de Ambiente, Agua y Transici\u00f3n\u00a0Ecol\u00f3gica.<\/p>\n\n<p class=\"wp-block-paragraph\">La mesa redonda fue moderada por Andrea Carlo Monaco, Senior Programme Manager del Componente 2 de AL-INVEST Verde, mientras que la clausura estuvo a cargo de Emilio Calvo, director del Componente 2.<\/p>\n\n<p class=\"wp-block-paragraph\"><strong>Mayor producci\u00f3n de caf\u00e9<\/strong><\/p>\n\n<p class=\"wp-block-paragraph\">La mayor demanda de caf\u00e9 en todo el mundo plantea retos en materia de sostenibilidad econ\u00f3mica, ambiental y social. En el caso de Am\u00e9rica Latina, solo en Am\u00e9rica del Sur se registra el 50 % de la producci\u00f3n mundial de caf\u00e9, en particular, en Brasil y Colombia, que ocupan el primer y tercer lugar en cuanto a producci\u00f3n, respectivamente.<\/p>\n\n<p class=\"wp-block-paragraph\">El incremento de la producci\u00f3n de caf\u00e9 requiere un uso eficaz de los recursos naturales para reducir el impacto ambiental y fomentar la cohesi\u00f3n social, de manera que se eviten pr\u00e1cticas como la explotaci\u00f3n laboral o el trabajo infantil, entre otras.<\/p>\n\n<p class=\"wp-block-paragraph\">Estas cuestiones se analizar\u00e1n en un ciclo de tres mesas redondas iniciado con este encuentro. La segunda de las mesas se centrar\u00e1 en la regulaci\u00f3n de la Uni\u00f3n Europea sobre cadenas libres de deforestaci\u00f3n, en concreto en la cadena del caf\u00e9, mientras que la tercera mesa analizar\u00e1 las dimensiones ambientales y laborales de la cadena del caf\u00e9 y la Directiva sobre Debida Diligencia Corporativa. Ambas tendr\u00e1n lugar en junio y julio, respectivamente.<\/p>\n\n<p class=\"wp-block-paragraph\"><strong>Acerca de AL-INVEST Verde<\/strong><\/p>\n\n<p class=\"wp-block-paragraph\">AL-INVEST Verde es un programa financiado por la Uni\u00f3n Europea (UE). Su principal objetivo es promover el crecimiento sostenible y la creaci\u00f3n de empleo en Am\u00e9rica Latina, apoyando la transici\u00f3n hacia una econom\u00eda baja en carbono, eficiente en recursos y m\u00e1s circular. A trav\u00e9s del Componente 2, liderado por <a href=\"https:\/\/www.fiiapp.org\/\">FIIAPP<\/a> en consorcio con <a href=\"https:\/\/iila.org\/es\/\">IILA<\/a>, el programa proporciona asistencia para el fortalecimiento de las pol\u00edticas p\u00fablicas y los di\u00e1logos entre m\u00faltiples partes interesadas sobre las cadenas agr\u00edcolas y de valor sostenibles, las normas ambientales y laborales, as\u00ed como la pol\u00edtica comercial y econ\u00f3mica sostenible y los marcos regulatorios.\u00a0<\/p>\n\n<p class=\"wp-block-paragraph\">Mayor informaci\u00f3n: <a href=\"http:\/\/www.alinvest-verde.eu\">www.alinvest-verde.eu<\/a><\/p>\n\n<p class=\"wp-block-paragraph\">\u00a0<\/p>\n\t\t\t\t\t\t\t\t<\/div>\n\t\t\t\t<\/div>\n\t\t\t\t\t<\/div>\n\t\t<\/div>\n\t\t\t\t\t<\/div>\n\t\t<\/section>\n\t\t\t\t<section class=\"elementor-section elementor-top-section elementor-element elementor-element-2685399 elementor-section-boxed elementor-section-height-default elementor-section-height-default\" data-id=\"2685399\" data-element_type=\"section\" data-e-type=\"section\">\n\t\t\t\t\t\t<div class=\"elementor-container elementor-column-gap-default\">\n\t\t\t\t\t<div class=\"elementor-column elementor-col-100 elementor-top-column elementor-element elementor-element-c181f57\" data-id=\"c181f57\" data-element_type=\"column\" data-e-type=\"column\">\n\t\t\t<div class=\"elementor-widget-wrap elementor-element-populated\">\n\t\t\t\t\t\t<div class=\"elementor-element elementor-element-2e7ca60 elementor-widget elementor-widget-video\" data-id=\"2e7ca60\" data-element_type=\"widget\" data-e-type=\"widget\" data-settings=\"{&quot;youtube_url&quot;:&quot;https:\\\/\\\/youtu.be\\\/uEfAUo6tCxE&quot;,&quot;video_type&quot;:&quot;youtube&quot;,&quot;controls&quot;:&quot;yes&quot;}\" data-widget_type=\"video.default\">\n\t\t\t\t<div class=\"elementor-widget-container\">\n\t\t\t\t\t\t\t<div class=\"elementor-wrapper elementor-open-inline\">\n\t\t\t<div class=\"elementor-video\"><\/div>\t\t<\/div>\n\t\t\t\t\t\t<\/div>\n\t\t\t\t<\/div>\n\t\t\t\t\t<\/div>\n\t\t<\/div>\n\t\t\t\t\t<\/div>\n\t\t<\/section>\n\t\t\t\t<\/div>\n\t\t","protected":false},"excerpt":{"rendered":"<p>18 de abril de 2023.- El Componente 2 de AL-INVEST Verde organiz\u00f3 la mesa redonda \u201cProgramas e instrumentos de apoyo para la sostenibilidad en la cadena de valor del caf\u00e9\u201d, en la que tomaron parte representantes de Brasil, Colombia, Per\u00fa y Ecuador, entre otros, principales pa\u00edses productores de caf\u00e9. El encuentro, organizado de manera virtual, [&hellip;]<\/p>\n","protected":false},"author":6,"featured_media":1038,"comment_status":"closed","ping_status":"closed","sticky":false,"template":"","format":"standard","meta":{"footnotes":""},"categories":[54,60,24,19,20],"tags":[72,71,40],"class_list":["post-5893","post","type-post","status-publish","format-standard","has-post-thumbnail","hentry","category-2023-component-2","category-2023-news","category-actualidad","category-component-2","category-news","tag-cadena-de-valor","tag-transparencia","tag-trazabilidad-sostenibilidad"],"yoast_head":"<!-- This site is optimized with the Yoast SEO plugin v28.4 - https:\/\/yoast.com\/product\/yoast-seo-wordpress\/ -->\n<title>Intercambio de experiencias sobre sostenibilidad en la cadena de valor del caf\u00e9 - Programme AL-INVEST Verde<\/title>\n<meta name=\"robots\" content=\"index, follow, max-snippet:-1, max-image-preview:large, max-video-preview:-1\" \/>\n<link rel=\"canonical\" href=\"https:\/\/alinvest-verde.eu\/es_es\/intercambio-de-experiencias-sobre-sostenibilidad-en-la-cadena-de-valor-del-cafe\/\" \/>\n<meta property=\"og:locale\" content=\"es_ES\" \/>\n<meta property=\"og:type\" content=\"article\" \/>\n<meta property=\"og:title\" content=\"Intercambio de experiencias sobre sostenibilidad en la cadena de valor del caf\u00e9 - Programme AL-INVEST Verde\" \/>\n<meta property=\"og:description\" content=\"18 de abril de 2023.- El Componente 2 de AL-INVEST Verde organiz\u00f3 la mesa redonda \u201cProgramas e instrumentos de apoyo para la sostenibilidad en la cadena de valor del caf\u00e9\u201d, en la que tomaron parte representantes de Brasil, Colombia, Per\u00fa y Ecuador, entre otros, principales pa\u00edses productores de caf\u00e9. El encuentro, organizado de manera virtual, [&hellip;]\" \/>\n<meta property=\"og:url\" content=\"https:\/\/alinvest-verde.eu\/es_es\/intercambio-de-experiencias-sobre-sostenibilidad-en-la-cadena-de-valor-del-cafe\/\" \/>\n<meta property=\"og:site_name\" content=\"Programme AL-INVEST Verde\" \/>\n<meta property=\"article:published_time\" content=\"2023-04-21T08:44:47+00:00\" \/>\n<meta property=\"article:modified_time\" content=\"2024-07-05T15:21:59+00:00\" \/>\n<meta property=\"og:image\" content=\"https:\/\/alinvest-verde.eu\/wp-content\/uploads\/2022\/03\/pexels-2131720_web.jpg\" \/>\n\t<meta property=\"og:image:width\" content=\"1920\" \/>\n\t<meta property=\"og:image:height\" content=\"1281\" \/>\n\t<meta property=\"og:image:type\" content=\"image\/jpeg\" \/>\n<meta name=\"author\" content=\"Azucena Garc\u00eda\" \/>\n<meta name=\"twitter:card\" content=\"summary_large_image\" \/>\n<meta name=\"twitter:creator\" content=\"@Frank Summa\" \/>\n<meta name=\"twitter:label1\" content=\"Escrito por\" \/>\n\t<meta name=\"twitter:data1\" content=\"\" \/>\n\t<meta name=\"twitter:label2\" content=\"Tiempo de lectura\" \/>\n\t<meta name=\"twitter:data2\" content=\"3 minutos\" \/>\n<script type=\"application\/ld+json\" class=\"yoast-schema-graph\">{\"@context\":\"https:\\\/\\\/schema.org\",\"@graph\":[{\"@type\":\"Article\",\"@id\":\"https:\\\/\\\/alinvest-verde.eu\\\/intercambio-de-experiencias-sobre-sostenibilidad-en-la-cadena-de-valor-del-cafe\\\/#article\",\"isPartOf\":{\"@id\":\"https:\\\/\\\/alinvest-verde.eu\\\/intercambio-de-experiencias-sobre-sostenibilidad-en-la-cadena-de-valor-del-cafe\\\/\"},\"author\":{\"name\":\"Azucena Garc\u00eda\",\"@id\":\"https:\\\/\\\/alinvest-verde.eu\\\/#\\\/schema\\\/person\\\/8804ec49772ba377829838bc11b6aa6b\"},\"headline\":\"Intercambio de experiencias sobre sostenibilidad en la cadena de valor del caf\u00e9\",\"datePublished\":\"2023-04-21T08:44:47+00:00\",\"dateModified\":\"2024-07-05T15:21:59+00:00\",\"mainEntityOfPage\":{\"@id\":\"https:\\\/\\\/alinvest-verde.eu\\\/intercambio-de-experiencias-sobre-sostenibilidad-en-la-cadena-de-valor-del-cafe\\\/\"},\"wordCount\":645,\"publisher\":{\"@id\":\"https:\\\/\\\/alinvest-verde.eu\\\/#organization\"},\"image\":{\"@id\":\"https:\\\/\\\/alinvest-verde.eu\\\/intercambio-de-experiencias-sobre-sostenibilidad-en-la-cadena-de-valor-del-cafe\\\/#primaryimage\"},\"thumbnailUrl\":\"https:\\\/\\\/alinvest-verde.eu\\\/wp-content\\\/uploads\\\/2022\\\/03\\\/pexels-2131720_web.jpg\",\"keywords\":[\"cadena de valor\",\"transparencia\",\"trazabilidad; sostenibilidad\"],\"articleSection\":[\"2023\",\"2023\",\"Actualidad\",\"Component 2\",\"News\"],\"inLanguage\":\"es\"},{\"@type\":\"WebPage\",\"@id\":\"https:\\\/\\\/alinvest-verde.eu\\\/intercambio-de-experiencias-sobre-sostenibilidad-en-la-cadena-de-valor-del-cafe\\\/\",\"url\":\"https:\\\/\\\/alinvest-verde.eu\\\/intercambio-de-experiencias-sobre-sostenibilidad-en-la-cadena-de-valor-del-cafe\\\/\",\"name\":\"Intercambio de experiencias sobre sostenibilidad en la cadena de valor del caf\u00e9 - Programme AL-INVEST Verde\",\"isPartOf\":{\"@id\":\"https:\\\/\\\/alinvest-verde.eu\\\/#website\"},\"primaryImageOfPage\":{\"@id\":\"https:\\\/\\\/alinvest-verde.eu\\\/intercambio-de-experiencias-sobre-sostenibilidad-en-la-cadena-de-valor-del-cafe\\\/#primaryimage\"},\"image\":{\"@id\":\"https:\\\/\\\/alinvest-verde.eu\\\/intercambio-de-experiencias-sobre-sostenibilidad-en-la-cadena-de-valor-del-cafe\\\/#primaryimage\"},\"thumbnailUrl\":\"https:\\\/\\\/alinvest-verde.eu\\\/wp-content\\\/uploads\\\/2022\\\/03\\\/pexels-2131720_web.jpg\",\"datePublished\":\"2023-04-21T08:44:47+00:00\",\"dateModified\":\"2024-07-05T15:21:59+00:00\",\"breadcrumb\":{\"@id\":\"https:\\\/\\\/alinvest-verde.eu\\\/intercambio-de-experiencias-sobre-sostenibilidad-en-la-cadena-de-valor-del-cafe\\\/#breadcrumb\"},\"inLanguage\":\"es\",\"potentialAction\":[{\"@type\":\"ReadAction\",\"target\":[\"https:\\\/\\\/alinvest-verde.eu\\\/intercambio-de-experiencias-sobre-sostenibilidad-en-la-cadena-de-valor-del-cafe\\\/\"]}]},{\"@type\":\"ImageObject\",\"inLanguage\":\"es\",\"@id\":\"https:\\\/\\\/alinvest-verde.eu\\\/intercambio-de-experiencias-sobre-sostenibilidad-en-la-cadena-de-valor-del-cafe\\\/#primaryimage\",\"url\":\"https:\\\/\\\/alinvest-verde.eu\\\/wp-content\\\/uploads\\\/2022\\\/03\\\/pexels-2131720_web.jpg\",\"contentUrl\":\"https:\\\/\\\/alinvest-verde.eu\\\/wp-content\\\/uploads\\\/2022\\\/03\\\/pexels-2131720_web.jpg\",\"width\":1920,\"height\":1281,\"caption\":\"Plantaci\u00f3n de caf\u00e9.\"},{\"@type\":\"BreadcrumbList\",\"@id\":\"https:\\\/\\\/alinvest-verde.eu\\\/intercambio-de-experiencias-sobre-sostenibilidad-en-la-cadena-de-valor-del-cafe\\\/#breadcrumb\",\"itemListElement\":[{\"@type\":\"ListItem\",\"position\":1,\"name\":\"Inicio\",\"item\":\"https:\\\/\\\/alinvest-verde.eu\\\/\"},{\"@type\":\"ListItem\",\"position\":2,\"name\":\"Component 2\",\"item\":\"https:\\\/\\\/alinvest-verde.eu\\\/category\\\/component-2\\\/\"},{\"@type\":\"ListItem\",\"position\":3,\"name\":\"Intercambio de experiencias sobre sostenibilidad en la cadena de valor del caf\u00e9\"}]},{\"@type\":\"WebSite\",\"@id\":\"https:\\\/\\\/alinvest-verde.eu\\\/#website\",\"url\":\"https:\\\/\\\/alinvest-verde.eu\\\/\",\"name\":\"Programme AL-INVEST Verde\",\"description\":\"Building alliances with the private sector in LA and promote sustainable growth and jobs creation by supporting the transition towards a low-carbon, resource-efficient economy\",\"publisher\":{\"@id\":\"https:\\\/\\\/alinvest-verde.eu\\\/#organization\"},\"potentialAction\":[{\"@type\":\"SearchAction\",\"target\":{\"@type\":\"EntryPoint\",\"urlTemplate\":\"https:\\\/\\\/alinvest-verde.eu\\\/?s={search_term_string}\"},\"query-input\":{\"@type\":\"PropertyValueSpecification\",\"valueRequired\":true,\"valueName\":\"search_term_string\"}}],\"inLanguage\":\"es\"},{\"@type\":\"Organization\",\"@id\":\"https:\\\/\\\/alinvest-verde.eu\\\/#organization\",\"name\":\"Programme AL-INVEST Verde\",\"url\":\"https:\\\/\\\/alinvest-verde.eu\\\/\",\"logo\":{\"@type\":\"ImageObject\",\"inLanguage\":\"es\",\"@id\":\"https:\\\/\\\/alinvest-verde.eu\\\/#\\\/schema\\\/logo\\\/image\\\/\",\"url\":\"https:\\\/\\\/alinvest-verde.eu\\\/wp-content\\\/uploads\\\/2022\\\/01\\\/cropped-logo-financiado-por-la-UE.jpg\",\"contentUrl\":\"https:\\\/\\\/alinvest-verde.eu\\\/wp-content\\\/uploads\\\/2022\\\/01\\\/cropped-logo-financiado-por-la-UE.jpg\",\"width\":756,\"height\":216,\"caption\":\"Programme AL-INVEST Verde\"},\"image\":{\"@id\":\"https:\\\/\\\/alinvest-verde.eu\\\/#\\\/schema\\\/logo\\\/image\\\/\"}},{\"@type\":\"Person\",\"@id\":\"https:\\\/\\\/alinvest-verde.eu\\\/#\\\/schema\\\/person\\\/8804ec49772ba377829838bc11b6aa6b\",\"name\":\"Azucena Garc\u00eda\",\"image\":{\"@type\":\"ImageObject\",\"inLanguage\":\"es\",\"@id\":\"https:\\\/\\\/secure.gravatar.com\\\/avatar\\\/fc4d91c562d3c4ac55cafd2f4ae4ebd513d2304b007a5c8d4f2d8543edeb9d79?s=96&d=mm&r=g\",\"url\":\"https:\\\/\\\/secure.gravatar.com\\\/avatar\\\/fc4d91c562d3c4ac55cafd2f4ae4ebd513d2304b007a5c8d4f2d8543edeb9d79?s=96&d=mm&r=g\",\"contentUrl\":\"https:\\\/\\\/secure.gravatar.com\\\/avatar\\\/fc4d91c562d3c4ac55cafd2f4ae4ebd513d2304b007a5c8d4f2d8543edeb9d79?s=96&d=mm&r=g\",\"caption\":\"Azucena Garc\u00eda\"},\"sameAs\":[\"https:\\\/\\\/x.com\\\/Frank Summa\"],\"url\":\"https:\\\/\\\/alinvest-verde.eu\\\/es_es\\\/author\\\/azucena-garcia\\\/\"}]}<\/script>\n<!-- \/ Yoast SEO plugin. -->","yoast_head_json":{"title":"Intercambio de experiencias sobre sostenibilidad en la cadena de valor del caf\u00e9 - Programme AL-INVEST Verde","robots":{"index":"index","follow":"follow","max-snippet":"max-snippet:-1","max-image-preview":"max-image-preview:large","max-video-preview":"max-video-preview:-1"},"canonical":"https:\/\/alinvest-verde.eu\/es_es\/intercambio-de-experiencias-sobre-sostenibilidad-en-la-cadena-de-valor-del-cafe\/","og_locale":"es_ES","og_type":"article","og_title":"Intercambio de experiencias sobre sostenibilidad en la cadena de valor del caf\u00e9 - Programme AL-INVEST Verde","og_description":"18 de abril de 2023.- El Componente 2 de AL-INVEST Verde organiz\u00f3 la mesa redonda \u201cProgramas e instrumentos de apoyo para la sostenibilidad en la cadena de valor del caf\u00e9\u201d, en la que tomaron parte representantes de Brasil, Colombia, Per\u00fa y Ecuador, entre otros, principales pa\u00edses productores de caf\u00e9. El encuentro, organizado de manera virtual, [&hellip;]","og_url":"https:\/\/alinvest-verde.eu\/es_es\/intercambio-de-experiencias-sobre-sostenibilidad-en-la-cadena-de-valor-del-cafe\/","og_site_name":"Programme AL-INVEST Verde","article_published_time":"2023-04-21T08:44:47+00:00","article_modified_time":"2024-07-05T15:21:59+00:00","og_image":[{"width":1920,"height":1281,"url":"https:\/\/alinvest-verde.eu\/wp-content\/uploads\/2022\/03\/pexels-2131720_web.jpg","type":"image\/jpeg"}],"author":"Azucena Garc\u00eda","twitter_card":"summary_large_image","twitter_creator":"@Frank Summa","twitter_misc":{"Escrito por":false,"Tiempo de lectura":"3 minutos"},"schema":{"@context":"https:\/\/schema.org","@graph":[{"@type":"Article","@id":"https:\/\/alinvest-verde.eu\/intercambio-de-experiencias-sobre-sostenibilidad-en-la-cadena-de-valor-del-cafe\/#article","isPartOf":{"@id":"https:\/\/alinvest-verde.eu\/intercambio-de-experiencias-sobre-sostenibilidad-en-la-cadena-de-valor-del-cafe\/"},"author":{"name":"Azucena Garc\u00eda","@id":"https:\/\/alinvest-verde.eu\/#\/schema\/person\/8804ec49772ba377829838bc11b6aa6b"},"headline":"Intercambio de experiencias sobre sostenibilidad en la cadena de valor del caf\u00e9","datePublished":"2023-04-21T08:44:47+00:00","dateModified":"2024-07-05T15:21:59+00:00","mainEntityOfPage":{"@id":"https:\/\/alinvest-verde.eu\/intercambio-de-experiencias-sobre-sostenibilidad-en-la-cadena-de-valor-del-cafe\/"},"wordCount":645,"publisher":{"@id":"https:\/\/alinvest-verde.eu\/#organization"},"image":{"@id":"https:\/\/alinvest-verde.eu\/intercambio-de-experiencias-sobre-sostenibilidad-en-la-cadena-de-valor-del-cafe\/#primaryimage"},"thumbnailUrl":"https:\/\/alinvest-verde.eu\/wp-content\/uploads\/2022\/03\/pexels-2131720_web.jpg","keywords":["cadena de valor","transparencia","trazabilidad; sostenibilidad"],"articleSection":["2023","2023","Actualidad","Component 2","News"],"inLanguage":"es"},{"@type":"WebPage","@id":"https:\/\/alinvest-verde.eu\/intercambio-de-experiencias-sobre-sostenibilidad-en-la-cadena-de-valor-del-cafe\/","url":"https:\/\/alinvest-verde.eu\/intercambio-de-experiencias-sobre-sostenibilidad-en-la-cadena-de-valor-del-cafe\/","name":"Intercambio de experiencias sobre sostenibilidad en la cadena de valor del caf\u00e9 - Programme AL-INVEST Verde","isPartOf":{"@id":"https:\/\/alinvest-verde.eu\/#website"},"primaryImageOfPage":{"@id":"https:\/\/alinvest-verde.eu\/intercambio-de-experiencias-sobre-sostenibilidad-en-la-cadena-de-valor-del-cafe\/#primaryimage"},"image":{"@id":"https:\/\/alinvest-verde.eu\/intercambio-de-experiencias-sobre-sostenibilidad-en-la-cadena-de-valor-del-cafe\/#primaryimage"},"thumbnailUrl":"https:\/\/alinvest-verde.eu\/wp-content\/uploads\/2022\/03\/pexels-2131720_web.jpg","datePublished":"2023-04-21T08:44:47+00:00","dateModified":"2024-07-05T15:21:59+00:00","breadcrumb":{"@id":"https:\/\/alinvest-verde.eu\/intercambio-de-experiencias-sobre-sostenibilidad-en-la-cadena-de-valor-del-cafe\/#breadcrumb"},"inLanguage":"es","potentialAction":[{"@type":"ReadAction","target":["https:\/\/alinvest-verde.eu\/intercambio-de-experiencias-sobre-sostenibilidad-en-la-cadena-de-valor-del-cafe\/"]}]},{"@type":"ImageObject","inLanguage":"es","@id":"https:\/\/alinvest-verde.eu\/intercambio-de-experiencias-sobre-sostenibilidad-en-la-cadena-de-valor-del-cafe\/#primaryimage","url":"https:\/\/alinvest-verde.eu\/wp-content\/uploads\/2022\/03\/pexels-2131720_web.jpg","contentUrl":"https:\/\/alinvest-verde.eu\/wp-content\/uploads\/2022\/03\/pexels-2131720_web.jpg","width":1920,"height":1281,"caption":"Plantaci\u00f3n de caf\u00e9."},{"@type":"BreadcrumbList","@id":"https:\/\/alinvest-verde.eu\/intercambio-de-experiencias-sobre-sostenibilidad-en-la-cadena-de-valor-del-cafe\/#breadcrumb","itemListElement":[{"@type":"ListItem","position":1,"name":"Inicio","item":"https:\/\/alinvest-verde.eu\/"},{"@type":"ListItem","position":2,"name":"Component 2","item":"https:\/\/alinvest-verde.eu\/category\/component-2\/"},{"@type":"ListItem","position":3,"name":"Intercambio de experiencias sobre sostenibilidad en la cadena de valor del caf\u00e9"}]},{"@type":"WebSite","@id":"https:\/\/alinvest-verde.eu\/#website","url":"https:\/\/alinvest-verde.eu\/","name":"Programme AL-INVEST Verde","description":"Building alliances with the private sector in LA and promote sustainable growth and jobs creation by supporting the transition towards a low-carbon, resource-efficient economy","publisher":{"@id":"https:\/\/alinvest-verde.eu\/#organization"},"potentialAction":[{"@type":"SearchAction","target":{"@type":"EntryPoint","urlTemplate":"https:\/\/alinvest-verde.eu\/?s={search_term_string}"},"query-input":{"@type":"PropertyValueSpecification","valueRequired":true,"valueName":"search_term_string"}}],"inLanguage":"es"},{"@type":"Organization","@id":"https:\/\/alinvest-verde.eu\/#organization","name":"Programme AL-INVEST Verde","url":"https:\/\/alinvest-verde.eu\/","logo":{"@type":"ImageObject","inLanguage":"es","@id":"https:\/\/alinvest-verde.eu\/#\/schema\/logo\/image\/","url":"https:\/\/alinvest-verde.eu\/wp-content\/uploads\/2022\/01\/cropped-logo-financiado-por-la-UE.jpg","contentUrl":"https:\/\/alinvest-verde.eu\/wp-content\/uploads\/2022\/01\/cropped-logo-financiado-por-la-UE.jpg","width":756,"height":216,"caption":"Programme AL-INVEST Verde"},"image":{"@id":"https:\/\/alinvest-verde.eu\/#\/schema\/logo\/image\/"}},{"@type":"Person","@id":"https:\/\/alinvest-verde.eu\/#\/schema\/person\/8804ec49772ba377829838bc11b6aa6b","name":"Azucena Garc\u00eda","image":{"@type":"ImageObject","inLanguage":"es","@id":"https:\/\/secure.gravatar.com\/avatar\/fc4d91c562d3c4ac55cafd2f4ae4ebd513d2304b007a5c8d4f2d8543edeb9d79?s=96&d=mm&r=g","url":"https:\/\/secure.gravatar.com\/avatar\/fc4d91c562d3c4ac55cafd2f4ae4ebd513d2304b007a5c8d4f2d8543edeb9d79?s=96&d=mm&r=g","contentUrl":"https:\/\/secure.gravatar.com\/avatar\/fc4d91c562d3c4ac55cafd2f4ae4ebd513d2304b007a5c8d4f2d8543edeb9d79?s=96&d=mm&r=g","caption":"Azucena Garc\u00eda"},"sameAs":["https:\/\/x.com\/Frank Summa"],"url":"https:\/\/alinvest-verde.eu\/es_es\/author\/azucena-garcia\/"}]}},"_links":{"self":[{"href":"https:\/\/alinvest-verde.eu\/es_es\/wp-json\/wp\/v2\/posts\/5893","targetHints":{"allow":["GET"]}}],"collection":[{"href":"https:\/\/alinvest-verde.eu\/es_es\/wp-json\/wp\/v2\/posts"}],"about":[{"href":"https:\/\/alinvest-verde.eu\/es_es\/wp-json\/wp\/v2\/types\/post"}],"author":[{"embeddable":true,"href":"https:\/\/alinvest-verde.eu\/es_es\/wp-json\/wp\/v2\/users\/6"}],"replies":[{"embeddable":true,"href":"https:\/\/alinvest-verde.eu\/es_es\/wp-json\/wp\/v2\/comments?post=5893"}],"version-history":[{"count":15,"href":"https:\/\/alinvest-verde.eu\/es_es\/wp-json\/wp\/v2\/posts\/5893\/revisions"}],"predecessor-version":[{"id":7664,"href":"https:\/\/alinvest-verde.eu\/es_es\/wp-json\/wp\/v2\/posts\/5893\/revisions\/7664"}],"wp:featuredmedia":[{"embeddable":true,"href":"https:\/\/alinvest-verde.eu\/es_es\/wp-json\/wp\/v2\/media\/1038"}],"wp:attachment":[{"href":"https:\/\/alinvest-verde.eu\/es_es\/wp-json\/wp\/v2\/media?parent=5893"}],"wp:term":[{"taxonomy":"category","embeddable":true,"href":"https:\/\/alinvest-verde.eu\/es_es\/wp-json\/wp\/v2\/categories?post=5893"},{"taxonomy":"post_tag","embeddable":true,"href":"https:\/\/alinvest-verde.eu\/es_es\/wp-json\/wp\/v2\/tags?post=5893"}],"curies":[{"name":"wp","href":"https:\/\/api.w.org\/{rel}","templated":true}]}}