{"id":6178,"date":"2023-05-05T11:15:27","date_gmt":"2023-05-05T09:15:27","guid":{"rendered":"https:\/\/alinvest-verde.eu\/?p=6178"},"modified":"2024-07-05T17:21:59","modified_gmt":"2024-07-05T15:21:59","slug":"se-presenta-asistencia-tecnica-a-colombia-para-promover-exportaciones-mas-sostenibles","status":"publish","type":"post","link":"https:\/\/alinvest-verde.eu\/es_es\/se-presenta-asistencia-tecnica-a-colombia-para-promover-exportaciones-mas-sostenibles\/","title":{"rendered":"Asistencia t\u00e9cnica a Colombia para promover exportaciones m\u00e1s sostenibles"},"content":{"rendered":"\t\t<div data-elementor-type=\"wp-post\" data-elementor-id=\"6178\" class=\"elementor elementor-6178\" data-elementor-post-type=\"post\">\n\t\t\t\t\t\t<section class=\"elementor-section elementor-top-section elementor-element elementor-element-3bc30c2d elementor-section-boxed elementor-section-height-default elementor-section-height-default\" data-id=\"3bc30c2d\" data-element_type=\"section\" data-e-type=\"section\">\n\t\t\t\t\t\t<div class=\"elementor-container elementor-column-gap-default\">\n\t\t\t\t\t<div class=\"elementor-column elementor-col-100 elementor-top-column elementor-element elementor-element-24599063\" data-id=\"24599063\" data-element_type=\"column\" data-e-type=\"column\">\n\t\t\t<div class=\"elementor-widget-wrap elementor-element-populated\">\n\t\t\t\t\t\t<div class=\"elementor-element elementor-element-e0707b8 elementor-widget elementor-widget-text-editor\" data-id=\"e0707b8\" data-element_type=\"widget\" data-e-type=\"widget\" data-widget_type=\"text-editor.default\">\n\t\t\t\t<div class=\"elementor-widget-container\">\n\t\t\t\t\t\t\t\t\t<p><\/p>\n<p class=\"wp-block-paragraph\"><strong>Bogot\u00e1, 04 de mayo de 2023.- <\/strong>El Componente 2 de AL-INVEST Verde present\u00f3 en Bogot\u00e1, Colombia, la asistencia t\u00e9cnica que presta al Ministerio de Comercio, Industria y Turismo (MinCIT), a trav\u00e9s de ProColombia, para favorecer la implementaci\u00f3n de <strong>pr\u00e1cticas sostenibles en el sector agroindustrial<\/strong> y cumplir con los requerimientos del mercado europeo en materia de sostenibilidad, lo que permitir\u00e1 garantizar las exportaciones a la UE.<\/p>\n<p><\/p>\n<p><\/p>\n<p class=\"wp-block-paragraph\">Mediante esta colaboraci\u00f3n, las empresas colombianas podr\u00e1n conocer la normativa europea que afecta a las exportaciones y recibir apoyo para adaptarse a su cumplimiento. Los productos priorizados ser\u00e1n el caf\u00e9, el cacao, el az\u00facar de ca\u00f1a, el aceite de palma, las flores y frutas frescas y los ingredientes naturales.<\/p>\n<p><\/p>\n<p><\/p>\n<figure class=\"wp-block-image size-full\"><img fetchpriority=\"high\" decoding=\"async\" width=\"1024\" height=\"576\" class=\"wp-image-6180\" src=\"https:\/\/alinvest-verde.eu\/wp-content\/uploads\/2023\/05\/Luis-Felipe-Quintero.jpeg\" alt=\"\" srcset=\"https:\/\/alinvest-verde.eu\/wp-content\/uploads\/2023\/05\/Luis-Felipe-Quintero.jpeg 1024w, https:\/\/alinvest-verde.eu\/wp-content\/uploads\/2023\/05\/Luis-Felipe-Quintero-300x169.jpeg 300w, https:\/\/alinvest-verde.eu\/wp-content\/uploads\/2023\/05\/Luis-Felipe-Quintero-768x432.jpeg 768w, https:\/\/alinvest-verde.eu\/wp-content\/uploads\/2023\/05\/Luis-Felipe-Quintero-18x10.jpeg 18w\" sizes=\"(max-width: 1024px) 100vw, 1024px\" \/>\n<p>\u00a0<\/p>\n<figcaption class=\"wp-element-caption\">Luis Felipe Quintero, viceministro de Comercio Exterior del Ministerio de Comercio, Industria y Turismo (MinCIT).<\/figcaption>\n<\/figure>\n<p><\/p>\n<p><\/p>\n<p class=\"wp-block-paragraph\">Durante el evento de presentaci\u00f3n, el <strong>viceministro de Comercio Exterior del MinCIT, Luis Felipe Quintero<\/strong>, confi\u00f3 en que los productos del agro y la agroindustria colombiana puedan cumplir los est\u00e1ndares derivados del Pacto Verde Europeo para que se mantengan las exportaciones de manera sostenible y sostenida al mercado europeo. \u201cEl objetivo es evitar que las medidas del Pacto Verde se conviertan en obst\u00e1culos t\u00e9cnicos al comercio\u201d, se\u00f1al\u00f3.<\/p>\n<p><\/p>\n<p><\/p>\n<figure class=\"wp-block-image size-full\"><img decoding=\"async\" width=\"1024\" height=\"576\" class=\"wp-image-6181\" src=\"https:\/\/alinvest-verde.eu\/wp-content\/uploads\/2023\/05\/Gilles-Bertrand.jpeg\" alt=\"\" srcset=\"https:\/\/alinvest-verde.eu\/wp-content\/uploads\/2023\/05\/Gilles-Bertrand.jpeg 1024w, https:\/\/alinvest-verde.eu\/wp-content\/uploads\/2023\/05\/Gilles-Bertrand-300x169.jpeg 300w, https:\/\/alinvest-verde.eu\/wp-content\/uploads\/2023\/05\/Gilles-Bertrand-768x432.jpeg 768w, https:\/\/alinvest-verde.eu\/wp-content\/uploads\/2023\/05\/Gilles-Bertrand-18x10.jpeg 18w\" sizes=\"(max-width: 1024px) 100vw, 1024px\" \/>\n<p>\u00a0<\/p>\n<figcaption class=\"wp-element-caption\">Gilles Bertrand, embajador de la Uni\u00f3n Europea en Colombia.<\/figcaption>\n<\/figure>\n<p><\/p>\n<p><\/p>\n<p class=\"wp-block-paragraph\">Por su parte, el <strong>embajador de la UE en Colombia, Gilles Bertrand<\/strong>, destac\u00f3 que \u201cla Uni\u00f3n Europea ya es el primer destino de exportaciones agro de Colombia\u201d. \u201cCon esta iniciativa, trabajamos para que m\u00e1s productos sostenibles y de calidad lleguen del campo colombiano a las mesas europeas\u201d, afirm\u00f3.<\/p>\n<p><\/p>\n<p><\/p>\n<figure class=\"wp-block-image size-full\"><img decoding=\"async\" width=\"1024\" height=\"576\" class=\"wp-image-6182\" src=\"https:\/\/alinvest-verde.eu\/wp-content\/uploads\/2023\/05\/Juliana-Villegas.jpeg\" alt=\"\" srcset=\"https:\/\/alinvest-verde.eu\/wp-content\/uploads\/2023\/05\/Juliana-Villegas.jpeg 1024w, https:\/\/alinvest-verde.eu\/wp-content\/uploads\/2023\/05\/Juliana-Villegas-300x169.jpeg 300w, https:\/\/alinvest-verde.eu\/wp-content\/uploads\/2023\/05\/Juliana-Villegas-768x432.jpeg 768w, https:\/\/alinvest-verde.eu\/wp-content\/uploads\/2023\/05\/Juliana-Villegas-18x10.jpeg 18w\" sizes=\"(max-width: 1024px) 100vw, 1024px\" \/>\n<p>\u00a0<\/p>\n<figcaption class=\"wp-element-caption\">Juliana Villegas, vicepresidenta de Exportaciones de ProColombia.<\/figcaption>\n<\/figure>\n<p><\/p>\n<p><\/p>\n<p class=\"wp-block-paragraph\">En su intervenci\u00f3n, la <strong>vicepresidenta de Exportaciones de ProColombia, Juliana Villegas<\/strong>, explic\u00f3 que \u201cla sostenibilidad es un tema vital en nuestra estrategia de apoyar la internacionalizaci\u00f3n de los empresarios colombianos, y en la Pol\u00edtica de Reindustrializaci\u00f3n del Ministerio para la transformaci\u00f3n energ\u00e9tica hacia un desarrollo productivo sostenible. No solo los productos que tengan un impacto positivo en el medio ambiente y en las comunidades tienen mayor oportunidad comercial en mercados como el europeo, sino que tambi\u00e9n obtienen mejores precios de pago\u201d.<\/p>\n<p><\/p>\n<p><\/p>\n<p class=\"wp-block-paragraph\">La colaboraci\u00f3n se llevar\u00e1 a cabo a trav\u00e9s del <a href=\"https:\/\/alinvest-verde.eu\/es_es\/acerca-del-componente-2\/\">Componente 2<\/a> del programa AL-INVEST Verde, que presta asistencia t\u00e9cnica al sector p\u00fablico. Su director, Emilio Calvo, precis\u00f3 que \u201cesta acci\u00f3n se defini\u00f3 de forma conjunta con ProColombia, en coordinaci\u00f3n con el MINCIT\u201d. \u201cSu objetivo es <strong>mejorar la conformidad y la adaptaci\u00f3n al Pacto Verde Europeo de siete sectores agroexportadores colombianos<\/strong> que cuentan con altas cuota de exportaci\u00f3n a la UE, por lo que pueden verse potencialmente afectados por los nuevos reglamentos del mercado europeo si no se adoptan las medidas oportunas\u201d, agreg\u00f3.<\/p>\n<p><\/p>\n<p><\/p>\n<p class=\"wp-block-paragraph\">El evento tambi\u00e9n cont\u00f3 con la participaci\u00f3n de Gabriel Duque, director de la secci\u00f3n comercial de la Misi\u00f3n de Colombia ante la UE; Morgane Dejean y Simone Ravanelli, oficiales de Relaciones Internacionales en la Direcci\u00f3n General de Medio Ambiente de la Comisi\u00f3n Europea, quienes presentaron el Reglamento de la UE sobre productos libres de deforestaci\u00f3n y el Pacto Verde Europeo, respectivamente; David Parejo y Reyes Farf\u00e1n, de la consultora Track Global Solutions, encargada de la asistencia t\u00e9cnica; as\u00ed como representantes institucionales del Gobierno de Colombia, de la UE y del sector del caf\u00e9, la ca\u00f1a, el cacao y la palma.<\/p>\n<p><\/p>\n<p><\/p>\n<p class=\"wp-block-paragraph\"><strong>Pacto Verde Europeo<\/strong><\/p>\n<p><\/p>\n<p><\/p>\n<p class=\"wp-block-paragraph\">El Pacto Verde Europeo cuenta con el apoyo de los veintisiete Estados miembros de la UE, que se comprometieron a reducir las emisiones en al menos un 55 % hasta 2030, con respecto a los niveles de 1990. Lo anterior, con el fin de que Europa sea clim\u00e1ticamente neutra en 2050. Este acuerdo, junto con la Estrategia de la Granja a la Mesa y el Reglamento sobre productos libres de deforestaci\u00f3n, se\u00f1alan los requisitos de sostenibilidad para la exportaci\u00f3n a la Uni\u00f3n Europea.<\/p>\n<p><\/p>\n<p><\/p>\n<p class=\"wp-block-paragraph\">Precisamente, en el desarrollo de la asistencia t\u00e9cnica, est\u00e1 prevista la elaboraci\u00f3n de un estudio de diagn\u00f3stico sobre las caracter\u00edsticas de los sectores y productos agroindustriales colombianos priorizados, as\u00ed como las condiciones para el cumplimiento de la normativa y los est\u00e1ndares de sostenibilidad requeridos para exportar a la UE. A partir de este estudio, se analizar\u00e1n las necesidades y oportunidades de los sectores y productos priorizados, con el objetivo de proponer acciones concretas para cada uno.<\/p>\n<p><\/p>\n<p><\/p>\n<p class=\"wp-block-paragraph\">Adem\u00e1s, est\u00e1n previstas reuniones con importadores europeos, mesas de di\u00e1logo regionales y dos acciones formativas sobre sostenibilidad y exportaci\u00f3n. Se impartir\u00e1 un curso online dirigido a personal de ProColombia, MINCIT y los sectores agroindustriales, junto con un seminario t\u00e9cnico de cierre con entidades p\u00fablicas y representantes de los gremios, academia y empresas de los sectores agroindustriales priorizados. Las acciones anteriormente descritas deber\u00e1n tener en cuenta aspectos de perspectiva de g\u00e9nero, entre otros elementos fundamentales que hacen parte de las buenas pr\u00e1cticas de sostenibilidad de las empresas.<\/p>\n<p><\/p>\n<p><\/p>\n<p class=\"wp-block-paragraph\">Los sistemas de producci\u00f3n intensivos agr\u00edcolas y ganaderos generan externalidades negativas, como el aumento de la deforestaci\u00f3n, la reducci\u00f3n de la biodiversidad y el acaparamiento de tierras, entre otras, lo que contribuye al agotamiento de los recursos naturales y al avance del cambio clim\u00e1tico. Las iniciativas europeas mencionadas abogan por transitar hacia la sostenibilidad desde la producci\u00f3n hasta el consumo, por lo que el comercio internacional de productos deber\u00e1 cumplir los requerimientos que garanticen su sostenibilidad.<\/p>\n<p><\/p>\n<p><\/p>\n<p class=\"wp-block-paragraph\"><strong>Acerca de AL-INVEST Verde<\/strong><\/p>\n<p><\/p>\n<p><\/p>\n<p class=\"wp-block-paragraph\">AL-INVEST Verde es un programa de la Uni\u00f3n Europea (UE) cuyo principal objetivo es promover el crecimiento sostenible y la creaci\u00f3n de empleo en Am\u00e9rica Latina, apoyando la transici\u00f3n hacia una econom\u00eda baja en carbono, eficiente en recursos y m\u00e1s circular. A trav\u00e9s del Componente 2, liderado por FIIAPP en consorcio con IILA, el programa proporciona asistencia para el fortalecimiento de las pol\u00edticas p\u00fablicas y los di\u00e1logos entre m\u00faltiples partes interesadas sobre las cadenas agr\u00edcolas y de valor sostenibles, las normas ambientales y laborales, as\u00ed como la pol\u00edtica comercial y econ\u00f3mica sostenible y los marcos regulatorios.\u00a0<\/p>\n<p><\/p>\n<p><\/p>\n<p class=\"wp-block-paragraph\">Mayor informaci\u00f3n: <a href=\"https:\/\/alinvest-verde.eu\/es_es\/\">www.alinvest-verde.eu<\/a><\/p>\n<p><\/p>\t\t\t\t\t\t\t\t<\/div>\n\t\t\t\t<\/div>\n\t\t\t\t\t<\/div>\n\t\t<\/div>\n\t\t\t\t\t<\/div>\n\t\t<\/section>\n\t\t\t\t<section class=\"elementor-section elementor-top-section elementor-element elementor-element-6a28859 elementor-section-boxed elementor-section-height-default elementor-section-height-default\" data-id=\"6a28859\" data-element_type=\"section\" data-e-type=\"section\">\n\t\t\t\t\t\t<div class=\"elementor-container elementor-column-gap-default\">\n\t\t\t\t\t<div class=\"elementor-column elementor-col-100 elementor-top-column elementor-element elementor-element-8241e75\" data-id=\"8241e75\" data-element_type=\"column\" data-e-type=\"column\">\n\t\t\t<div class=\"elementor-widget-wrap elementor-element-populated\">\n\t\t\t\t\t\t<div class=\"elementor-element elementor-element-955daf8 elementor-widget elementor-widget-html\" data-id=\"955daf8\" data-element_type=\"widget\" data-e-type=\"widget\" data-widget_type=\"html.default\">\n\t\t\t\t<div class=\"elementor-widget-container\">\n\t\t\t\t\t<a data-flickr-embed=\"true\" href=\"https:\/\/www.flickr.com\/photos\/al-investverde\/albums\/72177720308129290\" title=\"Presentaci\u00f3n de asistencia t\u00e9cnica a Colombia\"><img loading=\"lazy\" decoding=\"async\" src=\"https:\/\/live.staticflickr.com\/65535\/52882362272_5b95d1e4e8_b.jpg\" width=\"1024\" height=\"768\" alt=\"Presentaci\u00f3n de asistencia t\u00e9cnica a Colombia\"\/><\/a><script async src=\"\/\/embedr.flickr.com\/assets\/client-code.js\" charset=\"utf-8\"><\/script>\t\t\t\t<\/div>\n\t\t\t\t<\/div>\n\t\t\t\t\t<\/div>\n\t\t<\/div>\n\t\t\t\t\t<\/div>\n\t\t<\/section>\n\t\t\t\t<section class=\"elementor-section elementor-top-section elementor-element elementor-element-624b598 elementor-section-boxed elementor-section-height-default elementor-section-height-default\" data-id=\"624b598\" data-element_type=\"section\" data-e-type=\"section\">\n\t\t\t\t\t\t<div class=\"elementor-container elementor-column-gap-default\">\n\t\t\t\t\t<div class=\"elementor-column elementor-col-100 elementor-top-column elementor-element elementor-element-66e0df3\" data-id=\"66e0df3\" data-element_type=\"column\" data-e-type=\"column\">\n\t\t\t<div class=\"elementor-widget-wrap elementor-element-populated\">\n\t\t\t\t\t\t<div class=\"elementor-element elementor-element-2539127 elementor-widget elementor-widget-html\" data-id=\"2539127\" data-element_type=\"widget\" data-e-type=\"widget\" data-widget_type=\"html.default\">\n\t\t\t\t<div class=\"elementor-widget-container\">\n\t\t\t\t\t<iframe width=\"560\" height=\"315\" src=\"https:\/\/www.youtube.com\/embed\/obhrxXbPfG4\" title=\"YouTube video player\" frameborder=\"0\" allow=\"accelerometer; autoplay; clipboard-write; encrypted-media; gyroscope; picture-in-picture; web-share\" allowfullscreen><\/iframe>\t\t\t\t<\/div>\n\t\t\t\t<\/div>\n\t\t\t\t\t<\/div>\n\t\t<\/div>\n\t\t\t\t\t<\/div>\n\t\t<\/section>\n\t\t\t\t<\/div>\n\t\t","protected":false},"excerpt":{"rendered":"<p>Bogot\u00e1, 04 de mayo de 2023.- El Componente 2 de AL-INVEST Verde present\u00f3 en Bogot\u00e1, Colombia, la asistencia t\u00e9cnica que presta al Ministerio de Comercio, Industria y Turismo (MinCIT), a trav\u00e9s de ProColombia, para favorecer la implementaci\u00f3n de pr\u00e1cticas sostenibles en el sector agroindustrial y cumplir con los requerimientos del mercado europeo en materia de [&hellip;]<\/p>\n","protected":false},"author":6,"featured_media":6179,"comment_status":"closed","ping_status":"closed","sticky":false,"template":"","format":"standard","meta":{"footnotes":""},"categories":[54,60,24,19,20],"tags":[74,73,30],"class_list":["post-6178","post","type-post","status-publish","format-standard","has-post-thumbnail","hentry","category-2023-component-2","category-2023-news","category-actualidad","category-component-2","category-news","tag-agroindustrial","tag-exportacion","tag-sostenibilidad"],"yoast_head":"<!-- This site is optimized with the Yoast SEO plugin v28.4 - https:\/\/yoast.com\/product\/yoast-seo-wordpress\/ -->\n<title>Asistencia t\u00e9cnica a Colombia para promover exportaciones m\u00e1s sostenibles - Programme AL-INVEST Verde<\/title>\n<meta name=\"robots\" content=\"index, follow, max-snippet:-1, max-image-preview:large, max-video-preview:-1\" \/>\n<link rel=\"canonical\" href=\"https:\/\/alinvest-verde.eu\/es_es\/se-presenta-asistencia-tecnica-a-colombia-para-promover-exportaciones-mas-sostenibles\/\" \/>\n<meta property=\"og:locale\" content=\"es_ES\" \/>\n<meta property=\"og:type\" content=\"article\" \/>\n<meta property=\"og:title\" content=\"Asistencia t\u00e9cnica a Colombia para promover exportaciones m\u00e1s sostenibles - Programme AL-INVEST Verde\" \/>\n<meta property=\"og:description\" content=\"Bogot\u00e1, 04 de mayo de 2023.- El Componente 2 de AL-INVEST Verde present\u00f3 en Bogot\u00e1, Colombia, la asistencia t\u00e9cnica que presta al Ministerio de Comercio, Industria y Turismo (MinCIT), a trav\u00e9s de ProColombia, para favorecer la implementaci\u00f3n de pr\u00e1cticas sostenibles en el sector agroindustrial y cumplir con los requerimientos del mercado europeo en materia de [&hellip;]\" \/>\n<meta property=\"og:url\" content=\"https:\/\/alinvest-verde.eu\/es_es\/se-presenta-asistencia-tecnica-a-colombia-para-promover-exportaciones-mas-sostenibles\/\" \/>\n<meta property=\"og:site_name\" content=\"Programme AL-INVEST Verde\" \/>\n<meta property=\"article:published_time\" content=\"2023-05-05T09:15:27+00:00\" \/>\n<meta property=\"article:modified_time\" content=\"2024-07-05T15:21:59+00:00\" \/>\n<meta property=\"og:image\" content=\"https:\/\/alinvest-verde.eu\/wp-content\/uploads\/2023\/05\/Colombia-ffamilia.jpeg\" \/>\n\t<meta property=\"og:image:width\" content=\"1024\" \/>\n\t<meta property=\"og:image:height\" content=\"576\" \/>\n\t<meta property=\"og:image:type\" content=\"image\/jpeg\" \/>\n<meta name=\"author\" content=\"Azucena Garc\u00eda\" \/>\n<meta name=\"twitter:card\" content=\"summary_large_image\" \/>\n<meta name=\"twitter:creator\" content=\"@Frank Summa\" \/>\n<meta name=\"twitter:label1\" content=\"Escrito por\" \/>\n\t<meta name=\"twitter:data1\" content=\"\" \/>\n\t<meta name=\"twitter:label2\" content=\"Tiempo de lectura\" \/>\n\t<meta name=\"twitter:data2\" content=\"6 minutos\" \/>\n<script type=\"application\/ld+json\" class=\"yoast-schema-graph\">{\"@context\":\"https:\\\/\\\/schema.org\",\"@graph\":[{\"@type\":\"Article\",\"@id\":\"https:\\\/\\\/alinvest-verde.eu\\\/se-presenta-asistencia-tecnica-a-colombia-para-promover-exportaciones-mas-sostenibles\\\/#article\",\"isPartOf\":{\"@id\":\"https:\\\/\\\/alinvest-verde.eu\\\/se-presenta-asistencia-tecnica-a-colombia-para-promover-exportaciones-mas-sostenibles\\\/\"},\"author\":{\"name\":\"Azucena Garc\u00eda\",\"@id\":\"https:\\\/\\\/alinvest-verde.eu\\\/#\\\/schema\\\/person\\\/8804ec49772ba377829838bc11b6aa6b\"},\"headline\":\"Asistencia t\u00e9cnica a Colombia para promover exportaciones m\u00e1s sostenibles\",\"datePublished\":\"2023-05-05T09:15:27+00:00\",\"dateModified\":\"2024-07-05T15:21:59+00:00\",\"mainEntityOfPage\":{\"@id\":\"https:\\\/\\\/alinvest-verde.eu\\\/se-presenta-asistencia-tecnica-a-colombia-para-promover-exportaciones-mas-sostenibles\\\/\"},\"wordCount\":1047,\"publisher\":{\"@id\":\"https:\\\/\\\/alinvest-verde.eu\\\/#organization\"},\"image\":{\"@id\":\"https:\\\/\\\/alinvest-verde.eu\\\/se-presenta-asistencia-tecnica-a-colombia-para-promover-exportaciones-mas-sostenibles\\\/#primaryimage\"},\"thumbnailUrl\":\"https:\\\/\\\/alinvest-verde.eu\\\/wp-content\\\/uploads\\\/2023\\\/05\\\/Colombia-ffamilia.jpeg\",\"keywords\":[\"agroindustrial\",\"exportaci\u00f3n\",\"sostenibilidad\"],\"articleSection\":[\"2023\",\"2023\",\"Actualidad\",\"Component 2\",\"News\"],\"inLanguage\":\"es\"},{\"@type\":\"WebPage\",\"@id\":\"https:\\\/\\\/alinvest-verde.eu\\\/se-presenta-asistencia-tecnica-a-colombia-para-promover-exportaciones-mas-sostenibles\\\/\",\"url\":\"https:\\\/\\\/alinvest-verde.eu\\\/se-presenta-asistencia-tecnica-a-colombia-para-promover-exportaciones-mas-sostenibles\\\/\",\"name\":\"Asistencia t\u00e9cnica a Colombia para promover exportaciones m\u00e1s sostenibles - Programme AL-INVEST Verde\",\"isPartOf\":{\"@id\":\"https:\\\/\\\/alinvest-verde.eu\\\/#website\"},\"primaryImageOfPage\":{\"@id\":\"https:\\\/\\\/alinvest-verde.eu\\\/se-presenta-asistencia-tecnica-a-colombia-para-promover-exportaciones-mas-sostenibles\\\/#primaryimage\"},\"image\":{\"@id\":\"https:\\\/\\\/alinvest-verde.eu\\\/se-presenta-asistencia-tecnica-a-colombia-para-promover-exportaciones-mas-sostenibles\\\/#primaryimage\"},\"thumbnailUrl\":\"https:\\\/\\\/alinvest-verde.eu\\\/wp-content\\\/uploads\\\/2023\\\/05\\\/Colombia-ffamilia.jpeg\",\"datePublished\":\"2023-05-05T09:15:27+00:00\",\"dateModified\":\"2024-07-05T15:21:59+00:00\",\"breadcrumb\":{\"@id\":\"https:\\\/\\\/alinvest-verde.eu\\\/se-presenta-asistencia-tecnica-a-colombia-para-promover-exportaciones-mas-sostenibles\\\/#breadcrumb\"},\"inLanguage\":\"es\",\"potentialAction\":[{\"@type\":\"ReadAction\",\"target\":[\"https:\\\/\\\/alinvest-verde.eu\\\/se-presenta-asistencia-tecnica-a-colombia-para-promover-exportaciones-mas-sostenibles\\\/\"]}]},{\"@type\":\"ImageObject\",\"inLanguage\":\"es\",\"@id\":\"https:\\\/\\\/alinvest-verde.eu\\\/se-presenta-asistencia-tecnica-a-colombia-para-promover-exportaciones-mas-sostenibles\\\/#primaryimage\",\"url\":\"https:\\\/\\\/alinvest-verde.eu\\\/wp-content\\\/uploads\\\/2023\\\/05\\\/Colombia-ffamilia.jpeg\",\"contentUrl\":\"https:\\\/\\\/alinvest-verde.eu\\\/wp-content\\\/uploads\\\/2023\\\/05\\\/Colombia-ffamilia.jpeg\",\"width\":1024,\"height\":576},{\"@type\":\"BreadcrumbList\",\"@id\":\"https:\\\/\\\/alinvest-verde.eu\\\/se-presenta-asistencia-tecnica-a-colombia-para-promover-exportaciones-mas-sostenibles\\\/#breadcrumb\",\"itemListElement\":[{\"@type\":\"ListItem\",\"position\":1,\"name\":\"Inicio\",\"item\":\"https:\\\/\\\/alinvest-verde.eu\\\/\"},{\"@type\":\"ListItem\",\"position\":2,\"name\":\"Component 2\",\"item\":\"https:\\\/\\\/alinvest-verde.eu\\\/category\\\/component-2\\\/\"},{\"@type\":\"ListItem\",\"position\":3,\"name\":\"2023\",\"item\":\"https:\\\/\\\/alinvest-verde.eu\\\/es_es\\\/category\\\/component-2\\\/2023-component-2\\\/\"},{\"@type\":\"ListItem\",\"position\":4,\"name\":\"Asistencia t\u00e9cnica a Colombia para promover exportaciones m\u00e1s sostenibles\"}]},{\"@type\":\"WebSite\",\"@id\":\"https:\\\/\\\/alinvest-verde.eu\\\/#website\",\"url\":\"https:\\\/\\\/alinvest-verde.eu\\\/\",\"name\":\"Programme AL-INVEST Verde\",\"description\":\"Building alliances with the private sector in LA and promote sustainable growth and jobs creation by supporting the transition towards a low-carbon, resource-efficient economy\",\"publisher\":{\"@id\":\"https:\\\/\\\/alinvest-verde.eu\\\/#organization\"},\"potentialAction\":[{\"@type\":\"SearchAction\",\"target\":{\"@type\":\"EntryPoint\",\"urlTemplate\":\"https:\\\/\\\/alinvest-verde.eu\\\/?s={search_term_string}\"},\"query-input\":{\"@type\":\"PropertyValueSpecification\",\"valueRequired\":true,\"valueName\":\"search_term_string\"}}],\"inLanguage\":\"es\"},{\"@type\":\"Organization\",\"@id\":\"https:\\\/\\\/alinvest-verde.eu\\\/#organization\",\"name\":\"Programme AL-INVEST Verde\",\"url\":\"https:\\\/\\\/alinvest-verde.eu\\\/\",\"logo\":{\"@type\":\"ImageObject\",\"inLanguage\":\"es\",\"@id\":\"https:\\\/\\\/alinvest-verde.eu\\\/#\\\/schema\\\/logo\\\/image\\\/\",\"url\":\"https:\\\/\\\/alinvest-verde.eu\\\/wp-content\\\/uploads\\\/2022\\\/01\\\/cropped-logo-financiado-por-la-UE.jpg\",\"contentUrl\":\"https:\\\/\\\/alinvest-verde.eu\\\/wp-content\\\/uploads\\\/2022\\\/01\\\/cropped-logo-financiado-por-la-UE.jpg\",\"width\":756,\"height\":216,\"caption\":\"Programme AL-INVEST Verde\"},\"image\":{\"@id\":\"https:\\\/\\\/alinvest-verde.eu\\\/#\\\/schema\\\/logo\\\/image\\\/\"}},{\"@type\":\"Person\",\"@id\":\"https:\\\/\\\/alinvest-verde.eu\\\/#\\\/schema\\\/person\\\/8804ec49772ba377829838bc11b6aa6b\",\"name\":\"Azucena Garc\u00eda\",\"image\":{\"@type\":\"ImageObject\",\"inLanguage\":\"es\",\"@id\":\"https:\\\/\\\/secure.gravatar.com\\\/avatar\\\/fc4d91c562d3c4ac55cafd2f4ae4ebd513d2304b007a5c8d4f2d8543edeb9d79?s=96&d=mm&r=g\",\"url\":\"https:\\\/\\\/secure.gravatar.com\\\/avatar\\\/fc4d91c562d3c4ac55cafd2f4ae4ebd513d2304b007a5c8d4f2d8543edeb9d79?s=96&d=mm&r=g\",\"contentUrl\":\"https:\\\/\\\/secure.gravatar.com\\\/avatar\\\/fc4d91c562d3c4ac55cafd2f4ae4ebd513d2304b007a5c8d4f2d8543edeb9d79?s=96&d=mm&r=g\",\"caption\":\"Azucena Garc\u00eda\"},\"sameAs\":[\"https:\\\/\\\/x.com\\\/Frank Summa\"],\"url\":\"https:\\\/\\\/alinvest-verde.eu\\\/es_es\\\/author\\\/azucena-garcia\\\/\"}]}<\/script>\n<!-- \/ Yoast SEO plugin. -->","yoast_head_json":{"title":"Asistencia t\u00e9cnica a Colombia para promover exportaciones m\u00e1s sostenibles - Programme AL-INVEST Verde","robots":{"index":"index","follow":"follow","max-snippet":"max-snippet:-1","max-image-preview":"max-image-preview:large","max-video-preview":"max-video-preview:-1"},"canonical":"https:\/\/alinvest-verde.eu\/es_es\/se-presenta-asistencia-tecnica-a-colombia-para-promover-exportaciones-mas-sostenibles\/","og_locale":"es_ES","og_type":"article","og_title":"Asistencia t\u00e9cnica a Colombia para promover exportaciones m\u00e1s sostenibles - Programme AL-INVEST Verde","og_description":"Bogot\u00e1, 04 de mayo de 2023.- El Componente 2 de AL-INVEST Verde present\u00f3 en Bogot\u00e1, Colombia, la asistencia t\u00e9cnica que presta al Ministerio de Comercio, Industria y Turismo (MinCIT), a trav\u00e9s de ProColombia, para favorecer la implementaci\u00f3n de pr\u00e1cticas sostenibles en el sector agroindustrial y cumplir con los requerimientos del mercado europeo en materia de [&hellip;]","og_url":"https:\/\/alinvest-verde.eu\/es_es\/se-presenta-asistencia-tecnica-a-colombia-para-promover-exportaciones-mas-sostenibles\/","og_site_name":"Programme AL-INVEST Verde","article_published_time":"2023-05-05T09:15:27+00:00","article_modified_time":"2024-07-05T15:21:59+00:00","og_image":[{"width":1024,"height":576,"url":"https:\/\/alinvest-verde.eu\/wp-content\/uploads\/2023\/05\/Colombia-ffamilia.jpeg","type":"image\/jpeg"}],"author":"Azucena Garc\u00eda","twitter_card":"summary_large_image","twitter_creator":"@Frank Summa","twitter_misc":{"Escrito por":false,"Tiempo de lectura":"6 minutos"},"schema":{"@context":"https:\/\/schema.org","@graph":[{"@type":"Article","@id":"https:\/\/alinvest-verde.eu\/se-presenta-asistencia-tecnica-a-colombia-para-promover-exportaciones-mas-sostenibles\/#article","isPartOf":{"@id":"https:\/\/alinvest-verde.eu\/se-presenta-asistencia-tecnica-a-colombia-para-promover-exportaciones-mas-sostenibles\/"},"author":{"name":"Azucena Garc\u00eda","@id":"https:\/\/alinvest-verde.eu\/#\/schema\/person\/8804ec49772ba377829838bc11b6aa6b"},"headline":"Asistencia t\u00e9cnica a Colombia para promover exportaciones m\u00e1s sostenibles","datePublished":"2023-05-05T09:15:27+00:00","dateModified":"2024-07-05T15:21:59+00:00","mainEntityOfPage":{"@id":"https:\/\/alinvest-verde.eu\/se-presenta-asistencia-tecnica-a-colombia-para-promover-exportaciones-mas-sostenibles\/"},"wordCount":1047,"publisher":{"@id":"https:\/\/alinvest-verde.eu\/#organization"},"image":{"@id":"https:\/\/alinvest-verde.eu\/se-presenta-asistencia-tecnica-a-colombia-para-promover-exportaciones-mas-sostenibles\/#primaryimage"},"thumbnailUrl":"https:\/\/alinvest-verde.eu\/wp-content\/uploads\/2023\/05\/Colombia-ffamilia.jpeg","keywords":["agroindustrial","exportaci\u00f3n","sostenibilidad"],"articleSection":["2023","2023","Actualidad","Component 2","News"],"inLanguage":"es"},{"@type":"WebPage","@id":"https:\/\/alinvest-verde.eu\/se-presenta-asistencia-tecnica-a-colombia-para-promover-exportaciones-mas-sostenibles\/","url":"https:\/\/alinvest-verde.eu\/se-presenta-asistencia-tecnica-a-colombia-para-promover-exportaciones-mas-sostenibles\/","name":"Asistencia t\u00e9cnica a Colombia para promover exportaciones m\u00e1s sostenibles - Programme AL-INVEST Verde","isPartOf":{"@id":"https:\/\/alinvest-verde.eu\/#website"},"primaryImageOfPage":{"@id":"https:\/\/alinvest-verde.eu\/se-presenta-asistencia-tecnica-a-colombia-para-promover-exportaciones-mas-sostenibles\/#primaryimage"},"image":{"@id":"https:\/\/alinvest-verde.eu\/se-presenta-asistencia-tecnica-a-colombia-para-promover-exportaciones-mas-sostenibles\/#primaryimage"},"thumbnailUrl":"https:\/\/alinvest-verde.eu\/wp-content\/uploads\/2023\/05\/Colombia-ffamilia.jpeg","datePublished":"2023-05-05T09:15:27+00:00","dateModified":"2024-07-05T15:21:59+00:00","breadcrumb":{"@id":"https:\/\/alinvest-verde.eu\/se-presenta-asistencia-tecnica-a-colombia-para-promover-exportaciones-mas-sostenibles\/#breadcrumb"},"inLanguage":"es","potentialAction":[{"@type":"ReadAction","target":["https:\/\/alinvest-verde.eu\/se-presenta-asistencia-tecnica-a-colombia-para-promover-exportaciones-mas-sostenibles\/"]}]},{"@type":"ImageObject","inLanguage":"es","@id":"https:\/\/alinvest-verde.eu\/se-presenta-asistencia-tecnica-a-colombia-para-promover-exportaciones-mas-sostenibles\/#primaryimage","url":"https:\/\/alinvest-verde.eu\/wp-content\/uploads\/2023\/05\/Colombia-ffamilia.jpeg","contentUrl":"https:\/\/alinvest-verde.eu\/wp-content\/uploads\/2023\/05\/Colombia-ffamilia.jpeg","width":1024,"height":576},{"@type":"BreadcrumbList","@id":"https:\/\/alinvest-verde.eu\/se-presenta-asistencia-tecnica-a-colombia-para-promover-exportaciones-mas-sostenibles\/#breadcrumb","itemListElement":[{"@type":"ListItem","position":1,"name":"Inicio","item":"https:\/\/alinvest-verde.eu\/"},{"@type":"ListItem","position":2,"name":"Component 2","item":"https:\/\/alinvest-verde.eu\/category\/component-2\/"},{"@type":"ListItem","position":3,"name":"2023","item":"https:\/\/alinvest-verde.eu\/es_es\/category\/component-2\/2023-component-2\/"},{"@type":"ListItem","position":4,"name":"Asistencia t\u00e9cnica a Colombia para promover exportaciones m\u00e1s sostenibles"}]},{"@type":"WebSite","@id":"https:\/\/alinvest-verde.eu\/#website","url":"https:\/\/alinvest-verde.eu\/","name":"Programme AL-INVEST Verde","description":"Building alliances with the private sector in LA and promote sustainable growth and jobs creation by supporting the transition towards a low-carbon, resource-efficient economy","publisher":{"@id":"https:\/\/alinvest-verde.eu\/#organization"},"potentialAction":[{"@type":"SearchAction","target":{"@type":"EntryPoint","urlTemplate":"https:\/\/alinvest-verde.eu\/?s={search_term_string}"},"query-input":{"@type":"PropertyValueSpecification","valueRequired":true,"valueName":"search_term_string"}}],"inLanguage":"es"},{"@type":"Organization","@id":"https:\/\/alinvest-verde.eu\/#organization","name":"Programme AL-INVEST Verde","url":"https:\/\/alinvest-verde.eu\/","logo":{"@type":"ImageObject","inLanguage":"es","@id":"https:\/\/alinvest-verde.eu\/#\/schema\/logo\/image\/","url":"https:\/\/alinvest-verde.eu\/wp-content\/uploads\/2022\/01\/cropped-logo-financiado-por-la-UE.jpg","contentUrl":"https:\/\/alinvest-verde.eu\/wp-content\/uploads\/2022\/01\/cropped-logo-financiado-por-la-UE.jpg","width":756,"height":216,"caption":"Programme AL-INVEST Verde"},"image":{"@id":"https:\/\/alinvest-verde.eu\/#\/schema\/logo\/image\/"}},{"@type":"Person","@id":"https:\/\/alinvest-verde.eu\/#\/schema\/person\/8804ec49772ba377829838bc11b6aa6b","name":"Azucena Garc\u00eda","image":{"@type":"ImageObject","inLanguage":"es","@id":"https:\/\/secure.gravatar.com\/avatar\/fc4d91c562d3c4ac55cafd2f4ae4ebd513d2304b007a5c8d4f2d8543edeb9d79?s=96&d=mm&r=g","url":"https:\/\/secure.gravatar.com\/avatar\/fc4d91c562d3c4ac55cafd2f4ae4ebd513d2304b007a5c8d4f2d8543edeb9d79?s=96&d=mm&r=g","contentUrl":"https:\/\/secure.gravatar.com\/avatar\/fc4d91c562d3c4ac55cafd2f4ae4ebd513d2304b007a5c8d4f2d8543edeb9d79?s=96&d=mm&r=g","caption":"Azucena Garc\u00eda"},"sameAs":["https:\/\/x.com\/Frank Summa"],"url":"https:\/\/alinvest-verde.eu\/es_es\/author\/azucena-garcia\/"}]}},"_links":{"self":[{"href":"https:\/\/alinvest-verde.eu\/es_es\/wp-json\/wp\/v2\/posts\/6178","targetHints":{"allow":["GET"]}}],"collection":[{"href":"https:\/\/alinvest-verde.eu\/es_es\/wp-json\/wp\/v2\/posts"}],"about":[{"href":"https:\/\/alinvest-verde.eu\/es_es\/wp-json\/wp\/v2\/types\/post"}],"author":[{"embeddable":true,"href":"https:\/\/alinvest-verde.eu\/es_es\/wp-json\/wp\/v2\/users\/6"}],"replies":[{"embeddable":true,"href":"https:\/\/alinvest-verde.eu\/es_es\/wp-json\/wp\/v2\/comments?post=6178"}],"version-history":[{"count":16,"href":"https:\/\/alinvest-verde.eu\/es_es\/wp-json\/wp\/v2\/posts\/6178\/revisions"}],"predecessor-version":[{"id":6429,"href":"https:\/\/alinvest-verde.eu\/es_es\/wp-json\/wp\/v2\/posts\/6178\/revisions\/6429"}],"wp:featuredmedia":[{"embeddable":true,"href":"https:\/\/alinvest-verde.eu\/es_es\/wp-json\/wp\/v2\/media\/6179"}],"wp:attachment":[{"href":"https:\/\/alinvest-verde.eu\/es_es\/wp-json\/wp\/v2\/media?parent=6178"}],"wp:term":[{"taxonomy":"category","embeddable":true,"href":"https:\/\/alinvest-verde.eu\/es_es\/wp-json\/wp\/v2\/categories?post=6178"},{"taxonomy":"post_tag","embeddable":true,"href":"https:\/\/alinvest-verde.eu\/es_es\/wp-json\/wp\/v2\/tags?post=6178"}],"curies":[{"name":"wp","href":"https:\/\/api.w.org\/{rel}","templated":true}]}}