{"id":8052,"date":"2023-07-26T06:04:00","date_gmt":"2023-07-26T04:04:00","guid":{"rendered":"https:\/\/alinvest-verde.eu\/?p=8052"},"modified":"2024-07-05T17:21:58","modified_gmt":"2024-07-05T15:21:58","slug":"dialogo-sobre-sobre-diligencia-debida-de-las-empresas-en-el-sector-del-cafe","status":"publish","type":"post","link":"https:\/\/alinvest-verde.eu\/es_es\/dialogo-sobre-sobre-diligencia-debida-de-las-empresas-en-el-sector-del-cafe\/","title":{"rendered":"Di\u00e1logo sobre diligencia debida de las empresas en el sector del caf\u00e9"},"content":{"rendered":"\t\t<div data-elementor-type=\"wp-post\" data-elementor-id=\"8052\" class=\"elementor elementor-8052\" data-elementor-post-type=\"post\">\n\t\t\t\t\t\t<section class=\"elementor-section elementor-top-section elementor-element elementor-element-3a131a43 elementor-section-boxed elementor-section-height-default elementor-section-height-default\" data-id=\"3a131a43\" data-element_type=\"section\" data-e-type=\"section\">\n\t\t\t\t\t\t<div class=\"elementor-container elementor-column-gap-default\">\n\t\t\t\t\t<div class=\"elementor-column elementor-col-100 elementor-top-column elementor-element elementor-element-177f321d\" data-id=\"177f321d\" data-element_type=\"column\" data-e-type=\"column\">\n\t\t\t<div class=\"elementor-widget-wrap elementor-element-populated\">\n\t\t\t\t\t\t<div class=\"elementor-element elementor-element-46355795 elementor-widget elementor-widget-text-editor\" data-id=\"46355795\" data-element_type=\"widget\" data-e-type=\"widget\" data-widget_type=\"text-editor.default\">\n\t\t\t\t<div class=\"elementor-widget-container\">\n\t\t\t\t\t\t\t\t\t\n<p class=\"wp-block-paragraph\"><strong>25 de julio de 2023.- <\/strong>AL-INVEST Verde organiz\u00f3 el pasado 20 de julio la mesa redonda <strong>\u201cEl caf\u00e9 y la Directiva europea sobre diligencia debida de las empresas&#8221;<\/strong>, que cont\u00f3 con la intervenci\u00f3n de representantes de la Comisi\u00f3n Europea, pa\u00edses productores de caf\u00e9 como Brasil y Colombia, y organizaciones internacionales que trabajan en la materia.<\/p>\n\n\n\n<p class=\"wp-block-paragraph\">Organizado por el Componente 2 del programa, el evento se celebr\u00f3 de manera virtual y constituy\u00f3 la tercera de las tres mesas redondas del <strong>ciclo \u201cDi\u00e1logo e intercambio de experiencias sobre la sostenibilidad en la cadena de valor del caf\u00e9\u201d<\/strong>. La primera mesa redonda tuvo lugar el pasado 18 de abril, sobre \u201c<a href=\"https:\/\/alinvest-verde.eu\/es_es\/intercambio-de-experiencias-sobre-sostenibilidad-en-la-cadena-de-valor-del-cafe\/\">Programas e instrumentos de apoyo para la sostenibilidad en la cadena de valor del caf\u00e9<\/a>\u201d, mientras que la segunda se celebr\u00f3 el 6 de junio, centrada en \u201c<a href=\"https:\/\/alinvest-verde.eu\/es_es\/analisis-sobre-el-cafe-y-la-regulacion-de-la-union-europea-sobre-cadenas-libres-de-deforestacion\/\">El caf\u00e9 y la regulaci\u00f3n de la Uni\u00f3n Europea sobre cadenas libres de deforestaci\u00f3n<\/a>\u201d.<\/p>\n\n\n\n<p class=\"wp-block-paragraph\">Durante este tercer encuentro, se analiz\u00f3 la Directiva europea sobre debida diligencia de las empresas y se pusieron en com\u00fan <strong>buenas pr\u00e1cticas en Am\u00e9rica Latina<\/strong> en materia de responsabilidad empresarial en el proceso de producci\u00f3n del caf\u00e9, <strong>as\u00ed como proyectos internacionales que promueven la conducta responsable de las empresas.<\/strong><\/p>\n\n\n\n<p class=\"wp-block-paragraph\">La mesa redonda fue inaugurada por John Bazill, Oficial de pol\u00edticas internacionales de la Unidad de Am\u00e9rica Latina de la Comisi\u00f3n Europea, quien present\u00f3 el contexto del <strong>comercio de caf\u00e9 entre Am\u00e9rica Latina y la Uni\u00f3n Europea<\/strong>, destacando la importancia de los intercambios comerciales como instrumento para desarrollar una cadena de valor del caf\u00e9 sostenible. <\/p>\n\n\n\n<p class=\"wp-block-paragraph\">A continuaci\u00f3n, Daan Van Thiel, responsable de pol\u00edticas de empleo en las cadenas del valor, en la Direcci\u00f3n General de Asociaciones Internacionales (DG INTPA) de la Comisi\u00f3n Europea, present\u00f3 la Directiva europea sobre <strong>debida diligencia de las empresas y su impacto en Am\u00e9rica Latina<\/strong>.<\/p>\n\n\n\n<p class=\"wp-block-paragraph\">Se reserv\u00f3 un espacio para compartir proyectos relacionados con la aplicaci\u00f3n de la diligencia debida en materia de <strong>derechos humanos y medio ambiente<\/strong> en la cadena de valor del caf\u00e9. En concreto, se realiz\u00f3 una presentaci\u00f3n conjunta del proyecto piloto sobre la dimensi\u00f3n laboral y medioambiental en la cadena de valor del caf\u00e9 con la Organizaci\u00f3n de Estados de \u00c1frica, el Caribe y el Pac\u00edfico (OACPS), Latin American and Caribbean Network of Fair-Trade Small Producers and Workers (CLAC), Organizaci\u00f3n Internacional del Caf\u00e9 (OIC), International Trade Center (ITC) y DG INTPA de la Uni\u00f3n Europea. Tomaron la palabra Martina Bozzola, experta senior en sostenibilidad; Matias Urrutigoity, funcionario senior de comercio del International Trade Centre (ITC); y Aida Portillo, de CLAC.<\/p>\n\n\n\n<p class=\"wp-block-paragraph\">El di\u00e1logo continu\u00f3 con una presentaci\u00f3n sobre <strong>conducta empresarial responsable<\/strong> (CER), a cargo de Olga Orozco (Organizaci\u00f3n Internacional del Trabajo, OIT), Ver\u00f3nica Zubia (Oficina del Alto Comisionado de las Naciones Unidas para los Derechos Humanos, ACNUDH) y Germ\u00e1n Zarama (Organizaci\u00f3n para la Cooperaci\u00f3n y el Desarrollo Econ\u00f3mico, OCDE). <\/p>\n\n\n\n<p class=\"wp-block-paragraph\">Adem\u00e1s, se compartieron las experiencias de Brasil y Colombia con la participaci\u00f3n de Marcos Antonio Matos, director general del Consejo de Exportadores de Caf\u00e9 de Brasil (CECAF\u00c9) de Brasil, y Ligia Helena Borrero, directora jur\u00eddica de la Federaci\u00f3n Nacional de Cafeteros (FNC) de Colombia. Las observaciones finales de cierre del di\u00e1logo corrieron a cargo de Van\u00fasia Nogueira, directora ejecutiva de la Organizaci\u00f3n Internacional del Caf\u00e9 (OIC).<\/p>\n\n\n\n<p class=\"wp-block-paragraph\"><strong>Acerca de AL-INVEST Verde<\/strong><\/p>\n\n\n\n<p class=\"wp-block-paragraph\">AL-INVEST Verde es un programa financiado por la Uni\u00f3n Europea (UE). Su principal objetivo es promover el crecimiento sostenible y la creaci\u00f3n de empleo en Am\u00e9rica Latina, apoyando la transici\u00f3n hacia una econom\u00eda baja en carbono, eficiente en recursos y m\u00e1s circular. A trav\u00e9s del Componente 2, liderado por <a href=\"https:\/\/www.fiiapp.org\/\">FIIAPP<\/a> en consorcio con <a href=\"https:\/\/iila.org\/es\/\">IILA<\/a>, el programa proporciona asistencia para el fortalecimiento de las pol\u00edticas p\u00fablicas y los di\u00e1logos entre m\u00faltiples partes interesadas sobre las cadenas agr\u00edcolas y de valor sostenibles, las normas ambientales y laborales, as\u00ed como la pol\u00edtica comercial y econ\u00f3mica sostenible y los marcos regulatorios.&nbsp;<\/p>\n\t\t\t\t\t\t\t\t<\/div>\n\t\t\t\t<\/div>\n\t\t\t\t\t<\/div>\n\t\t<\/div>\n\t\t\t\t\t<\/div>\n\t\t<\/section>\n\t\t\t\t<section class=\"elementor-section elementor-top-section elementor-element elementor-element-472f32d elementor-section-boxed elementor-section-height-default elementor-section-height-default\" data-id=\"472f32d\" data-element_type=\"section\" data-e-type=\"section\">\n\t\t\t\t\t\t<div class=\"elementor-container elementor-column-gap-default\">\n\t\t\t\t\t<div class=\"elementor-column elementor-col-100 elementor-top-column elementor-element elementor-element-e8e8dbe\" data-id=\"e8e8dbe\" data-element_type=\"column\" data-e-type=\"column\">\n\t\t\t<div class=\"elementor-widget-wrap elementor-element-populated\">\n\t\t\t\t\t\t<div class=\"elementor-element elementor-element-0e70e27 elementor-widget elementor-widget-html\" data-id=\"0e70e27\" data-element_type=\"widget\" data-e-type=\"widget\" data-widget_type=\"html.default\">\n\t\t\t\t<div class=\"elementor-widget-container\">\n\t\t\t\t\t<iframe width=\"560\" height=\"400\" src=\"https:\/\/www.youtube.com\/embed\/18Vk7xJ5Vbc\" title=\"YouTube video player\" frameborder=\"0\" allow=\"accelerometer; autoplay; clipboard-write; encrypted-media; gyroscope; picture-in-picture; web-share\" allowfullscreen><\/iframe>\t\t\t\t<\/div>\n\t\t\t\t<\/div>\n\t\t\t\t\t<\/div>\n\t\t<\/div>\n\t\t\t\t\t<\/div>\n\t\t<\/section>\n\t\t\t\t<\/div>\n\t\t","protected":false},"excerpt":{"rendered":"<p>25 de julio de 2023.- AL-INVEST Verde organiz\u00f3 el pasado 20 de julio la mesa redonda \u201cEl caf\u00e9 y la Directiva europea sobre diligencia debida de las empresas&#8221;, que cont\u00f3 con la intervenci\u00f3n de representantes de la Comisi\u00f3n Europea, pa\u00edses productores de caf\u00e9 como Brasil y Colombia, y organizaciones internacionales que trabajan en la materia. [&hellip;]<\/p>\n","protected":false},"author":6,"featured_media":8056,"comment_status":"closed","ping_status":"closed","sticky":false,"template":"","format":"standard","meta":{"footnotes":""},"categories":[60,54,24,1,19,20],"tags":[21,63,38,30,43],"class_list":["post-8052","post","type-post","status-publish","format-standard","has-post-thumbnail","hentry","category-2023-news","category-2023-component-2","category-actualidad","category-allgemein","category-component-2","category-news","tag-cadenas-de-valor","tag-cafe","tag-deforestacion","tag-sostenibilidad","tag-trazabilidad"],"yoast_head":"<!-- This site is optimized with the Yoast SEO plugin v28.4 - https:\/\/yoast.com\/product\/yoast-seo-wordpress\/ -->\n<title>Di\u00e1logo sobre diligencia debida de las empresas en el sector del caf\u00e9 - Programme AL-INVEST Verde<\/title>\n<meta name=\"robots\" content=\"index, follow, max-snippet:-1, max-image-preview:large, max-video-preview:-1\" \/>\n<link rel=\"canonical\" href=\"https:\/\/alinvest-verde.eu\/es_es\/dialogo-sobre-sobre-diligencia-debida-de-las-empresas-en-el-sector-del-cafe\/\" \/>\n<meta property=\"og:locale\" content=\"es_ES\" \/>\n<meta property=\"og:type\" content=\"article\" \/>\n<meta property=\"og:title\" content=\"Di\u00e1logo sobre diligencia debida de las empresas en el sector del caf\u00e9 - Programme AL-INVEST Verde\" \/>\n<meta property=\"og:description\" content=\"25 de julio de 2023.- AL-INVEST Verde organiz\u00f3 el pasado 20 de julio la mesa redonda \u201cEl caf\u00e9 y la Directiva europea sobre diligencia debida de las empresas&#8221;, que cont\u00f3 con la intervenci\u00f3n de representantes de la Comisi\u00f3n Europea, pa\u00edses productores de caf\u00e9 como Brasil y Colombia, y organizaciones internacionales que trabajan en la materia. [&hellip;]\" \/>\n<meta property=\"og:url\" content=\"https:\/\/alinvest-verde.eu\/es_es\/dialogo-sobre-sobre-diligencia-debida-de-las-empresas-en-el-sector-del-cafe\/\" \/>\n<meta property=\"og:site_name\" content=\"Programme AL-INVEST Verde\" \/>\n<meta property=\"article:published_time\" content=\"2023-07-26T04:04:00+00:00\" \/>\n<meta property=\"article:modified_time\" content=\"2024-07-05T15:21:58+00:00\" \/>\n<meta property=\"og:image\" content=\"https:\/\/alinvest-verde.eu\/wp-content\/uploads\/2023\/07\/andres-hernandez-fF9LOC5sMOQ-unsplash-scaled.jpg\" \/>\n\t<meta property=\"og:image:width\" content=\"2560\" \/>\n\t<meta property=\"og:image:height\" content=\"1920\" \/>\n\t<meta property=\"og:image:type\" content=\"image\/jpeg\" \/>\n<meta name=\"author\" content=\"Azucena Garc\u00eda\" \/>\n<meta name=\"twitter:card\" content=\"summary_large_image\" \/>\n<meta name=\"twitter:creator\" content=\"@Frank Summa\" \/>\n<meta name=\"twitter:label1\" content=\"Escrito por\" \/>\n\t<meta name=\"twitter:data1\" content=\"\" \/>\n\t<meta name=\"twitter:label2\" content=\"Tiempo de lectura\" \/>\n\t<meta name=\"twitter:data2\" content=\"3 minutos\" \/>\n<script type=\"application\/ld+json\" class=\"yoast-schema-graph\">{\"@context\":\"https:\\\/\\\/schema.org\",\"@graph\":[{\"@type\":\"Article\",\"@id\":\"https:\\\/\\\/alinvest-verde.eu\\\/dialogo-sobre-sobre-diligencia-debida-de-las-empresas-en-el-sector-del-cafe\\\/#article\",\"isPartOf\":{\"@id\":\"https:\\\/\\\/alinvest-verde.eu\\\/dialogo-sobre-sobre-diligencia-debida-de-las-empresas-en-el-sector-del-cafe\\\/\"},\"author\":{\"name\":\"Azucena Garc\u00eda\",\"@id\":\"https:\\\/\\\/alinvest-verde.eu\\\/#\\\/schema\\\/person\\\/8804ec49772ba377829838bc11b6aa6b\"},\"headline\":\"Di\u00e1logo sobre diligencia debida de las empresas en el sector del caf\u00e9\",\"datePublished\":\"2023-07-26T04:04:00+00:00\",\"dateModified\":\"2024-07-05T15:21:58+00:00\",\"mainEntityOfPage\":{\"@id\":\"https:\\\/\\\/alinvest-verde.eu\\\/dialogo-sobre-sobre-diligencia-debida-de-las-empresas-en-el-sector-del-cafe\\\/\"},\"wordCount\":695,\"publisher\":{\"@id\":\"https:\\\/\\\/alinvest-verde.eu\\\/#organization\"},\"image\":{\"@id\":\"https:\\\/\\\/alinvest-verde.eu\\\/dialogo-sobre-sobre-diligencia-debida-de-las-empresas-en-el-sector-del-cafe\\\/#primaryimage\"},\"thumbnailUrl\":\"https:\\\/\\\/alinvest-verde.eu\\\/wp-content\\\/uploads\\\/2023\\\/07\\\/andres-hernandez-fF9LOC5sMOQ-unsplash-scaled.jpg\",\"keywords\":[\"cadenas de valor\",\"caf\u00e9\",\"deforestaci\u00f3n\",\"sostenibilidad\",\"trazabilidad\"],\"articleSection\":[\"2023\",\"2023\",\"Actualidad\",\"Allgemein\",\"Component 2\",\"News\"],\"inLanguage\":\"es\"},{\"@type\":\"WebPage\",\"@id\":\"https:\\\/\\\/alinvest-verde.eu\\\/dialogo-sobre-sobre-diligencia-debida-de-las-empresas-en-el-sector-del-cafe\\\/\",\"url\":\"https:\\\/\\\/alinvest-verde.eu\\\/dialogo-sobre-sobre-diligencia-debida-de-las-empresas-en-el-sector-del-cafe\\\/\",\"name\":\"Di\u00e1logo sobre diligencia debida de las empresas en el sector del caf\u00e9 - Programme AL-INVEST Verde\",\"isPartOf\":{\"@id\":\"https:\\\/\\\/alinvest-verde.eu\\\/#website\"},\"primaryImageOfPage\":{\"@id\":\"https:\\\/\\\/alinvest-verde.eu\\\/dialogo-sobre-sobre-diligencia-debida-de-las-empresas-en-el-sector-del-cafe\\\/#primaryimage\"},\"image\":{\"@id\":\"https:\\\/\\\/alinvest-verde.eu\\\/dialogo-sobre-sobre-diligencia-debida-de-las-empresas-en-el-sector-del-cafe\\\/#primaryimage\"},\"thumbnailUrl\":\"https:\\\/\\\/alinvest-verde.eu\\\/wp-content\\\/uploads\\\/2023\\\/07\\\/andres-hernandez-fF9LOC5sMOQ-unsplash-scaled.jpg\",\"datePublished\":\"2023-07-26T04:04:00+00:00\",\"dateModified\":\"2024-07-05T15:21:58+00:00\",\"breadcrumb\":{\"@id\":\"https:\\\/\\\/alinvest-verde.eu\\\/dialogo-sobre-sobre-diligencia-debida-de-las-empresas-en-el-sector-del-cafe\\\/#breadcrumb\"},\"inLanguage\":\"es\",\"potentialAction\":[{\"@type\":\"ReadAction\",\"target\":[\"https:\\\/\\\/alinvest-verde.eu\\\/dialogo-sobre-sobre-diligencia-debida-de-las-empresas-en-el-sector-del-cafe\\\/\"]}]},{\"@type\":\"ImageObject\",\"inLanguage\":\"es\",\"@id\":\"https:\\\/\\\/alinvest-verde.eu\\\/dialogo-sobre-sobre-diligencia-debida-de-las-empresas-en-el-sector-del-cafe\\\/#primaryimage\",\"url\":\"https:\\\/\\\/alinvest-verde.eu\\\/wp-content\\\/uploads\\\/2023\\\/07\\\/andres-hernandez-fF9LOC5sMOQ-unsplash-scaled.jpg\",\"contentUrl\":\"https:\\\/\\\/alinvest-verde.eu\\\/wp-content\\\/uploads\\\/2023\\\/07\\\/andres-hernandez-fF9LOC5sMOQ-unsplash-scaled.jpg\",\"width\":2560,\"height\":1920},{\"@type\":\"BreadcrumbList\",\"@id\":\"https:\\\/\\\/alinvest-verde.eu\\\/dialogo-sobre-sobre-diligencia-debida-de-las-empresas-en-el-sector-del-cafe\\\/#breadcrumb\",\"itemListElement\":[{\"@type\":\"ListItem\",\"position\":1,\"name\":\"Inicio\",\"item\":\"https:\\\/\\\/alinvest-verde.eu\\\/\"},{\"@type\":\"ListItem\",\"position\":2,\"name\":\"Allgemein\",\"item\":\"https:\\\/\\\/alinvest-verde.eu\\\/category\\\/allgemein\\\/\"},{\"@type\":\"ListItem\",\"position\":3,\"name\":\"Di\u00e1logo sobre diligencia debida de las empresas en el sector del caf\u00e9\"}]},{\"@type\":\"WebSite\",\"@id\":\"https:\\\/\\\/alinvest-verde.eu\\\/#website\",\"url\":\"https:\\\/\\\/alinvest-verde.eu\\\/\",\"name\":\"Programme AL-INVEST Verde\",\"description\":\"Building alliances with the private sector in LA and promote sustainable growth and jobs creation by supporting the transition towards a low-carbon, resource-efficient economy\",\"publisher\":{\"@id\":\"https:\\\/\\\/alinvest-verde.eu\\\/#organization\"},\"potentialAction\":[{\"@type\":\"SearchAction\",\"target\":{\"@type\":\"EntryPoint\",\"urlTemplate\":\"https:\\\/\\\/alinvest-verde.eu\\\/?s={search_term_string}\"},\"query-input\":{\"@type\":\"PropertyValueSpecification\",\"valueRequired\":true,\"valueName\":\"search_term_string\"}}],\"inLanguage\":\"es\"},{\"@type\":\"Organization\",\"@id\":\"https:\\\/\\\/alinvest-verde.eu\\\/#organization\",\"name\":\"Programme AL-INVEST Verde\",\"url\":\"https:\\\/\\\/alinvest-verde.eu\\\/\",\"logo\":{\"@type\":\"ImageObject\",\"inLanguage\":\"es\",\"@id\":\"https:\\\/\\\/alinvest-verde.eu\\\/#\\\/schema\\\/logo\\\/image\\\/\",\"url\":\"https:\\\/\\\/alinvest-verde.eu\\\/wp-content\\\/uploads\\\/2022\\\/01\\\/cropped-logo-financiado-por-la-UE.jpg\",\"contentUrl\":\"https:\\\/\\\/alinvest-verde.eu\\\/wp-content\\\/uploads\\\/2022\\\/01\\\/cropped-logo-financiado-por-la-UE.jpg\",\"width\":756,\"height\":216,\"caption\":\"Programme AL-INVEST Verde\"},\"image\":{\"@id\":\"https:\\\/\\\/alinvest-verde.eu\\\/#\\\/schema\\\/logo\\\/image\\\/\"}},{\"@type\":\"Person\",\"@id\":\"https:\\\/\\\/alinvest-verde.eu\\\/#\\\/schema\\\/person\\\/8804ec49772ba377829838bc11b6aa6b\",\"name\":\"Azucena Garc\u00eda\",\"image\":{\"@type\":\"ImageObject\",\"inLanguage\":\"es\",\"@id\":\"https:\\\/\\\/secure.gravatar.com\\\/avatar\\\/fc4d91c562d3c4ac55cafd2f4ae4ebd513d2304b007a5c8d4f2d8543edeb9d79?s=96&d=mm&r=g\",\"url\":\"https:\\\/\\\/secure.gravatar.com\\\/avatar\\\/fc4d91c562d3c4ac55cafd2f4ae4ebd513d2304b007a5c8d4f2d8543edeb9d79?s=96&d=mm&r=g\",\"contentUrl\":\"https:\\\/\\\/secure.gravatar.com\\\/avatar\\\/fc4d91c562d3c4ac55cafd2f4ae4ebd513d2304b007a5c8d4f2d8543edeb9d79?s=96&d=mm&r=g\",\"caption\":\"Azucena Garc\u00eda\"},\"sameAs\":[\"https:\\\/\\\/x.com\\\/Frank Summa\"],\"url\":\"https:\\\/\\\/alinvest-verde.eu\\\/es_es\\\/author\\\/azucena-garcia\\\/\"}]}<\/script>\n<!-- \/ Yoast SEO plugin. -->","yoast_head_json":{"title":"Di\u00e1logo sobre diligencia debida de las empresas en el sector del caf\u00e9 - Programme AL-INVEST Verde","robots":{"index":"index","follow":"follow","max-snippet":"max-snippet:-1","max-image-preview":"max-image-preview:large","max-video-preview":"max-video-preview:-1"},"canonical":"https:\/\/alinvest-verde.eu\/es_es\/dialogo-sobre-sobre-diligencia-debida-de-las-empresas-en-el-sector-del-cafe\/","og_locale":"es_ES","og_type":"article","og_title":"Di\u00e1logo sobre diligencia debida de las empresas en el sector del caf\u00e9 - Programme AL-INVEST Verde","og_description":"25 de julio de 2023.- AL-INVEST Verde organiz\u00f3 el pasado 20 de julio la mesa redonda \u201cEl caf\u00e9 y la Directiva europea sobre diligencia debida de las empresas&#8221;, que cont\u00f3 con la intervenci\u00f3n de representantes de la Comisi\u00f3n Europea, pa\u00edses productores de caf\u00e9 como Brasil y Colombia, y organizaciones internacionales que trabajan en la materia. [&hellip;]","og_url":"https:\/\/alinvest-verde.eu\/es_es\/dialogo-sobre-sobre-diligencia-debida-de-las-empresas-en-el-sector-del-cafe\/","og_site_name":"Programme AL-INVEST Verde","article_published_time":"2023-07-26T04:04:00+00:00","article_modified_time":"2024-07-05T15:21:58+00:00","og_image":[{"width":2560,"height":1920,"url":"https:\/\/alinvest-verde.eu\/wp-content\/uploads\/2023\/07\/andres-hernandez-fF9LOC5sMOQ-unsplash-scaled.jpg","type":"image\/jpeg"}],"author":"Azucena Garc\u00eda","twitter_card":"summary_large_image","twitter_creator":"@Frank Summa","twitter_misc":{"Escrito por":false,"Tiempo de lectura":"3 minutos"},"schema":{"@context":"https:\/\/schema.org","@graph":[{"@type":"Article","@id":"https:\/\/alinvest-verde.eu\/dialogo-sobre-sobre-diligencia-debida-de-las-empresas-en-el-sector-del-cafe\/#article","isPartOf":{"@id":"https:\/\/alinvest-verde.eu\/dialogo-sobre-sobre-diligencia-debida-de-las-empresas-en-el-sector-del-cafe\/"},"author":{"name":"Azucena Garc\u00eda","@id":"https:\/\/alinvest-verde.eu\/#\/schema\/person\/8804ec49772ba377829838bc11b6aa6b"},"headline":"Di\u00e1logo sobre diligencia debida de las empresas en el sector del caf\u00e9","datePublished":"2023-07-26T04:04:00+00:00","dateModified":"2024-07-05T15:21:58+00:00","mainEntityOfPage":{"@id":"https:\/\/alinvest-verde.eu\/dialogo-sobre-sobre-diligencia-debida-de-las-empresas-en-el-sector-del-cafe\/"},"wordCount":695,"publisher":{"@id":"https:\/\/alinvest-verde.eu\/#organization"},"image":{"@id":"https:\/\/alinvest-verde.eu\/dialogo-sobre-sobre-diligencia-debida-de-las-empresas-en-el-sector-del-cafe\/#primaryimage"},"thumbnailUrl":"https:\/\/alinvest-verde.eu\/wp-content\/uploads\/2023\/07\/andres-hernandez-fF9LOC5sMOQ-unsplash-scaled.jpg","keywords":["cadenas de valor","caf\u00e9","deforestaci\u00f3n","sostenibilidad","trazabilidad"],"articleSection":["2023","2023","Actualidad","Allgemein","Component 2","News"],"inLanguage":"es"},{"@type":"WebPage","@id":"https:\/\/alinvest-verde.eu\/dialogo-sobre-sobre-diligencia-debida-de-las-empresas-en-el-sector-del-cafe\/","url":"https:\/\/alinvest-verde.eu\/dialogo-sobre-sobre-diligencia-debida-de-las-empresas-en-el-sector-del-cafe\/","name":"Di\u00e1logo sobre diligencia debida de las empresas en el sector del caf\u00e9 - Programme AL-INVEST Verde","isPartOf":{"@id":"https:\/\/alinvest-verde.eu\/#website"},"primaryImageOfPage":{"@id":"https:\/\/alinvest-verde.eu\/dialogo-sobre-sobre-diligencia-debida-de-las-empresas-en-el-sector-del-cafe\/#primaryimage"},"image":{"@id":"https:\/\/alinvest-verde.eu\/dialogo-sobre-sobre-diligencia-debida-de-las-empresas-en-el-sector-del-cafe\/#primaryimage"},"thumbnailUrl":"https:\/\/alinvest-verde.eu\/wp-content\/uploads\/2023\/07\/andres-hernandez-fF9LOC5sMOQ-unsplash-scaled.jpg","datePublished":"2023-07-26T04:04:00+00:00","dateModified":"2024-07-05T15:21:58+00:00","breadcrumb":{"@id":"https:\/\/alinvest-verde.eu\/dialogo-sobre-sobre-diligencia-debida-de-las-empresas-en-el-sector-del-cafe\/#breadcrumb"},"inLanguage":"es","potentialAction":[{"@type":"ReadAction","target":["https:\/\/alinvest-verde.eu\/dialogo-sobre-sobre-diligencia-debida-de-las-empresas-en-el-sector-del-cafe\/"]}]},{"@type":"ImageObject","inLanguage":"es","@id":"https:\/\/alinvest-verde.eu\/dialogo-sobre-sobre-diligencia-debida-de-las-empresas-en-el-sector-del-cafe\/#primaryimage","url":"https:\/\/alinvest-verde.eu\/wp-content\/uploads\/2023\/07\/andres-hernandez-fF9LOC5sMOQ-unsplash-scaled.jpg","contentUrl":"https:\/\/alinvest-verde.eu\/wp-content\/uploads\/2023\/07\/andres-hernandez-fF9LOC5sMOQ-unsplash-scaled.jpg","width":2560,"height":1920},{"@type":"BreadcrumbList","@id":"https:\/\/alinvest-verde.eu\/dialogo-sobre-sobre-diligencia-debida-de-las-empresas-en-el-sector-del-cafe\/#breadcrumb","itemListElement":[{"@type":"ListItem","position":1,"name":"Inicio","item":"https:\/\/alinvest-verde.eu\/"},{"@type":"ListItem","position":2,"name":"Allgemein","item":"https:\/\/alinvest-verde.eu\/category\/allgemein\/"},{"@type":"ListItem","position":3,"name":"Di\u00e1logo sobre diligencia debida de las empresas en el sector del caf\u00e9"}]},{"@type":"WebSite","@id":"https:\/\/alinvest-verde.eu\/#website","url":"https:\/\/alinvest-verde.eu\/","name":"Programme AL-INVEST Verde","description":"Building alliances with the private sector in LA and promote sustainable growth and jobs creation by supporting the transition towards a low-carbon, resource-efficient economy","publisher":{"@id":"https:\/\/alinvest-verde.eu\/#organization"},"potentialAction":[{"@type":"SearchAction","target":{"@type":"EntryPoint","urlTemplate":"https:\/\/alinvest-verde.eu\/?s={search_term_string}"},"query-input":{"@type":"PropertyValueSpecification","valueRequired":true,"valueName":"search_term_string"}}],"inLanguage":"es"},{"@type":"Organization","@id":"https:\/\/alinvest-verde.eu\/#organization","name":"Programme AL-INVEST Verde","url":"https:\/\/alinvest-verde.eu\/","logo":{"@type":"ImageObject","inLanguage":"es","@id":"https:\/\/alinvest-verde.eu\/#\/schema\/logo\/image\/","url":"https:\/\/alinvest-verde.eu\/wp-content\/uploads\/2022\/01\/cropped-logo-financiado-por-la-UE.jpg","contentUrl":"https:\/\/alinvest-verde.eu\/wp-content\/uploads\/2022\/01\/cropped-logo-financiado-por-la-UE.jpg","width":756,"height":216,"caption":"Programme AL-INVEST Verde"},"image":{"@id":"https:\/\/alinvest-verde.eu\/#\/schema\/logo\/image\/"}},{"@type":"Person","@id":"https:\/\/alinvest-verde.eu\/#\/schema\/person\/8804ec49772ba377829838bc11b6aa6b","name":"Azucena Garc\u00eda","image":{"@type":"ImageObject","inLanguage":"es","@id":"https:\/\/secure.gravatar.com\/avatar\/fc4d91c562d3c4ac55cafd2f4ae4ebd513d2304b007a5c8d4f2d8543edeb9d79?s=96&d=mm&r=g","url":"https:\/\/secure.gravatar.com\/avatar\/fc4d91c562d3c4ac55cafd2f4ae4ebd513d2304b007a5c8d4f2d8543edeb9d79?s=96&d=mm&r=g","contentUrl":"https:\/\/secure.gravatar.com\/avatar\/fc4d91c562d3c4ac55cafd2f4ae4ebd513d2304b007a5c8d4f2d8543edeb9d79?s=96&d=mm&r=g","caption":"Azucena Garc\u00eda"},"sameAs":["https:\/\/x.com\/Frank Summa"],"url":"https:\/\/alinvest-verde.eu\/es_es\/author\/azucena-garcia\/"}]}},"_links":{"self":[{"href":"https:\/\/alinvest-verde.eu\/es_es\/wp-json\/wp\/v2\/posts\/8052","targetHints":{"allow":["GET"]}}],"collection":[{"href":"https:\/\/alinvest-verde.eu\/es_es\/wp-json\/wp\/v2\/posts"}],"about":[{"href":"https:\/\/alinvest-verde.eu\/es_es\/wp-json\/wp\/v2\/types\/post"}],"author":[{"embeddable":true,"href":"https:\/\/alinvest-verde.eu\/es_es\/wp-json\/wp\/v2\/users\/6"}],"replies":[{"embeddable":true,"href":"https:\/\/alinvest-verde.eu\/es_es\/wp-json\/wp\/v2\/comments?post=8052"}],"version-history":[{"count":5,"href":"https:\/\/alinvest-verde.eu\/es_es\/wp-json\/wp\/v2\/posts\/8052\/revisions"}],"predecessor-version":[{"id":8480,"href":"https:\/\/alinvest-verde.eu\/es_es\/wp-json\/wp\/v2\/posts\/8052\/revisions\/8480"}],"wp:featuredmedia":[{"embeddable":true,"href":"https:\/\/alinvest-verde.eu\/es_es\/wp-json\/wp\/v2\/media\/8056"}],"wp:attachment":[{"href":"https:\/\/alinvest-verde.eu\/es_es\/wp-json\/wp\/v2\/media?parent=8052"}],"wp:term":[{"taxonomy":"category","embeddable":true,"href":"https:\/\/alinvest-verde.eu\/es_es\/wp-json\/wp\/v2\/categories?post=8052"},{"taxonomy":"post_tag","embeddable":true,"href":"https:\/\/alinvest-verde.eu\/es_es\/wp-json\/wp\/v2\/tags?post=8052"}],"curies":[{"name":"wp","href":"https:\/\/api.w.org\/{rel}","templated":true}]}}