{"id":9227,"date":"2023-10-13T13:57:09","date_gmt":"2023-10-13T11:57:09","guid":{"rendered":"https:\/\/alinvest-verde.eu\/?p=9227"},"modified":"2024-07-05T17:21:58","modified_gmt":"2024-07-05T15:21:58","slug":"uruguay-y-paraguay-visitan-experiencias-de-certificacion-forestal-en-espana","status":"publish","type":"post","link":"https:\/\/alinvest-verde.eu\/es_es\/uruguay-y-paraguay-visitan-experiencias-de-certificacion-forestal-en-espana\/","title":{"rendered":"Uruguay y Paraguay visitan experiencias de certificaci\u00f3n agroforestal en Espa\u00f1a"},"content":{"rendered":"\t\t<div data-elementor-type=\"wp-post\" data-elementor-id=\"9227\" class=\"elementor elementor-9227\" data-elementor-post-type=\"post\">\n\t\t\t\t\t\t<section class=\"elementor-section elementor-top-section elementor-element elementor-element-49911310 elementor-section-boxed elementor-section-height-default elementor-section-height-default\" data-id=\"49911310\" data-element_type=\"section\" data-e-type=\"section\">\n\t\t\t\t\t\t<div class=\"elementor-container elementor-column-gap-default\">\n\t\t\t\t\t<div class=\"elementor-column elementor-col-100 elementor-top-column elementor-element elementor-element-6874a52e\" data-id=\"6874a52e\" data-element_type=\"column\" data-e-type=\"column\">\n\t\t\t<div class=\"elementor-widget-wrap elementor-element-populated\">\n\t\t\t\t\t\t<div class=\"elementor-element elementor-element-74ed91e0 elementor-widget elementor-widget-text-editor\" data-id=\"74ed91e0\" data-element_type=\"widget\" data-e-type=\"widget\" data-widget_type=\"text-editor.default\">\n\t\t\t\t<div class=\"elementor-widget-container\">\n\t\t\t\t\t\t\t\t\t\n<p class=\"wp-block-paragraph\"><strong>Madrid, 13 de octubre de 2023.-<\/strong> Una delegaci\u00f3n de t\u00e9cnicos de la Direcci\u00f3n General Forestal del Ministerio de Ganader\u00eda, Agricultura y Pesca (DGF-MGAP) de Uruguay y de la Red de Inversiones y Exportaciones (REDIEX) del Ministerio de Industria y Comercio de Paraguay visitaron Espa\u00f1a del 25 al 29 de septiembre para conocer experiencias de certificaci\u00f3n agroforestal. La visita se enmarca en la asistencia t\u00e9cnica que el <a href=\"https:\/\/alinvest-verde.eu\/es_es\/acerca-del-componente-2\/\">Componente 2<\/a> de AL-INVEST Verde, liderado por FIIAPP en consorcio con IILA, presta a ambas instituciones a trav\u00e9s de <a href=\"https:\/\/idaf.es\/\">IDAF<\/a> (Centro de Investigaciones Aplicadas al Desarrollo Agroforestal).<\/p>\n\n<p class=\"wp-block-paragraph\">Se espera que las iniciativas visitadas contribuyan al dise\u00f1o de un sistema de certificaci\u00f3n de productos agroexportables procedentes de fincas que realizan un manejo sostenible del bosque nativo en Uruguay, as\u00ed como al conocimiento de estrategias europeas de certificaci\u00f3n de productos forestales por parte de Paraguay. Con este fin, se visitaron cinco experiencias de certificaci\u00f3n promovidas por entidades del <strong>\u00e1mbito p\u00fablico y privado<\/strong>, donde las delegaciones pudieron conocer sus enfoques en el \u00e1mbito de la certificaci\u00f3n.<\/p>\n\n<p class=\"wp-block-paragraph\">La misi\u00f3n inici\u00f3 con diversas reuniones con t\u00e9cnicos del Ministerio para la Transici\u00f3n Ecol\u00f3gica y el Reto Demogr\u00e1fico de Espa\u00f1a. Se celebraron encuentros con la Subdirecci\u00f3n General de Pol\u00edtica Forestal y Lucha contra la Desertificaci\u00f3n, con la Subdirecci\u00f3n General de Biodiversidad Terrestre y Marina y con la Direcci\u00f3n General de Planificaci\u00f3n y Ordenaci\u00f3n Forestal de la Xunta de Galicia.<\/p>\n\n<p class=\"wp-block-paragraph\">En los encuentros, se comparti\u00f3 informaci\u00f3n sobre\u00a0<strong>instrumentos normativos y pol\u00edticos de gesti\u00f3n y planificaci\u00f3n forestal, sistemas de certificaci\u00f3n forestal<\/strong> o el <a href=\"https:\/\/alinvest-verde.eu\/es_es\/reglamentos-de-cadenas-de-suministro-libres-de-deforestacion\/\">reglamento de la Uni\u00f3n Europea de cadenas de suministro libres de deforestaci\u00f3n y degradaci\u00f3n forestal<\/a>, entre otras cuestiones. Tambi\u00e9n se mantuvieron reuniones en el Ministerio de Transportes, Movilidad y Agenda Urbana para conocer, entre otros, <a href=\"https:\/\/www.copernicus.eu\/es\">Copernicus<\/a>, el Programa de Observaci\u00f3n de la Tierra de la Uni\u00f3n Europea.<\/p>\n\n<p class=\"wp-block-paragraph\"><strong>Experiencias europeas<\/strong><\/p>\n\n<p class=\"wp-block-paragraph\">En los d\u00edas siguientes, se visitaron experiencias relevantes que cuentan con la participaci\u00f3n de diferentes actores. En el municipio de <strong>Cuenca<\/strong>, se visit\u00f3 el Monte de Utilidad P\u00fablica (MUP) &#8220;Los Palancares y Agregados&#8221;, gestionado por la Junta de Comunidades de Castilla-La Mancha. Cuenca alberga la mayor extensi\u00f3n forestal dentro de la Uni\u00f3n Europea, con m\u00e1s de 53.000 hect\u00e1reas de bosques ordenados. Esta visita permiti\u00f3 conocer c\u00f3mo se maneja un MUP para el aprovechamiento de todos sus subproductos y su posterior comercializaci\u00f3n.<\/p>\n\n<p class=\"wp-block-paragraph\">En la zona rural de <strong>Sevilla<\/strong>, se visit\u00f3 el <a href=\"https:\/\/ruralinnovationhub.com\/\">Rural Innovation Hub<\/a> \u201cEl Valenciano\u201d, un espacio polivalente habilitado como laboratorio de innovaci\u00f3n, incubadora de negocios y comunidades de empresas. Las delegaciones tuvieron la oportunidad de saber m\u00e1s sobre estrategias para aumentar el potencial de captura de carbono en el cultivo del olivar, las principales certificaciones de calidad utilizadas en Andaluc\u00eda y la cadena de custodia de los productos agr\u00edcolas.<\/p>\n\n<p class=\"wp-block-paragraph\">La misi\u00f3n continu\u00f3 con un encuentro en la <strong>Universidad de C\u00f3rdoba<\/strong> para conocer los proyectos de investigaci\u00f3n llevados a cabo en relaci\u00f3n con el uso de la tecnolog\u00eda en el sector forestal, la digitalizaci\u00f3n y las herramientas para el monitoreo forestal.<\/p>\n\n<p class=\"wp-block-paragraph\">En las provincias de <strong>Ja\u00e9n <\/strong>y<strong> Toledo<\/strong>, se visitaron dos explotaciones olivareras de secano y una almazara que participan en el proyecto europeo <a href=\"https:\/\/www.olivaresvivos.com\/life-olivares-plus\/\">LIFE Olivares Vivos +<\/a>, liderado por la Sociedad Espa\u00f1ola de Ornitolog\u00eda (SEO Birdlife) en consorcio con la Diputaci\u00f3n de Ja\u00e9n, la Universidad de Ja\u00e9n y el Consejo Superior de Investigaciones Cient\u00edficas (CSIC), entre otras. El proyecto busca recuperar la biodiversidad del olivar mediante el mantenimiento de las cubiertas herb\u00e1ceas, la introducci\u00f3n de flora aut\u00f3ctona en espacios improductivos y el desarrollo de distintas instalaciones para aumentar la fauna. \u00a0El aceite de oliva virgen extra producido bajo este esquema se certifica con el Sello Olivares Vivos validado por AENOR y se destina a exportaci\u00f3n.<\/p>\n<p>La conservaci\u00f3n del olivar tradicional es una de las principales apuestas de la Pol\u00edtica Agraria Com\u00fan. Con m\u00e1s del 50 % de la superficie total de olivos de la Uni\u00f3n Europea, Espa\u00f1a es l\u00edder en este \u00e1mbito. A nivel nacional, la provincia de Ja\u00e9n cuenta con la mayor extensi\u00f3n de olivares, con cerca de 600.000 hect\u00e1reas.<\/p>\n\n<p class=\"wp-block-paragraph\">La misi\u00f3n termin\u00f3 en el Centro de Formaci\u00f3n Agraria y Forestal de Coca, en <strong>Segovia<\/strong>, donde se mantuvo un encuentro con t\u00e9cnicos de la Junta de Castilla y Le\u00f3n y <a href=\"https:\/\/www.pefc.es\/\">PEFC Espa\u00f1a<\/a>, Programa para el Reconocimiento de la Certificaci\u00f3n Forestal. En el encuentro, que cont\u00f3 con la presencia de Ana Bel\u00e9n Noriega, CEO de PEFC Espa\u00f1a, se analiz\u00f3 la importancia de los planes de gesti\u00f3n integral (PGI) de montes, la certificaci\u00f3n regional como modelo \u00fanico y la colaboraci\u00f3n p\u00fablico-privada de gesti\u00f3n corresponsable de territorio.<\/p>\n\n<p class=\"wp-block-paragraph\">Posteriormente, se organiz\u00f3 una salida a un MUP, donde t\u00e9cnicos de la Junta de Castilla y Le\u00f3n explicaron el proceso de aprovechamiento de la resina, el corcho y la madera. La jornada termin\u00f3 con la visita a la primera empresa del sector forestal en certificarse de acuerdo a la norma ISO 9000 de Calidad.<\/p>\n\n<p class=\"wp-block-paragraph\">La delegaci\u00f3n de Uruguay estuvo conformada por Mar\u00eda Emilia Arriaga, jefa del departamento de Evaluaci\u00f3n de pol\u00edticas y nuevos proyectos de la <strong>Divisi\u00f3n de Evaluaci\u00f3n e Informaci\u00f3n<\/strong>, junto con el director de la <strong>Divisi\u00f3n de Gesti\u00f3n de Bosques<\/strong>, Joaqu\u00edn Garrido, y los t\u00e9cnicos de esta \u00e1rea Agust\u00edn B\u00f3ffano, jefe de departamento de Regionales del Interior y Extensi\u00f3n; Eduardo D\u00edaz, jefe del departamento de Control, Planes y Proyectos; Laura Izuibejeres, referente en G\u00e9nero, y Andr\u00e9s Gonz\u00e1lez. Por parte de Paraguay, acudi\u00f3 Jos\u00e9 Ayala, especialista de la <strong>plataforma forestal y floricultura<\/strong> del REDIEX.<\/p>\n\n<p class=\"wp-block-paragraph\"><strong>Acciones en Uruguay y Paraguay<\/strong><\/p>\n\n<p class=\"wp-block-paragraph\">En <a href=\"https:\/\/alinvest-verde.eu\/es_es\/accion-uruguay-bosques-nativos\/\">Uruguay<\/a>, AL-INVEST Verde coopera con la Direcci\u00f3n General Forestal (DGF) del Ministerio de Ganader\u00eda, Agricultura y Pesca (MGAP) para elaborar una propuesta de sistema nacional de certificaci\u00f3n p\u00fablico de productos agroexportables originados en explotaciones que realizan un manejo sostenible de los bosques nativos.<\/p>\n\n<p class=\"wp-block-paragraph\">En <a href=\"https:\/\/alinvest-verde.eu\/es_es\/accion-paraguay-sector-forestal\/\">Paraguay<\/a>, AL-INVEST Verde colabora con la Red de Inversiones y Exportaciones (REDIEX), organismo dependiente del Ministerio de Industria y Comercio (MIC), para apoyar la transici\u00f3n hacia la sostenibilidad de la cadena forestal. El objetivo es incrementar el volumen de madera y derivados exportado a la Uni\u00f3n Europea y expandirse a nuevos mercados.<\/p>\n\n<p class=\"wp-block-paragraph\"><strong>Acerca de AL-INVEST Verde<\/strong><\/p>\n\n<p class=\"wp-block-paragraph\">AL-INVEST Verde es un programa de la Uni\u00f3n Europea (UE) cuyo principal objetivo es promover el crecimiento sostenible y la creaci\u00f3n de empleo en Am\u00e9rica Latina, apoyando la transici\u00f3n hacia una econom\u00eda baja en carbono, eficiente en recursos y m\u00e1s circular. A trav\u00e9s del Componente 2, liderado por FIIAPP en consorcio con IILA, el programa proporciona asistencia para el fortalecimiento de las pol\u00edticas p\u00fablicas y los di\u00e1logos entre m\u00faltiples partes interesadas sobre las cadenas agr\u00edcolas y de valor sostenibles, las normas ambientales y laborales, as\u00ed como la pol\u00edtica comercial y econ\u00f3mica sostenible y los marcos regulatorios.<\/p>\n\t\t\t\t\t\t\t\t<\/div>\n\t\t\t\t<\/div>\n\t\t\t\t\t<\/div>\n\t\t<\/div>\n\t\t\t\t\t<\/div>\n\t\t<\/section>\n\t\t\t\t<section class=\"elementor-section elementor-top-section elementor-element elementor-element-ef9b355 elementor-section-boxed elementor-section-height-default elementor-section-height-default\" data-id=\"ef9b355\" data-element_type=\"section\" data-e-type=\"section\">\n\t\t\t\t\t\t<div class=\"elementor-container elementor-column-gap-default\">\n\t\t\t\t\t<div class=\"elementor-column elementor-col-100 elementor-top-column elementor-element elementor-element-d1300fd\" data-id=\"d1300fd\" data-element_type=\"column\" data-e-type=\"column\">\n\t\t\t<div class=\"elementor-widget-wrap elementor-element-populated\">\n\t\t\t\t\t\t<div class=\"elementor-element elementor-element-32c86fb elementor-widget elementor-widget-html\" data-id=\"32c86fb\" data-element_type=\"widget\" data-e-type=\"widget\" data-widget_type=\"html.default\">\n\t\t\t\t<div class=\"elementor-widget-container\">\n\t\t\t\t\t<a data-flickr-embed=\"true\" href=\"https:\/\/www.flickr.com\/photos\/al-investverde\/albums\/72177720311890415\" title=\"Uruguay y Paraguay visitan experiencias de certificaci\u00f3n forestal en Espa\u00f1a\"><img fetchpriority=\"high\" decoding=\"async\" src=\"https:\/\/live.staticflickr.com\/65535\/53255168328_d1bdf40c06_z.jpg\" width=\"640\" height=\"480\" alt=\"Uruguay y Paraguay visitan experiencias de certificaci\u00f3n forestal en Espa\u00f1a\"\/><\/a><script async src=\"\/\/embedr.flickr.com\/assets\/client-code.js\" charset=\"utf-8\"><\/script>\t\t\t\t<\/div>\n\t\t\t\t<\/div>\n\t\t\t\t\t<\/div>\n\t\t<\/div>\n\t\t\t\t\t<\/div>\n\t\t<\/section>\n\t\t\t\t<\/div>\n\t\t","protected":false},"excerpt":{"rendered":"<p>Madrid, 13 de octubre de 2023.- Una delegaci\u00f3n de t\u00e9cnicos de la Direcci\u00f3n General Forestal del Ministerio de Ganader\u00eda, Agricultura y Pesca (DGF-MGAP) de Uruguay y de la Red de Inversiones y Exportaciones (REDIEX) del Ministerio de Industria y Comercio de Paraguay visitaron Espa\u00f1a del 25 al 29 de septiembre para conocer experiencias de certificaci\u00f3n [&hellip;]<\/p>\n","protected":false},"author":6,"featured_media":9228,"comment_status":"closed","ping_status":"closed","sticky":false,"template":"","format":"standard","meta":{"footnotes":""},"categories":[60,54,24,1,19,20],"tags":[21,25,38,43],"class_list":["post-9227","post","type-post","status-publish","format-standard","has-post-thumbnail","hentry","category-2023-news","category-2023-component-2","category-actualidad","category-allgemein","category-component-2","category-news","tag-cadenas-de-valor","tag-componente-2","tag-deforestacion","tag-trazabilidad"],"yoast_head":"<!-- This site is optimized with the Yoast SEO plugin v28.4 - https:\/\/yoast.com\/product\/yoast-seo-wordpress\/ -->\n<title>Uruguay y Paraguay visitan experiencias de certificaci\u00f3n agroforestal en Espa\u00f1a - Programme AL-INVEST Verde<\/title>\n<meta name=\"robots\" content=\"index, follow, max-snippet:-1, max-image-preview:large, max-video-preview:-1\" \/>\n<link rel=\"canonical\" href=\"https:\/\/alinvest-verde.eu\/es_es\/uruguay-y-paraguay-visitan-experiencias-de-certificacion-forestal-en-espana\/\" \/>\n<meta property=\"og:locale\" content=\"es_ES\" \/>\n<meta property=\"og:type\" content=\"article\" \/>\n<meta property=\"og:title\" content=\"Uruguay y Paraguay visitan experiencias de certificaci\u00f3n agroforestal en Espa\u00f1a - Programme AL-INVEST Verde\" \/>\n<meta property=\"og:description\" content=\"Madrid, 13 de octubre de 2023.- Una delegaci\u00f3n de t\u00e9cnicos de la Direcci\u00f3n General Forestal del Ministerio de Ganader\u00eda, Agricultura y Pesca (DGF-MGAP) de Uruguay y de la Red de Inversiones y Exportaciones (REDIEX) del Ministerio de Industria y Comercio de Paraguay visitaron Espa\u00f1a del 25 al 29 de septiembre para conocer experiencias de certificaci\u00f3n [&hellip;]\" \/>\n<meta property=\"og:url\" content=\"https:\/\/alinvest-verde.eu\/es_es\/uruguay-y-paraguay-visitan-experiencias-de-certificacion-forestal-en-espana\/\" \/>\n<meta property=\"og:site_name\" content=\"Programme AL-INVEST Verde\" \/>\n<meta property=\"article:published_time\" content=\"2023-10-13T11:57:09+00:00\" \/>\n<meta property=\"article:modified_time\" content=\"2024-07-05T15:21:58+00:00\" \/>\n<meta property=\"og:image\" content=\"https:\/\/alinvest-verde.eu\/wp-content\/uploads\/2023\/10\/Ministerio-de-Transportes-2.jpg\" \/>\n\t<meta property=\"og:image:width\" content=\"2554\" \/>\n\t<meta property=\"og:image:height\" content=\"1835\" \/>\n\t<meta property=\"og:image:type\" content=\"image\/jpeg\" \/>\n<meta name=\"author\" content=\"Azucena Garc\u00eda\" \/>\n<meta name=\"twitter:card\" content=\"summary_large_image\" \/>\n<meta name=\"twitter:creator\" content=\"@Frank Summa\" \/>\n<meta name=\"twitter:label1\" content=\"Escrito por\" \/>\n\t<meta name=\"twitter:data1\" content=\"\" \/>\n\t<meta name=\"twitter:label2\" content=\"Tiempo de lectura\" \/>\n\t<meta name=\"twitter:data2\" content=\"6 minutos\" \/>\n<script type=\"application\/ld+json\" class=\"yoast-schema-graph\">{\"@context\":\"https:\\\/\\\/schema.org\",\"@graph\":[{\"@type\":\"Article\",\"@id\":\"https:\\\/\\\/alinvest-verde.eu\\\/uruguay-y-paraguay-visitan-experiencias-de-certificacion-forestal-en-espana\\\/#article\",\"isPartOf\":{\"@id\":\"https:\\\/\\\/alinvest-verde.eu\\\/uruguay-y-paraguay-visitan-experiencias-de-certificacion-forestal-en-espana\\\/\"},\"author\":{\"name\":\"Azucena Garc\u00eda\",\"@id\":\"https:\\\/\\\/alinvest-verde.eu\\\/#\\\/schema\\\/person\\\/8804ec49772ba377829838bc11b6aa6b\"},\"headline\":\"Uruguay y Paraguay visitan experiencias de certificaci\u00f3n agroforestal en Espa\u00f1a\",\"datePublished\":\"2023-10-13T11:57:09+00:00\",\"dateModified\":\"2024-07-05T15:21:58+00:00\",\"mainEntityOfPage\":{\"@id\":\"https:\\\/\\\/alinvest-verde.eu\\\/uruguay-y-paraguay-visitan-experiencias-de-certificacion-forestal-en-espana\\\/\"},\"wordCount\":1224,\"publisher\":{\"@id\":\"https:\\\/\\\/alinvest-verde.eu\\\/#organization\"},\"image\":{\"@id\":\"https:\\\/\\\/alinvest-verde.eu\\\/uruguay-y-paraguay-visitan-experiencias-de-certificacion-forestal-en-espana\\\/#primaryimage\"},\"thumbnailUrl\":\"https:\\\/\\\/alinvest-verde.eu\\\/wp-content\\\/uploads\\\/2023\\\/10\\\/Ministerio-de-Transportes-2.jpg\",\"keywords\":[\"cadenas de valor\",\"Componente 2\",\"deforestaci\u00f3n\",\"trazabilidad\"],\"articleSection\":[\"2023\",\"2023\",\"Actualidad\",\"Allgemein\",\"Component 2\",\"News\"],\"inLanguage\":\"es\"},{\"@type\":\"WebPage\",\"@id\":\"https:\\\/\\\/alinvest-verde.eu\\\/uruguay-y-paraguay-visitan-experiencias-de-certificacion-forestal-en-espana\\\/\",\"url\":\"https:\\\/\\\/alinvest-verde.eu\\\/uruguay-y-paraguay-visitan-experiencias-de-certificacion-forestal-en-espana\\\/\",\"name\":\"Uruguay y Paraguay visitan experiencias de certificaci\u00f3n agroforestal en Espa\u00f1a - Programme AL-INVEST Verde\",\"isPartOf\":{\"@id\":\"https:\\\/\\\/alinvest-verde.eu\\\/#website\"},\"primaryImageOfPage\":{\"@id\":\"https:\\\/\\\/alinvest-verde.eu\\\/uruguay-y-paraguay-visitan-experiencias-de-certificacion-forestal-en-espana\\\/#primaryimage\"},\"image\":{\"@id\":\"https:\\\/\\\/alinvest-verde.eu\\\/uruguay-y-paraguay-visitan-experiencias-de-certificacion-forestal-en-espana\\\/#primaryimage\"},\"thumbnailUrl\":\"https:\\\/\\\/alinvest-verde.eu\\\/wp-content\\\/uploads\\\/2023\\\/10\\\/Ministerio-de-Transportes-2.jpg\",\"datePublished\":\"2023-10-13T11:57:09+00:00\",\"dateModified\":\"2024-07-05T15:21:58+00:00\",\"breadcrumb\":{\"@id\":\"https:\\\/\\\/alinvest-verde.eu\\\/uruguay-y-paraguay-visitan-experiencias-de-certificacion-forestal-en-espana\\\/#breadcrumb\"},\"inLanguage\":\"es\",\"potentialAction\":[{\"@type\":\"ReadAction\",\"target\":[\"https:\\\/\\\/alinvest-verde.eu\\\/uruguay-y-paraguay-visitan-experiencias-de-certificacion-forestal-en-espana\\\/\"]}]},{\"@type\":\"ImageObject\",\"inLanguage\":\"es\",\"@id\":\"https:\\\/\\\/alinvest-verde.eu\\\/uruguay-y-paraguay-visitan-experiencias-de-certificacion-forestal-en-espana\\\/#primaryimage\",\"url\":\"https:\\\/\\\/alinvest-verde.eu\\\/wp-content\\\/uploads\\\/2023\\\/10\\\/Ministerio-de-Transportes-2.jpg\",\"contentUrl\":\"https:\\\/\\\/alinvest-verde.eu\\\/wp-content\\\/uploads\\\/2023\\\/10\\\/Ministerio-de-Transportes-2.jpg\",\"width\":2554,\"height\":1835},{\"@type\":\"BreadcrumbList\",\"@id\":\"https:\\\/\\\/alinvest-verde.eu\\\/uruguay-y-paraguay-visitan-experiencias-de-certificacion-forestal-en-espana\\\/#breadcrumb\",\"itemListElement\":[{\"@type\":\"ListItem\",\"position\":1,\"name\":\"Inicio\",\"item\":\"https:\\\/\\\/alinvest-verde.eu\\\/\"},{\"@type\":\"ListItem\",\"position\":2,\"name\":\"Allgemein\",\"item\":\"https:\\\/\\\/alinvest-verde.eu\\\/category\\\/allgemein\\\/\"},{\"@type\":\"ListItem\",\"position\":3,\"name\":\"Uruguay y Paraguay visitan experiencias de certificaci\u00f3n agroforestal en Espa\u00f1a\"}]},{\"@type\":\"WebSite\",\"@id\":\"https:\\\/\\\/alinvest-verde.eu\\\/#website\",\"url\":\"https:\\\/\\\/alinvest-verde.eu\\\/\",\"name\":\"Programme AL-INVEST Verde\",\"description\":\"Building alliances with the private sector in LA and promote sustainable growth and jobs creation by supporting the transition towards a low-carbon, resource-efficient economy\",\"publisher\":{\"@id\":\"https:\\\/\\\/alinvest-verde.eu\\\/#organization\"},\"potentialAction\":[{\"@type\":\"SearchAction\",\"target\":{\"@type\":\"EntryPoint\",\"urlTemplate\":\"https:\\\/\\\/alinvest-verde.eu\\\/?s={search_term_string}\"},\"query-input\":{\"@type\":\"PropertyValueSpecification\",\"valueRequired\":true,\"valueName\":\"search_term_string\"}}],\"inLanguage\":\"es\"},{\"@type\":\"Organization\",\"@id\":\"https:\\\/\\\/alinvest-verde.eu\\\/#organization\",\"name\":\"Programme AL-INVEST Verde\",\"url\":\"https:\\\/\\\/alinvest-verde.eu\\\/\",\"logo\":{\"@type\":\"ImageObject\",\"inLanguage\":\"es\",\"@id\":\"https:\\\/\\\/alinvest-verde.eu\\\/#\\\/schema\\\/logo\\\/image\\\/\",\"url\":\"https:\\\/\\\/alinvest-verde.eu\\\/wp-content\\\/uploads\\\/2022\\\/01\\\/cropped-logo-financiado-por-la-UE.jpg\",\"contentUrl\":\"https:\\\/\\\/alinvest-verde.eu\\\/wp-content\\\/uploads\\\/2022\\\/01\\\/cropped-logo-financiado-por-la-UE.jpg\",\"width\":756,\"height\":216,\"caption\":\"Programme AL-INVEST Verde\"},\"image\":{\"@id\":\"https:\\\/\\\/alinvest-verde.eu\\\/#\\\/schema\\\/logo\\\/image\\\/\"}},{\"@type\":\"Person\",\"@id\":\"https:\\\/\\\/alinvest-verde.eu\\\/#\\\/schema\\\/person\\\/8804ec49772ba377829838bc11b6aa6b\",\"name\":\"Azucena Garc\u00eda\",\"image\":{\"@type\":\"ImageObject\",\"inLanguage\":\"es\",\"@id\":\"https:\\\/\\\/secure.gravatar.com\\\/avatar\\\/fc4d91c562d3c4ac55cafd2f4ae4ebd513d2304b007a5c8d4f2d8543edeb9d79?s=96&d=mm&r=g\",\"url\":\"https:\\\/\\\/secure.gravatar.com\\\/avatar\\\/fc4d91c562d3c4ac55cafd2f4ae4ebd513d2304b007a5c8d4f2d8543edeb9d79?s=96&d=mm&r=g\",\"contentUrl\":\"https:\\\/\\\/secure.gravatar.com\\\/avatar\\\/fc4d91c562d3c4ac55cafd2f4ae4ebd513d2304b007a5c8d4f2d8543edeb9d79?s=96&d=mm&r=g\",\"caption\":\"Azucena Garc\u00eda\"},\"sameAs\":[\"https:\\\/\\\/x.com\\\/Frank Summa\"],\"url\":\"https:\\\/\\\/alinvest-verde.eu\\\/es_es\\\/author\\\/azucena-garcia\\\/\"}]}<\/script>\n<!-- \/ Yoast SEO plugin. -->","yoast_head_json":{"title":"Uruguay y Paraguay visitan experiencias de certificaci\u00f3n agroforestal en Espa\u00f1a - Programme AL-INVEST Verde","robots":{"index":"index","follow":"follow","max-snippet":"max-snippet:-1","max-image-preview":"max-image-preview:large","max-video-preview":"max-video-preview:-1"},"canonical":"https:\/\/alinvest-verde.eu\/es_es\/uruguay-y-paraguay-visitan-experiencias-de-certificacion-forestal-en-espana\/","og_locale":"es_ES","og_type":"article","og_title":"Uruguay y Paraguay visitan experiencias de certificaci\u00f3n agroforestal en Espa\u00f1a - Programme AL-INVEST Verde","og_description":"Madrid, 13 de octubre de 2023.- Una delegaci\u00f3n de t\u00e9cnicos de la Direcci\u00f3n General Forestal del Ministerio de Ganader\u00eda, Agricultura y Pesca (DGF-MGAP) de Uruguay y de la Red de Inversiones y Exportaciones (REDIEX) del Ministerio de Industria y Comercio de Paraguay visitaron Espa\u00f1a del 25 al 29 de septiembre para conocer experiencias de certificaci\u00f3n [&hellip;]","og_url":"https:\/\/alinvest-verde.eu\/es_es\/uruguay-y-paraguay-visitan-experiencias-de-certificacion-forestal-en-espana\/","og_site_name":"Programme AL-INVEST Verde","article_published_time":"2023-10-13T11:57:09+00:00","article_modified_time":"2024-07-05T15:21:58+00:00","og_image":[{"width":2554,"height":1835,"url":"https:\/\/alinvest-verde.eu\/wp-content\/uploads\/2023\/10\/Ministerio-de-Transportes-2.jpg","type":"image\/jpeg"}],"author":"Azucena Garc\u00eda","twitter_card":"summary_large_image","twitter_creator":"@Frank Summa","twitter_misc":{"Escrito por":false,"Tiempo de lectura":"6 minutos"},"schema":{"@context":"https:\/\/schema.org","@graph":[{"@type":"Article","@id":"https:\/\/alinvest-verde.eu\/uruguay-y-paraguay-visitan-experiencias-de-certificacion-forestal-en-espana\/#article","isPartOf":{"@id":"https:\/\/alinvest-verde.eu\/uruguay-y-paraguay-visitan-experiencias-de-certificacion-forestal-en-espana\/"},"author":{"name":"Azucena Garc\u00eda","@id":"https:\/\/alinvest-verde.eu\/#\/schema\/person\/8804ec49772ba377829838bc11b6aa6b"},"headline":"Uruguay y Paraguay visitan experiencias de certificaci\u00f3n agroforestal en Espa\u00f1a","datePublished":"2023-10-13T11:57:09+00:00","dateModified":"2024-07-05T15:21:58+00:00","mainEntityOfPage":{"@id":"https:\/\/alinvest-verde.eu\/uruguay-y-paraguay-visitan-experiencias-de-certificacion-forestal-en-espana\/"},"wordCount":1224,"publisher":{"@id":"https:\/\/alinvest-verde.eu\/#organization"},"image":{"@id":"https:\/\/alinvest-verde.eu\/uruguay-y-paraguay-visitan-experiencias-de-certificacion-forestal-en-espana\/#primaryimage"},"thumbnailUrl":"https:\/\/alinvest-verde.eu\/wp-content\/uploads\/2023\/10\/Ministerio-de-Transportes-2.jpg","keywords":["cadenas de valor","Componente 2","deforestaci\u00f3n","trazabilidad"],"articleSection":["2023","2023","Actualidad","Allgemein","Component 2","News"],"inLanguage":"es"},{"@type":"WebPage","@id":"https:\/\/alinvest-verde.eu\/uruguay-y-paraguay-visitan-experiencias-de-certificacion-forestal-en-espana\/","url":"https:\/\/alinvest-verde.eu\/uruguay-y-paraguay-visitan-experiencias-de-certificacion-forestal-en-espana\/","name":"Uruguay y Paraguay visitan experiencias de certificaci\u00f3n agroforestal en Espa\u00f1a - Programme AL-INVEST Verde","isPartOf":{"@id":"https:\/\/alinvest-verde.eu\/#website"},"primaryImageOfPage":{"@id":"https:\/\/alinvest-verde.eu\/uruguay-y-paraguay-visitan-experiencias-de-certificacion-forestal-en-espana\/#primaryimage"},"image":{"@id":"https:\/\/alinvest-verde.eu\/uruguay-y-paraguay-visitan-experiencias-de-certificacion-forestal-en-espana\/#primaryimage"},"thumbnailUrl":"https:\/\/alinvest-verde.eu\/wp-content\/uploads\/2023\/10\/Ministerio-de-Transportes-2.jpg","datePublished":"2023-10-13T11:57:09+00:00","dateModified":"2024-07-05T15:21:58+00:00","breadcrumb":{"@id":"https:\/\/alinvest-verde.eu\/uruguay-y-paraguay-visitan-experiencias-de-certificacion-forestal-en-espana\/#breadcrumb"},"inLanguage":"es","potentialAction":[{"@type":"ReadAction","target":["https:\/\/alinvest-verde.eu\/uruguay-y-paraguay-visitan-experiencias-de-certificacion-forestal-en-espana\/"]}]},{"@type":"ImageObject","inLanguage":"es","@id":"https:\/\/alinvest-verde.eu\/uruguay-y-paraguay-visitan-experiencias-de-certificacion-forestal-en-espana\/#primaryimage","url":"https:\/\/alinvest-verde.eu\/wp-content\/uploads\/2023\/10\/Ministerio-de-Transportes-2.jpg","contentUrl":"https:\/\/alinvest-verde.eu\/wp-content\/uploads\/2023\/10\/Ministerio-de-Transportes-2.jpg","width":2554,"height":1835},{"@type":"BreadcrumbList","@id":"https:\/\/alinvest-verde.eu\/uruguay-y-paraguay-visitan-experiencias-de-certificacion-forestal-en-espana\/#breadcrumb","itemListElement":[{"@type":"ListItem","position":1,"name":"Inicio","item":"https:\/\/alinvest-verde.eu\/"},{"@type":"ListItem","position":2,"name":"Allgemein","item":"https:\/\/alinvest-verde.eu\/category\/allgemein\/"},{"@type":"ListItem","position":3,"name":"Uruguay y Paraguay visitan experiencias de certificaci\u00f3n agroforestal en Espa\u00f1a"}]},{"@type":"WebSite","@id":"https:\/\/alinvest-verde.eu\/#website","url":"https:\/\/alinvest-verde.eu\/","name":"Programme AL-INVEST Verde","description":"Building alliances with the private sector in LA and promote sustainable growth and jobs creation by supporting the transition towards a low-carbon, resource-efficient economy","publisher":{"@id":"https:\/\/alinvest-verde.eu\/#organization"},"potentialAction":[{"@type":"SearchAction","target":{"@type":"EntryPoint","urlTemplate":"https:\/\/alinvest-verde.eu\/?s={search_term_string}"},"query-input":{"@type":"PropertyValueSpecification","valueRequired":true,"valueName":"search_term_string"}}],"inLanguage":"es"},{"@type":"Organization","@id":"https:\/\/alinvest-verde.eu\/#organization","name":"Programme AL-INVEST Verde","url":"https:\/\/alinvest-verde.eu\/","logo":{"@type":"ImageObject","inLanguage":"es","@id":"https:\/\/alinvest-verde.eu\/#\/schema\/logo\/image\/","url":"https:\/\/alinvest-verde.eu\/wp-content\/uploads\/2022\/01\/cropped-logo-financiado-por-la-UE.jpg","contentUrl":"https:\/\/alinvest-verde.eu\/wp-content\/uploads\/2022\/01\/cropped-logo-financiado-por-la-UE.jpg","width":756,"height":216,"caption":"Programme AL-INVEST Verde"},"image":{"@id":"https:\/\/alinvest-verde.eu\/#\/schema\/logo\/image\/"}},{"@type":"Person","@id":"https:\/\/alinvest-verde.eu\/#\/schema\/person\/8804ec49772ba377829838bc11b6aa6b","name":"Azucena Garc\u00eda","image":{"@type":"ImageObject","inLanguage":"es","@id":"https:\/\/secure.gravatar.com\/avatar\/fc4d91c562d3c4ac55cafd2f4ae4ebd513d2304b007a5c8d4f2d8543edeb9d79?s=96&d=mm&r=g","url":"https:\/\/secure.gravatar.com\/avatar\/fc4d91c562d3c4ac55cafd2f4ae4ebd513d2304b007a5c8d4f2d8543edeb9d79?s=96&d=mm&r=g","contentUrl":"https:\/\/secure.gravatar.com\/avatar\/fc4d91c562d3c4ac55cafd2f4ae4ebd513d2304b007a5c8d4f2d8543edeb9d79?s=96&d=mm&r=g","caption":"Azucena Garc\u00eda"},"sameAs":["https:\/\/x.com\/Frank Summa"],"url":"https:\/\/alinvest-verde.eu\/es_es\/author\/azucena-garcia\/"}]}},"_links":{"self":[{"href":"https:\/\/alinvest-verde.eu\/es_es\/wp-json\/wp\/v2\/posts\/9227","targetHints":{"allow":["GET"]}}],"collection":[{"href":"https:\/\/alinvest-verde.eu\/es_es\/wp-json\/wp\/v2\/posts"}],"about":[{"href":"https:\/\/alinvest-verde.eu\/es_es\/wp-json\/wp\/v2\/types\/post"}],"author":[{"embeddable":true,"href":"https:\/\/alinvest-verde.eu\/es_es\/wp-json\/wp\/v2\/users\/6"}],"replies":[{"embeddable":true,"href":"https:\/\/alinvest-verde.eu\/es_es\/wp-json\/wp\/v2\/comments?post=9227"}],"version-history":[{"count":5,"href":"https:\/\/alinvest-verde.eu\/es_es\/wp-json\/wp\/v2\/posts\/9227\/revisions"}],"predecessor-version":[{"id":9279,"href":"https:\/\/alinvest-verde.eu\/es_es\/wp-json\/wp\/v2\/posts\/9227\/revisions\/9279"}],"wp:featuredmedia":[{"embeddable":true,"href":"https:\/\/alinvest-verde.eu\/es_es\/wp-json\/wp\/v2\/media\/9228"}],"wp:attachment":[{"href":"https:\/\/alinvest-verde.eu\/es_es\/wp-json\/wp\/v2\/media?parent=9227"}],"wp:term":[{"taxonomy":"category","embeddable":true,"href":"https:\/\/alinvest-verde.eu\/es_es\/wp-json\/wp\/v2\/categories?post=9227"},{"taxonomy":"post_tag","embeddable":true,"href":"https:\/\/alinvest-verde.eu\/es_es\/wp-json\/wp\/v2\/tags?post=9227"}],"curies":[{"name":"wp","href":"https:\/\/api.w.org\/{rel}","templated":true}]}}