{"id":9975,"date":"2023-12-22T16:47:52","date_gmt":"2023-12-22T15:47:52","guid":{"rendered":"https:\/\/alinvest-verde.eu\/?p=9975"},"modified":"2024-07-05T17:21:57","modified_gmt":"2024-07-05T15:21:57","slug":"colombia-acoge-el-evento-de-cierre-de-los-dialogos-sobre-cafe-sostenible","status":"publish","type":"post","link":"https:\/\/alinvest-verde.eu\/es_es\/colombia-acoge-el-evento-de-cierre-de-los-dialogos-sobre-cafe-sostenible\/","title":{"rendered":"Colombia acoge el evento de cierre de los \u201cDi\u00e1logos sobre caf\u00e9 sostenible\u201d"},"content":{"rendered":"\t\t<div data-elementor-type=\"wp-post\" data-elementor-id=\"9975\" class=\"elementor elementor-9975\" data-elementor-post-type=\"post\">\n\t\t\t\t\t\t<section class=\"elementor-section elementor-top-section elementor-element elementor-element-37706865 elementor-section-boxed elementor-section-height-default elementor-section-height-default\" data-id=\"37706865\" data-element_type=\"section\" data-e-type=\"section\">\n\t\t\t\t\t\t<div class=\"elementor-container elementor-column-gap-default\">\n\t\t\t\t\t<div class=\"elementor-column elementor-col-100 elementor-top-column elementor-element elementor-element-4357bdef\" data-id=\"4357bdef\" data-element_type=\"column\" data-e-type=\"column\">\n\t\t\t<div class=\"elementor-widget-wrap elementor-element-populated\">\n\t\t\t\t\t\t<div class=\"elementor-element elementor-element-27526e5c elementor-widget elementor-widget-text-editor\" data-id=\"27526e5c\" data-element_type=\"widget\" data-e-type=\"widget\" data-widget_type=\"text-editor.default\">\n\t\t\t\t<div class=\"elementor-widget-container\">\n\t\t\t\t\t\t\t\t\t\n<p class=\"wp-block-paragraph\"><strong>Pitalito, Colombia, 14 de diciembre de 2023.-<\/strong> AL-INVEST Verde, en colaboraci\u00f3n con el Ministerio de Comercio, Industria y Turismo de Colombia y ProColombia, organiz\u00f3 en Pitalito, Huila (Colombia), el evento de cierre del ciclo <a href=\"https:\/\/alinvest-verde.eu\/es_es\/accion-cafe-sostenibilidad\/\">\u201cDi\u00e1logo e intercambio de experiencias sobre la sostenibilidad en la cadena de valor del caf\u00e9\u201d<\/a>, desarrollado a lo largo del a\u00f1o con la celebraci\u00f3n de tres mesas virtuales.<\/p>\n<p>Durante los d\u00edas 13 y 14 de diciembre, representantes de la Uni\u00f3n Europea, organizaciones internacionales y pa\u00edses productores de caf\u00e9 de Am\u00e9rica Latina como <strong>Brasil, Ecuador, Colombia, Costa Rica, Honduras y Per\u00fa<\/strong> se reunieron en la C\u00e1mara de Comercio del Huila para analizar el <a href=\"https:\/\/alinvest-verde.eu\/es_es\/reglamentos-de-cadenas-de-suministro-libres-de-deforestacion\/\">Reglamento 2023\/1115 de la Uni\u00f3n Europea sobre cadenas de suministro libres de deforestaci\u00f3n y degradaci\u00f3n forestal<\/a>, as\u00ed como sistemas e instrumentos para la trazabilidad de la cadena de valor del caf\u00e9 implementados en pa\u00edses de Am\u00e9rica Latina y su capacidad para facilitar el cumplimiento de este reglamento.<\/p>\n\t\t\t\t\t\t\t\t<\/div>\n\t\t\t\t<\/div>\n\t\t\t\t<div class=\"elementor-element elementor-element-52e84cd elementor-widget elementor-widget-html\" data-id=\"52e84cd\" data-element_type=\"widget\" data-e-type=\"widget\" data-widget_type=\"html.default\">\n\t\t\t\t<div class=\"elementor-widget-container\">\n\t\t\t\t\t<iframe width=\"560\" height=\"460\" src=\"https:\/\/www.youtube.com\/embed\/0jtqkn4sJIs?si=yyY5zCbQKaJUZjbh\" title=\"YouTube video player\" frameborder=\"0\" allow=\"accelerometer; autoplay; clipboard-write; encrypted-media; gyroscope; picture-in-picture; web-share\" allowfullscreen><\/iframe>\t\t\t\t<\/div>\n\t\t\t\t<\/div>\n\t\t\t\t\t<\/div>\n\t\t<\/div>\n\t\t\t\t\t<\/div>\n\t\t<\/section>\n\t\t\t\t<section class=\"elementor-section elementor-top-section elementor-element elementor-element-6d8e7f6 elementor-section-boxed elementor-section-height-default elementor-section-height-default\" data-id=\"6d8e7f6\" data-element_type=\"section\" data-e-type=\"section\">\n\t\t\t\t\t\t<div class=\"elementor-container elementor-column-gap-default\">\n\t\t\t\t\t<div class=\"elementor-column elementor-col-100 elementor-top-column elementor-element elementor-element-fc04100\" data-id=\"fc04100\" data-element_type=\"column\" data-e-type=\"column\">\n\t\t\t<div class=\"elementor-widget-wrap elementor-element-populated\">\n\t\t\t\t\t\t<div class=\"elementor-element elementor-element-df49561 elementor-widget elementor-widget-text-editor\" data-id=\"df49561\" data-element_type=\"widget\" data-e-type=\"widget\" data-widget_type=\"text-editor.default\">\n\t\t\t\t<div class=\"elementor-widget-container\">\n\t\t\t\t\t\t\t\t\t\n<p class=\"wp-block-paragraph\"><strong>Productos libres de deforestaci\u00f3n<\/strong><\/p>\n<p>El Reglamento 2023\/1115 de la UE se aprob\u00f3 en junio de 2023 con el objetivo de frenar la deforestaci\u00f3n y la degradaci\u00f3n forestal causadas por la expansi\u00f3n de las tierras agr\u00edcolas para la producci\u00f3n de distintas materias primas, entre ellas, el caf\u00e9. Para ello, establece la necesidad de cumplir un proceso de diligencia debida para los agentes que lo comercializan.<\/p>\n\n<p class=\"wp-block-paragraph\">En la inauguraci\u00f3n, John Bazill, Oficial de Pol\u00edticas Internacionales y Asuntos Regionales de la Unidad de Am\u00e9rica Latina, DG Trade, de la Comisi\u00f3n Europea, destac\u00f3 el esfuerzo de la Uni\u00f3n Europea para impulsar un marco normativo que incentive cadenas de valor sostenibles e indic\u00f3 que, si bien en algunos casos puede suponer un desaf\u00edo importante para los pa\u00edses productores, \u201ces tambi\u00e9n una oportunidad para demostrar sus capacidades\u201d. En este sentido, se\u00f1al\u00f3 que \u201c<strong>la Uni\u00f3n Europea quiere acompa\u00f1ar a los pa\u00edses<\/strong> en estos esfuerzos\u201d y reconoci\u00f3 que \u201calgunos ya est\u00e1n avanzando mucho en el desarrollo de soluciones que permitan el cumplimiento de estas nuevas reglas\u201d.<\/p>\n\n<p class=\"wp-block-paragraph\">Por su parte, Zoltan Agai, representante de la Uni\u00f3n Europea en la Organizaci\u00f3n Internacional del Caf\u00e9 (OIC) y miembro del \u00e1rea de Sistemas agroalimentarios sostenibles y pesca de la Comisi\u00f3n Europea, destac\u00f3 el valor de las regulaciones europeas ya que, mencion\u00f3, \u201cson parte de las metas para el desarrollo sostenible\u201d.<\/p>\n\n<p class=\"wp-block-paragraph\">Vanusia Nogueira, directora ejecutiva de OIC, resalt\u00f3 que \u201cel 40% de las exportaciones de caf\u00e9 de Am\u00e9rica Latina y el Caribe van a la Uni\u00f3n Europea\u201d, por lo que apel\u00f3 al trabajo conjunto y al di\u00e1logo para que el caf\u00e9 suponga \u201cuna renta para los productores&#8221; y, &#8220;al mismo tiempo, contribuya a la <strong>sostenibilidad<\/strong>\u201d.<\/p>\n<p>En la misma l\u00ednea, Sonsoles Mories, directora de Desarrollo Econ\u00f3mico y Medio Ambiente de <a href=\"https:\/\/www.fiiapp.org\/\">FIIAPP<\/a>, que implementa el <a href=\"https:\/\/alinvest-verde.eu\/es_es\/acerca-del-componente-2\/\">Componente 2 de AL-INVEST Verde<\/a> junto con <a href=\"https:\/\/iila.org\/es\/\">IILA<\/a>, agradeci\u00f3 la participaci\u00f3n de representantes de diferentes pa\u00edses productores y reconoci\u00f3 que \u201clos espacios de discusi\u00f3n entre pa\u00edses vecinos son fundamentales para <strong>encontrar soluciones compartidas ante desaf\u00edos comunes<\/strong>\u201d. \u201cDesde AL-INVEST Verde, creemos firmemente en el di\u00e1logo multiactor y multipa\u00eds porque son claves para avanzar en el fortalecimiento de buenas pr\u00e1cticas en el \u00e1mbito de las pol\u00edticas p\u00fablicas\u201d, subray\u00f3.<\/p>\n<p>En la inauguraci\u00f3n, estuvieron tambi\u00e9n presentes Manuel Chac\u00f3n, director de Relaciones Comerciales del Ministerio de Comercio, Industria y Turismo (MINCIT) de Colombia; Alberto Menghini, jefe de Cooperaci\u00f3n de la Delegaci\u00f3n de la Uni\u00f3n Europea en Colombia, y Dilberto Trujillo, secretario de Agricultura del Departamento del Huila.<\/p>\n<p><strong>Diligencia debida <br \/><\/strong><\/p>\n<p>Tras la inauguraci\u00f3n, tom\u00f3 la palabra Emilio Calvo, director del Componente 2 de AL-INVEST Verde, quien se refiri\u00f3 tambi\u00e9n a la importancia de reunir a los principales pa\u00edses productores de caf\u00e9. \u201cEs una gran oportunidad para analizar los retos de la cadena de valor y compartir soluciones a problemas comunes\u201d, indic\u00f3.<\/p>\n<p>A continuaci\u00f3n, Fr\u00e9d\u00e9ric Baron, del Instituto Forestal Europeo (EFI), expuso el contenido del Reglamento sobre cadenas de suministro libres de deforestaci\u00f3n y degradaci\u00f3n forestal, cuyo objetivo, destac\u00f3, \u201ces reducir al m\u00ednimo la contribuci\u00f3n de la UE a la deforestaci\u00f3n y degradaci\u00f3n mundial de los bosques\u201d. El experto se refiri\u00f3 a las obligaciones que supondr\u00e1 este reglamento para los productos afectados, entre ellos el caf\u00e9, y repas\u00f3 el proceso de diligencia debida que se deber\u00e1 cumplir.<\/p>\n<p>\u201cLa diligencia debida es un ejercicio de <strong>evaluaci\u00f3n del riesgo<\/strong> y eso significa que el prop\u00f3sito es mejorar siempre sus pr\u00e1cticas\u201d, explic\u00f3. \u201cCuando un operador vaya a importar o poner un producto en el mercado europeo, o exportar ese producto, tendr\u00e1 que hacer una declaraci\u00f3n de diligencia debida y registrarla en el sistema inform\u00e1tico que la Uni\u00f3n Europea va a desarrollar\u201d, detall\u00f3.<\/p>\n\t\t\t\t\t\t\t\t<\/div>\n\t\t\t\t<\/div>\n\t\t\t\t<div class=\"elementor-element elementor-element-194b65e elementor-widget elementor-widget-image\" data-id=\"194b65e\" data-element_type=\"widget\" data-e-type=\"widget\" data-widget_type=\"image.default\">\n\t\t\t\t<div class=\"elementor-widget-container\">\n\t\t\t\t\t\t\t\t\t\t\t\t\t\t\t<img fetchpriority=\"high\" decoding=\"async\" width=\"800\" height=\"534\" src=\"https:\/\/alinvest-verde.eu\/wp-content\/uploads\/2023\/12\/IMG_7041-1024x683.jpg\" class=\"attachment-large size-large wp-image-9994\" alt=\"\" srcset=\"https:\/\/alinvest-verde.eu\/wp-content\/uploads\/2023\/12\/IMG_7041-1024x683.jpg 1024w, https:\/\/alinvest-verde.eu\/wp-content\/uploads\/2023\/12\/IMG_7041-300x200.jpg 300w, https:\/\/alinvest-verde.eu\/wp-content\/uploads\/2023\/12\/IMG_7041-768x512.jpg 768w, https:\/\/alinvest-verde.eu\/wp-content\/uploads\/2023\/12\/IMG_7041-1536x1024.jpg 1536w, https:\/\/alinvest-verde.eu\/wp-content\/uploads\/2023\/12\/IMG_7041-2048x1365.jpg 2048w, https:\/\/alinvest-verde.eu\/wp-content\/uploads\/2023\/12\/IMG_7041-18x12.jpg 18w\" sizes=\"(max-width: 800px) 100vw, 800px\" \/>\t\t\t\t\t\t\t\t\t\t\t\t\t\t\t<\/div>\n\t\t\t\t<\/div>\n\t\t\t\t<div class=\"elementor-element elementor-element-ffdbaf8 elementor-widget elementor-widget-text-editor\" data-id=\"ffdbaf8\" data-element_type=\"widget\" data-e-type=\"widget\" data-widget_type=\"text-editor.default\">\n\t\t\t\t<div class=\"elementor-widget-container\">\n\t\t\t\t\t\t\t\t\t<p>Fr\u00e9d\u00e9ric Baron, del Instituto Forestal Europeo (EFI).<\/p>\t\t\t\t\t\t\t\t<\/div>\n\t\t\t\t<\/div>\n\t\t\t\t<div class=\"elementor-element elementor-element-f25a6ab elementor-widget elementor-widget-text-editor\" data-id=\"f25a6ab\" data-element_type=\"widget\" data-e-type=\"widget\" data-widget_type=\"text-editor.default\">\n\t\t\t\t<div class=\"elementor-widget-container\">\n\t\t\t\t\t\t\t\t\t<p><strong>Experiencias de trazabilidad <\/strong><\/p>\n<p>Durante el segundo d\u00eda del evento, las personas asistentes tuvieron la oportunidad de conocer experiencias de trazabilidad socioambiental en la cadena de valor del caf\u00e9 de distintos pa\u00edses de Am\u00e9rica Latina. Presentaron sus iniciativas representantes de <strong>Brasil, Colombia, Costa Rica, Ecuador y Per\u00fa<\/strong>.<\/p>\n<p>Asimismo, se compartieron inquietudes en una mesa redonda organizada tras estas presentaciones, lo que permiti\u00f3 recopilar los retos y oportunidades de los diferentes pa\u00edses para el cumplimiento del Reglamento de productos libres de deforestaci\u00f3n y degradaci\u00f3n forestal, as\u00ed como aspectos relevantes para avanzar en el proceso de diligencia debida.<\/p>\n<p>El evento se complet\u00f3 con la visita a experiencias de cultivo de caf\u00e9 sostenible para conocer alternativas de producci\u00f3n y buenas pr\u00e1cticas implementadas en Colombia.<\/p>\n<p><!-- \/wp:paragraph --><!-- wp:paragraph --><\/p>\t\t\t\t\t\t\t\t<\/div>\n\t\t\t\t<\/div>\n\t\t\t\t\t<\/div>\n\t\t<\/div>\n\t\t\t\t\t<\/div>\n\t\t<\/section>\n\t\t\t\t<section class=\"elementor-section elementor-top-section elementor-element elementor-element-64407d0 elementor-section-boxed elementor-section-height-default elementor-section-height-default\" data-id=\"64407d0\" data-element_type=\"section\" data-e-type=\"section\">\n\t\t\t\t\t\t<div class=\"elementor-container elementor-column-gap-default\">\n\t\t\t\t\t<div class=\"elementor-column elementor-col-100 elementor-top-column elementor-element elementor-element-776ee36\" data-id=\"776ee36\" data-element_type=\"column\" data-e-type=\"column\">\n\t\t\t<div class=\"elementor-widget-wrap elementor-element-populated\">\n\t\t\t\t\t\t<div class=\"elementor-element elementor-element-8e39fea elementor-widget elementor-widget-html\" data-id=\"8e39fea\" data-element_type=\"widget\" data-e-type=\"widget\" data-widget_type=\"html.default\">\n\t\t\t\t<div class=\"elementor-widget-container\">\n\t\t\t\t\t<a data-flickr-embed=\"true\" href=\"https:\/\/www.flickr.com\/photos\/al-investverde\/albums\/72177720313483607\" title=\"Di\u00e1logos sobre caf\u00e9 sostenible, Colombia\"><img decoding=\"async\" src=\"https:\/\/live.staticflickr.com\/65535\/53408520700_91c62cf85b_h.jpg\" width=\"1600\" height=\"1200\" alt=\"Di\u00e1logos sobre caf\u00e9 sostenible, Colombia\"\/><\/a><script async src=\"\/\/embedr.flickr.com\/assets\/client-code.js\" charset=\"utf-8\"><\/script>\t\t\t\t<\/div>\n\t\t\t\t<\/div>\n\t\t\t\t\t<\/div>\n\t\t<\/div>\n\t\t\t\t\t<\/div>\n\t\t<\/section>\n\t\t\t\t<section class=\"elementor-section elementor-top-section elementor-element elementor-element-5a5debe elementor-section-boxed elementor-section-height-default elementor-section-height-default\" data-id=\"5a5debe\" data-element_type=\"section\" data-e-type=\"section\">\n\t\t\t\t\t\t<div class=\"elementor-container elementor-column-gap-default\">\n\t\t\t\t\t<div class=\"elementor-column elementor-col-100 elementor-top-column elementor-element elementor-element-f7d9d4c\" data-id=\"f7d9d4c\" data-element_type=\"column\" data-e-type=\"column\">\n\t\t\t<div class=\"elementor-widget-wrap elementor-element-populated\">\n\t\t\t\t\t\t<div class=\"elementor-element elementor-element-d6792ea elementor-widget elementor-widget-text-editor\" data-id=\"d6792ea\" data-element_type=\"widget\" data-e-type=\"widget\" data-widget_type=\"text-editor.default\">\n\t\t\t\t<div class=\"elementor-widget-container\">\n\t\t\t\t\t\t\t\t\t<p><strong>Acerca de AL-INVEST Verde<\/strong><\/p>\n<p><!-- \/wp:paragraph --><!-- wp:paragraph --><\/p>\n<p>AL-INVEST Verde es un programa de la Uni\u00f3n Europea (UE) cuyo principal objetivo es promover el crecimiento sostenible y la creaci\u00f3n de empleo en Am\u00e9rica Latina, apoyando la transici\u00f3n hacia una econom\u00eda baja en carbono, eficiente en recursos y m\u00e1s circular. A trav\u00e9s del Componente 2, liderado por FIIAPP en consorcio con IILA, el programa proporciona asistencia para el fortalecimiento de las pol\u00edticas p\u00fablicas y los di\u00e1logos entre m\u00faltiples partes interesadas sobre las cadenas agr\u00edcolas y de valor sostenibles, las normas ambientales y laborales, as\u00ed como la pol\u00edtica comercial y econ\u00f3mica sostenible y los marcos regulatorios.<\/p>\t\t\t\t\t\t\t\t<\/div>\n\t\t\t\t<\/div>\n\t\t\t\t\t<\/div>\n\t\t<\/div>\n\t\t\t\t\t<\/div>\n\t\t<\/section>\n\t\t\t\t<\/div>\n\t\t","protected":false},"excerpt":{"rendered":"<p>Pitalito, Colombia, 14 de diciembre de 2023.- AL-INVEST Verde, en colaboraci\u00f3n con el Ministerio de Comercio, Industria y Turismo de Colombia y ProColombia, organiz\u00f3 en Pitalito, Huila (Colombia), el evento de cierre del ciclo \u201cDi\u00e1logo e intercambio de experiencias sobre la sostenibilidad en la cadena de valor del caf\u00e9\u201d, desarrollado a lo largo del a\u00f1o [&hellip;]<\/p>\n","protected":false},"author":6,"featured_media":10177,"comment_status":"closed","ping_status":"closed","sticky":false,"template":"","format":"standard","meta":{"footnotes":""},"categories":[60,54,24,1,19,20],"tags":[21,63,39,38,30,43],"class_list":["post-9975","post","type-post","status-publish","format-standard","has-post-thumbnail","hentry","category-2023-news","category-2023-component-2","category-actualidad","category-allgemein","category-component-2","category-news","tag-cadenas-de-valor","tag-cafe","tag-debidas-diligencias","tag-deforestacion","tag-sostenibilidad","tag-trazabilidad"],"yoast_head":"<!-- This site is optimized with the Yoast SEO plugin v28.4 - https:\/\/yoast.com\/product\/yoast-seo-wordpress\/ -->\n<title>Colombia acoge el evento de cierre de los \u201cDi\u00e1logos sobre caf\u00e9 sostenible\u201d - Programme AL-INVEST Verde<\/title>\n<meta name=\"robots\" content=\"index, follow, max-snippet:-1, max-image-preview:large, max-video-preview:-1\" \/>\n<link rel=\"canonical\" href=\"https:\/\/alinvest-verde.eu\/es_es\/colombia-acoge-el-evento-de-cierre-de-los-dialogos-sobre-cafe-sostenible\/\" \/>\n<meta property=\"og:locale\" content=\"es_ES\" \/>\n<meta property=\"og:type\" content=\"article\" \/>\n<meta property=\"og:title\" content=\"Colombia acoge el evento de cierre de los \u201cDi\u00e1logos sobre caf\u00e9 sostenible\u201d - Programme AL-INVEST Verde\" \/>\n<meta property=\"og:description\" content=\"Pitalito, Colombia, 14 de diciembre de 2023.- AL-INVEST Verde, en colaboraci\u00f3n con el Ministerio de Comercio, Industria y Turismo de Colombia y ProColombia, organiz\u00f3 en Pitalito, Huila (Colombia), el evento de cierre del ciclo \u201cDi\u00e1logo e intercambio de experiencias sobre la sostenibilidad en la cadena de valor del caf\u00e9\u201d, desarrollado a lo largo del a\u00f1o [&hellip;]\" \/>\n<meta property=\"og:url\" content=\"https:\/\/alinvest-verde.eu\/es_es\/colombia-acoge-el-evento-de-cierre-de-los-dialogos-sobre-cafe-sostenible\/\" \/>\n<meta property=\"og:site_name\" content=\"Programme AL-INVEST Verde\" \/>\n<meta property=\"article:published_time\" content=\"2023-12-22T15:47:52+00:00\" \/>\n<meta property=\"article:modified_time\" content=\"2024-07-05T15:21:57+00:00\" \/>\n<meta property=\"og:image\" content=\"https:\/\/alinvest-verde.eu\/wp-content\/uploads\/2023\/12\/GRUPO-IMG_7274-1-scaled.jpg\" \/>\n\t<meta property=\"og:image:width\" content=\"2560\" \/>\n\t<meta property=\"og:image:height\" content=\"1707\" \/>\n\t<meta property=\"og:image:type\" content=\"image\/jpeg\" \/>\n<meta name=\"author\" content=\"Azucena Garc\u00eda\" \/>\n<meta name=\"twitter:card\" content=\"summary_large_image\" \/>\n<meta name=\"twitter:creator\" content=\"@Frank Summa\" \/>\n<meta name=\"twitter:label1\" content=\"Escrito por\" \/>\n\t<meta name=\"twitter:data1\" content=\"\" \/>\n\t<meta name=\"twitter:label2\" content=\"Tiempo de lectura\" \/>\n\t<meta name=\"twitter:data2\" content=\"6 minutos\" \/>\n<script type=\"application\/ld+json\" class=\"yoast-schema-graph\">{\"@context\":\"https:\\\/\\\/schema.org\",\"@graph\":[{\"@type\":\"Article\",\"@id\":\"https:\\\/\\\/alinvest-verde.eu\\\/colombia-acoge-el-evento-de-cierre-de-los-dialogos-sobre-cafe-sostenible\\\/#article\",\"isPartOf\":{\"@id\":\"https:\\\/\\\/alinvest-verde.eu\\\/colombia-acoge-el-evento-de-cierre-de-los-dialogos-sobre-cafe-sostenible\\\/\"},\"author\":{\"name\":\"Azucena Garc\u00eda\",\"@id\":\"https:\\\/\\\/alinvest-verde.eu\\\/#\\\/schema\\\/person\\\/8804ec49772ba377829838bc11b6aa6b\"},\"headline\":\"Colombia acoge el evento de cierre de los \u201cDi\u00e1logos sobre caf\u00e9 sostenible\u201d\",\"datePublished\":\"2023-12-22T15:47:52+00:00\",\"dateModified\":\"2024-07-05T15:21:57+00:00\",\"mainEntityOfPage\":{\"@id\":\"https:\\\/\\\/alinvest-verde.eu\\\/colombia-acoge-el-evento-de-cierre-de-los-dialogos-sobre-cafe-sostenible\\\/\"},\"wordCount\":1074,\"publisher\":{\"@id\":\"https:\\\/\\\/alinvest-verde.eu\\\/#organization\"},\"image\":{\"@id\":\"https:\\\/\\\/alinvest-verde.eu\\\/colombia-acoge-el-evento-de-cierre-de-los-dialogos-sobre-cafe-sostenible\\\/#primaryimage\"},\"thumbnailUrl\":\"https:\\\/\\\/alinvest-verde.eu\\\/wp-content\\\/uploads\\\/2023\\\/12\\\/GRUPO-IMG_7274-1-scaled.jpg\",\"keywords\":[\"cadenas de valor\",\"caf\u00e9\",\"debidas diligencias\",\"deforestaci\u00f3n\",\"sostenibilidad\",\"trazabilidad\"],\"articleSection\":[\"2023\",\"2023\",\"Actualidad\",\"Allgemein\",\"Component 2\",\"News\"],\"inLanguage\":\"es\"},{\"@type\":\"WebPage\",\"@id\":\"https:\\\/\\\/alinvest-verde.eu\\\/colombia-acoge-el-evento-de-cierre-de-los-dialogos-sobre-cafe-sostenible\\\/\",\"url\":\"https:\\\/\\\/alinvest-verde.eu\\\/colombia-acoge-el-evento-de-cierre-de-los-dialogos-sobre-cafe-sostenible\\\/\",\"name\":\"Colombia acoge el evento de cierre de los \u201cDi\u00e1logos sobre caf\u00e9 sostenible\u201d - Programme AL-INVEST Verde\",\"isPartOf\":{\"@id\":\"https:\\\/\\\/alinvest-verde.eu\\\/#website\"},\"primaryImageOfPage\":{\"@id\":\"https:\\\/\\\/alinvest-verde.eu\\\/colombia-acoge-el-evento-de-cierre-de-los-dialogos-sobre-cafe-sostenible\\\/#primaryimage\"},\"image\":{\"@id\":\"https:\\\/\\\/alinvest-verde.eu\\\/colombia-acoge-el-evento-de-cierre-de-los-dialogos-sobre-cafe-sostenible\\\/#primaryimage\"},\"thumbnailUrl\":\"https:\\\/\\\/alinvest-verde.eu\\\/wp-content\\\/uploads\\\/2023\\\/12\\\/GRUPO-IMG_7274-1-scaled.jpg\",\"datePublished\":\"2023-12-22T15:47:52+00:00\",\"dateModified\":\"2024-07-05T15:21:57+00:00\",\"breadcrumb\":{\"@id\":\"https:\\\/\\\/alinvest-verde.eu\\\/colombia-acoge-el-evento-de-cierre-de-los-dialogos-sobre-cafe-sostenible\\\/#breadcrumb\"},\"inLanguage\":\"es\",\"potentialAction\":[{\"@type\":\"ReadAction\",\"target\":[\"https:\\\/\\\/alinvest-verde.eu\\\/colombia-acoge-el-evento-de-cierre-de-los-dialogos-sobre-cafe-sostenible\\\/\"]}]},{\"@type\":\"ImageObject\",\"inLanguage\":\"es\",\"@id\":\"https:\\\/\\\/alinvest-verde.eu\\\/colombia-acoge-el-evento-de-cierre-de-los-dialogos-sobre-cafe-sostenible\\\/#primaryimage\",\"url\":\"https:\\\/\\\/alinvest-verde.eu\\\/wp-content\\\/uploads\\\/2023\\\/12\\\/GRUPO-IMG_7274-1-scaled.jpg\",\"contentUrl\":\"https:\\\/\\\/alinvest-verde.eu\\\/wp-content\\\/uploads\\\/2023\\\/12\\\/GRUPO-IMG_7274-1-scaled.jpg\",\"width\":2560,\"height\":1707},{\"@type\":\"BreadcrumbList\",\"@id\":\"https:\\\/\\\/alinvest-verde.eu\\\/colombia-acoge-el-evento-de-cierre-de-los-dialogos-sobre-cafe-sostenible\\\/#breadcrumb\",\"itemListElement\":[{\"@type\":\"ListItem\",\"position\":1,\"name\":\"Inicio\",\"item\":\"https:\\\/\\\/alinvest-verde.eu\\\/\"},{\"@type\":\"ListItem\",\"position\":2,\"name\":\"Allgemein\",\"item\":\"https:\\\/\\\/alinvest-verde.eu\\\/category\\\/allgemein\\\/\"},{\"@type\":\"ListItem\",\"position\":3,\"name\":\"Colombia acoge el evento de cierre de los \u201cDi\u00e1logos sobre caf\u00e9 sostenible\u201d\"}]},{\"@type\":\"WebSite\",\"@id\":\"https:\\\/\\\/alinvest-verde.eu\\\/#website\",\"url\":\"https:\\\/\\\/alinvest-verde.eu\\\/\",\"name\":\"Programme AL-INVEST Verde\",\"description\":\"Building alliances with the private sector in LA and promote sustainable growth and jobs creation by supporting the transition towards a low-carbon, resource-efficient economy\",\"publisher\":{\"@id\":\"https:\\\/\\\/alinvest-verde.eu\\\/#organization\"},\"potentialAction\":[{\"@type\":\"SearchAction\",\"target\":{\"@type\":\"EntryPoint\",\"urlTemplate\":\"https:\\\/\\\/alinvest-verde.eu\\\/?s={search_term_string}\"},\"query-input\":{\"@type\":\"PropertyValueSpecification\",\"valueRequired\":true,\"valueName\":\"search_term_string\"}}],\"inLanguage\":\"es\"},{\"@type\":\"Organization\",\"@id\":\"https:\\\/\\\/alinvest-verde.eu\\\/#organization\",\"name\":\"Programme AL-INVEST Verde\",\"url\":\"https:\\\/\\\/alinvest-verde.eu\\\/\",\"logo\":{\"@type\":\"ImageObject\",\"inLanguage\":\"es\",\"@id\":\"https:\\\/\\\/alinvest-verde.eu\\\/#\\\/schema\\\/logo\\\/image\\\/\",\"url\":\"https:\\\/\\\/alinvest-verde.eu\\\/wp-content\\\/uploads\\\/2022\\\/01\\\/cropped-logo-financiado-por-la-UE.jpg\",\"contentUrl\":\"https:\\\/\\\/alinvest-verde.eu\\\/wp-content\\\/uploads\\\/2022\\\/01\\\/cropped-logo-financiado-por-la-UE.jpg\",\"width\":756,\"height\":216,\"caption\":\"Programme AL-INVEST Verde\"},\"image\":{\"@id\":\"https:\\\/\\\/alinvest-verde.eu\\\/#\\\/schema\\\/logo\\\/image\\\/\"}},{\"@type\":\"Person\",\"@id\":\"https:\\\/\\\/alinvest-verde.eu\\\/#\\\/schema\\\/person\\\/8804ec49772ba377829838bc11b6aa6b\",\"name\":\"Azucena Garc\u00eda\",\"image\":{\"@type\":\"ImageObject\",\"inLanguage\":\"es\",\"@id\":\"https:\\\/\\\/secure.gravatar.com\\\/avatar\\\/fc4d91c562d3c4ac55cafd2f4ae4ebd513d2304b007a5c8d4f2d8543edeb9d79?s=96&d=mm&r=g\",\"url\":\"https:\\\/\\\/secure.gravatar.com\\\/avatar\\\/fc4d91c562d3c4ac55cafd2f4ae4ebd513d2304b007a5c8d4f2d8543edeb9d79?s=96&d=mm&r=g\",\"contentUrl\":\"https:\\\/\\\/secure.gravatar.com\\\/avatar\\\/fc4d91c562d3c4ac55cafd2f4ae4ebd513d2304b007a5c8d4f2d8543edeb9d79?s=96&d=mm&r=g\",\"caption\":\"Azucena Garc\u00eda\"},\"sameAs\":[\"https:\\\/\\\/x.com\\\/Frank Summa\"],\"url\":\"https:\\\/\\\/alinvest-verde.eu\\\/es_es\\\/author\\\/azucena-garcia\\\/\"}]}<\/script>\n<!-- \/ Yoast SEO plugin. -->","yoast_head_json":{"title":"Colombia acoge el evento de cierre de los \u201cDi\u00e1logos sobre caf\u00e9 sostenible\u201d - Programme AL-INVEST Verde","robots":{"index":"index","follow":"follow","max-snippet":"max-snippet:-1","max-image-preview":"max-image-preview:large","max-video-preview":"max-video-preview:-1"},"canonical":"https:\/\/alinvest-verde.eu\/es_es\/colombia-acoge-el-evento-de-cierre-de-los-dialogos-sobre-cafe-sostenible\/","og_locale":"es_ES","og_type":"article","og_title":"Colombia acoge el evento de cierre de los \u201cDi\u00e1logos sobre caf\u00e9 sostenible\u201d - Programme AL-INVEST Verde","og_description":"Pitalito, Colombia, 14 de diciembre de 2023.- AL-INVEST Verde, en colaboraci\u00f3n con el Ministerio de Comercio, Industria y Turismo de Colombia y ProColombia, organiz\u00f3 en Pitalito, Huila (Colombia), el evento de cierre del ciclo \u201cDi\u00e1logo e intercambio de experiencias sobre la sostenibilidad en la cadena de valor del caf\u00e9\u201d, desarrollado a lo largo del a\u00f1o [&hellip;]","og_url":"https:\/\/alinvest-verde.eu\/es_es\/colombia-acoge-el-evento-de-cierre-de-los-dialogos-sobre-cafe-sostenible\/","og_site_name":"Programme AL-INVEST Verde","article_published_time":"2023-12-22T15:47:52+00:00","article_modified_time":"2024-07-05T15:21:57+00:00","og_image":[{"width":2560,"height":1707,"url":"https:\/\/alinvest-verde.eu\/wp-content\/uploads\/2023\/12\/GRUPO-IMG_7274-1-scaled.jpg","type":"image\/jpeg"}],"author":"Azucena Garc\u00eda","twitter_card":"summary_large_image","twitter_creator":"@Frank Summa","twitter_misc":{"Escrito por":false,"Tiempo de lectura":"6 minutos"},"schema":{"@context":"https:\/\/schema.org","@graph":[{"@type":"Article","@id":"https:\/\/alinvest-verde.eu\/colombia-acoge-el-evento-de-cierre-de-los-dialogos-sobre-cafe-sostenible\/#article","isPartOf":{"@id":"https:\/\/alinvest-verde.eu\/colombia-acoge-el-evento-de-cierre-de-los-dialogos-sobre-cafe-sostenible\/"},"author":{"name":"Azucena Garc\u00eda","@id":"https:\/\/alinvest-verde.eu\/#\/schema\/person\/8804ec49772ba377829838bc11b6aa6b"},"headline":"Colombia acoge el evento de cierre de los \u201cDi\u00e1logos sobre caf\u00e9 sostenible\u201d","datePublished":"2023-12-22T15:47:52+00:00","dateModified":"2024-07-05T15:21:57+00:00","mainEntityOfPage":{"@id":"https:\/\/alinvest-verde.eu\/colombia-acoge-el-evento-de-cierre-de-los-dialogos-sobre-cafe-sostenible\/"},"wordCount":1074,"publisher":{"@id":"https:\/\/alinvest-verde.eu\/#organization"},"image":{"@id":"https:\/\/alinvest-verde.eu\/colombia-acoge-el-evento-de-cierre-de-los-dialogos-sobre-cafe-sostenible\/#primaryimage"},"thumbnailUrl":"https:\/\/alinvest-verde.eu\/wp-content\/uploads\/2023\/12\/GRUPO-IMG_7274-1-scaled.jpg","keywords":["cadenas de valor","caf\u00e9","debidas diligencias","deforestaci\u00f3n","sostenibilidad","trazabilidad"],"articleSection":["2023","2023","Actualidad","Allgemein","Component 2","News"],"inLanguage":"es"},{"@type":"WebPage","@id":"https:\/\/alinvest-verde.eu\/colombia-acoge-el-evento-de-cierre-de-los-dialogos-sobre-cafe-sostenible\/","url":"https:\/\/alinvest-verde.eu\/colombia-acoge-el-evento-de-cierre-de-los-dialogos-sobre-cafe-sostenible\/","name":"Colombia acoge el evento de cierre de los \u201cDi\u00e1logos sobre caf\u00e9 sostenible\u201d - Programme AL-INVEST Verde","isPartOf":{"@id":"https:\/\/alinvest-verde.eu\/#website"},"primaryImageOfPage":{"@id":"https:\/\/alinvest-verde.eu\/colombia-acoge-el-evento-de-cierre-de-los-dialogos-sobre-cafe-sostenible\/#primaryimage"},"image":{"@id":"https:\/\/alinvest-verde.eu\/colombia-acoge-el-evento-de-cierre-de-los-dialogos-sobre-cafe-sostenible\/#primaryimage"},"thumbnailUrl":"https:\/\/alinvest-verde.eu\/wp-content\/uploads\/2023\/12\/GRUPO-IMG_7274-1-scaled.jpg","datePublished":"2023-12-22T15:47:52+00:00","dateModified":"2024-07-05T15:21:57+00:00","breadcrumb":{"@id":"https:\/\/alinvest-verde.eu\/colombia-acoge-el-evento-de-cierre-de-los-dialogos-sobre-cafe-sostenible\/#breadcrumb"},"inLanguage":"es","potentialAction":[{"@type":"ReadAction","target":["https:\/\/alinvest-verde.eu\/colombia-acoge-el-evento-de-cierre-de-los-dialogos-sobre-cafe-sostenible\/"]}]},{"@type":"ImageObject","inLanguage":"es","@id":"https:\/\/alinvest-verde.eu\/colombia-acoge-el-evento-de-cierre-de-los-dialogos-sobre-cafe-sostenible\/#primaryimage","url":"https:\/\/alinvest-verde.eu\/wp-content\/uploads\/2023\/12\/GRUPO-IMG_7274-1-scaled.jpg","contentUrl":"https:\/\/alinvest-verde.eu\/wp-content\/uploads\/2023\/12\/GRUPO-IMG_7274-1-scaled.jpg","width":2560,"height":1707},{"@type":"BreadcrumbList","@id":"https:\/\/alinvest-verde.eu\/colombia-acoge-el-evento-de-cierre-de-los-dialogos-sobre-cafe-sostenible\/#breadcrumb","itemListElement":[{"@type":"ListItem","position":1,"name":"Inicio","item":"https:\/\/alinvest-verde.eu\/"},{"@type":"ListItem","position":2,"name":"Allgemein","item":"https:\/\/alinvest-verde.eu\/category\/allgemein\/"},{"@type":"ListItem","position":3,"name":"Colombia acoge el evento de cierre de los \u201cDi\u00e1logos sobre caf\u00e9 sostenible\u201d"}]},{"@type":"WebSite","@id":"https:\/\/alinvest-verde.eu\/#website","url":"https:\/\/alinvest-verde.eu\/","name":"Programme AL-INVEST Verde","description":"Building alliances with the private sector in LA and promote sustainable growth and jobs creation by supporting the transition towards a low-carbon, resource-efficient economy","publisher":{"@id":"https:\/\/alinvest-verde.eu\/#organization"},"potentialAction":[{"@type":"SearchAction","target":{"@type":"EntryPoint","urlTemplate":"https:\/\/alinvest-verde.eu\/?s={search_term_string}"},"query-input":{"@type":"PropertyValueSpecification","valueRequired":true,"valueName":"search_term_string"}}],"inLanguage":"es"},{"@type":"Organization","@id":"https:\/\/alinvest-verde.eu\/#organization","name":"Programme AL-INVEST Verde","url":"https:\/\/alinvest-verde.eu\/","logo":{"@type":"ImageObject","inLanguage":"es","@id":"https:\/\/alinvest-verde.eu\/#\/schema\/logo\/image\/","url":"https:\/\/alinvest-verde.eu\/wp-content\/uploads\/2022\/01\/cropped-logo-financiado-por-la-UE.jpg","contentUrl":"https:\/\/alinvest-verde.eu\/wp-content\/uploads\/2022\/01\/cropped-logo-financiado-por-la-UE.jpg","width":756,"height":216,"caption":"Programme AL-INVEST Verde"},"image":{"@id":"https:\/\/alinvest-verde.eu\/#\/schema\/logo\/image\/"}},{"@type":"Person","@id":"https:\/\/alinvest-verde.eu\/#\/schema\/person\/8804ec49772ba377829838bc11b6aa6b","name":"Azucena Garc\u00eda","image":{"@type":"ImageObject","inLanguage":"es","@id":"https:\/\/secure.gravatar.com\/avatar\/fc4d91c562d3c4ac55cafd2f4ae4ebd513d2304b007a5c8d4f2d8543edeb9d79?s=96&d=mm&r=g","url":"https:\/\/secure.gravatar.com\/avatar\/fc4d91c562d3c4ac55cafd2f4ae4ebd513d2304b007a5c8d4f2d8543edeb9d79?s=96&d=mm&r=g","contentUrl":"https:\/\/secure.gravatar.com\/avatar\/fc4d91c562d3c4ac55cafd2f4ae4ebd513d2304b007a5c8d4f2d8543edeb9d79?s=96&d=mm&r=g","caption":"Azucena Garc\u00eda"},"sameAs":["https:\/\/x.com\/Frank Summa"],"url":"https:\/\/alinvest-verde.eu\/es_es\/author\/azucena-garcia\/"}]}},"_links":{"self":[{"href":"https:\/\/alinvest-verde.eu\/es_es\/wp-json\/wp\/v2\/posts\/9975","targetHints":{"allow":["GET"]}}],"collection":[{"href":"https:\/\/alinvest-verde.eu\/es_es\/wp-json\/wp\/v2\/posts"}],"about":[{"href":"https:\/\/alinvest-verde.eu\/es_es\/wp-json\/wp\/v2\/types\/post"}],"author":[{"embeddable":true,"href":"https:\/\/alinvest-verde.eu\/es_es\/wp-json\/wp\/v2\/users\/6"}],"replies":[{"embeddable":true,"href":"https:\/\/alinvest-verde.eu\/es_es\/wp-json\/wp\/v2\/comments?post=9975"}],"version-history":[{"count":5,"href":"https:\/\/alinvest-verde.eu\/es_es\/wp-json\/wp\/v2\/posts\/9975\/revisions"}],"predecessor-version":[{"id":10175,"href":"https:\/\/alinvest-verde.eu\/es_es\/wp-json\/wp\/v2\/posts\/9975\/revisions\/10175"}],"wp:featuredmedia":[{"embeddable":true,"href":"https:\/\/alinvest-verde.eu\/es_es\/wp-json\/wp\/v2\/media\/10177"}],"wp:attachment":[{"href":"https:\/\/alinvest-verde.eu\/es_es\/wp-json\/wp\/v2\/media?parent=9975"}],"wp:term":[{"taxonomy":"category","embeddable":true,"href":"https:\/\/alinvest-verde.eu\/es_es\/wp-json\/wp\/v2\/categories?post=9975"},{"taxonomy":"post_tag","embeddable":true,"href":"https:\/\/alinvest-verde.eu\/es_es\/wp-json\/wp\/v2\/tags?post=9975"}],"curies":[{"name":"wp","href":"https:\/\/api.w.org\/{rel}","templated":true}]}}