{"id":14010,"date":"2024-07-02T22:13:06","date_gmt":"2024-07-02T20:13:06","guid":{"rendered":"https:\/\/alinvest-verde.eu\/?post_type=newslette&#038;p=14010"},"modified":"2024-07-30T20:30:43","modified_gmt":"2024-07-30T18:30:43","slug":"newsletter-junio","status":"publish","type":"newslette","link":"https:\/\/alinvest-verde.eu\/pt_pt_ao90\/newslette\/newsletter-junio\/","title":{"rendered":"junho de 2024"},"content":{"rendered":"<figure class=\"wp-block-image size-full is-resized\"><img fetchpriority=\"high\" decoding=\"async\" width=\"571\" height=\"381\" src=\"https:\/\/alinvest-verde.eu\/wp-content\/uploads\/2024\/07\/image.png\" alt=\"\" class=\"wp-image-14011\" style=\"width:842px;height:auto\" srcset=\"https:\/\/alinvest-verde.eu\/wp-content\/uploads\/2024\/07\/image.png 571w, https:\/\/alinvest-verde.eu\/wp-content\/uploads\/2024\/07\/image-300x200.png 300w, https:\/\/alinvest-verde.eu\/wp-content\/uploads\/2024\/07\/image-391x260.png 391w, https:\/\/alinvest-verde.eu\/wp-content\/uploads\/2024\/07\/image-18x12.png 18w\" sizes=\"(max-width: 571px) 100vw, 571px\" \/><\/figure>\n\n\n\n<p class=\"wp-block-paragraph\"><strong>Apresenta\u00e7\u00e3o dos resultados do projeto \"Certifica\u00e7\u00e3o dos produtos agro-export\u00e1veis\" no Uruguai<\/strong><\/p>\n\n\n\n<p class=\"wp-block-paragraph\">O Minist\u00e9rio da Pecu\u00e1ria, Agricultura e Pesca (MGAP) do Uruguai acolheu o evento para apresentar os resultados do projeto \"Certifica\u00e7\u00e3o de Produtos Agroexport\u00e1veis em Terras Florestais Nativas\", implementado pelo AL-INVEST Verde, atrav\u00e9s do Centro de Investiga\u00e7\u00e3o Aplicada ao Desenvolvimento Agroflorestal (IDAF).<strong> <a href=\"https:\/\/alinvest-verde.eu\/pt_pt_ao90\/presentacion-de-resultados-del-proyecto-para-la-certificacion-de-productos-agroexportables\/\"><strong>Ler mais.<\/strong><\/a><\/strong><\/p>\n\n\n\n<figure class=\"wp-block-image size-full is-resized\"><img decoding=\"async\" width=\"571\" height=\"385\" src=\"https:\/\/alinvest-verde.eu\/wp-content\/uploads\/2024\/07\/image-1.png\" alt=\"\" class=\"wp-image-14012\" style=\"width:838px;height:auto\" srcset=\"https:\/\/alinvest-verde.eu\/wp-content\/uploads\/2024\/07\/image-1.png 571w, https:\/\/alinvest-verde.eu\/wp-content\/uploads\/2024\/07\/image-1-300x202.png 300w, https:\/\/alinvest-verde.eu\/wp-content\/uploads\/2024\/07\/image-1-18x12.png 18w\" sizes=\"(max-width: 571px) 100vw, 571px\" \/><\/figure>\n\n\n\n<p class=\"wp-block-paragraph\"><strong>T\u00e9cnicos do MERCOSUL trocam conhecimentos sobre rastreabilidade ambiental<\/strong><\/p>\n\n\n\n<p class=\"wp-block-paragraph\">Com o objetivo de promover o interc\u00e2mbio t\u00e9cnico sobre a aplica\u00e7\u00e3o do Regulamento Livre de Desfloresta\u00e7\u00e3o da Uni\u00e3o Europeia (EUDR) nos pa\u00edses do Mercosul, o AL-INVEST Verde organizou em Montevideu (Uruguai) o workshop \"Sistemas de rastreabilidade ambiental\", com o apoio do Minist\u00e9rio da Pecu\u00e1ria, Agricultura e Pescas (MGAP) do Uruguai e da Ag\u00eancia Uruguaia de Coopera\u00e7\u00e3o Internacional (AUCI).<strong> <a href=\"https:\/\/alinvest-verde.eu\/pt_pt_ao90\/tecnicos-del-mercosur-intercambian-en-uruguay-conocimientos-sobre-trazabilidad-ambiental\/\"><strong>Ler mais.<\/strong><\/a><\/strong><\/p>\n\n\n\n<p class=\"wp-block-paragraph\"><img decoding=\"async\" style=\"\" src=\"https:\/\/9sg4i.img.bh.d.sendibt3.com\/im\/sh\/Cq3UXonHuJY6.png?u=SyGgH01HHg3161bEi1l8uAnltLgT\"><\/p>\n\n\n\n<p class=\"wp-block-paragraph\"><strong>Orienta\u00e7\u00e3o em mat\u00e9ria de direitos de propriedade intelectual na Argentina<\/strong><\/p>\n\n\n\n<p class=\"wp-block-paragraph\">O m\u00eas de junho marcou o lan\u00e7amento do programa de orienta\u00e7\u00e3o gratuito sobre o registo e a utiliza\u00e7\u00e3o efectiva das indica\u00e7\u00f5es geogr\u00e1ficas (IG) no \u00e2mbito da Componente 3 do AL-INVEST Verde para os direitos de propriedade intelectual, denominado \"AL-INVmentor Argentina\", organizado em colabora\u00e7\u00e3o com a Secretaria de Bioeconomia do Minist\u00e9rio da Economia da Argentina.<strong> <a href=\"https:\/\/alinvest-verde.eu\/pt_pt_ao90\/mentoria-en-derechos-de-propiedad-intelectual-en-argentina\/\"><strong>Ler mais.<\/strong><\/a><\/strong><\/p>\n\n\n\n<figure class=\"wp-block-image size-full is-resized\"><img decoding=\"async\" width=\"571\" height=\"375\" src=\"https:\/\/alinvest-verde.eu\/wp-content\/uploads\/2024\/07\/image-2.png\" alt=\"\" class=\"wp-image-14013\" style=\"width:840px;height:auto\" srcset=\"https:\/\/alinvest-verde.eu\/wp-content\/uploads\/2024\/07\/image-2.png 571w, https:\/\/alinvest-verde.eu\/wp-content\/uploads\/2024\/07\/image-2-300x197.png 300w, https:\/\/alinvest-verde.eu\/wp-content\/uploads\/2024\/07\/image-2-18x12.png 18w\" sizes=\"(max-width: 571px) 100vw, 571px\" \/><\/figure>\n\n\n\n<p class=\"wp-block-paragraph\"><strong>Internacionaliza\u00e7\u00e3o de MPMEs agroflorestais a ser promovida em Santa Cruz, Bol\u00edvia<\/strong><\/p>\n\n\n\n<p class=\"wp-block-paragraph\">O programa AL-INVEST Verde, atrav\u00e9s da implementa\u00e7\u00e3o da sua Componente 1, seleccionou 42 projectos de entre mais de 160 propostas recebidas durante o Segundo Convite \u00e0 Apresenta\u00e7\u00e3o de Propostas para projectos inovadores. Os projectos seleccionados beneficiar\u00e3o as PME de pa\u00edses como a Argentina, Bol\u00edvia, Brasil, Chile, Col\u00f4mbia, Costa Rica, Equador, El Salvador, Honduras, M\u00e9xico, Paraguai, Peru, Uruguai e Venezuela.<strong> <a href=\"https:\/\/alinvest-verde.eu\/pt_pt_ao90\/fomentaran-internacionalizacion-de-mipymes-del-sector-agroforestal-de-santa-cruz-bolivia-apuntando-hacia-el-mercado-de-la-union-europea\/\"><strong>Ler mais.&nbsp;<\/strong><\/a><\/strong><\/p>\n\n\n\n<p class=\"wp-block-paragraph\"><strong>Di\u00e1logos sobre o cacau sustent\u00e1vel<\/strong><\/p>\n\n\n\n<figure class=\"wp-block-image size-large\"><img loading=\"lazy\" decoding=\"async\" width=\"1024\" height=\"546\" src=\"https:\/\/alinvest-verde.eu\/wp-content\/uploads\/2024\/06\/hands-2430200_1280-1024x546.jpg\" alt=\"\" class=\"wp-image-13605\" srcset=\"https:\/\/alinvest-verde.eu\/wp-content\/uploads\/2024\/06\/hands-2430200_1280-1024x546.jpg 1024w, https:\/\/alinvest-verde.eu\/wp-content\/uploads\/2024\/06\/hands-2430200_1280-300x160.jpg 300w, https:\/\/alinvest-verde.eu\/wp-content\/uploads\/2024\/06\/hands-2430200_1280-768x410.jpg 768w, https:\/\/alinvest-verde.eu\/wp-content\/uploads\/2024\/06\/hands-2430200_1280-18x10.jpg 18w, https:\/\/alinvest-verde.eu\/wp-content\/uploads\/2024\/06\/hands-2430200_1280.jpg 1280w\" sizes=\"(max-width: 1024px) 100vw, 1024px\" \/><\/figure>\n\n\n\n<p class=\"wp-block-paragraph\"><strong>Workshop sobre os requisitos de rastreabilidade do cacau<\/strong><\/p>\n\n\n\n<p class=\"wp-block-paragraph\">A Componente 2 do AL-INVEST Verde organizou este workshop no \u00e2mbito da s\u00e9rie \"Di\u00e1logos sobre o Coc\u00f3 Sustent\u00e1vel\". Participaram representantes da Europa, Am\u00e9rica Latina e \u00c1frica. <strong><a href=\"https:\/\/alinvest-verde.eu\/pt_pt_ao90\/taller-sobre-requisitos-de-trazabilidad-del-cacao\/\"><strong>Ler mais.<\/strong><\/a><\/strong><\/p>\n\n\n\n<p class=\"wp-block-paragraph\"><strong>Conclu\u00eddo o ciclo de semin\u00e1rios em linha sobre cacau sustent\u00e1vel<\/strong><\/p>\n\n\n\n<p class=\"wp-block-paragraph\">Representantes da Comiss\u00e3o Europeia e de pa\u00edses produtores da Am\u00e9rica Latina - Brasil, Equador e Peru - e de \u00c1frica - Gana - debateram o crit\u00e9rio da legalidade no \u00e2mbito do EUDR. <strong><a href=\"https:\/\/alinvest-verde.eu\/pt_pt_ao90\/concluye-el-ciclo-sobre-cacao-sostenible-con-el-analisis-de-la-legalidad-en-el-marco-del-eudr\/\"><strong>Ler mais.<\/strong><\/a><\/strong><\/p>\n\n\n\n<p class=\"has-vivid-green-cyan-color has-text-color has-link-color wp-elements-1 wp-block-paragraph\"><strong>AL-INVEST TV Verde&nbsp;<\/strong><\/p>\n\n\n\n<p class=\"wp-block-paragraph\"><strong>Webinar sobre finan\u00e7as sustent\u00e1veis<\/strong><\/p>\n\n\n\n<p class=\"wp-block-paragraph\">A Componente 1 realizou o seu primeiro Webinar, organizado pelo CAINCO, sobre Finan\u00e7as Sustent\u00e1veis. <strong><a href=\"https:\/\/youtu.be\/a2Yg20fzGCU\"><strong>Ver aqui.&nbsp;<\/strong><\/a><\/strong><\/p>\n\n\n\n<p class=\"wp-block-paragraph\"><strong>F\u00f3rum sobre Inova\u00e7\u00e3o Digital e DPI: Navegar pelo futuro das ind\u00fastrias criativas<\/strong><\/p>\n\n\n\n<p class=\"wp-block-paragraph\">A Componente 3 organizou o F\u00f3rum para identificar estrat\u00e9gias pr\u00e1ticas para abordar o impacto das tecnologias emergentes, como a intelig\u00eancia artificial (IA), na resili\u00eancia e adaptabilidade dos sectores criativos.<strong> <a href=\"https:\/\/youtu.be\/1hxugol3dis\"><strong>Ver aqui.<\/strong><\/a><\/strong><\/p>\n\n\n\n<p class=\"wp-block-paragraph\"><strong>Lan\u00e7amento do programa de mentoria AL-INVmentor durante o Inova Amaz\u00f4nia, 10\/05\/2024, Manaus, Brasil<\/strong><\/p>\n\n\n\n<p class=\"wp-block-paragraph\">A Componente 3 lan\u00e7ou oficialmente as primeiras ac\u00e7\u00f5es de tutoria a realizar no Brasil no \u00e2mbito do inovador programa ALINVmentor no dom\u00ednio das Indica\u00e7\u00f5es Geogr\u00e1ficas.<strong> <a href=\"https:\/\/youtu.be\/GEPbH3mSsUA\"><strong>Ver aqui.<\/strong><\/a><\/strong><\/p>\n\n\n\n<figure class=\"wp-block-image size-full\"><img loading=\"lazy\" decoding=\"async\" width=\"712\" height=\"132\" src=\"https:\/\/alinvest-verde.eu\/wp-content\/uploads\/2024\/07\/logos-GG-AIV-UE.jpg\" alt=\"\" class=\"wp-image-14016\" srcset=\"https:\/\/alinvest-verde.eu\/wp-content\/uploads\/2024\/07\/logos-GG-AIV-UE.jpg 712w, https:\/\/alinvest-verde.eu\/wp-content\/uploads\/2024\/07\/logos-GG-AIV-UE-300x56.jpg 300w, https:\/\/alinvest-verde.eu\/wp-content\/uploads\/2024\/07\/logos-GG-AIV-UE-18x3.jpg 18w\" sizes=\"(max-width: 712px) 100vw, 712px\" \/><\/figure>","protected":false},"excerpt":{"rendered":"<p>O boletim de junho destaca as actividades dos projectos da Componente 1, os Di\u00e1logos sobre o Caf\u00e9 da Componente 2 e o Programa de Tutoria da Componente 3. <\/p>","protected":false},"featured_media":14021,"template":"","class_list":["post-14010","newslette","type-newslette","status-publish","has-post-thumbnail","hentry"],"yoast_head":"<!-- This site is optimized with the Yoast SEO plugin v28.4 - https:\/\/yoast.com\/product\/yoast-seo-wordpress\/ -->\n<title>Junio 2024 - Programme AL-INVEST Verde<\/title>\n<meta name=\"robots\" content=\"index, follow, max-snippet:-1, max-image-preview:large, max-video-preview:-1\" \/>\n<link rel=\"canonical\" href=\"https:\/\/alinvest-verde.eu\/pt_pt_ao90\/newslette\/newsletter-junio\/\" \/>\n<meta property=\"og:locale\" content=\"pt_PT\" \/>\n<meta property=\"og:type\" content=\"article\" \/>\n<meta property=\"og:title\" content=\"Junio 2024 - Programme AL-INVEST Verde\" \/>\n<meta property=\"og:description\" content=\"El bolet\u00edn de junio rescata las actividades de los proyectos del Componente 1, los Di\u00e1logos de Caf\u00e9 del Componente 2 y el Programa de Mentor\u00edas del Componente 3.\" \/>\n<meta property=\"og:url\" content=\"https:\/\/alinvest-verde.eu\/pt_pt_ao90\/newslette\/newsletter-junio\/\" \/>\n<meta property=\"og:site_name\" content=\"Programme AL-INVEST Verde\" \/>\n<meta property=\"article:modified_time\" content=\"2024-07-30T18:30:43+00:00\" \/>\n<meta property=\"og:image\" content=\"https:\/\/alinvest-verde.eu\/wp-content\/uploads\/2024\/07\/newsletter2.jpg\" \/>\n\t<meta property=\"og:image:width\" content=\"459\" \/>\n\t<meta property=\"og:image:height\" content=\"579\" \/>\n\t<meta property=\"og:image:type\" content=\"image\/jpeg\" \/>\n<meta name=\"twitter:card\" content=\"summary_large_image\" \/>\n<meta name=\"twitter:label1\" content=\"Est. reading time\" \/>\n\t<meta name=\"twitter:data1\" content=\"4 minutos\" \/>\n<script type=\"application\/ld+json\" class=\"yoast-schema-graph\">{\"@context\":\"https:\\\/\\\/schema.org\",\"@graph\":[{\"@type\":\"WebPage\",\"@id\":\"https:\\\/\\\/alinvest-verde.eu\\\/newslette\\\/newsletter-junio\\\/\",\"url\":\"https:\\\/\\\/alinvest-verde.eu\\\/newslette\\\/newsletter-junio\\\/\",\"name\":\"Junio 2024 - Programme AL-INVEST Verde\",\"isPartOf\":{\"@id\":\"https:\\\/\\\/alinvest-verde.eu\\\/#website\"},\"primaryImageOfPage\":{\"@id\":\"https:\\\/\\\/alinvest-verde.eu\\\/newslette\\\/newsletter-junio\\\/#primaryimage\"},\"image\":{\"@id\":\"https:\\\/\\\/alinvest-verde.eu\\\/newslette\\\/newsletter-junio\\\/#primaryimage\"},\"thumbnailUrl\":\"https:\\\/\\\/alinvest-verde.eu\\\/wp-content\\\/uploads\\\/2024\\\/07\\\/newsletter2.jpg\",\"datePublished\":\"2024-07-02T20:13:06+00:00\",\"dateModified\":\"2024-07-30T18:30:43+00:00\",\"breadcrumb\":{\"@id\":\"https:\\\/\\\/alinvest-verde.eu\\\/newslette\\\/newsletter-junio\\\/#breadcrumb\"},\"inLanguage\":\"pt-PT\",\"potentialAction\":[{\"@type\":\"ReadAction\",\"target\":[\"https:\\\/\\\/alinvest-verde.eu\\\/newslette\\\/newsletter-junio\\\/\"]}]},{\"@type\":\"ImageObject\",\"inLanguage\":\"pt-PT\",\"@id\":\"https:\\\/\\\/alinvest-verde.eu\\\/newslette\\\/newsletter-junio\\\/#primaryimage\",\"url\":\"https:\\\/\\\/alinvest-verde.eu\\\/wp-content\\\/uploads\\\/2024\\\/07\\\/newsletter2.jpg\",\"contentUrl\":\"https:\\\/\\\/alinvest-verde.eu\\\/wp-content\\\/uploads\\\/2024\\\/07\\\/newsletter2.jpg\",\"width\":459,\"height\":579},{\"@type\":\"BreadcrumbList\",\"@id\":\"https:\\\/\\\/alinvest-verde.eu\\\/newslette\\\/newsletter-junio\\\/#breadcrumb\",\"itemListElement\":[{\"@type\":\"ListItem\",\"position\":1,\"name\":\"Inicio\",\"item\":\"https:\\\/\\\/alinvest-verde.eu\\\/\"},{\"@type\":\"ListItem\",\"position\":2,\"name\":\"Junio 2024\"}]},{\"@type\":\"WebSite\",\"@id\":\"https:\\\/\\\/alinvest-verde.eu\\\/#website\",\"url\":\"https:\\\/\\\/alinvest-verde.eu\\\/\",\"name\":\"Programme AL-INVEST Verde\",\"description\":\"Building alliances with the private sector in LA and promote sustainable growth and jobs creation by supporting the transition towards a low-carbon, resource-efficient economy\",\"publisher\":{\"@id\":\"https:\\\/\\\/alinvest-verde.eu\\\/#organization\"},\"potentialAction\":[{\"@type\":\"SearchAction\",\"target\":{\"@type\":\"EntryPoint\",\"urlTemplate\":\"https:\\\/\\\/alinvest-verde.eu\\\/?s={search_term_string}\"},\"query-input\":{\"@type\":\"PropertyValueSpecification\",\"valueRequired\":true,\"valueName\":\"search_term_string\"}}],\"inLanguage\":\"pt-PT\"},{\"@type\":\"Organization\",\"@id\":\"https:\\\/\\\/alinvest-verde.eu\\\/#organization\",\"name\":\"Programme AL-INVEST Verde\",\"url\":\"https:\\\/\\\/alinvest-verde.eu\\\/\",\"logo\":{\"@type\":\"ImageObject\",\"inLanguage\":\"pt-PT\",\"@id\":\"https:\\\/\\\/alinvest-verde.eu\\\/#\\\/schema\\\/logo\\\/image\\\/\",\"url\":\"https:\\\/\\\/alinvest-verde.eu\\\/wp-content\\\/uploads\\\/2022\\\/01\\\/cropped-logo-financiado-por-la-UE.jpg\",\"contentUrl\":\"https:\\\/\\\/alinvest-verde.eu\\\/wp-content\\\/uploads\\\/2022\\\/01\\\/cropped-logo-financiado-por-la-UE.jpg\",\"width\":756,\"height\":216,\"caption\":\"Programme AL-INVEST Verde\"},\"image\":{\"@id\":\"https:\\\/\\\/alinvest-verde.eu\\\/#\\\/schema\\\/logo\\\/image\\\/\"}}]}<\/script>\n<!-- \/ Yoast SEO plugin. -->","yoast_head_json":{"title":"junho de 2024 - Programa AL-INVEST Verde","robots":{"index":"index","follow":"follow","max-snippet":"max-snippet:-1","max-image-preview":"max-image-preview:large","max-video-preview":"max-video-preview:-1"},"canonical":"https:\/\/alinvest-verde.eu\/pt_pt_ao90\/newslette\/newsletter-junio\/","og_locale":"pt_PT","og_type":"article","og_title":"Junio 2024 - Programme AL-INVEST Verde","og_description":"El bolet\u00edn de junio rescata las actividades de los proyectos del Componente 1, los Di\u00e1logos de Caf\u00e9 del Componente 2 y el Programa de Mentor\u00edas del Componente 3.","og_url":"https:\/\/alinvest-verde.eu\/pt_pt_ao90\/newslette\/newsletter-junio\/","og_site_name":"Programme AL-INVEST Verde","article_modified_time":"2024-07-30T18:30:43+00:00","og_image":[{"width":459,"height":579,"url":"https:\/\/alinvest-verde.eu\/wp-content\/uploads\/2024\/07\/newsletter2.jpg","type":"image\/jpeg"}],"twitter_card":"summary_large_image","twitter_misc":{"Est. reading time":"4 minutos"},"schema":{"@context":"https:\/\/schema.org","@graph":[{"@type":"WebPage","@id":"https:\/\/alinvest-verde.eu\/newslette\/newsletter-junio\/","url":"https:\/\/alinvest-verde.eu\/newslette\/newsletter-junio\/","name":"junho de 2024 - Programa AL-INVEST Verde","isPartOf":{"@id":"https:\/\/alinvest-verde.eu\/#website"},"primaryImageOfPage":{"@id":"https:\/\/alinvest-verde.eu\/newslette\/newsletter-junio\/#primaryimage"},"image":{"@id":"https:\/\/alinvest-verde.eu\/newslette\/newsletter-junio\/#primaryimage"},"thumbnailUrl":"https:\/\/alinvest-verde.eu\/wp-content\/uploads\/2024\/07\/newsletter2.jpg","datePublished":"2024-07-02T20:13:06+00:00","dateModified":"2024-07-30T18:30:43+00:00","breadcrumb":{"@id":"https:\/\/alinvest-verde.eu\/newslette\/newsletter-junio\/#breadcrumb"},"inLanguage":"pt-PT","potentialAction":[{"@type":"ReadAction","target":["https:\/\/alinvest-verde.eu\/newslette\/newsletter-junio\/"]}]},{"@type":"ImageObject","inLanguage":"pt-PT","@id":"https:\/\/alinvest-verde.eu\/newslette\/newsletter-junio\/#primaryimage","url":"https:\/\/alinvest-verde.eu\/wp-content\/uploads\/2024\/07\/newsletter2.jpg","contentUrl":"https:\/\/alinvest-verde.eu\/wp-content\/uploads\/2024\/07\/newsletter2.jpg","width":459,"height":579},{"@type":"BreadcrumbList","@id":"https:\/\/alinvest-verde.eu\/newslette\/newsletter-junio\/#breadcrumb","itemListElement":[{"@type":"ListItem","position":1,"name":"Inicio","item":"https:\/\/alinvest-verde.eu\/"},{"@type":"ListItem","position":2,"name":"Junio 2024"}]},{"@type":"WebSite","@id":"https:\/\/alinvest-verde.eu\/#website","url":"https:\/\/alinvest-verde.eu\/","name":"Programa AL-INVEST Verde","description":"Construir alian\u00e7as com o sector privado na AL e promover o crescimento sustent\u00e1vel e a cria\u00e7\u00e3o de empregos, apoiando a transi\u00e7\u00e3o para uma economia de baixo carbono e eficiente em termos de recursos","publisher":{"@id":"https:\/\/alinvest-verde.eu\/#organization"},"potentialAction":[{"@type":"SearchAction","target":{"@type":"EntryPoint","urlTemplate":"https:\/\/alinvest-verde.eu\/?s={search_term_string}"},"query-input":{"@type":"PropertyValueSpecification","valueRequired":true,"valueName":"search_term_string"}}],"inLanguage":"pt-PT"},{"@type":"Organization","@id":"https:\/\/alinvest-verde.eu\/#organization","name":"Programa AL-INVEST Verde","url":"https:\/\/alinvest-verde.eu\/","logo":{"@type":"ImageObject","inLanguage":"pt-PT","@id":"https:\/\/alinvest-verde.eu\/#\/schema\/logo\/image\/","url":"https:\/\/alinvest-verde.eu\/wp-content\/uploads\/2022\/01\/cropped-logo-financiado-por-la-UE.jpg","contentUrl":"https:\/\/alinvest-verde.eu\/wp-content\/uploads\/2022\/01\/cropped-logo-financiado-por-la-UE.jpg","width":756,"height":216,"caption":"Programme AL-INVEST Verde"},"image":{"@id":"https:\/\/alinvest-verde.eu\/#\/schema\/logo\/image\/"}}]}},"_links":{"self":[{"href":"https:\/\/alinvest-verde.eu\/pt_pt_ao90\/wp-json\/wp\/v2\/newslette\/14010","targetHints":{"allow":["GET"]}}],"collection":[{"href":"https:\/\/alinvest-verde.eu\/pt_pt_ao90\/wp-json\/wp\/v2\/newslette"}],"about":[{"href":"https:\/\/alinvest-verde.eu\/pt_pt_ao90\/wp-json\/wp\/v2\/types\/newslette"}],"version-history":[{"count":5,"href":"https:\/\/alinvest-verde.eu\/pt_pt_ao90\/wp-json\/wp\/v2\/newslette\/14010\/revisions"}],"predecessor-version":[{"id":15064,"href":"https:\/\/alinvest-verde.eu\/pt_pt_ao90\/wp-json\/wp\/v2\/newslette\/14010\/revisions\/15064"}],"wp:featuredmedia":[{"embeddable":true,"href":"https:\/\/alinvest-verde.eu\/pt_pt_ao90\/wp-json\/wp\/v2\/media\/14021"}],"wp:attachment":[{"href":"https:\/\/alinvest-verde.eu\/pt_pt_ao90\/wp-json\/wp\/v2\/media?parent=14010"}],"curies":[{"name":"wp","href":"https:\/\/api.w.org\/{rel}","templated":true}]}}