{"id":15054,"date":"2024-07-30T20:28:03","date_gmt":"2024-07-30T18:28:03","guid":{"rendered":"https:\/\/alinvest-verde.eu\/?post_type=newslette&#038;p=15054"},"modified":"2024-07-30T20:46:00","modified_gmt":"2024-07-30T18:46:00","slug":"newsletter-julio-2","status":"publish","type":"newslette","link":"https:\/\/alinvest-verde.eu\/pt_pt_ao90\/newslette\/newsletter-julio-2\/","title":{"rendered":"julho de 2024"},"content":{"rendered":"<figure class=\"wp-block-image size-full is-resized\"><img fetchpriority=\"high\" decoding=\"async\" width=\"571\" height=\"395\" src=\"https:\/\/alinvest-verde.eu\/wp-content\/uploads\/2024\/07\/image-17.png\" alt=\"\" class=\"wp-image-15055\" style=\"width:841px;height:auto\" srcset=\"https:\/\/alinvest-verde.eu\/wp-content\/uploads\/2024\/07\/image-17.png 571w, https:\/\/alinvest-verde.eu\/wp-content\/uploads\/2024\/07\/image-17-300x208.png 300w, https:\/\/alinvest-verde.eu\/wp-content\/uploads\/2024\/07\/image-17-18x12.png 18w\" sizes=\"(max-width: 571px) 100vw, 571px\" \/><\/figure>\n\n\n\n<p class=\"wp-block-paragraph\"><strong>A Uni\u00e3o Europeia e a AGEXPORT apoiam o sector do turismo sustent\u00e1vel<\/strong><\/p>\n\n\n\n<p class=\"wp-block-paragraph\">Como parte da a\u00e7\u00e3o do Programa AL-INVEST Verde, a Associa\u00e7\u00e3o Guatemalteca de Exportadores (AGEXPORT), membro do Cons\u00f3rcio Executor da Componente 1, realizou o \"Diploma em Turismo Sustent\u00e1vel com Especializa\u00e7\u00e3o em Investimentos Verdes\". Este curso, organizado pela Comiss\u00e3o de Turismo Sustent\u00e1vel da AGEXPORT e desenvolvido pelo Departamento de Turismo Sustent\u00e1vel da Universidad del Valle de Guatemala (UVG), foi conclu\u00eddo com \u00eaxito com a participa\u00e7\u00e3o de 31 representantes de MPME do sector do turismo e teve uma dura\u00e7\u00e3o de tr\u00eas meses. <strong><a href=\"https:\/\/alinvest-verde.eu\/pt_pt_ao90\/union-europea-y-agexport-apoyan-al-sector-de-turismo-sostenible-a-traves-del-programa-al-invest-verde\/\"><strong>Ler mais<\/strong><\/a>.<\/strong><\/p>\n\n\n\n<figure class=\"wp-block-image size-full is-resized\"><img decoding=\"async\" width=\"571\" height=\"379\" src=\"https:\/\/alinvest-verde.eu\/wp-content\/uploads\/2024\/07\/image-18.png\" alt=\"\" class=\"wp-image-15056\" style=\"width:839px;height:auto\" srcset=\"https:\/\/alinvest-verde.eu\/wp-content\/uploads\/2024\/07\/image-18.png 571w, https:\/\/alinvest-verde.eu\/wp-content\/uploads\/2024\/07\/image-18-300x199.png 300w, https:\/\/alinvest-verde.eu\/wp-content\/uploads\/2024\/07\/image-18-391x260.png 391w, https:\/\/alinvest-verde.eu\/wp-content\/uploads\/2024\/07\/image-18-18x12.png 18w\" sizes=\"(max-width: 571px) 100vw, 571px\" \/><\/figure>\n\n\n\n<p class=\"wp-block-paragraph\"><strong>Primeiro carregamento de caf\u00e9 sem desfloresta\u00e7\u00e3o do Brasil para a Europa&nbsp;<\/strong><\/p>\n\n\n\n<p class=\"wp-block-paragraph\">Como resultado da colabora\u00e7\u00e3o entre o Governo de Minas Gerais (Brasil), a Universidade Federal de Minas Gerais e a Cooperativa de Cafeicultores de Tr\u00eas Pontas, com o apoio do Componente 2 do AL-INVEST Verde, foi efectuado o primeiro carregamento de caf\u00e9 que cumpre os requisitos do Regulamento Europeu sobre Produtos Livres de Desfloresta\u00e7\u00e3o e Degrada\u00e7\u00e3o Florestal para a Europa. <strong><a href=\"https:\/\/alinvest-verde.eu\/pt_pt_ao90\/primer-envio-de-cafe-libre-de-deforestacion-a-la-union-europea\/\"><strong>Ler mais<\/strong><\/a>.<\/strong><\/p>\n\n\n\n<figure class=\"wp-block-image size-full is-resized\"><img decoding=\"async\" width=\"571\" height=\"323\" src=\"https:\/\/alinvest-verde.eu\/wp-content\/uploads\/2024\/07\/image-19.png\" alt=\"\" class=\"wp-image-15057\" style=\"width:841px;height:auto\" srcset=\"https:\/\/alinvest-verde.eu\/wp-content\/uploads\/2024\/07\/image-19.png 571w, https:\/\/alinvest-verde.eu\/wp-content\/uploads\/2024\/07\/image-19-300x170.png 300w, https:\/\/alinvest-verde.eu\/wp-content\/uploads\/2024\/07\/image-19-18x10.png 18w\" sizes=\"(max-width: 571px) 100vw, 571px\" \/><\/figure>\n\n\n\n<p class=\"wp-block-paragraph\"><strong>O Paraguai adere \u00e0 ferramenta DESIGNclass do EUIPO<\/strong><\/p>\n\n\n\n<p class=\"wp-block-paragraph\">A Dire\u00e7\u00e3o Nacional da Propriedade Intelectual do Paraguai (DINAPI) passou a fazer parte da DESIGNclass, uma ferramenta do Instituto da Propriedade Intelectual da Uni\u00e3o Europeia (EUIPO), ao adotar e aceitar a lista de termos da base de dados harmonizada de indica\u00e7\u00f5es de produtos.<br>(HDBPI). A DESIGNclass \u00e9 uma ferramenta que permite aos utilizadores pesquisar e traduzir indica\u00e7\u00f5es de produtos em 30 l\u00ednguas. A ado\u00e7\u00e3o do HDBPI pela DINAPI \u00e9 um resultado tang\u00edvel da Componente 3 do AL-INVEST Verde para os Direitos de Propriedade Intelectual (DPI), implementado pelo EUIPO. <a href=\"http:\/\/alinvest-verde.eu\/pt_pt_ao90\/paraguay-se-integra-a-designclass\/\" target=\"_blank\" rel=\"noreferrer noopener\"><strong>Ler mais<\/strong><\/a>.<\/p>\n\n\n\n<p class=\"wp-block-paragraph\"><strong>AL-INVEST TV Verde&nbsp;<\/strong><\/p>\n\n\n\n<p class=\"wp-block-paragraph\"><strong>AL-INVEST Verde Rede de ju\u00edzes DPI<\/strong><\/p>\n\n\n\n<p class=\"has-text-align-left wp-block-paragraph\">AL-INVEST Verde A Componente 3 para os Direitos de Propriedade Intelectual (DPI), implementada pelo Instituto da Propriedade Intelectual da Uni\u00e3o Europeia (EUIPO), apresenta uma s\u00e9rie de v\u00eddeos sobre a sua Rede de Ju\u00edzes.<\/p>\n\n\n\n<figure class=\"wp-block-image size-full is-resized\"><img loading=\"lazy\" decoding=\"async\" width=\"330\" height=\"172\" src=\"https:\/\/alinvest-verde.eu\/wp-content\/uploads\/2024\/07\/image-20.png\" alt=\"\" class=\"wp-image-15058\" style=\"width:838px;height:auto\" srcset=\"https:\/\/alinvest-verde.eu\/wp-content\/uploads\/2024\/07\/image-20.png 330w, https:\/\/alinvest-verde.eu\/wp-content\/uploads\/2024\/07\/image-20-300x156.png 300w, https:\/\/alinvest-verde.eu\/wp-content\/uploads\/2024\/07\/image-20-18x9.png 18w\" sizes=\"(max-width: 330px) 100vw, 330px\" \/><\/figure>\n\n\n\n<p class=\"has-text-align-left wp-block-paragraph\"><strong>Virg\u00ednia Melgar<\/strong>Presidente da Quinta C\u00e2mara de Recurso do Instituto da Propriedade Intelectual da Uni\u00e3o Europeia (EUIPO). <strong><a href=\"https:\/\/www.youtube.com\/watch?v=5N6vUTSBeNI\"><strong>Ver aqui<\/strong><\/a>.<\/strong><\/p>\n\n\n\n<figure class=\"wp-block-image size-full is-resized\"><img loading=\"lazy\" decoding=\"async\" width=\"336\" height=\"172\" src=\"https:\/\/alinvest-verde.eu\/wp-content\/uploads\/2024\/07\/image-21.png\" alt=\"\" class=\"wp-image-15059\" style=\"width:840px;height:auto\" srcset=\"https:\/\/alinvest-verde.eu\/wp-content\/uploads\/2024\/07\/image-21.png 336w, https:\/\/alinvest-verde.eu\/wp-content\/uploads\/2024\/07\/image-21-300x154.png 300w, https:\/\/alinvest-verde.eu\/wp-content\/uploads\/2024\/07\/image-21-18x9.png 18w\" sizes=\"(max-width: 336px) 100vw, 336px\" \/><\/figure>\n\n\n\n<p class=\"has-text-align-left wp-block-paragraph\"><strong>Juiz \u00c1ngel Galgo Peco<\/strong>Presidente da 32\u00aa Sec\u00e7\u00e3o do Tribunal Provincial de Madrid. <strong><a href=\"https:\/\/www.youtube.com\/watch?v=CMD__WIOvaE\"><strong>Ver aqui<\/strong><\/a>.<\/strong> <\/p>","protected":false},"excerpt":{"rendered":"<p>O boletim de julho destaca o trabalho do programa nos sectores do turismo e do caf\u00e9, bem como a gest\u00e3o da prote\u00e7\u00e3o dos direitos de propriedade intelectual. <\/p>","protected":false},"featured_media":15066,"template":"","class_list":["post-15054","newslette","type-newslette","status-publish","has-post-thumbnail","hentry"],"yoast_head":"<!-- This site is optimized with the Yoast SEO plugin v28.4 - https:\/\/yoast.com\/product\/yoast-seo-wordpress\/ -->\n<title>Julio 2024 - Programme AL-INVEST Verde<\/title>\n<meta name=\"robots\" content=\"index, follow, max-snippet:-1, max-image-preview:large, max-video-preview:-1\" \/>\n<link rel=\"canonical\" href=\"https:\/\/alinvest-verde.eu\/pt_pt_ao90\/newslette\/newsletter-julio-2\/\" \/>\n<meta property=\"og:locale\" content=\"pt_PT\" \/>\n<meta property=\"og:type\" content=\"article\" \/>\n<meta property=\"og:title\" content=\"Julio 2024 - Programme AL-INVEST Verde\" \/>\n<meta property=\"og:description\" content=\"El bolet\u00edn del mes de julio, destaca el trabajo del programa en los sectores turismo y caf\u00e9; as\u00ed como la gesti\u00f3n de la protecci\u00f3n de los derechos de propiedad intelectual.\" \/>\n<meta property=\"og:url\" content=\"https:\/\/alinvest-verde.eu\/pt_pt_ao90\/newslette\/newsletter-julio-2\/\" \/>\n<meta property=\"og:site_name\" content=\"Programme AL-INVEST Verde\" \/>\n<meta property=\"article:modified_time\" content=\"2024-07-30T18:46:00+00:00\" \/>\n<meta property=\"og:image\" content=\"https:\/\/alinvest-verde.eu\/wp-content\/uploads\/2024\/07\/imagenboletin.png\" \/>\n\t<meta property=\"og:image:width\" content=\"528\" \/>\n\t<meta property=\"og:image:height\" content=\"607\" \/>\n\t<meta property=\"og:image:type\" content=\"image\/png\" \/>\n<meta name=\"twitter:card\" content=\"summary_large_image\" \/>\n<meta name=\"twitter:label1\" content=\"Est. reading time\" \/>\n\t<meta name=\"twitter:data1\" content=\"3 minutos\" \/>\n<script type=\"application\/ld+json\" class=\"yoast-schema-graph\">{\"@context\":\"https:\\\/\\\/schema.org\",\"@graph\":[{\"@type\":\"WebPage\",\"@id\":\"https:\\\/\\\/alinvest-verde.eu\\\/newslette\\\/newsletter-julio-2\\\/\",\"url\":\"https:\\\/\\\/alinvest-verde.eu\\\/newslette\\\/newsletter-julio-2\\\/\",\"name\":\"Julio 2024 - Programme AL-INVEST Verde\",\"isPartOf\":{\"@id\":\"https:\\\/\\\/alinvest-verde.eu\\\/#website\"},\"primaryImageOfPage\":{\"@id\":\"https:\\\/\\\/alinvest-verde.eu\\\/newslette\\\/newsletter-julio-2\\\/#primaryimage\"},\"image\":{\"@id\":\"https:\\\/\\\/alinvest-verde.eu\\\/newslette\\\/newsletter-julio-2\\\/#primaryimage\"},\"thumbnailUrl\":\"https:\\\/\\\/alinvest-verde.eu\\\/wp-content\\\/uploads\\\/2024\\\/07\\\/imagenboletin.png\",\"datePublished\":\"2024-07-30T18:28:03+00:00\",\"dateModified\":\"2024-07-30T18:46:00+00:00\",\"breadcrumb\":{\"@id\":\"https:\\\/\\\/alinvest-verde.eu\\\/newslette\\\/newsletter-julio-2\\\/#breadcrumb\"},\"inLanguage\":\"pt-PT\",\"potentialAction\":[{\"@type\":\"ReadAction\",\"target\":[\"https:\\\/\\\/alinvest-verde.eu\\\/newslette\\\/newsletter-julio-2\\\/\"]}]},{\"@type\":\"ImageObject\",\"inLanguage\":\"pt-PT\",\"@id\":\"https:\\\/\\\/alinvest-verde.eu\\\/newslette\\\/newsletter-julio-2\\\/#primaryimage\",\"url\":\"https:\\\/\\\/alinvest-verde.eu\\\/wp-content\\\/uploads\\\/2024\\\/07\\\/imagenboletin.png\",\"contentUrl\":\"https:\\\/\\\/alinvest-verde.eu\\\/wp-content\\\/uploads\\\/2024\\\/07\\\/imagenboletin.png\",\"width\":528,\"height\":607,\"caption\":\"El bolet\u00edn del mes de julio destaca el trabajo del programa en los sectores turismo y caf\u00e9, as\u00ed como el trabajo en materia de derechos de propiedad intelectual.\"},{\"@type\":\"BreadcrumbList\",\"@id\":\"https:\\\/\\\/alinvest-verde.eu\\\/newslette\\\/newsletter-julio-2\\\/#breadcrumb\",\"itemListElement\":[{\"@type\":\"ListItem\",\"position\":1,\"name\":\"Inicio\",\"item\":\"https:\\\/\\\/alinvest-verde.eu\\\/\"},{\"@type\":\"ListItem\",\"position\":2,\"name\":\"Julio 2024\"}]},{\"@type\":\"WebSite\",\"@id\":\"https:\\\/\\\/alinvest-verde.eu\\\/#website\",\"url\":\"https:\\\/\\\/alinvest-verde.eu\\\/\",\"name\":\"Programme AL-INVEST Verde\",\"description\":\"Building alliances with the private sector in LA and promote sustainable growth and jobs creation by supporting the transition towards a low-carbon, resource-efficient economy\",\"publisher\":{\"@id\":\"https:\\\/\\\/alinvest-verde.eu\\\/#organization\"},\"potentialAction\":[{\"@type\":\"SearchAction\",\"target\":{\"@type\":\"EntryPoint\",\"urlTemplate\":\"https:\\\/\\\/alinvest-verde.eu\\\/?s={search_term_string}\"},\"query-input\":{\"@type\":\"PropertyValueSpecification\",\"valueRequired\":true,\"valueName\":\"search_term_string\"}}],\"inLanguage\":\"pt-PT\"},{\"@type\":\"Organization\",\"@id\":\"https:\\\/\\\/alinvest-verde.eu\\\/#organization\",\"name\":\"Programme AL-INVEST Verde\",\"url\":\"https:\\\/\\\/alinvest-verde.eu\\\/\",\"logo\":{\"@type\":\"ImageObject\",\"inLanguage\":\"pt-PT\",\"@id\":\"https:\\\/\\\/alinvest-verde.eu\\\/#\\\/schema\\\/logo\\\/image\\\/\",\"url\":\"https:\\\/\\\/alinvest-verde.eu\\\/wp-content\\\/uploads\\\/2022\\\/01\\\/cropped-logo-financiado-por-la-UE.jpg\",\"contentUrl\":\"https:\\\/\\\/alinvest-verde.eu\\\/wp-content\\\/uploads\\\/2022\\\/01\\\/cropped-logo-financiado-por-la-UE.jpg\",\"width\":756,\"height\":216,\"caption\":\"Programme AL-INVEST Verde\"},\"image\":{\"@id\":\"https:\\\/\\\/alinvest-verde.eu\\\/#\\\/schema\\\/logo\\\/image\\\/\"}}]}<\/script>\n<!-- \/ Yoast SEO plugin. -->","yoast_head_json":{"title":"julho de 2024 - Programa AL-INVEST Verde","robots":{"index":"index","follow":"follow","max-snippet":"max-snippet:-1","max-image-preview":"max-image-preview:large","max-video-preview":"max-video-preview:-1"},"canonical":"https:\/\/alinvest-verde.eu\/pt_pt_ao90\/newslette\/newsletter-julio-2\/","og_locale":"pt_PT","og_type":"article","og_title":"Julio 2024 - Programme AL-INVEST Verde","og_description":"El bolet\u00edn del mes de julio, destaca el trabajo del programa en los sectores turismo y caf\u00e9; as\u00ed como la gesti\u00f3n de la protecci\u00f3n de los derechos de propiedad intelectual.","og_url":"https:\/\/alinvest-verde.eu\/pt_pt_ao90\/newslette\/newsletter-julio-2\/","og_site_name":"Programme AL-INVEST Verde","article_modified_time":"2024-07-30T18:46:00+00:00","og_image":[{"width":528,"height":607,"url":"https:\/\/alinvest-verde.eu\/wp-content\/uploads\/2024\/07\/imagenboletin.png","type":"image\/png"}],"twitter_card":"summary_large_image","twitter_misc":{"Est. reading time":"3 minutos"},"schema":{"@context":"https:\/\/schema.org","@graph":[{"@type":"WebPage","@id":"https:\/\/alinvest-verde.eu\/newslette\/newsletter-julio-2\/","url":"https:\/\/alinvest-verde.eu\/newslette\/newsletter-julio-2\/","name":"julho de 2024 - Programa AL-INVEST Verde","isPartOf":{"@id":"https:\/\/alinvest-verde.eu\/#website"},"primaryImageOfPage":{"@id":"https:\/\/alinvest-verde.eu\/newslette\/newsletter-julio-2\/#primaryimage"},"image":{"@id":"https:\/\/alinvest-verde.eu\/newslette\/newsletter-julio-2\/#primaryimage"},"thumbnailUrl":"https:\/\/alinvest-verde.eu\/wp-content\/uploads\/2024\/07\/imagenboletin.png","datePublished":"2024-07-30T18:28:03+00:00","dateModified":"2024-07-30T18:46:00+00:00","breadcrumb":{"@id":"https:\/\/alinvest-verde.eu\/newslette\/newsletter-julio-2\/#breadcrumb"},"inLanguage":"pt-PT","potentialAction":[{"@type":"ReadAction","target":["https:\/\/alinvest-verde.eu\/newslette\/newsletter-julio-2\/"]}]},{"@type":"ImageObject","inLanguage":"pt-PT","@id":"https:\/\/alinvest-verde.eu\/newslette\/newsletter-julio-2\/#primaryimage","url":"https:\/\/alinvest-verde.eu\/wp-content\/uploads\/2024\/07\/imagenboletin.png","contentUrl":"https:\/\/alinvest-verde.eu\/wp-content\/uploads\/2024\/07\/imagenboletin.png","width":528,"height":607,"caption":"El bolet\u00edn del mes de julio destaca el trabajo del programa en los sectores turismo y caf\u00e9, as\u00ed como el trabajo en materia de derechos de propiedad intelectual."},{"@type":"BreadcrumbList","@id":"https:\/\/alinvest-verde.eu\/newslette\/newsletter-julio-2\/#breadcrumb","itemListElement":[{"@type":"ListItem","position":1,"name":"Inicio","item":"https:\/\/alinvest-verde.eu\/"},{"@type":"ListItem","position":2,"name":"Julio 2024"}]},{"@type":"WebSite","@id":"https:\/\/alinvest-verde.eu\/#website","url":"https:\/\/alinvest-verde.eu\/","name":"Programa AL-INVEST Verde","description":"Construir alian\u00e7as com o sector privado na AL e promover o crescimento sustent\u00e1vel e a cria\u00e7\u00e3o de empregos, apoiando a transi\u00e7\u00e3o para uma economia de baixo carbono e eficiente em termos de recursos","publisher":{"@id":"https:\/\/alinvest-verde.eu\/#organization"},"potentialAction":[{"@type":"SearchAction","target":{"@type":"EntryPoint","urlTemplate":"https:\/\/alinvest-verde.eu\/?s={search_term_string}"},"query-input":{"@type":"PropertyValueSpecification","valueRequired":true,"valueName":"search_term_string"}}],"inLanguage":"pt-PT"},{"@type":"Organization","@id":"https:\/\/alinvest-verde.eu\/#organization","name":"Programa AL-INVEST Verde","url":"https:\/\/alinvest-verde.eu\/","logo":{"@type":"ImageObject","inLanguage":"pt-PT","@id":"https:\/\/alinvest-verde.eu\/#\/schema\/logo\/image\/","url":"https:\/\/alinvest-verde.eu\/wp-content\/uploads\/2022\/01\/cropped-logo-financiado-por-la-UE.jpg","contentUrl":"https:\/\/alinvest-verde.eu\/wp-content\/uploads\/2022\/01\/cropped-logo-financiado-por-la-UE.jpg","width":756,"height":216,"caption":"Programme AL-INVEST Verde"},"image":{"@id":"https:\/\/alinvest-verde.eu\/#\/schema\/logo\/image\/"}}]}},"_links":{"self":[{"href":"https:\/\/alinvest-verde.eu\/pt_pt_ao90\/wp-json\/wp\/v2\/newslette\/15054","targetHints":{"allow":["GET"]}}],"collection":[{"href":"https:\/\/alinvest-verde.eu\/pt_pt_ao90\/wp-json\/wp\/v2\/newslette"}],"about":[{"href":"https:\/\/alinvest-verde.eu\/pt_pt_ao90\/wp-json\/wp\/v2\/types\/newslette"}],"version-history":[{"count":6,"href":"https:\/\/alinvest-verde.eu\/pt_pt_ao90\/wp-json\/wp\/v2\/newslette\/15054\/revisions"}],"predecessor-version":[{"id":15069,"href":"https:\/\/alinvest-verde.eu\/pt_pt_ao90\/wp-json\/wp\/v2\/newslette\/15054\/revisions\/15069"}],"wp:featuredmedia":[{"embeddable":true,"href":"https:\/\/alinvest-verde.eu\/pt_pt_ao90\/wp-json\/wp\/v2\/media\/15066"}],"wp:attachment":[{"href":"https:\/\/alinvest-verde.eu\/pt_pt_ao90\/wp-json\/wp\/v2\/media?parent=15054"}],"curies":[{"name":"wp","href":"https:\/\/api.w.org\/{rel}","templated":true}]}}