{"id":16369,"date":"2024-11-09T01:47:44","date_gmt":"2024-11-09T00:47:44","guid":{"rendered":"https:\/\/alinvest-verde.eu\/?post_type=newslette&#038;p=16369"},"modified":"2024-11-09T01:47:44","modified_gmt":"2024-11-09T00:47:44","slug":"octubre-2024","status":"publish","type":"newslette","link":"https:\/\/alinvest-verde.eu\/pt_pt_ao90\/newslette\/octubre-2024\/","title":{"rendered":"outubro de 2024"},"content":{"rendered":"<figure class=\"wp-block-image size-full is-resized\"><img fetchpriority=\"high\" decoding=\"async\" width=\"571\" height=\"428\" src=\"https:\/\/alinvest-verde.eu\/wp-content\/uploads\/2024\/11\/image.png\" alt=\"\" class=\"wp-image-16370\" style=\"width:840px;height:auto\" srcset=\"https:\/\/alinvest-verde.eu\/wp-content\/uploads\/2024\/11\/image.png 571w, https:\/\/alinvest-verde.eu\/wp-content\/uploads\/2024\/11\/image-300x225.png 300w, https:\/\/alinvest-verde.eu\/wp-content\/uploads\/2024\/11\/image-16x12.png 16w\" sizes=\"(max-width: 571px) 100vw, 571px\" \/><\/figure>\n\n\n\n<p class=\"wp-block-paragraph\"><strong>AL-INVEST Verde impulsiona a transi\u00e7\u00e3o para a sustentabilidade na COP16 na Col\u00f4mbia<\/strong>\u00a0\u00a0<\/p>\n\n\n\n<p class=\"wp-block-paragraph\">O AL-INVEST Verde participou na Confer\u00eancia das Partes sobre Biodiversidade, COP16, que teve lugar em Cali (Col\u00f4mbia) de 21 de outubro a 1 de novembro. O programa, que promove a sustentabilidade e a transi\u00e7\u00e3o verde na Am\u00e9rica Latina, <strong>organizou tr\u00eas eventos sobre caf\u00e9, cacau e gado bovino<\/strong>... <strong><a href=\"https:\/\/alinvest-verde.eu\/pt_pt_ao90\/al-invest-verde-impulsa-la-transicion-hacia-la-sostenibilidad-en-la-cop16-en-colombia\/\"><strong>Ler mais<\/strong><\/a>.\u00a0<\/strong><\/p>\n\n\n\n<p class=\"wp-block-paragraph\"><strong>Eventos paralelos no Pavilh\u00e3o da Uni\u00e3o Europeia \u00a0<\/strong><\/p>\n\n\n\n<figure class=\"wp-block-image size-large\"><img decoding=\"async\" width=\"1024\" height=\"683\" src=\"https:\/\/alinvest-verde.eu\/wp-content\/uploads\/2024\/10\/AIV-en-la-COP16-1024x683.png\" alt=\"\" class=\"wp-image-16186\" srcset=\"https:\/\/alinvest-verde.eu\/wp-content\/uploads\/2024\/10\/AIV-en-la-COP16-1024x683.png 1024w, https:\/\/alinvest-verde.eu\/wp-content\/uploads\/2024\/10\/AIV-en-la-COP16-300x200.png 300w, https:\/\/alinvest-verde.eu\/wp-content\/uploads\/2024\/10\/AIV-en-la-COP16-768x512.png 768w, https:\/\/alinvest-verde.eu\/wp-content\/uploads\/2024\/10\/AIV-en-la-COP16-391x260.png 391w, https:\/\/alinvest-verde.eu\/wp-content\/uploads\/2024\/10\/AIV-en-la-COP16-18x12.png 18w, https:\/\/alinvest-verde.eu\/wp-content\/uploads\/2024\/10\/AIV-en-la-COP16.png 1500w\" sizes=\"(max-width: 1024px) 100vw, 1024px\" \/><\/figure>\n\n\n\n<ul class=\"wp-block-list\">\n<li><a href=\"https:\/\/youtu.be\/VapL90IWuyo?list=PLb8IUTKTakXN4fdRa4T9R92id6G49_uzh&amp;t=1\">Sustentabilidade e valoriza\u00e7\u00e3o da cadeia de valor do caf\u00e9 e sua intera\u00e7\u00e3o com os ecossistemas<\/a>.\u00a0<\/li>\n\n\n\n<li><a href=\"https:\/\/youtu.be\/CxyIQOrXyZc?list=PLb8IUTKTakXN4fdRa4T9R92id6G49_uzh&amp;t=4\">Sustentabilidade e valoriza\u00e7\u00e3o da cadeia de valor do cacau e suas contribui\u00e7\u00f5es para a prote\u00e7\u00e3o da floresta<\/a>.<\/li>\n\n\n\n<li><a href=\"https:\/\/youtu.be\/ZsZH7LtChFM?list=PLb8IUTKTakXN4fdRa4T9R92id6G49_uzh\">Iniciativas multilaterais para promover a pecu\u00e1ria sustent\u00e1vel em zonas de elevada biodiversidade na Am\u00e9rica Latina<\/a>. <\/li>\n<\/ul>\n\n\n\n<figure class=\"wp-block-image size-full is-resized\"><img decoding=\"async\" width=\"571\" height=\"371\" src=\"https:\/\/alinvest-verde.eu\/wp-content\/uploads\/2024\/11\/image-1.png\" alt=\"\" class=\"wp-image-16371\" style=\"width:840px;height:auto\" srcset=\"https:\/\/alinvest-verde.eu\/wp-content\/uploads\/2024\/11\/image-1.png 571w, https:\/\/alinvest-verde.eu\/wp-content\/uploads\/2024\/11\/image-1-300x195.png 300w, https:\/\/alinvest-verde.eu\/wp-content\/uploads\/2024\/11\/image-1-18x12.png 18w\" sizes=\"(max-width: 571px) 100vw, 571px\" \/><\/figure>\n\n\n\n<p class=\"wp-block-paragraph\"><strong>Equador acolhe o encerramento do ciclo \"Di\u00e1logos sobre o cacau sustent\u00e1vel<\/strong><\/p>\n\n\n\n<p class=\"wp-block-paragraph\">Em 1 de outubro, o evento teve lugar em Quito. <strong>\"Solu\u00e7\u00f5es integradas para um cacau sustent\u00e1vel no mercado europeu\".<\/strong>organizado pelo AL-INVEST Verde, em colabora\u00e7\u00e3o com a Coopera\u00e7\u00e3o Alem\u00e3-GIZ Equador e a Delega\u00e7\u00e3o da Uni\u00e3o Europeia no Equador. Posteriormente, nos dias 2 e 3 de outubro, foram organizados workshops com autoridades, peritos internacionais, representantes-chave do sector p\u00fablico, do sector privado e de associa\u00e7\u00f5es, entre outros, de mais de dez pa\u00edses da Am\u00e9rica Latina e da Europa... <strong><a href=\"https:\/\/alinvest-verde.eu\/pt_pt_ao90\/ecuador-acoge-el-cierre-del-ciclo-dialogos-sobre-cacao-sostenible\/\"><strong>Ler mais<\/strong><\/a>.<\/strong><\/p>\n\n\n\n<figure class=\"wp-block-image size-full is-resized\"><img loading=\"lazy\" decoding=\"async\" width=\"571\" height=\"381\" src=\"https:\/\/alinvest-verde.eu\/wp-content\/uploads\/2024\/11\/image-2.png\" alt=\"\" class=\"wp-image-16372\" style=\"width:840px;height:auto\" srcset=\"https:\/\/alinvest-verde.eu\/wp-content\/uploads\/2024\/11\/image-2.png 571w, https:\/\/alinvest-verde.eu\/wp-content\/uploads\/2024\/11\/image-2-300x200.png 300w, https:\/\/alinvest-verde.eu\/wp-content\/uploads\/2024\/11\/image-2-391x260.png 391w, https:\/\/alinvest-verde.eu\/wp-content\/uploads\/2024\/11\/image-2-18x12.png 18w\" sizes=\"(max-width: 571px) 100vw, 571px\" \/><\/figure>\n\n\n\n<p class=\"wp-block-paragraph\"><strong>A C\u00e2mara de Com\u00e9rcio de Lima, membro do Cons\u00f3rcio AL-INVEST Verde, recebe o reconhecimento pelo seu excelente compromisso ambiental<\/strong><\/p>\n\n\n\n<p class=\"wp-block-paragraph\">A C\u00e2mara de Com\u00e9rcio de Lima foi recentemente galardoada com o \"Pr\u00e9mio Pegada de Carbono para a Sustentabilidade Ambiental - N\u00edvel 4\" pelo Minist\u00e9rio do Ambiente, em reconhecimento dos seus esfor\u00e7os not\u00e1veis na redu\u00e7\u00e3o dos gases com efeito de estufa. Esta conquista \u00e9 particularmente relevante no contexto do programa AL-INVEST Verde, financiado pela Uni\u00e3o Europeia, que visa promover pr\u00e1ticas empresariais sustent\u00e1veis e apoiar as pequenas e m\u00e9dias empresas da Am\u00e9rica Latina a adotar solu\u00e7\u00f5es ambientais inovadoras... <strong><a href=\"https:\/\/alinvest-verde.eu\/pt_pt_ao90\/camara-de-comercio-de-lima-miembro-del-consorcio-al-invest-verde-obtiene-reconocimiento-por-su-excepcional-compromiso-ambiental\/\"><strong>Ler mais<\/strong><\/a>.<\/strong><\/p>\n\n\n\n<figure class=\"wp-block-image size-full is-resized\"><img loading=\"lazy\" decoding=\"async\" width=\"571\" height=\"322\" src=\"https:\/\/alinvest-verde.eu\/wp-content\/uploads\/2024\/11\/image-3.png\" alt=\"\" class=\"wp-image-16373\" style=\"width:840px;height:auto\" srcset=\"https:\/\/alinvest-verde.eu\/wp-content\/uploads\/2024\/11\/image-3.png 571w, https:\/\/alinvest-verde.eu\/wp-content\/uploads\/2024\/11\/image-3-300x169.png 300w, https:\/\/alinvest-verde.eu\/wp-content\/uploads\/2024\/11\/image-3-18x10.png 18w\" sizes=\"(max-width: 571px) 100vw, 571px\" \/><\/figure>\n\n\n\n<p class=\"wp-block-paragraph\"><strong>Grava\u00e7\u00f5es de dois eventos importantes sobre propriedade intelectual e sustentabilidade<\/strong><\/p>\n\n\n\n<p class=\"wp-block-paragraph\">Est\u00e3o agora dispon\u00edveis as grava\u00e7\u00f5es de dois eventos importantes organizados em setembro de 2024 no \u00e2mbito da Componente 3 para os Direitos de Propriedade Intelectual, AL-INVEST Verde IPR, implementada pelo Instituto da Propriedade Intelectual da Uni\u00e3o Europeia, EUIPO. \"Aproveitar a propriedade intelectual para o crescimento sustent\u00e1vel e a competitividade\" e \"<em>G<\/em>reen Gateway: usando a PI para promover o com\u00e9rcio sustent\u00e1vel entre o Brasil e a Uni\u00e3o Europeia\"... <strong><a href=\"https:\/\/alinvest-verde.eu\/pt_pt_ao90\/disponibles-las-grabaciones-de-dos-eventos-clave-sobre-pi-y-sostenibilidad\/\"><strong>Ler mais<\/strong><\/a>.\u00a0<\/strong><\/p>\n\n\n\n<figure class=\"wp-block-image size-large\"><img loading=\"lazy\" decoding=\"async\" width=\"1024\" height=\"535\" src=\"https:\/\/alinvest-verde.eu\/wp-content\/uploads\/2024\/11\/Webinar-reglamento-europeo_LinkedIn-1024x535.png\" alt=\"\" class=\"wp-image-16352\" srcset=\"https:\/\/alinvest-verde.eu\/wp-content\/uploads\/2024\/11\/Webinar-reglamento-europeo_LinkedIn-1024x535.png 1024w, https:\/\/alinvest-verde.eu\/wp-content\/uploads\/2024\/11\/Webinar-reglamento-europeo_LinkedIn-300x157.png 300w, https:\/\/alinvest-verde.eu\/wp-content\/uploads\/2024\/11\/Webinar-reglamento-europeo_LinkedIn-768x401.png 768w, https:\/\/alinvest-verde.eu\/wp-content\/uploads\/2024\/11\/Webinar-reglamento-europeo_LinkedIn-18x9.png 18w, https:\/\/alinvest-verde.eu\/wp-content\/uploads\/2024\/11\/Webinar-reglamento-europeo_LinkedIn.png 1200w\" sizes=\"(max-width: 1024px) 100vw, 1024px\" \/><\/figure>\n\n\n\n<p class=\"wp-block-paragraph\"><strong>Webinar da EUDR\u00a0<\/strong><\/p>\n\n\n\n<p class=\"wp-block-paragraph\"><strong><a href=\"https:\/\/alinvest-verde.eu\/pt_pt_ao90\/agenda-verde\/reglamento-europeo-contra-la-deforestacion-european-deforestation-regulation-eudr\/\"><strong>Mais informa\u00e7\u00f5es\u00a0<\/strong><\/a><\/strong><\/p>\n\n\n\n<figure class=\"wp-block-image size-full is-resized\"><img loading=\"lazy\" decoding=\"async\" width=\"571\" height=\"107\" src=\"https:\/\/alinvest-verde.eu\/wp-content\/uploads\/2024\/11\/image-4.png\" alt=\"\" class=\"wp-image-16374\" style=\"width:840px;height:auto\" srcset=\"https:\/\/alinvest-verde.eu\/wp-content\/uploads\/2024\/11\/image-4.png 571w, https:\/\/alinvest-verde.eu\/wp-content\/uploads\/2024\/11\/image-4-300x56.png 300w, https:\/\/alinvest-verde.eu\/wp-content\/uploads\/2024\/11\/image-4-18x3.png 18w\" sizes=\"(max-width: 571px) 100vw, 571px\" \/><\/figure>","protected":false},"excerpt":{"rendered":"<p>O boletim de outubro destaca a participa\u00e7\u00e3o do Programa durante a COP sobre Biodiversidade em Cali, Col\u00f4mbia, com os seus eventos paralelos sobre caf\u00e9, cacau e gado no Pavilh\u00e3o da UE. <\/p>","protected":false},"featured_media":16376,"template":"","class_list":["post-16369","newslette","type-newslette","status-publish","has-post-thumbnail","hentry"],"yoast_head":"<!-- This site is optimized with the Yoast SEO plugin v28.4 - https:\/\/yoast.com\/product\/yoast-seo-wordpress\/ -->\n<title>Octubre 2024 - Programme AL-INVEST Verde<\/title>\n<meta name=\"robots\" content=\"index, follow, max-snippet:-1, max-image-preview:large, max-video-preview:-1\" \/>\n<link rel=\"canonical\" href=\"https:\/\/alinvest-verde.eu\/pt_pt_ao90\/newslette\/octubre-2024\/\" \/>\n<meta property=\"og:locale\" content=\"pt_PT\" \/>\n<meta property=\"og:type\" content=\"article\" \/>\n<meta property=\"og:title\" content=\"Octubre 2024 - Programme AL-INVEST Verde\" \/>\n<meta property=\"og:description\" content=\"El bolet\u00edn del mes de octubre destaca la participaci\u00f3n del Programa durante la COP de la Biodiversidad en Cali, Colombia con sus eventos paralelos sobre caf\u00e9, cacao y ganader\u00eda en el Pabell\u00f3n de la Uni\u00f3n Europea.\" \/>\n<meta property=\"og:url\" content=\"https:\/\/alinvest-verde.eu\/pt_pt_ao90\/newslette\/octubre-2024\/\" \/>\n<meta property=\"og:site_name\" content=\"Programme AL-INVEST Verde\" \/>\n<meta property=\"og:image\" content=\"https:\/\/alinvest-verde.eu\/wp-content\/uploads\/2024\/11\/Imagennews.jpg\" \/>\n\t<meta property=\"og:image:width\" content=\"745\" \/>\n\t<meta property=\"og:image:height\" content=\"630\" \/>\n\t<meta property=\"og:image:type\" content=\"image\/jpeg\" \/>\n<meta name=\"twitter:card\" content=\"summary_large_image\" \/>\n<meta name=\"twitter:label1\" content=\"Est. reading time\" \/>\n\t<meta name=\"twitter:data1\" content=\"4 minutos\" \/>\n<script type=\"application\/ld+json\" class=\"yoast-schema-graph\">{\"@context\":\"https:\\\/\\\/schema.org\",\"@graph\":[{\"@type\":\"WebPage\",\"@id\":\"https:\\\/\\\/alinvest-verde.eu\\\/newslette\\\/octubre-2024\\\/\",\"url\":\"https:\\\/\\\/alinvest-verde.eu\\\/newslette\\\/octubre-2024\\\/\",\"name\":\"Octubre 2024 - Programme AL-INVEST Verde\",\"isPartOf\":{\"@id\":\"https:\\\/\\\/alinvest-verde.eu\\\/#website\"},\"primaryImageOfPage\":{\"@id\":\"https:\\\/\\\/alinvest-verde.eu\\\/newslette\\\/octubre-2024\\\/#primaryimage\"},\"image\":{\"@id\":\"https:\\\/\\\/alinvest-verde.eu\\\/newslette\\\/octubre-2024\\\/#primaryimage\"},\"thumbnailUrl\":\"https:\\\/\\\/alinvest-verde.eu\\\/wp-content\\\/uploads\\\/2024\\\/11\\\/Imagennews.jpg\",\"datePublished\":\"2024-11-09T00:47:44+00:00\",\"breadcrumb\":{\"@id\":\"https:\\\/\\\/alinvest-verde.eu\\\/newslette\\\/octubre-2024\\\/#breadcrumb\"},\"inLanguage\":\"pt-PT\",\"potentialAction\":[{\"@type\":\"ReadAction\",\"target\":[\"https:\\\/\\\/alinvest-verde.eu\\\/newslette\\\/octubre-2024\\\/\"]}]},{\"@type\":\"ImageObject\",\"inLanguage\":\"pt-PT\",\"@id\":\"https:\\\/\\\/alinvest-verde.eu\\\/newslette\\\/octubre-2024\\\/#primaryimage\",\"url\":\"https:\\\/\\\/alinvest-verde.eu\\\/wp-content\\\/uploads\\\/2024\\\/11\\\/Imagennews.jpg\",\"contentUrl\":\"https:\\\/\\\/alinvest-verde.eu\\\/wp-content\\\/uploads\\\/2024\\\/11\\\/Imagennews.jpg\",\"width\":745,\"height\":630},{\"@type\":\"BreadcrumbList\",\"@id\":\"https:\\\/\\\/alinvest-verde.eu\\\/newslette\\\/octubre-2024\\\/#breadcrumb\",\"itemListElement\":[{\"@type\":\"ListItem\",\"position\":1,\"name\":\"Inicio\",\"item\":\"https:\\\/\\\/alinvest-verde.eu\\\/\"},{\"@type\":\"ListItem\",\"position\":2,\"name\":\"Octubre 2024\"}]},{\"@type\":\"WebSite\",\"@id\":\"https:\\\/\\\/alinvest-verde.eu\\\/#website\",\"url\":\"https:\\\/\\\/alinvest-verde.eu\\\/\",\"name\":\"Programme AL-INVEST Verde\",\"description\":\"Building alliances with the private sector in LA and promote sustainable growth and jobs creation by supporting the transition towards a low-carbon, resource-efficient economy\",\"publisher\":{\"@id\":\"https:\\\/\\\/alinvest-verde.eu\\\/#organization\"},\"potentialAction\":[{\"@type\":\"SearchAction\",\"target\":{\"@type\":\"EntryPoint\",\"urlTemplate\":\"https:\\\/\\\/alinvest-verde.eu\\\/?s={search_term_string}\"},\"query-input\":{\"@type\":\"PropertyValueSpecification\",\"valueRequired\":true,\"valueName\":\"search_term_string\"}}],\"inLanguage\":\"pt-PT\"},{\"@type\":\"Organization\",\"@id\":\"https:\\\/\\\/alinvest-verde.eu\\\/#organization\",\"name\":\"Programme AL-INVEST Verde\",\"url\":\"https:\\\/\\\/alinvest-verde.eu\\\/\",\"logo\":{\"@type\":\"ImageObject\",\"inLanguage\":\"pt-PT\",\"@id\":\"https:\\\/\\\/alinvest-verde.eu\\\/#\\\/schema\\\/logo\\\/image\\\/\",\"url\":\"https:\\\/\\\/alinvest-verde.eu\\\/wp-content\\\/uploads\\\/2022\\\/01\\\/cropped-logo-financiado-por-la-UE.jpg\",\"contentUrl\":\"https:\\\/\\\/alinvest-verde.eu\\\/wp-content\\\/uploads\\\/2022\\\/01\\\/cropped-logo-financiado-por-la-UE.jpg\",\"width\":756,\"height\":216,\"caption\":\"Programme AL-INVEST Verde\"},\"image\":{\"@id\":\"https:\\\/\\\/alinvest-verde.eu\\\/#\\\/schema\\\/logo\\\/image\\\/\"}}]}<\/script>\n<!-- \/ Yoast SEO plugin. -->","yoast_head_json":{"title":"outubro de 2024 - Programa AL-INVEST Verde","robots":{"index":"index","follow":"follow","max-snippet":"max-snippet:-1","max-image-preview":"max-image-preview:large","max-video-preview":"max-video-preview:-1"},"canonical":"https:\/\/alinvest-verde.eu\/pt_pt_ao90\/newslette\/octubre-2024\/","og_locale":"pt_PT","og_type":"article","og_title":"Octubre 2024 - Programme AL-INVEST Verde","og_description":"El bolet\u00edn del mes de octubre destaca la participaci\u00f3n del Programa durante la COP de la Biodiversidad en Cali, Colombia con sus eventos paralelos sobre caf\u00e9, cacao y ganader\u00eda en el Pabell\u00f3n de la Uni\u00f3n Europea.","og_url":"https:\/\/alinvest-verde.eu\/pt_pt_ao90\/newslette\/octubre-2024\/","og_site_name":"Programme AL-INVEST Verde","og_image":[{"width":745,"height":630,"url":"https:\/\/alinvest-verde.eu\/wp-content\/uploads\/2024\/11\/Imagennews.jpg","type":"image\/jpeg"}],"twitter_card":"summary_large_image","twitter_misc":{"Est. reading time":"4 minutos"},"schema":{"@context":"https:\/\/schema.org","@graph":[{"@type":"WebPage","@id":"https:\/\/alinvest-verde.eu\/newslette\/octubre-2024\/","url":"https:\/\/alinvest-verde.eu\/newslette\/octubre-2024\/","name":"outubro de 2024 - Programa AL-INVEST Verde","isPartOf":{"@id":"https:\/\/alinvest-verde.eu\/#website"},"primaryImageOfPage":{"@id":"https:\/\/alinvest-verde.eu\/newslette\/octubre-2024\/#primaryimage"},"image":{"@id":"https:\/\/alinvest-verde.eu\/newslette\/octubre-2024\/#primaryimage"},"thumbnailUrl":"https:\/\/alinvest-verde.eu\/wp-content\/uploads\/2024\/11\/Imagennews.jpg","datePublished":"2024-11-09T00:47:44+00:00","breadcrumb":{"@id":"https:\/\/alinvest-verde.eu\/newslette\/octubre-2024\/#breadcrumb"},"inLanguage":"pt-PT","potentialAction":[{"@type":"ReadAction","target":["https:\/\/alinvest-verde.eu\/newslette\/octubre-2024\/"]}]},{"@type":"ImageObject","inLanguage":"pt-PT","@id":"https:\/\/alinvest-verde.eu\/newslette\/octubre-2024\/#primaryimage","url":"https:\/\/alinvest-verde.eu\/wp-content\/uploads\/2024\/11\/Imagennews.jpg","contentUrl":"https:\/\/alinvest-verde.eu\/wp-content\/uploads\/2024\/11\/Imagennews.jpg","width":745,"height":630},{"@type":"BreadcrumbList","@id":"https:\/\/alinvest-verde.eu\/newslette\/octubre-2024\/#breadcrumb","itemListElement":[{"@type":"ListItem","position":1,"name":"Inicio","item":"https:\/\/alinvest-verde.eu\/"},{"@type":"ListItem","position":2,"name":"Octubre 2024"}]},{"@type":"WebSite","@id":"https:\/\/alinvest-verde.eu\/#website","url":"https:\/\/alinvest-verde.eu\/","name":"Programa AL-INVEST Verde","description":"Construir alian\u00e7as com o sector privado na AL e promover o crescimento sustent\u00e1vel e a cria\u00e7\u00e3o de empregos, apoiando a transi\u00e7\u00e3o para uma economia de baixo carbono e eficiente em termos de recursos","publisher":{"@id":"https:\/\/alinvest-verde.eu\/#organization"},"potentialAction":[{"@type":"SearchAction","target":{"@type":"EntryPoint","urlTemplate":"https:\/\/alinvest-verde.eu\/?s={search_term_string}"},"query-input":{"@type":"PropertyValueSpecification","valueRequired":true,"valueName":"search_term_string"}}],"inLanguage":"pt-PT"},{"@type":"Organization","@id":"https:\/\/alinvest-verde.eu\/#organization","name":"Programa AL-INVEST Verde","url":"https:\/\/alinvest-verde.eu\/","logo":{"@type":"ImageObject","inLanguage":"pt-PT","@id":"https:\/\/alinvest-verde.eu\/#\/schema\/logo\/image\/","url":"https:\/\/alinvest-verde.eu\/wp-content\/uploads\/2022\/01\/cropped-logo-financiado-por-la-UE.jpg","contentUrl":"https:\/\/alinvest-verde.eu\/wp-content\/uploads\/2022\/01\/cropped-logo-financiado-por-la-UE.jpg","width":756,"height":216,"caption":"Programme AL-INVEST Verde"},"image":{"@id":"https:\/\/alinvest-verde.eu\/#\/schema\/logo\/image\/"}}]}},"_links":{"self":[{"href":"https:\/\/alinvest-verde.eu\/pt_pt_ao90\/wp-json\/wp\/v2\/newslette\/16369","targetHints":{"allow":["GET"]}}],"collection":[{"href":"https:\/\/alinvest-verde.eu\/pt_pt_ao90\/wp-json\/wp\/v2\/newslette"}],"about":[{"href":"https:\/\/alinvest-verde.eu\/pt_pt_ao90\/wp-json\/wp\/v2\/types\/newslette"}],"version-history":[{"count":2,"href":"https:\/\/alinvest-verde.eu\/pt_pt_ao90\/wp-json\/wp\/v2\/newslette\/16369\/revisions"}],"predecessor-version":[{"id":16377,"href":"https:\/\/alinvest-verde.eu\/pt_pt_ao90\/wp-json\/wp\/v2\/newslette\/16369\/revisions\/16377"}],"wp:featuredmedia":[{"embeddable":true,"href":"https:\/\/alinvest-verde.eu\/pt_pt_ao90\/wp-json\/wp\/v2\/media\/16376"}],"wp:attachment":[{"href":"https:\/\/alinvest-verde.eu\/pt_pt_ao90\/wp-json\/wp\/v2\/media?parent=16369"}],"curies":[{"name":"wp","href":"https:\/\/api.w.org\/{rel}","templated":true}]}}