{"id":17525,"date":"2025-05-08T20:06:50","date_gmt":"2025-05-08T18:06:50","guid":{"rendered":"https:\/\/alinvest-verde.eu\/?post_type=newslette&#038;p=17525"},"modified":"2025-05-08T20:06:50","modified_gmt":"2025-05-08T18:06:50","slug":"abril-2025","status":"publish","type":"newslette","link":"https:\/\/alinvest-verde.eu\/pt_pt_ao90\/newslette\/abril-2025\/","title":{"rendered":"abril de 2025"},"content":{"rendered":"<figure class=\"wp-block-image size-large\"><img fetchpriority=\"high\" decoding=\"async\" width=\"1024\" height=\"576\" src=\"https:\/\/alinvest-verde.eu\/wp-content\/uploads\/2025\/05\/image-1024x576.png\" alt=\"\" class=\"wp-image-17526\" srcset=\"https:\/\/alinvest-verde.eu\/wp-content\/uploads\/2025\/05\/image-1024x576.png 1024w, https:\/\/alinvest-verde.eu\/wp-content\/uploads\/2025\/05\/image-300x169.png 300w, https:\/\/alinvest-verde.eu\/wp-content\/uploads\/2025\/05\/image-768x432.png 768w, https:\/\/alinvest-verde.eu\/wp-content\/uploads\/2025\/05\/image-18x10.png 18w, https:\/\/alinvest-verde.eu\/wp-content\/uploads\/2025\/05\/image.png 1225w\" sizes=\"(max-width: 1024px) 100vw, 1024px\" \/><\/figure>\n\n\n\n<p class=\"wp-block-paragraph\"><strong>Mais de 31 000 empresas de 15 pa\u00edses da Am\u00e9rica Latina beneficiaram do programa AL-INVEST Verde.<\/strong><\/p>\n\n\n\n<p class=\"wp-block-paragraph\">Atrav\u00e9s da implementa\u00e7\u00e3o da sua Componente 1, de apoio ao sector privado, com 66 projectos em curso e uma transforma\u00e7\u00e3o tang\u00edvel em v\u00e1rios sectores produtivos, o programa conseguiu a implementa\u00e7\u00e3o de pr\u00e1ticas sustent\u00e1veis em mais de 31 mil MPME que receberam forma\u00e7\u00e3o para melhorar a produtividade e a efici\u00eancia, promover a economia circular e a digitaliza\u00e7\u00e3o, refor\u00e7ando as suas capacidades para competir em mercados mais exigentes. <a href=\"https:\/\/alinvest-verde.eu\/pt_pt_ao90\/mas-de-31-mil-empresas-en-15-paises-de-america-latina-beneficiadas-por-el-programa-al-invest-verde\/\">Leia a hist\u00f3ria completa<\/a>.<\/p>\n\n\n\n<figure class=\"wp-block-image size-large\"><img decoding=\"async\" width=\"1024\" height=\"576\" src=\"https:\/\/alinvest-verde.eu\/wp-content\/uploads\/2025\/05\/image-1-1024x576.png\" alt=\"\" class=\"wp-image-17527\" srcset=\"https:\/\/alinvest-verde.eu\/wp-content\/uploads\/2025\/05\/image-1-1024x576.png 1024w, https:\/\/alinvest-verde.eu\/wp-content\/uploads\/2025\/05\/image-1-300x169.png 300w, https:\/\/alinvest-verde.eu\/wp-content\/uploads\/2025\/05\/image-1-768x432.png 768w, https:\/\/alinvest-verde.eu\/wp-content\/uploads\/2025\/05\/image-1-1536x864.png 1536w, https:\/\/alinvest-verde.eu\/wp-content\/uploads\/2025\/05\/image-1-18x10.png 18w, https:\/\/alinvest-verde.eu\/wp-content\/uploads\/2025\/05\/image-1.png 1920w\" sizes=\"(max-width: 1024px) 100vw, 1024px\" \/><\/figure>\n\n\n\n<p class=\"wp-block-paragraph\"><strong>O piment\u00e3o do Vale de Calchaqu\u00ed, o terceiro produto apoiado pelo AL-INVmentor a obter o reconhecimento da IG<\/strong><\/p>\n\n\n\n<p class=\"wp-block-paragraph\">Celebramos os importantes progressos alcan\u00e7ados pelos produtores de Paprika do Vale de Calchaqu\u00ed, na Argentina, que participaram no programa de tutoria de Indica\u00e7\u00f5es Geogr\u00e1ficas (IG): AL-INVmentor. Este produto, ligado \u00e0 sua regi\u00e3o de origem, foi oficialmente reconhecido como denomina\u00e7\u00e3o de origem em 15 de abril de 2025, gra\u00e7as \u00e0s carater\u00edsticas \u00fanicas proporcionadas pelo seu cultivo nos vales de altitude de Salta. <a href=\"https:\/\/alinvest-verde.eu\/pt_pt_ao90\/pimenton-del-valle-calchaqui-el-tercer-producto-del-mercosur-vinculado-al-origen-y-apoyado-por-al-invmentor-que-obtiene-el-reconocimiento-de-ig-en-argentina\/\">Leia a hist\u00f3ria completa<\/a>. <\/p>\n\n\n\n<figure class=\"wp-block-image size-large\"><img decoding=\"async\" width=\"1024\" height=\"512\" src=\"https:\/\/alinvest-verde.eu\/wp-content\/uploads\/2025\/05\/image-2-1024x512.png\" alt=\"\" class=\"wp-image-17528\" srcset=\"https:\/\/alinvest-verde.eu\/wp-content\/uploads\/2025\/05\/image-2-1024x512.png 1024w, https:\/\/alinvest-verde.eu\/wp-content\/uploads\/2025\/05\/image-2-300x150.png 300w, https:\/\/alinvest-verde.eu\/wp-content\/uploads\/2025\/05\/image-2-768x384.png 768w, https:\/\/alinvest-verde.eu\/wp-content\/uploads\/2025\/05\/image-2-1536x768.png 1536w, https:\/\/alinvest-verde.eu\/wp-content\/uploads\/2025\/05\/image-2-18x9.png 18w, https:\/\/alinvest-verde.eu\/wp-content\/uploads\/2025\/05\/image-2.png 2048w\" sizes=\"(max-width: 1024px) 100vw, 1024px\" \/><\/figure>\n\n\n\n<p class=\"wp-block-paragraph\"><strong>Pr\u00e9mio Ingenias LATAM destaca o talento de mulheres inovadoras na Am\u00e9rica Latina<\/strong><\/p>\n\n\n\n<p class=\"wp-block-paragraph\">O objetivo do Pr\u00e9mio Ingenias LATAM \u00e9 destacar o talento das mulheres inovadoras da Am\u00e9rica Latina e dar visibilidade internacional \u00e0s suas cria\u00e7\u00f5es e inven\u00e7\u00f5es. Na sua primeira edi\u00e7\u00e3o, o pr\u00e9mio ter\u00e1 lugar nas instala\u00e7\u00f5es do Instituto Nacional da Propriedade Industrial (INAPI) no Chile, a 4 de setembro, e centrar-se-\u00e1 nas mulheres inventoras, com o objetivo de reconhecer e celebrar a sua contribui\u00e7\u00e3o para a inova\u00e7\u00e3o. <a href=\"https:\/\/alinvest-verde.eu\/pt_pt_ao90\/ultimos-dias-para-postularse-al-premio-ingenias-latam-para-reconocer-a-mujeres-innovadoras\/\">Leia a hist\u00f3ria completa<\/a>. <\/p>\n\n\n\n<figure class=\"wp-block-image size-full\"><img loading=\"lazy\" decoding=\"async\" width=\"1024\" height=\"683\" src=\"https:\/\/alinvest-verde.eu\/wp-content\/uploads\/2025\/05\/image-3.png\" alt=\"\" class=\"wp-image-17529\" srcset=\"https:\/\/alinvest-verde.eu\/wp-content\/uploads\/2025\/05\/image-3.png 1024w, https:\/\/alinvest-verde.eu\/wp-content\/uploads\/2025\/05\/image-3-300x200.png 300w, https:\/\/alinvest-verde.eu\/wp-content\/uploads\/2025\/05\/image-3-768x512.png 768w, https:\/\/alinvest-verde.eu\/wp-content\/uploads\/2025\/05\/image-3-391x260.png 391w, https:\/\/alinvest-verde.eu\/wp-content\/uploads\/2025\/05\/image-3-18x12.png 18w\" sizes=\"(max-width: 1024px) 100vw, 1024px\" \/><\/figure>\n\n\n\n<p class=\"wp-block-paragraph\"><strong>Ciclos de di\u00e1logos regionais<\/strong><\/p>\n\n\n\n<p class=\"wp-block-paragraph\">Desde 2021, o AL-INVEST Verde tem vindo a organizar ciclos tem\u00e1ticos sobre sustentabilidade no <strong>cadeias de valor do gado, do caf\u00e9, da madeira e do cacau<\/strong> na Am\u00e9rica Latina. Aceda a todas as informa\u00e7\u00f5es sobre estas interessantes actividades. <a href=\"https:\/\/alinvest-verde.eu\/pt_pt_ao90\/regional-componente-2\/\">Ler mais<\/a>. <\/p>\n\n\n\n<figure class=\"wp-block-image size-full is-resized\"><img loading=\"lazy\" decoding=\"async\" width=\"363\" height=\"76\" src=\"https:\/\/alinvest-verde.eu\/wp-content\/uploads\/2025\/04\/logo-agenda.jpg\" alt=\"\" class=\"wp-image-17229\" style=\"width:288px;height:auto\" srcset=\"https:\/\/alinvest-verde.eu\/wp-content\/uploads\/2025\/04\/logo-agenda.jpg 363w, https:\/\/alinvest-verde.eu\/wp-content\/uploads\/2025\/04\/logo-agenda-300x63.jpg 300w\" sizes=\"(max-width: 363px) 100vw, 363px\" \/><\/figure>\n\n\n\n<figure class=\"wp-block-image size-large\"><img loading=\"lazy\" decoding=\"async\" width=\"1024\" height=\"576\" src=\"https:\/\/alinvest-verde.eu\/wp-content\/uploads\/2025\/05\/image-4-1024x576.png\" alt=\"\" class=\"wp-image-17530\" srcset=\"https:\/\/alinvest-verde.eu\/wp-content\/uploads\/2025\/05\/image-4-1024x576.png 1024w, https:\/\/alinvest-verde.eu\/wp-content\/uploads\/2025\/05\/image-4-300x169.png 300w, https:\/\/alinvest-verde.eu\/wp-content\/uploads\/2025\/05\/image-4-768x432.png 768w, https:\/\/alinvest-verde.eu\/wp-content\/uploads\/2025\/05\/image-4-1536x864.png 1536w, https:\/\/alinvest-verde.eu\/wp-content\/uploads\/2025\/05\/image-4-18x10.png 18w, https:\/\/alinvest-verde.eu\/wp-content\/uploads\/2025\/05\/image-4.png 1600w\" sizes=\"(max-width: 1024px) 100vw, 1024px\" \/><\/figure>\n\n\n\n<p class=\"wp-block-paragraph\">O <strong>13 de maio <\/strong>o I \"Di\u00e1logo Agroalimentar UE-ALC\" \u00e9 organizado em conjunto com o Instituto Interamericano de Coopera\u00e7\u00e3o para a Agricultura (IICA). <a href=\"https:\/\/alinvest-verde.eu\/pt_pt_ao90\/agenda-verde\/estrategias-e-instrumentos-para-fomentar-la-ganaderia-sostenible-en-la-ue-y-alc\/\">Ver evento<\/a>. <\/p>\n\n\n\n<figure class=\"wp-block-image size-large\"><img loading=\"lazy\" decoding=\"async\" width=\"1024\" height=\"576\" src=\"https:\/\/alinvest-verde.eu\/wp-content\/uploads\/2025\/05\/image-5-1024x576.png\" alt=\"\" class=\"wp-image-17531\" srcset=\"https:\/\/alinvest-verde.eu\/wp-content\/uploads\/2025\/05\/image-5-1024x576.png 1024w, https:\/\/alinvest-verde.eu\/wp-content\/uploads\/2025\/05\/image-5-300x169.png 300w, https:\/\/alinvest-verde.eu\/wp-content\/uploads\/2025\/05\/image-5-768x432.png 768w, https:\/\/alinvest-verde.eu\/wp-content\/uploads\/2025\/05\/image-5-1536x864.png 1536w, https:\/\/alinvest-verde.eu\/wp-content\/uploads\/2025\/05\/image-5-2048x1152.png 2048w, https:\/\/alinvest-verde.eu\/wp-content\/uploads\/2025\/05\/image-5-18x10.png 18w\" sizes=\"(max-width: 1024px) 100vw, 1024px\" \/><\/figure>\n\n\n\n<p class=\"wp-block-paragraph\">O <strong>15 de maio <\/strong>em S\u00e3o Paulo, Brasil, o AL-INVEST Verde estar\u00e1 presente no F\u00f3rum Mundial de Economia Circular (WCEF 2025).\u00a0<a href=\"https:\/\/alinvest-verde.eu\/pt_pt_ao90\/agenda-verde\/wcef2025-accelerator-session\/\">Ver evento<\/a>. <\/p>\n\n\n\n<figure class=\"wp-block-image size-full is-resized\"><img loading=\"lazy\" decoding=\"async\" width=\"400\" height=\"72\" src=\"https:\/\/alinvest-verde.eu\/wp-content\/uploads\/2025\/03\/logoinformes.jpg\" alt=\"\" class=\"wp-image-17045\" style=\"width:287px;height:auto\" srcset=\"https:\/\/alinvest-verde.eu\/wp-content\/uploads\/2025\/03\/logoinformes.jpg 400w, https:\/\/alinvest-verde.eu\/wp-content\/uploads\/2025\/03\/logoinformes-300x54.jpg 300w, https:\/\/alinvest-verde.eu\/wp-content\/uploads\/2025\/03\/logoinformes-18x3.jpg 18w\" sizes=\"(max-width: 400px) 100vw, 400px\" \/><\/figure>\n\n\n\n<p class=\"wp-block-paragraph\"><strong>Cole\u00e7\u00e3o Di\u00e1logos sobre Cacau Sustent\u00e1vel<\/strong><\/p>\n\n\n\n<p class=\"wp-block-paragraph\">Em 2024, o AL-INVEST Verde, em colabora\u00e7\u00e3o com o programa SAFE (Agricultura Sustent\u00e1vel para Ecossistemas Florestais) da Coopera\u00e7\u00e3o Alem\u00e3-GIZ e com o apoio t\u00e9cnico do Instituto Europeu de Florestas (EFI), realizou tr\u00eas di\u00e1logos virtuais sobre a cadeia do cacau para abordar diferentes requisitos do EUDR: sem desfloresta\u00e7\u00e3o, rastreabilidade e legalidade. As reuni\u00f5es permitiram ouvir diferentes pontos de vista sobre o EUDR e partilhar experi\u00eancias.\u00a0<a href=\"https:\/\/alinvest-verde.eu\/pt_pt_ao90\/dialogos-cacao-sostenible\/\">Ler o relat\u00f3rio<\/a>. <\/p>\n\n\n\n<figure class=\"wp-block-image size-full is-resized\"><img loading=\"lazy\" decoding=\"async\" width=\"571\" height=\"107\" src=\"https:\/\/alinvest-verde.eu\/wp-content\/uploads\/2024\/11\/image-4.png\" alt=\"\" class=\"wp-image-16374\" style=\"width:800px;height:auto\" srcset=\"https:\/\/alinvest-verde.eu\/wp-content\/uploads\/2024\/11\/image-4.png 571w, https:\/\/alinvest-verde.eu\/wp-content\/uploads\/2024\/11\/image-4-300x56.png 300w, https:\/\/alinvest-verde.eu\/wp-content\/uploads\/2024\/11\/image-4-18x3.png 18w\" sizes=\"(max-width: 571px) 100vw, 571px\" \/><\/figure>\n\n\n\n<p class=\"wp-block-paragraph\"><\/p>","protected":false},"excerpt":{"rendered":"<p>O boletim de abril destaca os progressos realizados no apoio ao sector privado da Componente 1, os produtos apoiados pela Componente 3 e o trabalho da Componente 2 no sector do cacau. <\/p>","protected":false},"featured_media":17533,"template":"","class_list":["post-17525","newslette","type-newslette","status-publish","has-post-thumbnail","hentry"],"yoast_head":"<!-- This site is optimized with the Yoast SEO plugin v28.4 - https:\/\/yoast.com\/product\/yoast-seo-wordpress\/ -->\n<title>Abril 2025 - Programme AL-INVEST Verde<\/title>\n<meta name=\"robots\" content=\"index, follow, max-snippet:-1, max-image-preview:large, max-video-preview:-1\" \/>\n<link rel=\"canonical\" href=\"https:\/\/alinvest-verde.eu\/pt_pt_ao90\/newslette\/abril-2025\/\" \/>\n<meta property=\"og:locale\" content=\"pt_PT\" \/>\n<meta property=\"og:type\" content=\"article\" \/>\n<meta property=\"og:title\" content=\"Abril 2025 - Programme AL-INVEST Verde\" \/>\n<meta property=\"og:description\" content=\"El bolet\u00edn del mes de abril destaca los avances en el impulso al sector privado del Componente 1, los productos apoyados por el Componente 3 y el trabajo del Componente 2 en el sector cacao.\" \/>\n<meta property=\"og:url\" content=\"https:\/\/alinvest-verde.eu\/pt_pt_ao90\/newslette\/abril-2025\/\" \/>\n<meta property=\"og:site_name\" content=\"Programme AL-INVEST Verde\" \/>\n<meta property=\"og:image\" content=\"https:\/\/alinvest-verde.eu\/wp-content\/uploads\/2025\/05\/portada-boletin.jpg\" \/>\n\t<meta property=\"og:image:width\" content=\"672\" \/>\n\t<meta property=\"og:image:height\" content=\"811\" \/>\n\t<meta property=\"og:image:type\" content=\"image\/jpeg\" \/>\n<meta name=\"twitter:card\" content=\"summary_large_image\" \/>\n<meta name=\"twitter:label1\" content=\"Est. reading time\" \/>\n\t<meta name=\"twitter:data1\" content=\"4 minutos\" \/>\n<script type=\"application\/ld+json\" class=\"yoast-schema-graph\">{\"@context\":\"https:\\\/\\\/schema.org\",\"@graph\":[{\"@type\":\"WebPage\",\"@id\":\"https:\\\/\\\/alinvest-verde.eu\\\/newslette\\\/abril-2025\\\/\",\"url\":\"https:\\\/\\\/alinvest-verde.eu\\\/newslette\\\/abril-2025\\\/\",\"name\":\"Abril 2025 - Programme AL-INVEST Verde\",\"isPartOf\":{\"@id\":\"https:\\\/\\\/alinvest-verde.eu\\\/#website\"},\"primaryImageOfPage\":{\"@id\":\"https:\\\/\\\/alinvest-verde.eu\\\/newslette\\\/abril-2025\\\/#primaryimage\"},\"image\":{\"@id\":\"https:\\\/\\\/alinvest-verde.eu\\\/newslette\\\/abril-2025\\\/#primaryimage\"},\"thumbnailUrl\":\"https:\\\/\\\/alinvest-verde.eu\\\/wp-content\\\/uploads\\\/2025\\\/05\\\/portada-boletin.jpg\",\"datePublished\":\"2025-05-08T18:06:50+00:00\",\"breadcrumb\":{\"@id\":\"https:\\\/\\\/alinvest-verde.eu\\\/newslette\\\/abril-2025\\\/#breadcrumb\"},\"inLanguage\":\"pt-PT\",\"potentialAction\":[{\"@type\":\"ReadAction\",\"target\":[\"https:\\\/\\\/alinvest-verde.eu\\\/newslette\\\/abril-2025\\\/\"]}]},{\"@type\":\"ImageObject\",\"inLanguage\":\"pt-PT\",\"@id\":\"https:\\\/\\\/alinvest-verde.eu\\\/newslette\\\/abril-2025\\\/#primaryimage\",\"url\":\"https:\\\/\\\/alinvest-verde.eu\\\/wp-content\\\/uploads\\\/2025\\\/05\\\/portada-boletin.jpg\",\"contentUrl\":\"https:\\\/\\\/alinvest-verde.eu\\\/wp-content\\\/uploads\\\/2025\\\/05\\\/portada-boletin.jpg\",\"width\":672,\"height\":811},{\"@type\":\"BreadcrumbList\",\"@id\":\"https:\\\/\\\/alinvest-verde.eu\\\/newslette\\\/abril-2025\\\/#breadcrumb\",\"itemListElement\":[{\"@type\":\"ListItem\",\"position\":1,\"name\":\"Inicio\",\"item\":\"https:\\\/\\\/alinvest-verde.eu\\\/\"},{\"@type\":\"ListItem\",\"position\":2,\"name\":\"Abril 2025\"}]},{\"@type\":\"WebSite\",\"@id\":\"https:\\\/\\\/alinvest-verde.eu\\\/#website\",\"url\":\"https:\\\/\\\/alinvest-verde.eu\\\/\",\"name\":\"Programme AL-INVEST Verde\",\"description\":\"Building alliances with the private sector in LA and promote sustainable growth and jobs creation by supporting the transition towards a low-carbon, resource-efficient economy\",\"publisher\":{\"@id\":\"https:\\\/\\\/alinvest-verde.eu\\\/#organization\"},\"potentialAction\":[{\"@type\":\"SearchAction\",\"target\":{\"@type\":\"EntryPoint\",\"urlTemplate\":\"https:\\\/\\\/alinvest-verde.eu\\\/?s={search_term_string}\"},\"query-input\":{\"@type\":\"PropertyValueSpecification\",\"valueRequired\":true,\"valueName\":\"search_term_string\"}}],\"inLanguage\":\"pt-PT\"},{\"@type\":\"Organization\",\"@id\":\"https:\\\/\\\/alinvest-verde.eu\\\/#organization\",\"name\":\"Programme AL-INVEST Verde\",\"url\":\"https:\\\/\\\/alinvest-verde.eu\\\/\",\"logo\":{\"@type\":\"ImageObject\",\"inLanguage\":\"pt-PT\",\"@id\":\"https:\\\/\\\/alinvest-verde.eu\\\/#\\\/schema\\\/logo\\\/image\\\/\",\"url\":\"https:\\\/\\\/alinvest-verde.eu\\\/wp-content\\\/uploads\\\/2022\\\/01\\\/cropped-logo-financiado-por-la-UE.jpg\",\"contentUrl\":\"https:\\\/\\\/alinvest-verde.eu\\\/wp-content\\\/uploads\\\/2022\\\/01\\\/cropped-logo-financiado-por-la-UE.jpg\",\"width\":756,\"height\":216,\"caption\":\"Programme AL-INVEST Verde\"},\"image\":{\"@id\":\"https:\\\/\\\/alinvest-verde.eu\\\/#\\\/schema\\\/logo\\\/image\\\/\"}}]}<\/script>\n<!-- \/ Yoast SEO plugin. -->","yoast_head_json":{"title":"Abril 2025 - Programme AL-INVEST Verde","robots":{"index":"index","follow":"follow","max-snippet":"max-snippet:-1","max-image-preview":"max-image-preview:large","max-video-preview":"max-video-preview:-1"},"canonical":"https:\/\/alinvest-verde.eu\/pt_pt_ao90\/newslette\/abril-2025\/","og_locale":"pt_PT","og_type":"article","og_title":"Abril 2025 - Programme AL-INVEST Verde","og_description":"El bolet\u00edn del mes de abril destaca los avances en el impulso al sector privado del Componente 1, los productos apoyados por el Componente 3 y el trabajo del Componente 2 en el sector cacao.","og_url":"https:\/\/alinvest-verde.eu\/pt_pt_ao90\/newslette\/abril-2025\/","og_site_name":"Programme AL-INVEST Verde","og_image":[{"width":672,"height":811,"url":"https:\/\/alinvest-verde.eu\/wp-content\/uploads\/2025\/05\/portada-boletin.jpg","type":"image\/jpeg"}],"twitter_card":"summary_large_image","twitter_misc":{"Est. reading time":"4 minutos"},"schema":{"@context":"https:\/\/schema.org","@graph":[{"@type":"WebPage","@id":"https:\/\/alinvest-verde.eu\/newslette\/abril-2025\/","url":"https:\/\/alinvest-verde.eu\/newslette\/abril-2025\/","name":"Abril 2025 - Programme AL-INVEST Verde","isPartOf":{"@id":"https:\/\/alinvest-verde.eu\/#website"},"primaryImageOfPage":{"@id":"https:\/\/alinvest-verde.eu\/newslette\/abril-2025\/#primaryimage"},"image":{"@id":"https:\/\/alinvest-verde.eu\/newslette\/abril-2025\/#primaryimage"},"thumbnailUrl":"https:\/\/alinvest-verde.eu\/wp-content\/uploads\/2025\/05\/portada-boletin.jpg","datePublished":"2025-05-08T18:06:50+00:00","breadcrumb":{"@id":"https:\/\/alinvest-verde.eu\/newslette\/abril-2025\/#breadcrumb"},"inLanguage":"pt-PT","potentialAction":[{"@type":"ReadAction","target":["https:\/\/alinvest-verde.eu\/newslette\/abril-2025\/"]}]},{"@type":"ImageObject","inLanguage":"pt-PT","@id":"https:\/\/alinvest-verde.eu\/newslette\/abril-2025\/#primaryimage","url":"https:\/\/alinvest-verde.eu\/wp-content\/uploads\/2025\/05\/portada-boletin.jpg","contentUrl":"https:\/\/alinvest-verde.eu\/wp-content\/uploads\/2025\/05\/portada-boletin.jpg","width":672,"height":811},{"@type":"BreadcrumbList","@id":"https:\/\/alinvest-verde.eu\/newslette\/abril-2025\/#breadcrumb","itemListElement":[{"@type":"ListItem","position":1,"name":"Inicio","item":"https:\/\/alinvest-verde.eu\/"},{"@type":"ListItem","position":2,"name":"Abril 2025"}]},{"@type":"WebSite","@id":"https:\/\/alinvest-verde.eu\/#website","url":"https:\/\/alinvest-verde.eu\/","name":"Programa AL-INVEST Verde","description":"Construir alian\u00e7as com o sector privado na AL e promover o crescimento sustent\u00e1vel e a cria\u00e7\u00e3o de empregos, apoiando a transi\u00e7\u00e3o para uma economia de baixo carbono e eficiente em termos de recursos","publisher":{"@id":"https:\/\/alinvest-verde.eu\/#organization"},"potentialAction":[{"@type":"SearchAction","target":{"@type":"EntryPoint","urlTemplate":"https:\/\/alinvest-verde.eu\/?s={search_term_string}"},"query-input":{"@type":"PropertyValueSpecification","valueRequired":true,"valueName":"search_term_string"}}],"inLanguage":"pt-PT"},{"@type":"Organization","@id":"https:\/\/alinvest-verde.eu\/#organization","name":"Programa AL-INVEST Verde","url":"https:\/\/alinvest-verde.eu\/","logo":{"@type":"ImageObject","inLanguage":"pt-PT","@id":"https:\/\/alinvest-verde.eu\/#\/schema\/logo\/image\/","url":"https:\/\/alinvest-verde.eu\/wp-content\/uploads\/2022\/01\/cropped-logo-financiado-por-la-UE.jpg","contentUrl":"https:\/\/alinvest-verde.eu\/wp-content\/uploads\/2022\/01\/cropped-logo-financiado-por-la-UE.jpg","width":756,"height":216,"caption":"Programme AL-INVEST Verde"},"image":{"@id":"https:\/\/alinvest-verde.eu\/#\/schema\/logo\/image\/"}}]}},"_links":{"self":[{"href":"https:\/\/alinvest-verde.eu\/pt_pt_ao90\/wp-json\/wp\/v2\/newslette\/17525","targetHints":{"allow":["GET"]}}],"collection":[{"href":"https:\/\/alinvest-verde.eu\/pt_pt_ao90\/wp-json\/wp\/v2\/newslette"}],"about":[{"href":"https:\/\/alinvest-verde.eu\/pt_pt_ao90\/wp-json\/wp\/v2\/types\/newslette"}],"version-history":[{"count":2,"href":"https:\/\/alinvest-verde.eu\/pt_pt_ao90\/wp-json\/wp\/v2\/newslette\/17525\/revisions"}],"predecessor-version":[{"id":17534,"href":"https:\/\/alinvest-verde.eu\/pt_pt_ao90\/wp-json\/wp\/v2\/newslette\/17525\/revisions\/17534"}],"wp:featuredmedia":[{"embeddable":true,"href":"https:\/\/alinvest-verde.eu\/pt_pt_ao90\/wp-json\/wp\/v2\/media\/17533"}],"wp:attachment":[{"href":"https:\/\/alinvest-verde.eu\/pt_pt_ao90\/wp-json\/wp\/v2\/media?parent=17525"}],"curies":[{"name":"wp","href":"https:\/\/api.w.org\/{rel}","templated":true}]}}