{"id":17768,"date":"2025-05-29T19:34:49","date_gmt":"2025-05-29T17:34:49","guid":{"rendered":"https:\/\/alinvest-verde.eu\/?post_type=newslette&#038;p=17768"},"modified":"2025-05-29T19:41:46","modified_gmt":"2025-05-29T17:41:46","slug":"mayo-2025","status":"publish","type":"newslette","link":"https:\/\/alinvest-verde.eu\/pt_pt_ao90\/newslette\/mayo-2025\/","title":{"rendered":"maio de 2025"},"content":{"rendered":"<figure class=\"wp-block-image size-large\"><img fetchpriority=\"high\" decoding=\"async\" width=\"1024\" height=\"576\" src=\"https:\/\/alinvest-verde.eu\/wp-content\/uploads\/2025\/05\/image-6-1024x576.png\" alt=\"\" class=\"wp-image-17769\" srcset=\"https:\/\/alinvest-verde.eu\/wp-content\/uploads\/2025\/05\/image-6-1024x576.png 1024w, https:\/\/alinvest-verde.eu\/wp-content\/uploads\/2025\/05\/image-6-300x169.png 300w, https:\/\/alinvest-verde.eu\/wp-content\/uploads\/2025\/05\/image-6-768x432.png 768w, https:\/\/alinvest-verde.eu\/wp-content\/uploads\/2025\/05\/image-6-1536x864.png 1536w, https:\/\/alinvest-verde.eu\/wp-content\/uploads\/2025\/05\/image-6-18x10.png 18w, https:\/\/alinvest-verde.eu\/wp-content\/uploads\/2025\/05\/image-6.png 1920w\" sizes=\"(max-width: 1024px) 100vw, 1024px\" \/><\/figure>\n\n\n\n<p class=\"wp-block-paragraph\"><strong>Lan\u00e7amento de mentoria para produtores brasileiros de caf\u00e9 com indica\u00e7\u00e3o geogr\u00e1fica em Minas Gerais<\/strong><\/p>\n\n\n\n<p class=\"wp-block-paragraph\">Foi lan\u00e7ada em Minas Gerais (Brasil) uma nova a\u00e7\u00e3o de orienta\u00e7\u00e3o para os produtores brasileiros de caf\u00e9 com indica\u00e7\u00f5es geogr\u00e1ficas (IG). A tutoria da iniciativa AL-INVmentor visa refor\u00e7ar a governa\u00e7\u00e3o, a estrat\u00e9gia e a sustentabilidade do sector brasileiro do caf\u00e9 com IG atrav\u00e9s de um apoio espec\u00edfico e da partilha de conhecimentos. Ser\u00e1 desenvolvida em colabora\u00e7\u00e3o com parceiros-chave do ecossistema brasileiro de IG, como o Servi\u00e7o Brasileiro de Apoio \u00e0s Micro e Pequenas Empresas (SEBRAE), e inclui a participa\u00e7\u00e3o dos Origin Linked Products (OLP) da Plataforma Origem Controlada Caf\u00e9. <a href=\"https:\/\/alinvest-verde.eu\/pt_pt_ao90\/lanzamiento-nuevo-mentoria-para-productores-brasilenos-de-cafe-con-indicacion-geografica\/\">Leia a hist\u00f3ria completa<\/a><\/p>\n\n\n\n<figure class=\"wp-block-image size-large\"><img decoding=\"async\" width=\"1024\" height=\"576\" src=\"https:\/\/alinvest-verde.eu\/wp-content\/uploads\/2025\/05\/image-7-1024x576.png\" alt=\"\" class=\"wp-image-17770\" srcset=\"https:\/\/alinvest-verde.eu\/wp-content\/uploads\/2025\/05\/image-7-1024x576.png 1024w, https:\/\/alinvest-verde.eu\/wp-content\/uploads\/2025\/05\/image-7-300x169.png 300w, https:\/\/alinvest-verde.eu\/wp-content\/uploads\/2025\/05\/image-7-768x432.png 768w, https:\/\/alinvest-verde.eu\/wp-content\/uploads\/2025\/05\/image-7-18x10.png 18w, https:\/\/alinvest-verde.eu\/wp-content\/uploads\/2025\/05\/image-7.png 1280w\" sizes=\"(max-width: 1024px) 100vw, 1024px\" \/><\/figure>\n\n\n\n<p class=\"wp-block-paragraph\"><strong>AL-INVEST Verde no F\u00f3rum Mundial da Economia Circular (WCEF 2025)<\/strong><\/p>\n\n\n\n<p class=\"wp-block-paragraph\">O programa AL-INVEST Verde reafirmou o seu compromisso com o desenvolvimento sustent\u00e1vel na Am\u00e9rica Latina durante a sua participa\u00e7\u00e3o no F\u00f3rum Mundial de Economia Circular (WCEF 2025), o evento global mais relevante neste dom\u00ednio, que re\u00fane l\u00edderes internacionais, empresas, empreendedores e institui\u00e7\u00f5es empenhadas em construir um futuro mais sustent\u00e1vel e regenerativo. <a href=\"https:\/\/alinvest-verde.eu\/pt_pt_ao90\/al-invest-verde-impulsa-la-transicion-hacia-la-economia-circular-en-america-latina-en-el-foro-mundial-de-economia-circular-wcef-2025\/\">Leia a hist\u00f3ria completa<\/a><\/p>\n\n\n\n<figure class=\"wp-block-image size-large\"><img decoding=\"async\" width=\"1024\" height=\"576\" src=\"https:\/\/alinvest-verde.eu\/wp-content\/uploads\/2025\/05\/image-8-1024x576.png\" alt=\"\" class=\"wp-image-17771\" srcset=\"https:\/\/alinvest-verde.eu\/wp-content\/uploads\/2025\/05\/image-8-1024x576.png 1024w, https:\/\/alinvest-verde.eu\/wp-content\/uploads\/2025\/05\/image-8-300x169.png 300w, https:\/\/alinvest-verde.eu\/wp-content\/uploads\/2025\/05\/image-8-768x432.png 768w, https:\/\/alinvest-verde.eu\/wp-content\/uploads\/2025\/05\/image-8-1536x864.png 1536w, https:\/\/alinvest-verde.eu\/wp-content\/uploads\/2025\/05\/image-8-2048x1152.png 2048w, https:\/\/alinvest-verde.eu\/wp-content\/uploads\/2025\/05\/image-8-18x10.png 18w\" sizes=\"(max-width: 1024px) 100vw, 1024px\" \/><\/figure>\n\n\n\n<p class=\"wp-block-paragraph\"><strong>Agentes do MERCOSUL e da Europa re\u00fanem-se na Argentina para refor\u00e7ar uma cadeia de soja sem desfloresta\u00e7\u00e3o<\/strong><\/p>\n\n\n\n<p class=\"wp-block-paragraph\">Representantes de governos, do sector privado, de organiza\u00e7\u00f5es internacionais, de produtores e de organiza\u00e7\u00f5es da sociedade civil do MERCOSUL e da Uni\u00e3o Europeia participaram no encontro \"Di\u00e1logo MERCOSUL-UE sobre a soja: fortalecer uma cadeia de valor estrat\u00e9gica\", que teve lugar nos dias 20 e 21 de maio nas cidades de Buenos Aires e Ros\u00e1rio. <a href=\"https:\/\/alinvest-verde.eu\/pt_pt_ao90\/actores-del-mercosur-y-europa-se-reunieron-en-argentina-para-fortalecer-una-cadena-de-soja-libre-de-deforestacion\/\">Leia a hist\u00f3ria completa<\/a><\/p>\n\n\n\n<figure class=\"wp-block-image size-large\"><img loading=\"lazy\" decoding=\"async\" width=\"1024\" height=\"559\" src=\"https:\/\/alinvest-verde.eu\/wp-content\/uploads\/2025\/05\/image-9-1024x559.png\" alt=\"\" class=\"wp-image-17772\" srcset=\"https:\/\/alinvest-verde.eu\/wp-content\/uploads\/2025\/05\/image-9-1024x559.png 1024w, https:\/\/alinvest-verde.eu\/wp-content\/uploads\/2025\/05\/image-9-300x164.png 300w, https:\/\/alinvest-verde.eu\/wp-content\/uploads\/2025\/05\/image-9-768x419.png 768w, https:\/\/alinvest-verde.eu\/wp-content\/uploads\/2025\/05\/image-9-1536x838.png 1536w, https:\/\/alinvest-verde.eu\/wp-content\/uploads\/2025\/05\/image-9-2048x1117.png 2048w, https:\/\/alinvest-verde.eu\/wp-content\/uploads\/2025\/05\/image-9-18x10.png 18w\" sizes=\"(max-width: 1024px) 100vw, 1024px\" \/><\/figure>\n\n\n\n<p class=\"wp-block-paragraph\"><strong>Arranca o ciclo de Di\u00e1logos Agro-Alimentares UE-ALC<\/strong><\/p>\n\n\n\n<p class=\"wp-block-paragraph\">Realizou-se o 1\u00ba Di\u00e1logo Agroalimentar UE-ALC, organizado pelo AL-INVEST Verde em colabora\u00e7\u00e3o com o Instituto Interamericano de Coopera\u00e7\u00e3o para a Agricultura (IICA). Este ciclo decorrer\u00e1 ao longo de 2025 e 2026. <a href=\"https:\/\/alinvest-verde.eu\/pt_pt_ao90\/inicia-el-ciclo-de-dialogos-agroalimentarios-ue-alc-organizado-por-al-invest-verde-e-iica\/\">Ler mais<\/a><\/p>\n\n\n\n<figure class=\"wp-block-image size-large\"><img loading=\"lazy\" decoding=\"async\" width=\"1024\" height=\"576\" src=\"https:\/\/alinvest-verde.eu\/wp-content\/uploads\/2025\/05\/image-10-1024x576.png\" alt=\"\" class=\"wp-image-17773\" srcset=\"https:\/\/alinvest-verde.eu\/wp-content\/uploads\/2025\/05\/image-10-1024x576.png 1024w, https:\/\/alinvest-verde.eu\/wp-content\/uploads\/2025\/05\/image-10-300x169.png 300w, https:\/\/alinvest-verde.eu\/wp-content\/uploads\/2025\/05\/image-10-768x432.png 768w, https:\/\/alinvest-verde.eu\/wp-content\/uploads\/2025\/05\/image-10-18x10.png 18w, https:\/\/alinvest-verde.eu\/wp-content\/uploads\/2025\/05\/image-10.png 1280w\" sizes=\"(max-width: 1024px) 100vw, 1024px\" \/><\/figure>\n\n\n\n<p class=\"wp-block-paragraph\"><strong>Marcas Verdes e Sustentabilidade: Estrat\u00e9gias de Posicionamento na Uni\u00e3o Europeia e na Am\u00e9rica Latina<\/strong><\/p>\n\n\n\n<p class=\"wp-block-paragraph\">Grava\u00e7\u00e3o do webinar \"Marcas Verdes e Sustentabilidade: Estrat\u00e9gias de Posicionamento na Am\u00e9rica Latina e na Uni\u00e3o Europeia (UE)\", organizado em colabora\u00e7\u00e3o com a ASIPI. <a href=\"https:\/\/alinvest-verde.eu\/pt_pt_ao90\/euipo-y-asipi-celebraron-seminario-virtual-sobre-marcas-verdes-y-sostenibilidad-para-impulsar-el-comercio-entre-la-ue-y-america-latina\/\">Ler mais <\/a><\/p>\n\n\n\n<figure class=\"wp-block-image size-full is-resized\"><img loading=\"lazy\" decoding=\"async\" width=\"363\" height=\"76\" src=\"https:\/\/alinvest-verde.eu\/wp-content\/uploads\/2025\/04\/logo-agenda.jpg\" alt=\"\" class=\"wp-image-17229\" style=\"width:264px;height:auto\" srcset=\"https:\/\/alinvest-verde.eu\/wp-content\/uploads\/2025\/04\/logo-agenda.jpg 363w, https:\/\/alinvest-verde.eu\/wp-content\/uploads\/2025\/04\/logo-agenda-300x63.jpg 300w\" sizes=\"(max-width: 363px) 100vw, 363px\" \/><\/figure>\n\n\n\n<figure class=\"wp-block-image size-full\"><img loading=\"lazy\" decoding=\"async\" width=\"1024\" height=\"576\" src=\"https:\/\/alinvest-verde.eu\/wp-content\/uploads\/2025\/05\/image-11.png\" alt=\"\" class=\"wp-image-17774\" srcset=\"https:\/\/alinvest-verde.eu\/wp-content\/uploads\/2025\/05\/image-11.png 1024w, https:\/\/alinvest-verde.eu\/wp-content\/uploads\/2025\/05\/image-11-300x169.png 300w, https:\/\/alinvest-verde.eu\/wp-content\/uploads\/2025\/05\/image-11-768x432.png 768w, https:\/\/alinvest-verde.eu\/wp-content\/uploads\/2025\/05\/image-11-18x10.png 18w\" sizes=\"(max-width: 1024px) 100vw, 1024px\" \/><\/figure>\n\n\n\n<p class=\"wp-block-paragraph\"><strong>Webinar: Oportunidades de acesso ao mercado da Uni\u00e3o Europeia<\/strong><\/p>\n\n\n\n<ul class=\"wp-block-list\">\n<li>Data: 03 de junho de 2025<\/li>\n\n\n\n<li>Hora: 16.00 CET<\/li>\n<\/ul>\n\n\n\n<p class=\"wp-block-paragraph\"><\/p>\n\n\n\n<div class=\"wp-block-buttons is-layout-flex wp-block-buttons-is-layout-flex\">\n<div class=\"wp-block-button\"><a class=\"wp-block-button__link has-luminous-vivid-amber-background-color has-background wp-element-button\" href=\"https:\/\/alinvest-verde.eu\/pt_pt_ao90\/agenda-verde\/webinar-de-al-invest-verde\/\">Ver evento<\/a><\/div>\n<\/div>\n\n\n\n<p class=\"wp-block-paragraph\"><\/p>\n\n\n\n<figure class=\"wp-block-image size-large\"><img loading=\"lazy\" decoding=\"async\" width=\"1024\" height=\"576\" src=\"https:\/\/alinvest-verde.eu\/wp-content\/uploads\/2025\/05\/image-12-1024x576.png\" alt=\"\" class=\"wp-image-17775\" srcset=\"https:\/\/alinvest-verde.eu\/wp-content\/uploads\/2025\/05\/image-12-1024x576.png 1024w, https:\/\/alinvest-verde.eu\/wp-content\/uploads\/2025\/05\/image-12-300x169.png 300w, https:\/\/alinvest-verde.eu\/wp-content\/uploads\/2025\/05\/image-12-768x432.png 768w, https:\/\/alinvest-verde.eu\/wp-content\/uploads\/2025\/05\/image-12-18x10.png 18w, https:\/\/alinvest-verde.eu\/wp-content\/uploads\/2025\/05\/image-12.png 1280w\" sizes=\"(max-width: 1024px) 100vw, 1024px\" \/><\/figure>\n\n\n\n<p class=\"wp-block-paragraph\"><strong>Webinar: Boas pr\u00e1ticas em mat\u00e9ria de direitos de autor e ind\u00fastrias criativas<\/strong><\/p>\n\n\n\n<ul class=\"wp-block-list\">\n<li>Data: 26 de junho de 2025<\/li>\n\n\n\n<li>Hora: 15:00 CET<\/li>\n<\/ul>\n\n\n\n<p class=\"wp-block-paragraph\"><\/p>\n\n\n\n<div class=\"wp-block-buttons is-layout-flex wp-block-buttons-is-layout-flex\">\n<div class=\"wp-block-button\"><a class=\"wp-block-button__link has-luminous-vivid-amber-background-color has-background wp-element-button\" href=\"https:\/\/alinvest-verde.eu\/pt_pt_ao90\/agenda-verde\/webinario-sobre-buenas-practicas-en-materia-de-derechos-de-autor-e-industrias-creativas-aprovechar-los-dpi-para-el-crecimiento-economico\/\">Ver evento<\/a><\/div>\n<\/div>\n\n\n\n<p class=\"wp-block-paragraph\"><\/p>\n\n\n\n<figure class=\"wp-block-image size-full is-resized\"><img loading=\"lazy\" decoding=\"async\" width=\"482\" height=\"61\" src=\"https:\/\/alinvest-verde.eu\/wp-content\/uploads\/2025\/03\/logo-aivtv.jpg\" alt=\"\" class=\"wp-image-17041\" style=\"width:268px;height:auto\" srcset=\"https:\/\/alinvest-verde.eu\/wp-content\/uploads\/2025\/03\/logo-aivtv.jpg 482w, https:\/\/alinvest-verde.eu\/wp-content\/uploads\/2025\/03\/logo-aivtv-300x38.jpg 300w, https:\/\/alinvest-verde.eu\/wp-content\/uploads\/2025\/03\/logo-aivtv-474x61.jpg 474w, https:\/\/alinvest-verde.eu\/wp-content\/uploads\/2025\/03\/logo-aivtv-18x2.jpg 18w\" sizes=\"(max-width: 482px) 100vw, 482px\" \/><\/figure>\n\n\n\n<figure class=\"wp-block-image size-large\"><a href=\"https:\/\/www.youtube.com\/watch?v=H_yDKLoCVaM\"><img loading=\"lazy\" decoding=\"async\" width=\"1024\" height=\"576\" src=\"https:\/\/alinvest-verde.eu\/wp-content\/uploads\/2025\/05\/image-13-1024x576.png\" alt=\"\" class=\"wp-image-17776\" srcset=\"https:\/\/alinvest-verde.eu\/wp-content\/uploads\/2025\/05\/image-13-1024x576.png 1024w, https:\/\/alinvest-verde.eu\/wp-content\/uploads\/2025\/05\/image-13-300x169.png 300w, https:\/\/alinvest-verde.eu\/wp-content\/uploads\/2025\/05\/image-13-768x432.png 768w, https:\/\/alinvest-verde.eu\/wp-content\/uploads\/2025\/05\/image-13-18x10.png 18w, https:\/\/alinvest-verde.eu\/wp-content\/uploads\/2025\/05\/image-13.png 1280w\" sizes=\"(max-width: 1024px) 100vw, 1024px\" \/><\/a><\/figure>\n\n\n\n<figure class=\"wp-block-image size-full\"><img loading=\"lazy\" decoding=\"async\" width=\"712\" height=\"132\" src=\"https:\/\/alinvest-verde.eu\/wp-content\/uploads\/2024\/07\/logos-GG-AIV-UE.jpg\" alt=\"\" class=\"wp-image-14016\" srcset=\"https:\/\/alinvest-verde.eu\/wp-content\/uploads\/2024\/07\/logos-GG-AIV-UE.jpg 712w, https:\/\/alinvest-verde.eu\/wp-content\/uploads\/2024\/07\/logos-GG-AIV-UE-300x56.jpg 300w, https:\/\/alinvest-verde.eu\/wp-content\/uploads\/2024\/07\/logos-GG-AIV-UE-18x3.jpg 18w\" sizes=\"(max-width: 712px) 100vw, 712px\" \/><\/figure>","protected":false},"excerpt":{"rendered":"<p>O boletim do m\u00eas de maio destaca o trabalho do Programa no setor cafeeiro e na promo\u00e7\u00e3o do combate ao desmatamento, bem como a sua participa\u00e7\u00e3o no F\u00f3rum Mundial da Economia Circular, onde foram apresentados casos de sucesso e colocados em pauta os principais desafios para a implementa\u00e7\u00e3o de modelos mais circulares na regi\u00e3o latino-americana.<\/p>","protected":false},"featured_media":17779,"template":"","class_list":["post-17768","newslette","type-newslette","status-publish","has-post-thumbnail","hentry"],"yoast_head":"<!-- This site is optimized with the Yoast SEO plugin v28.4 - https:\/\/yoast.com\/product\/yoast-seo-wordpress\/ -->\n<title>Mayo 2025 - Programme AL-INVEST Verde<\/title>\n<meta name=\"robots\" content=\"index, follow, max-snippet:-1, max-image-preview:large, max-video-preview:-1\" \/>\n<link rel=\"canonical\" href=\"https:\/\/alinvest-verde.eu\/pt_pt_ao90\/newslette\/mayo-2025\/\" \/>\n<meta property=\"og:locale\" content=\"pt_PT\" \/>\n<meta property=\"og:type\" content=\"article\" \/>\n<meta property=\"og:title\" content=\"Mayo 2025 - Programme AL-INVEST Verde\" \/>\n<meta property=\"og:description\" content=\"El bolet\u00edn del mes de mayo destaca el trabajo del Programa en el sector cafetalero y en la promoci\u00f3n de la no deforestaci\u00f3n, as\u00ed como su participaci\u00f3n en el Foro Mundial de la Econom\u00eda Circular, donde se presentaron casos exitosos y se pusieron en agenda los principales desaf\u00edos para la implementaci\u00f3n de modelos m\u00e1s circulares en la regi\u00f3n latinoamericana.\" \/>\n<meta property=\"og:url\" content=\"https:\/\/alinvest-verde.eu\/pt_pt_ao90\/newslette\/mayo-2025\/\" \/>\n<meta property=\"og:site_name\" content=\"Programme AL-INVEST Verde\" \/>\n<meta property=\"article:modified_time\" content=\"2025-05-29T17:41:46+00:00\" \/>\n<meta property=\"og:image\" content=\"https:\/\/alinvest-verde.eu\/wp-content\/uploads\/2025\/05\/Screenshot-2025-05-29-123526.jpg\" \/>\n\t<meta property=\"og:image:width\" content=\"746\" \/>\n\t<meta property=\"og:image:height\" content=\"877\" \/>\n\t<meta property=\"og:image:type\" content=\"image\/jpeg\" \/>\n<meta name=\"twitter:card\" content=\"summary_large_image\" \/>\n<meta name=\"twitter:label1\" content=\"Est. reading time\" \/>\n\t<meta name=\"twitter:data1\" content=\"5 minutos\" \/>\n<script type=\"application\/ld+json\" class=\"yoast-schema-graph\">{\"@context\":\"https:\\\/\\\/schema.org\",\"@graph\":[{\"@type\":\"WebPage\",\"@id\":\"https:\\\/\\\/alinvest-verde.eu\\\/newslette\\\/mayo-2025\\\/\",\"url\":\"https:\\\/\\\/alinvest-verde.eu\\\/newslette\\\/mayo-2025\\\/\",\"name\":\"Mayo 2025 - Programme AL-INVEST Verde\",\"isPartOf\":{\"@id\":\"https:\\\/\\\/alinvest-verde.eu\\\/#website\"},\"primaryImageOfPage\":{\"@id\":\"https:\\\/\\\/alinvest-verde.eu\\\/newslette\\\/mayo-2025\\\/#primaryimage\"},\"image\":{\"@id\":\"https:\\\/\\\/alinvest-verde.eu\\\/newslette\\\/mayo-2025\\\/#primaryimage\"},\"thumbnailUrl\":\"https:\\\/\\\/alinvest-verde.eu\\\/wp-content\\\/uploads\\\/2025\\\/05\\\/Screenshot-2025-05-29-123526.jpg\",\"datePublished\":\"2025-05-29T17:34:49+00:00\",\"dateModified\":\"2025-05-29T17:41:46+00:00\",\"breadcrumb\":{\"@id\":\"https:\\\/\\\/alinvest-verde.eu\\\/newslette\\\/mayo-2025\\\/#breadcrumb\"},\"inLanguage\":\"pt-PT\",\"potentialAction\":[{\"@type\":\"ReadAction\",\"target\":[\"https:\\\/\\\/alinvest-verde.eu\\\/newslette\\\/mayo-2025\\\/\"]}]},{\"@type\":\"ImageObject\",\"inLanguage\":\"pt-PT\",\"@id\":\"https:\\\/\\\/alinvest-verde.eu\\\/newslette\\\/mayo-2025\\\/#primaryimage\",\"url\":\"https:\\\/\\\/alinvest-verde.eu\\\/wp-content\\\/uploads\\\/2025\\\/05\\\/Screenshot-2025-05-29-123526.jpg\",\"contentUrl\":\"https:\\\/\\\/alinvest-verde.eu\\\/wp-content\\\/uploads\\\/2025\\\/05\\\/Screenshot-2025-05-29-123526.jpg\",\"width\":746,\"height\":877},{\"@type\":\"BreadcrumbList\",\"@id\":\"https:\\\/\\\/alinvest-verde.eu\\\/newslette\\\/mayo-2025\\\/#breadcrumb\",\"itemListElement\":[{\"@type\":\"ListItem\",\"position\":1,\"name\":\"Inicio\",\"item\":\"https:\\\/\\\/alinvest-verde.eu\\\/\"},{\"@type\":\"ListItem\",\"position\":2,\"name\":\"Mayo 2025\"}]},{\"@type\":\"WebSite\",\"@id\":\"https:\\\/\\\/alinvest-verde.eu\\\/#website\",\"url\":\"https:\\\/\\\/alinvest-verde.eu\\\/\",\"name\":\"Programme AL-INVEST Verde\",\"description\":\"Building alliances with the private sector in LA and promote sustainable growth and jobs creation by supporting the transition towards a low-carbon, resource-efficient economy\",\"publisher\":{\"@id\":\"https:\\\/\\\/alinvest-verde.eu\\\/#organization\"},\"potentialAction\":[{\"@type\":\"SearchAction\",\"target\":{\"@type\":\"EntryPoint\",\"urlTemplate\":\"https:\\\/\\\/alinvest-verde.eu\\\/?s={search_term_string}\"},\"query-input\":{\"@type\":\"PropertyValueSpecification\",\"valueRequired\":true,\"valueName\":\"search_term_string\"}}],\"inLanguage\":\"pt-PT\"},{\"@type\":\"Organization\",\"@id\":\"https:\\\/\\\/alinvest-verde.eu\\\/#organization\",\"name\":\"Programme AL-INVEST Verde\",\"url\":\"https:\\\/\\\/alinvest-verde.eu\\\/\",\"logo\":{\"@type\":\"ImageObject\",\"inLanguage\":\"pt-PT\",\"@id\":\"https:\\\/\\\/alinvest-verde.eu\\\/#\\\/schema\\\/logo\\\/image\\\/\",\"url\":\"https:\\\/\\\/alinvest-verde.eu\\\/wp-content\\\/uploads\\\/2022\\\/01\\\/cropped-logo-financiado-por-la-UE.jpg\",\"contentUrl\":\"https:\\\/\\\/alinvest-verde.eu\\\/wp-content\\\/uploads\\\/2022\\\/01\\\/cropped-logo-financiado-por-la-UE.jpg\",\"width\":756,\"height\":216,\"caption\":\"Programme AL-INVEST Verde\"},\"image\":{\"@id\":\"https:\\\/\\\/alinvest-verde.eu\\\/#\\\/schema\\\/logo\\\/image\\\/\"}}]}<\/script>\n<!-- \/ Yoast SEO plugin. -->","yoast_head_json":{"title":"Maio de 2025 - Programa AL-INVEST Verde","robots":{"index":"index","follow":"follow","max-snippet":"max-snippet:-1","max-image-preview":"max-image-preview:large","max-video-preview":"max-video-preview:-1"},"canonical":"https:\/\/alinvest-verde.eu\/pt_pt_ao90\/newslette\/mayo-2025\/","og_locale":"pt_PT","og_type":"article","og_title":"Mayo 2025 - Programme AL-INVEST Verde","og_description":"El bolet\u00edn del mes de mayo destaca el trabajo del Programa en el sector cafetalero y en la promoci\u00f3n de la no deforestaci\u00f3n, as\u00ed como su participaci\u00f3n en el Foro Mundial de la Econom\u00eda Circular, donde se presentaron casos exitosos y se pusieron en agenda los principales desaf\u00edos para la implementaci\u00f3n de modelos m\u00e1s circulares en la regi\u00f3n latinoamericana.","og_url":"https:\/\/alinvest-verde.eu\/pt_pt_ao90\/newslette\/mayo-2025\/","og_site_name":"Programme AL-INVEST Verde","article_modified_time":"2025-05-29T17:41:46+00:00","og_image":[{"width":746,"height":877,"url":"https:\/\/alinvest-verde.eu\/wp-content\/uploads\/2025\/05\/Screenshot-2025-05-29-123526.jpg","type":"image\/jpeg"}],"twitter_card":"summary_large_image","twitter_misc":{"Est. reading time":"5 minutos"},"schema":{"@context":"https:\/\/schema.org","@graph":[{"@type":"WebPage","@id":"https:\/\/alinvest-verde.eu\/newslette\/mayo-2025\/","url":"https:\/\/alinvest-verde.eu\/newslette\/mayo-2025\/","name":"Maio de 2025 - Programa AL-INVEST Verde","isPartOf":{"@id":"https:\/\/alinvest-verde.eu\/#website"},"primaryImageOfPage":{"@id":"https:\/\/alinvest-verde.eu\/newslette\/mayo-2025\/#primaryimage"},"image":{"@id":"https:\/\/alinvest-verde.eu\/newslette\/mayo-2025\/#primaryimage"},"thumbnailUrl":"https:\/\/alinvest-verde.eu\/wp-content\/uploads\/2025\/05\/Screenshot-2025-05-29-123526.jpg","datePublished":"2025-05-29T17:34:49+00:00","dateModified":"2025-05-29T17:41:46+00:00","breadcrumb":{"@id":"https:\/\/alinvest-verde.eu\/newslette\/mayo-2025\/#breadcrumb"},"inLanguage":"pt-PT","potentialAction":[{"@type":"ReadAction","target":["https:\/\/alinvest-verde.eu\/newslette\/mayo-2025\/"]}]},{"@type":"ImageObject","inLanguage":"pt-PT","@id":"https:\/\/alinvest-verde.eu\/newslette\/mayo-2025\/#primaryimage","url":"https:\/\/alinvest-verde.eu\/wp-content\/uploads\/2025\/05\/Screenshot-2025-05-29-123526.jpg","contentUrl":"https:\/\/alinvest-verde.eu\/wp-content\/uploads\/2025\/05\/Screenshot-2025-05-29-123526.jpg","width":746,"height":877},{"@type":"BreadcrumbList","@id":"https:\/\/alinvest-verde.eu\/newslette\/mayo-2025\/#breadcrumb","itemListElement":[{"@type":"ListItem","position":1,"name":"Inicio","item":"https:\/\/alinvest-verde.eu\/"},{"@type":"ListItem","position":2,"name":"Mayo 2025"}]},{"@type":"WebSite","@id":"https:\/\/alinvest-verde.eu\/#website","url":"https:\/\/alinvest-verde.eu\/","name":"Programa AL-INVEST Verde","description":"Construir alian\u00e7as com o sector privado na AL e promover o crescimento sustent\u00e1vel e a cria\u00e7\u00e3o de empregos, apoiando a transi\u00e7\u00e3o para uma economia de baixo carbono e eficiente em termos de recursos","publisher":{"@id":"https:\/\/alinvest-verde.eu\/#organization"},"potentialAction":[{"@type":"SearchAction","target":{"@type":"EntryPoint","urlTemplate":"https:\/\/alinvest-verde.eu\/?s={search_term_string}"},"query-input":{"@type":"PropertyValueSpecification","valueRequired":true,"valueName":"search_term_string"}}],"inLanguage":"pt-PT"},{"@type":"Organization","@id":"https:\/\/alinvest-verde.eu\/#organization","name":"Programa AL-INVEST Verde","url":"https:\/\/alinvest-verde.eu\/","logo":{"@type":"ImageObject","inLanguage":"pt-PT","@id":"https:\/\/alinvest-verde.eu\/#\/schema\/logo\/image\/","url":"https:\/\/alinvest-verde.eu\/wp-content\/uploads\/2022\/01\/cropped-logo-financiado-por-la-UE.jpg","contentUrl":"https:\/\/alinvest-verde.eu\/wp-content\/uploads\/2022\/01\/cropped-logo-financiado-por-la-UE.jpg","width":756,"height":216,"caption":"Programme AL-INVEST Verde"},"image":{"@id":"https:\/\/alinvest-verde.eu\/#\/schema\/logo\/image\/"}}]}},"_links":{"self":[{"href":"https:\/\/alinvest-verde.eu\/pt_pt_ao90\/wp-json\/wp\/v2\/newslette\/17768","targetHints":{"allow":["GET"]}}],"collection":[{"href":"https:\/\/alinvest-verde.eu\/pt_pt_ao90\/wp-json\/wp\/v2\/newslette"}],"about":[{"href":"https:\/\/alinvest-verde.eu\/pt_pt_ao90\/wp-json\/wp\/v2\/types\/newslette"}],"version-history":[{"count":3,"href":"https:\/\/alinvest-verde.eu\/pt_pt_ao90\/wp-json\/wp\/v2\/newslette\/17768\/revisions"}],"predecessor-version":[{"id":17781,"href":"https:\/\/alinvest-verde.eu\/pt_pt_ao90\/wp-json\/wp\/v2\/newslette\/17768\/revisions\/17781"}],"wp:featuredmedia":[{"embeddable":true,"href":"https:\/\/alinvest-verde.eu\/pt_pt_ao90\/wp-json\/wp\/v2\/media\/17779"}],"wp:attachment":[{"href":"https:\/\/alinvest-verde.eu\/pt_pt_ao90\/wp-json\/wp\/v2\/media?parent=17768"}],"curies":[{"name":"wp","href":"https:\/\/api.w.org\/{rel}","templated":true}]}}