{"id":18808,"date":"2025-09-05T22:50:45","date_gmt":"2025-09-05T20:50:45","guid":{"rendered":"https:\/\/alinvest-verde.eu\/?post_type=newslette&#038;p=18808"},"modified":"2025-09-05T22:52:14","modified_gmt":"2025-09-05T20:52:14","slug":"agosto-2025","status":"publish","type":"newslette","link":"https:\/\/alinvest-verde.eu\/pt_pt_ao90\/newslette\/agosto-2025\/","title":{"rendered":"agosto de 2025"},"content":{"rendered":"<p class=\"wp-block-paragraph\"><\/p>\n\n\n\n<figure class=\"wp-block-image size-large\"><img fetchpriority=\"high\" decoding=\"async\" width=\"1024\" height=\"576\" src=\"https:\/\/alinvest-verde.eu\/wp-content\/uploads\/2025\/09\/image-1024x576.png\" alt=\"\" class=\"wp-image-18809\" srcset=\"https:\/\/alinvest-verde.eu\/wp-content\/uploads\/2025\/09\/image-1024x576.png 1024w, https:\/\/alinvest-verde.eu\/wp-content\/uploads\/2025\/09\/image-300x169.png 300w, https:\/\/alinvest-verde.eu\/wp-content\/uploads\/2025\/09\/image-768x432.png 768w, https:\/\/alinvest-verde.eu\/wp-content\/uploads\/2025\/09\/image-1536x864.png 1536w, https:\/\/alinvest-verde.eu\/wp-content\/uploads\/2025\/09\/image-2048x1152.png 2048w, https:\/\/alinvest-verde.eu\/wp-content\/uploads\/2025\/09\/image-18x10.png 18w\" sizes=\"(max-width: 1024px) 100vw, 1024px\" \/><\/figure>\n\n\n\n<p class=\"wp-block-paragraph\"><strong>Mel de \u00d1eembuc\u00fa, a primeira indica\u00e7\u00e3o geogr\u00e1fica do Paraguai, obtida com o apoio de mentores de PI<\/strong><\/p>\n\n\n\n<p class=\"wp-block-paragraph\">O Miel de \u00d1eembuc\u00fa tornou-se a primeira Indica\u00e7\u00e3o Geogr\u00e1fica (IG) registada no Paraguai. Este reconhecimento foi poss\u00edvel gra\u00e7as ao esfor\u00e7o conjunto dos produtores locais, das autoridades nacionais e da\u00a0<strong>apoio t\u00e9cnico fornecido pelo AL-INVEST Verde DPI\u00a0<\/strong>no \u00e2mbito do seu programa de tutoria AL-INVmentor. <a href=\"https:\/\/alinvest-verde.eu\/pt_pt_ao90\/miel-de-neembucu-primera-indicacion-geografica-de-paraguay-lograda-con-apoyo-de-mentoria-en-pi\/\">Leia a hist\u00f3ria completa<\/a>.<\/p>\n\n\n\n<figure class=\"wp-block-image size-large\"><img decoding=\"async\" width=\"1024\" height=\"576\" src=\"https:\/\/alinvest-verde.eu\/wp-content\/uploads\/2025\/09\/image-1-1024x576.png\" alt=\"\" class=\"wp-image-18810\" srcset=\"https:\/\/alinvest-verde.eu\/wp-content\/uploads\/2025\/09\/image-1-1024x576.png 1024w, https:\/\/alinvest-verde.eu\/wp-content\/uploads\/2025\/09\/image-1-300x169.png 300w, https:\/\/alinvest-verde.eu\/wp-content\/uploads\/2025\/09\/image-1-768x432.png 768w, https:\/\/alinvest-verde.eu\/wp-content\/uploads\/2025\/09\/image-1-1536x864.png 1536w, https:\/\/alinvest-verde.eu\/wp-content\/uploads\/2025\/09\/image-1-18x10.png 18w, https:\/\/alinvest-verde.eu\/wp-content\/uploads\/2025\/09\/image-1.png 1600w\" sizes=\"(max-width: 1024px) 100vw, 1024px\" \/><\/figure>\n\n\n\n<p class=\"wp-block-paragraph\"><strong>Apoio ao Esp\u00edrito Santo (Brasil) para a implementa\u00e7\u00e3o da plataforma de rastreabilidade Selo Verde.<\/strong><\/p>\n\n\n\n<p class=\"wp-block-paragraph\">AL-INVEST Verde coopera com o estado do Esp\u00edrito Santo no Brasil para a implementa\u00e7\u00e3o da plataforma de rastreabilidade Selo Verde. No \u00e2mbito desta coopera\u00e7\u00e3o, s\u00e3o mapeadas as \u00e1reas de produ\u00e7\u00e3o de\u00a0<strong>caf\u00e9, cacau e florestas plantadas<\/strong>\u00a0para obter informa\u00e7\u00f5es exactas para desenvolver a plataforma. <a href=\"https:\/\/alinvest-verde.eu\/pt_pt_ao90\/apoyo-a-espirito-santo-brasil-para-implementar-la-plataforma-de-trazabilidad-selo-verde\/\">Leia a hist\u00f3ria completa<\/a>. <\/p>\n\n\n\n<figure class=\"wp-block-image size-large\"><img decoding=\"async\" width=\"1024\" height=\"592\" src=\"https:\/\/alinvest-verde.eu\/wp-content\/uploads\/2025\/09\/image-2-1024x592.png\" alt=\"\" class=\"wp-image-18811\" srcset=\"https:\/\/alinvest-verde.eu\/wp-content\/uploads\/2025\/09\/image-2-1024x592.png 1024w, https:\/\/alinvest-verde.eu\/wp-content\/uploads\/2025\/09\/image-2-300x173.png 300w, https:\/\/alinvest-verde.eu\/wp-content\/uploads\/2025\/09\/image-2-768x444.png 768w, https:\/\/alinvest-verde.eu\/wp-content\/uploads\/2025\/09\/image-2-18x10.png 18w, https:\/\/alinvest-verde.eu\/wp-content\/uploads\/2025\/09\/image-2.png 1280w\" sizes=\"(max-width: 1024px) 100vw, 1024px\" \/><\/figure>\n\n\n\n<p class=\"wp-block-paragraph\"><strong>Mais de 3600 MPMEs na Am\u00e9rica Latina avan\u00e7am para a produ\u00e7\u00e3o sustent\u00e1vel com o apoio do AL-INVEST Verde<\/strong><\/p>\n\n\n\n<p class=\"wp-block-paragraph\">O AL-INVEST Verde, atrav\u00e9s dos seus projectos na regi\u00e3o, apoia mais de 3.600 MPME que conseguiram poupar \u00e1gua, especialmente em sectores-chave como a \u00e1gua e o saneamento.\u00a0<strong>agricultura, agroind\u00fastria, ind\u00fastria transformadora e sector da hotelaria e restaura\u00e7\u00e3o<\/strong>. Al\u00e9m disso, mais de 1 500 MPME reduziram o seu consumo global de recursos em mais de 20 %. <a href=\"https:\/\/alinvest-verde.eu\/pt_pt_ao90\/mas-de-3600-mipymes-en-america-latina-avanzan-hacia-una-produccion-sostenible-con-el-apoyo-de-al-invest-verde\/\">Leia a hist\u00f3ria completa<\/a>. <\/p>\n\n\n\n<figure class=\"wp-block-image size-full\"><img loading=\"lazy\" decoding=\"async\" width=\"526\" height=\"298\" src=\"https:\/\/alinvest-verde.eu\/wp-content\/uploads\/2025\/09\/image-3.png\" alt=\"\" class=\"wp-image-18812\" srcset=\"https:\/\/alinvest-verde.eu\/wp-content\/uploads\/2025\/09\/image-3.png 526w, https:\/\/alinvest-verde.eu\/wp-content\/uploads\/2025\/09\/image-3-300x170.png 300w, https:\/\/alinvest-verde.eu\/wp-content\/uploads\/2025\/09\/image-3-18x10.png 18w\" sizes=\"(max-width: 526px) 100vw, 526px\" \/><\/figure>\n\n\n\n<p class=\"wp-block-paragraph\"><strong>Publicadas as primeiras diretrizes nacionais para o exame de marcas no Paraguai<\/strong><\/p>\n\n\n\n<p class=\"wp-block-paragraph\">Este desenvolvimento representa um\u00a0<strong>passo decisivo para melhorar a acessibilidade, a coer\u00eancia e a previsibilidade dos procedimentos de registo de marcas<\/strong>\u00a0no pa\u00eds. <a href=\"https:\/\/alinvest-verde.eu\/pt_pt_ao90\/un-gran-hito-publicacion-de-las-primeras-directrices-nacionales-para-el-examen-de-marcas-en-paraguay\/\">Leia a hist\u00f3ria completa<\/a>. <\/p>\n\n\n\n<figure class=\"wp-block-image size-full is-resized\"><img loading=\"lazy\" decoding=\"async\" width=\"363\" height=\"76\" src=\"https:\/\/alinvest-verde.eu\/wp-content\/uploads\/2025\/04\/logo-agenda.jpg\" alt=\"\" class=\"wp-image-17229\" style=\"width:337px;height:auto\" srcset=\"https:\/\/alinvest-verde.eu\/wp-content\/uploads\/2025\/04\/logo-agenda.jpg 363w, https:\/\/alinvest-verde.eu\/wp-content\/uploads\/2025\/04\/logo-agenda-300x63.jpg 300w\" sizes=\"(max-width: 363px) 100vw, 363px\" \/><\/figure>\n\n\n\n<figure class=\"wp-block-image size-large\"><img loading=\"lazy\" decoding=\"async\" width=\"1024\" height=\"576\" src=\"https:\/\/alinvest-verde.eu\/wp-content\/uploads\/2025\/09\/image-4-1024x576.png\" alt=\"\" class=\"wp-image-18813\" srcset=\"https:\/\/alinvest-verde.eu\/wp-content\/uploads\/2025\/09\/image-4-1024x576.png 1024w, https:\/\/alinvest-verde.eu\/wp-content\/uploads\/2025\/09\/image-4-300x169.png 300w, https:\/\/alinvest-verde.eu\/wp-content\/uploads\/2025\/09\/image-4-768x432.png 768w, https:\/\/alinvest-verde.eu\/wp-content\/uploads\/2025\/09\/image-4-1536x864.png 1536w, https:\/\/alinvest-verde.eu\/wp-content\/uploads\/2025\/09\/image-4-18x10.png 18w, https:\/\/alinvest-verde.eu\/wp-content\/uploads\/2025\/09\/image-4.png 1600w\" sizes=\"(max-width: 1024px) 100vw, 1024px\" \/><\/figure>\n\n\n\n<p class=\"wp-block-paragraph\"><strong>3\u00ba Di\u00e1logo Agro-Alimentar UE-ALC<\/strong> <\/p>\n\n\n\n<p class=\"wp-block-paragraph\"><strong>Modalidade:\u00a0<\/strong>Evento h\u00edbrido <\/p>\n\n\n\n<p class=\"wp-block-paragraph\"><strong>Dia:&nbsp;<\/strong>08 de outubro&nbsp;<\/p>\n\n\n\n<p class=\"wp-block-paragraph\"><strong><a href=\"https:\/\/alinvest-verde.eu\/pt_pt_ao90\/agenda-verde\/agua-y-agricultura-en-transicion-hacia-una-gestion-sostenible-y-resiliente-en-la-ue-y-alc\/\">Ver evento<\/a><\/strong><\/p>\n\n\n\n<figure class=\"wp-block-image size-large\"><img loading=\"lazy\" decoding=\"async\" width=\"1024\" height=\"576\" src=\"https:\/\/alinvest-verde.eu\/wp-content\/uploads\/2025\/09\/image-5-1024x576.png\" alt=\"\" class=\"wp-image-18814\" srcset=\"https:\/\/alinvest-verde.eu\/wp-content\/uploads\/2025\/09\/image-5-1024x576.png 1024w, https:\/\/alinvest-verde.eu\/wp-content\/uploads\/2025\/09\/image-5-300x169.png 300w, https:\/\/alinvest-verde.eu\/wp-content\/uploads\/2025\/09\/image-5-768x432.png 768w, https:\/\/alinvest-verde.eu\/wp-content\/uploads\/2025\/09\/image-5-1536x864.png 1536w, https:\/\/alinvest-verde.eu\/wp-content\/uploads\/2025\/09\/image-5-2048x1152.png 2048w, https:\/\/alinvest-verde.eu\/wp-content\/uploads\/2025\/09\/image-5-18x10.png 18w\" sizes=\"(max-width: 1024px) 100vw, 1024px\" \/><\/figure>\n\n\n\n<p class=\"wp-block-paragraph\"><strong>Reuni\u00e3o regional sobre os EUDR<\/strong><\/p>\n\n\n\n<p class=\"wp-block-paragraph\"><strong>Modalidade:&nbsp;<\/strong>evento h\u00edbrido<\/p>\n\n\n\n<p class=\"wp-block-paragraph\"><strong>Dia:&nbsp;<\/strong>08 de outubro<\/p>\n\n\n\n<p class=\"wp-block-paragraph\"><strong>Registo:&nbsp;<\/strong>em breve no s\u00edtio Web do evento<\/p>\n\n\n\n<p class=\"wp-block-paragraph\"><a href=\"https:\/\/alinvest-verde.eu\/pt_pt_ao90\/evento-regional-eudr\/\">Ver evento<\/a><\/p>\n\n\n\n<figure class=\"wp-block-image size-full is-resized\"><img loading=\"lazy\" decoding=\"async\" width=\"482\" height=\"61\" src=\"https:\/\/alinvest-verde.eu\/wp-content\/uploads\/2025\/03\/logo-aivtv.jpg\" alt=\"\" class=\"wp-image-17041\" style=\"width:339px;height:auto\" srcset=\"https:\/\/alinvest-verde.eu\/wp-content\/uploads\/2025\/03\/logo-aivtv.jpg 482w, https:\/\/alinvest-verde.eu\/wp-content\/uploads\/2025\/03\/logo-aivtv-300x38.jpg 300w, https:\/\/alinvest-verde.eu\/wp-content\/uploads\/2025\/03\/logo-aivtv-474x61.jpg 474w, https:\/\/alinvest-verde.eu\/wp-content\/uploads\/2025\/03\/logo-aivtv-18x2.jpg 18w\" sizes=\"(max-width: 482px) 100vw, 482px\" \/><\/figure>\n\n\n\n<figure class=\"wp-block-embed is-type-video is-provider-youtube wp-block-embed-youtube wp-embed-aspect-16-9 wp-has-aspect-ratio\"><div class=\"wp-block-embed__wrapper\">\n<iframe title=\"Boas pr\u00e1ticas para um caf\u00e9 sustent\u00e1vel\" width=\"800\" height=\"450\" src=\"https:\/\/www.youtube.com\/embed\/vVUSggqItOg?feature=oembed\" frameborder=\"0\" allow=\"accelerometer; autoplay; clipboard-write; encrypted-media; gyroscope; picture-in-picture; web-share\" referrerpolicy=\"strict-origin-when-cross-origin\" allowfullscreen><\/iframe>\n<\/div><\/figure>\n\n\n\n<figure class=\"wp-block-image size-full is-resized\"><img loading=\"lazy\" decoding=\"async\" width=\"400\" height=\"72\" src=\"https:\/\/alinvest-verde.eu\/wp-content\/uploads\/2025\/03\/logoinformes.jpg\" alt=\"\" class=\"wp-image-17045\" style=\"width:338px;height:auto\" srcset=\"https:\/\/alinvest-verde.eu\/wp-content\/uploads\/2025\/03\/logoinformes.jpg 400w, https:\/\/alinvest-verde.eu\/wp-content\/uploads\/2025\/03\/logoinformes-300x54.jpg 300w, https:\/\/alinvest-verde.eu\/wp-content\/uploads\/2025\/03\/logoinformes-18x3.jpg 18w\" sizes=\"(max-width: 400px) 100vw, 400px\" \/><\/figure>\n\n\n\n<figure class=\"wp-block-image alignright size-full is-resized\"><img loading=\"lazy\" decoding=\"async\" width=\"316\" height=\"449\" src=\"https:\/\/alinvest-verde.eu\/wp-content\/uploads\/2025\/09\/image-6.png\" alt=\"\" class=\"wp-image-18815\" style=\"width:204px;height:auto\" srcset=\"https:\/\/alinvest-verde.eu\/wp-content\/uploads\/2025\/09\/image-6.png 316w, https:\/\/alinvest-verde.eu\/wp-content\/uploads\/2025\/09\/image-6-211x300.png 211w, https:\/\/alinvest-verde.eu\/wp-content\/uploads\/2025\/09\/image-6-8x12.png 8w\" sizes=\"(max-width: 316px) 100vw, 316px\" \/><\/figure>\n\n\n\n<p class=\"wp-block-paragraph\"><strong>Estrat\u00e9gias e instrumentos para promover uma pecu\u00e1ria sustent\u00e1vel na UE e na ALC<\/strong><\/p>\n\n\n\n<p class=\"wp-block-paragraph\">O AL-INVEST Verde promove o ciclo de Di\u00e1logos Agro-alimentares UE-ALC \"Estrat\u00e9gias e instrumentos para promover uma pecu\u00e1ria sustent\u00e1vel na UE e na ALC\", como um espa\u00e7o t\u00e9cnico bi-regional para o interc\u00e2mbio de conhecimentos e a promo\u00e7\u00e3o de solu\u00e7\u00f5es comuns para uma pecu\u00e1ria sustent\u00e1vel. O presente relat\u00f3rio abrange os eventos do segundo di\u00e1logo, realizado em 25-26 de junho na Costa Rica.\u00a0<a href=\"https:\/\/alinvest-verde.eu\/wp-content\/uploads\/2025\/08\/II-DIALOGO-AGRALIMENTARIO-UE_ALC.pdf\">Ver relat\u00f3rio<\/a>. <\/p>\n\n\n\n<p class=\"wp-block-paragraph\"><\/p>\n\n\n\n<p class=\"wp-block-paragraph\"><\/p>\n\n\n\n<p class=\"wp-block-paragraph\"><\/p>\n\n\n\n<p class=\"wp-block-paragraph\"><\/p>\n\n\n\n<figure class=\"wp-block-image size-full\"><img loading=\"lazy\" decoding=\"async\" width=\"712\" height=\"132\" src=\"https:\/\/alinvest-verde.eu\/wp-content\/uploads\/2024\/04\/logos-GG-AIV-UE.jpg\" alt=\"\" class=\"wp-image-11290\" srcset=\"https:\/\/alinvest-verde.eu\/wp-content\/uploads\/2024\/04\/logos-GG-AIV-UE.jpg 712w, https:\/\/alinvest-verde.eu\/wp-content\/uploads\/2024\/04\/logos-GG-AIV-UE-300x56.jpg 300w, https:\/\/alinvest-verde.eu\/wp-content\/uploads\/2024\/04\/logos-GG-AIV-UE-18x3.jpg 18w\" sizes=\"(max-width: 712px) 100vw, 712px\" \/><\/figure>\n\n\n\n<p class=\"wp-block-paragraph\"><\/p>","protected":false},"excerpt":{"rendered":"<p>O boletim de agosto destaca os esfor\u00e7os da Componente 1 para otimizar recursos como a \u00e1gua, o trabalho da Componente 2 para aumentar a rastreabilidade e os esfor\u00e7os da Componente 3 para refor\u00e7ar os direitos de propriedade intelectual. <\/p>","protected":false},"featured_media":18819,"template":"","class_list":["post-18808","newslette","type-newslette","status-publish","has-post-thumbnail","hentry"],"yoast_head":"<!-- This site is optimized with the Yoast SEO plugin v28.4 - https:\/\/yoast.com\/product\/yoast-seo-wordpress\/ -->\n<title>Agosto 2025 - Programme AL-INVEST Verde<\/title>\n<meta name=\"robots\" content=\"index, follow, max-snippet:-1, max-image-preview:large, max-video-preview:-1\" \/>\n<link rel=\"canonical\" href=\"https:\/\/alinvest-verde.eu\/pt_pt_ao90\/newslette\/agosto-2025\/\" \/>\n<meta property=\"og:locale\" content=\"pt_PT\" \/>\n<meta property=\"og:type\" content=\"article\" \/>\n<meta property=\"og:title\" content=\"Agosto 2025 - Programme AL-INVEST Verde\" \/>\n<meta property=\"og:description\" content=\"El bolet\u00edn del mes de agosto destaca las esfuerzos del Componente 1 en la optimizaci\u00f3n de recursos como el agua, el trabajo del Componente 2 para impulsar la trazabilidad y los esfuerzos del Componente 3 para fortalecer los derechos de propiedad intelectual.\" \/>\n<meta property=\"og:url\" content=\"https:\/\/alinvest-verde.eu\/pt_pt_ao90\/newslette\/agosto-2025\/\" \/>\n<meta property=\"og:site_name\" content=\"Programme AL-INVEST Verde\" \/>\n<meta property=\"article:modified_time\" content=\"2025-09-05T20:52:14+00:00\" \/>\n<meta property=\"og:image\" content=\"https:\/\/alinvest-verde.eu\/wp-content\/uploads\/2025\/09\/newsletteragosto.jpg\" \/>\n\t<meta property=\"og:image:width\" content=\"748\" \/>\n\t<meta property=\"og:image:height\" content=\"891\" \/>\n\t<meta property=\"og:image:type\" content=\"image\/jpeg\" \/>\n<meta name=\"twitter:card\" content=\"summary_large_image\" \/>\n<meta name=\"twitter:label1\" content=\"Est. reading time\" \/>\n\t<meta name=\"twitter:data1\" content=\"5 minutos\" \/>\n<script type=\"application\/ld+json\" class=\"yoast-schema-graph\">{\"@context\":\"https:\\\/\\\/schema.org\",\"@graph\":[{\"@type\":\"WebPage\",\"@id\":\"https:\\\/\\\/alinvest-verde.eu\\\/newslette\\\/agosto-2025\\\/\",\"url\":\"https:\\\/\\\/alinvest-verde.eu\\\/newslette\\\/agosto-2025\\\/\",\"name\":\"Agosto 2025 - Programme AL-INVEST Verde\",\"isPartOf\":{\"@id\":\"https:\\\/\\\/alinvest-verde.eu\\\/#website\"},\"primaryImageOfPage\":{\"@id\":\"https:\\\/\\\/alinvest-verde.eu\\\/newslette\\\/agosto-2025\\\/#primaryimage\"},\"image\":{\"@id\":\"https:\\\/\\\/alinvest-verde.eu\\\/newslette\\\/agosto-2025\\\/#primaryimage\"},\"thumbnailUrl\":\"https:\\\/\\\/alinvest-verde.eu\\\/wp-content\\\/uploads\\\/2025\\\/09\\\/newsletteragosto.jpg\",\"datePublished\":\"2025-09-05T20:50:45+00:00\",\"dateModified\":\"2025-09-05T20:52:14+00:00\",\"breadcrumb\":{\"@id\":\"https:\\\/\\\/alinvest-verde.eu\\\/newslette\\\/agosto-2025\\\/#breadcrumb\"},\"inLanguage\":\"pt-PT\",\"potentialAction\":[{\"@type\":\"ReadAction\",\"target\":[\"https:\\\/\\\/alinvest-verde.eu\\\/newslette\\\/agosto-2025\\\/\"]}]},{\"@type\":\"ImageObject\",\"inLanguage\":\"pt-PT\",\"@id\":\"https:\\\/\\\/alinvest-verde.eu\\\/newslette\\\/agosto-2025\\\/#primaryimage\",\"url\":\"https:\\\/\\\/alinvest-verde.eu\\\/wp-content\\\/uploads\\\/2025\\\/09\\\/newsletteragosto.jpg\",\"contentUrl\":\"https:\\\/\\\/alinvest-verde.eu\\\/wp-content\\\/uploads\\\/2025\\\/09\\\/newsletteragosto.jpg\",\"width\":748,\"height\":891},{\"@type\":\"BreadcrumbList\",\"@id\":\"https:\\\/\\\/alinvest-verde.eu\\\/newslette\\\/agosto-2025\\\/#breadcrumb\",\"itemListElement\":[{\"@type\":\"ListItem\",\"position\":1,\"name\":\"Inicio\",\"item\":\"https:\\\/\\\/alinvest-verde.eu\\\/\"},{\"@type\":\"ListItem\",\"position\":2,\"name\":\"Agosto 2025\"}]},{\"@type\":\"WebSite\",\"@id\":\"https:\\\/\\\/alinvest-verde.eu\\\/#website\",\"url\":\"https:\\\/\\\/alinvest-verde.eu\\\/\",\"name\":\"Programme AL-INVEST Verde\",\"description\":\"Building alliances with the private sector in LA and promote sustainable growth and jobs creation by supporting the transition towards a low-carbon, resource-efficient economy\",\"publisher\":{\"@id\":\"https:\\\/\\\/alinvest-verde.eu\\\/#organization\"},\"potentialAction\":[{\"@type\":\"SearchAction\",\"target\":{\"@type\":\"EntryPoint\",\"urlTemplate\":\"https:\\\/\\\/alinvest-verde.eu\\\/?s={search_term_string}\"},\"query-input\":{\"@type\":\"PropertyValueSpecification\",\"valueRequired\":true,\"valueName\":\"search_term_string\"}}],\"inLanguage\":\"pt-PT\"},{\"@type\":\"Organization\",\"@id\":\"https:\\\/\\\/alinvest-verde.eu\\\/#organization\",\"name\":\"Programme AL-INVEST Verde\",\"url\":\"https:\\\/\\\/alinvest-verde.eu\\\/\",\"logo\":{\"@type\":\"ImageObject\",\"inLanguage\":\"pt-PT\",\"@id\":\"https:\\\/\\\/alinvest-verde.eu\\\/#\\\/schema\\\/logo\\\/image\\\/\",\"url\":\"https:\\\/\\\/alinvest-verde.eu\\\/wp-content\\\/uploads\\\/2022\\\/01\\\/cropped-logo-financiado-por-la-UE.jpg\",\"contentUrl\":\"https:\\\/\\\/alinvest-verde.eu\\\/wp-content\\\/uploads\\\/2022\\\/01\\\/cropped-logo-financiado-por-la-UE.jpg\",\"width\":756,\"height\":216,\"caption\":\"Programme AL-INVEST Verde\"},\"image\":{\"@id\":\"https:\\\/\\\/alinvest-verde.eu\\\/#\\\/schema\\\/logo\\\/image\\\/\"}}]}<\/script>\n<!-- \/ Yoast SEO plugin. -->","yoast_head_json":{"title":"agosto de 2025 - Programa AL-INVEST Verde","robots":{"index":"index","follow":"follow","max-snippet":"max-snippet:-1","max-image-preview":"max-image-preview:large","max-video-preview":"max-video-preview:-1"},"canonical":"https:\/\/alinvest-verde.eu\/pt_pt_ao90\/newslette\/agosto-2025\/","og_locale":"pt_PT","og_type":"article","og_title":"Agosto 2025 - Programme AL-INVEST Verde","og_description":"El bolet\u00edn del mes de agosto destaca las esfuerzos del Componente 1 en la optimizaci\u00f3n de recursos como el agua, el trabajo del Componente 2 para impulsar la trazabilidad y los esfuerzos del Componente 3 para fortalecer los derechos de propiedad intelectual.","og_url":"https:\/\/alinvest-verde.eu\/pt_pt_ao90\/newslette\/agosto-2025\/","og_site_name":"Programme AL-INVEST Verde","article_modified_time":"2025-09-05T20:52:14+00:00","og_image":[{"width":748,"height":891,"url":"https:\/\/alinvest-verde.eu\/wp-content\/uploads\/2025\/09\/newsletteragosto.jpg","type":"image\/jpeg"}],"twitter_card":"summary_large_image","twitter_misc":{"Est. reading time":"5 minutos"},"schema":{"@context":"https:\/\/schema.org","@graph":[{"@type":"WebPage","@id":"https:\/\/alinvest-verde.eu\/newslette\/agosto-2025\/","url":"https:\/\/alinvest-verde.eu\/newslette\/agosto-2025\/","name":"agosto de 2025 - Programa AL-INVEST Verde","isPartOf":{"@id":"https:\/\/alinvest-verde.eu\/#website"},"primaryImageOfPage":{"@id":"https:\/\/alinvest-verde.eu\/newslette\/agosto-2025\/#primaryimage"},"image":{"@id":"https:\/\/alinvest-verde.eu\/newslette\/agosto-2025\/#primaryimage"},"thumbnailUrl":"https:\/\/alinvest-verde.eu\/wp-content\/uploads\/2025\/09\/newsletteragosto.jpg","datePublished":"2025-09-05T20:50:45+00:00","dateModified":"2025-09-05T20:52:14+00:00","breadcrumb":{"@id":"https:\/\/alinvest-verde.eu\/newslette\/agosto-2025\/#breadcrumb"},"inLanguage":"pt-PT","potentialAction":[{"@type":"ReadAction","target":["https:\/\/alinvest-verde.eu\/newslette\/agosto-2025\/"]}]},{"@type":"ImageObject","inLanguage":"pt-PT","@id":"https:\/\/alinvest-verde.eu\/newslette\/agosto-2025\/#primaryimage","url":"https:\/\/alinvest-verde.eu\/wp-content\/uploads\/2025\/09\/newsletteragosto.jpg","contentUrl":"https:\/\/alinvest-verde.eu\/wp-content\/uploads\/2025\/09\/newsletteragosto.jpg","width":748,"height":891},{"@type":"BreadcrumbList","@id":"https:\/\/alinvest-verde.eu\/newslette\/agosto-2025\/#breadcrumb","itemListElement":[{"@type":"ListItem","position":1,"name":"Inicio","item":"https:\/\/alinvest-verde.eu\/"},{"@type":"ListItem","position":2,"name":"Agosto 2025"}]},{"@type":"WebSite","@id":"https:\/\/alinvest-verde.eu\/#website","url":"https:\/\/alinvest-verde.eu\/","name":"Programa AL-INVEST Verde","description":"Construir alian\u00e7as com o sector privado na AL e promover o crescimento sustent\u00e1vel e a cria\u00e7\u00e3o de empregos, apoiando a transi\u00e7\u00e3o para uma economia de baixo carbono e eficiente em termos de recursos","publisher":{"@id":"https:\/\/alinvest-verde.eu\/#organization"},"potentialAction":[{"@type":"SearchAction","target":{"@type":"EntryPoint","urlTemplate":"https:\/\/alinvest-verde.eu\/?s={search_term_string}"},"query-input":{"@type":"PropertyValueSpecification","valueRequired":true,"valueName":"search_term_string"}}],"inLanguage":"pt-PT"},{"@type":"Organization","@id":"https:\/\/alinvest-verde.eu\/#organization","name":"Programa AL-INVEST Verde","url":"https:\/\/alinvest-verde.eu\/","logo":{"@type":"ImageObject","inLanguage":"pt-PT","@id":"https:\/\/alinvest-verde.eu\/#\/schema\/logo\/image\/","url":"https:\/\/alinvest-verde.eu\/wp-content\/uploads\/2022\/01\/cropped-logo-financiado-por-la-UE.jpg","contentUrl":"https:\/\/alinvest-verde.eu\/wp-content\/uploads\/2022\/01\/cropped-logo-financiado-por-la-UE.jpg","width":756,"height":216,"caption":"Programme AL-INVEST Verde"},"image":{"@id":"https:\/\/alinvest-verde.eu\/#\/schema\/logo\/image\/"}}]}},"_links":{"self":[{"href":"https:\/\/alinvest-verde.eu\/pt_pt_ao90\/wp-json\/wp\/v2\/newslette\/18808","targetHints":{"allow":["GET"]}}],"collection":[{"href":"https:\/\/alinvest-verde.eu\/pt_pt_ao90\/wp-json\/wp\/v2\/newslette"}],"about":[{"href":"https:\/\/alinvest-verde.eu\/pt_pt_ao90\/wp-json\/wp\/v2\/types\/newslette"}],"version-history":[{"count":4,"href":"https:\/\/alinvest-verde.eu\/pt_pt_ao90\/wp-json\/wp\/v2\/newslette\/18808\/revisions"}],"predecessor-version":[{"id":18821,"href":"https:\/\/alinvest-verde.eu\/pt_pt_ao90\/wp-json\/wp\/v2\/newslette\/18808\/revisions\/18821"}],"wp:featuredmedia":[{"embeddable":true,"href":"https:\/\/alinvest-verde.eu\/pt_pt_ao90\/wp-json\/wp\/v2\/media\/18819"}],"wp:attachment":[{"href":"https:\/\/alinvest-verde.eu\/pt_pt_ao90\/wp-json\/wp\/v2\/media?parent=18808"}],"curies":[{"name":"wp","href":"https:\/\/api.w.org\/{rel}","templated":true}]}}