{"id":20056,"date":"2025-12-11T22:17:58","date_gmt":"2025-12-11T21:17:58","guid":{"rendered":"https:\/\/alinvest-verde.eu\/?post_type=newslette&#038;p=20056"},"modified":"2025-12-11T22:23:18","modified_gmt":"2025-12-11T21:23:18","slug":"noviembre-diciembre-2025","status":"publish","type":"newslette","link":"https:\/\/alinvest-verde.eu\/pt_pt_ao90\/newslette\/noviembre-diciembre-2025\/","title":{"rendered":"Novembro \u2013 Dezembro de 2025"},"content":{"rendered":"<figure class=\"wp-block-image size-large\"><img fetchpriority=\"high\" decoding=\"async\" width=\"1024\" height=\"576\" src=\"https:\/\/alinvest-verde.eu\/wp-content\/uploads\/2025\/12\/image-1024x576.png\" alt=\"\" class=\"wp-image-20057\" srcset=\"https:\/\/alinvest-verde.eu\/wp-content\/uploads\/2025\/12\/image-1024x576.png 1024w, https:\/\/alinvest-verde.eu\/wp-content\/uploads\/2025\/12\/image-300x169.png 300w, https:\/\/alinvest-verde.eu\/wp-content\/uploads\/2025\/12\/image-768x432.png 768w, https:\/\/alinvest-verde.eu\/wp-content\/uploads\/2025\/12\/image-18x10.png 18w, https:\/\/alinvest-verde.eu\/wp-content\/uploads\/2025\/12\/image.png 1348w\" sizes=\"(max-width: 1024px) 100vw, 1024px\" \/><\/figure>\n\n\n\n<p class=\"wp-block-paragraph\"><strong>AL-INVEST Verde presente no 7.\u00ba Parlamento Europeu das Empresas<\/strong><\/p>\n\n\n\n<p class=\"wp-block-paragraph\">O evento reuniu representantes do setor privado de toda a Europa e Am\u00e9rica Latina para dialogar sobre os desafios e oportunidades do com\u00e9rcio sustent\u00e1vel e da coopera\u00e7\u00e3o empresarial. A presen\u00e7a do Programa permitiu partilhar os avan\u00e7os no fortalecimento das PME latino-americanas e na promo\u00e7\u00e3o de pr\u00e1ticas empresariais mais sustent\u00e1veis e competitivas. Mais de 700 empreendedores de 43 pa\u00edses estiveram presentes no Hemiciclo do Parlamento Europeu em Bruxelas, recebidos pelo vice-presidente do Parlamento, Victor Negrescu. <a href=\"https:\/\/alinvest-verde.eu\/pt_pt_ao90\/al-invest-verde-presente-en-el-7o-parlamento-europeo-de-empresas\/\">Leia a hist\u00f3ria completa<\/a>. <\/p>\n\n\n\n<figure class=\"wp-block-image size-large\"><img decoding=\"async\" width=\"1024\" height=\"583\" src=\"https:\/\/alinvest-verde.eu\/wp-content\/uploads\/2025\/12\/image-1-1024x583.png\" alt=\"\" class=\"wp-image-20058\" srcset=\"https:\/\/alinvest-verde.eu\/wp-content\/uploads\/2025\/12\/image-1-1024x583.png 1024w, https:\/\/alinvest-verde.eu\/wp-content\/uploads\/2025\/12\/image-1-300x171.png 300w, https:\/\/alinvest-verde.eu\/wp-content\/uploads\/2025\/12\/image-1-768x437.png 768w, https:\/\/alinvest-verde.eu\/wp-content\/uploads\/2025\/12\/image-1-18x10.png 18w, https:\/\/alinvest-verde.eu\/wp-content\/uploads\/2025\/12\/image-1.png 1292w\" sizes=\"(max-width: 1024px) 100vw, 1024px\" \/><\/figure>\n\n\n\n<p class=\"wp-block-paragraph\"><strong>Representantes de mais de 14 pa\u00edses participam em Bras\u00edlia do IV Di\u00e1logo Agroalimentar UE-ALC<\/strong><\/p>\n\n\n\n<p class=\"wp-block-paragraph\">Bras\u00edlia acolheu, nos dias 2 e 3 de dezembro, a celebra\u00e7\u00e3o do IV Di\u00e1logo Agroalimentar UE-ALC, organizado pela AL-INVEST Verde em colabora\u00e7\u00e3o com o Instituto Interamericano de Coopera\u00e7\u00e3o para a Agricultura (IICA). O evento foi realizado sob o t\u00edtulo \u201c\u00c1gua e agricultura em transi\u00e7\u00e3o: rumo a uma gest\u00e3o sustent\u00e1vel e resiliente na UE e na ALC\u201d. <a href=\"https:\/\/alinvest-verde.eu\/pt_pt_ao90\/representantes-de-mas-de-20-paises-asisten-en-brasilia-al-iv-dialogo-agroalimentarios-ue-alc\/\">Leia a hist\u00f3ria completa<\/a>.<\/p>\n\n\n\n<figure class=\"wp-block-image size-large\"><img decoding=\"async\" width=\"1024\" height=\"576\" src=\"https:\/\/alinvest-verde.eu\/wp-content\/uploads\/2025\/12\/image-2-1024x576.png\" alt=\"\" class=\"wp-image-20059\" srcset=\"https:\/\/alinvest-verde.eu\/wp-content\/uploads\/2025\/12\/image-2-1024x576.png 1024w, https:\/\/alinvest-verde.eu\/wp-content\/uploads\/2025\/12\/image-2-300x169.png 300w, https:\/\/alinvest-verde.eu\/wp-content\/uploads\/2025\/12\/image-2-768x432.png 768w, https:\/\/alinvest-verde.eu\/wp-content\/uploads\/2025\/12\/image-2-1536x864.png 1536w, https:\/\/alinvest-verde.eu\/wp-content\/uploads\/2025\/12\/image-2-18x10.png 18w, https:\/\/alinvest-verde.eu\/wp-content\/uploads\/2025\/12\/image-2.png 1920w\" sizes=\"(max-width: 1024px) 100vw, 1024px\" \/><\/figure>\n\n\n\n<p class=\"wp-block-paragraph\"><strong>Workshop de encerramento sobre tutoria em mat\u00e9ria de propriedade intelectual para o VISEC Argentina<\/strong><\/p>\n\n\n\n<p class=\"wp-block-paragraph\">No dia 31 de outubro, foi realizado o evento de encerramento da mentoria VISEC (Vis\u00e3o Setorial do Gran Chaco), desenvolvida pelo Componente 3 de Direitos de Propriedade Intelectual, implementado pelo Escrit\u00f3rio de Propriedade Intelectual da Uni\u00e3o Europeia (EUIPO). A iniciativa buscou fortalecer as cadeias de valor da soja e da carne bovina na Argentina por meio do uso estrat\u00e9gico da propriedade intelectual (PI), alinhado com os requisitos de sustentabilidade da Uni\u00e3o Europeia. <a href=\"https:\/\/alinvest-verde.eu\/pt_pt_ao90\/taller-de-cierre-de-la-mentoria-en-propiedad-intelectual-para-visec-argentina\/\">Leia a hist\u00f3ria completa<\/a>. <\/p>\n\n\n\n<figure class=\"wp-block-image size-large\"><img loading=\"lazy\" decoding=\"async\" width=\"1024\" height=\"606\" src=\"https:\/\/alinvest-verde.eu\/wp-content\/uploads\/2025\/12\/image-3-1024x606.png\" alt=\"\" class=\"wp-image-20060\" srcset=\"https:\/\/alinvest-verde.eu\/wp-content\/uploads\/2025\/12\/image-3-1024x606.png 1024w, https:\/\/alinvest-verde.eu\/wp-content\/uploads\/2025\/12\/image-3-300x177.png 300w, https:\/\/alinvest-verde.eu\/wp-content\/uploads\/2025\/12\/image-3-768x454.png 768w, https:\/\/alinvest-verde.eu\/wp-content\/uploads\/2025\/12\/image-3-18x12.png 18w, https:\/\/alinvest-verde.eu\/wp-content\/uploads\/2025\/12\/image-3.png 1280w\" sizes=\"(max-width: 1024px) 100vw, 1024px\" \/><\/figure>\n\n\n\n<p class=\"wp-block-paragraph\"><strong>Apresenta-se na COP SeloVerde, plataforma que apoia o AL-INVEST Verde no Brasil<\/strong><\/p>\n\n\n\n<p class=\"wp-block-paragraph\">A embaixadora da Uni\u00e3o Europeia no Brasil, Marian Schuegraf, esteve presente, juntamente com representantes da Universidade Federal de Minas Gerais (UFMG) e dos estados aderentes a este sistema. <a href=\"https:\/\/alinvest-verde.eu\/pt_pt_ao90\/la-plataforma-de-trazabilidad-seloverde-apoyada-por-al-invest-verde-en-brasil-se-presenta-en-la-cop30\/\">Ler mais<\/a>. <\/p>\n\n\n\n<figure class=\"wp-block-image size-large\"><img loading=\"lazy\" decoding=\"async\" width=\"1024\" height=\"768\" src=\"https:\/\/alinvest-verde.eu\/wp-content\/uploads\/2025\/12\/image-4-1024x768.png\" alt=\"\" class=\"wp-image-20061\" srcset=\"https:\/\/alinvest-verde.eu\/wp-content\/uploads\/2025\/12\/image-4-1024x768.png 1024w, https:\/\/alinvest-verde.eu\/wp-content\/uploads\/2025\/12\/image-4-300x225.png 300w, https:\/\/alinvest-verde.eu\/wp-content\/uploads\/2025\/12\/image-4-768x576.png 768w, https:\/\/alinvest-verde.eu\/wp-content\/uploads\/2025\/12\/image-4-1536x1152.png 1536w, https:\/\/alinvest-verde.eu\/wp-content\/uploads\/2025\/12\/image-4-2048x1536.png 2048w, https:\/\/alinvest-verde.eu\/wp-content\/uploads\/2025\/12\/image-4-16x12.png 16w\" sizes=\"(max-width: 1024px) 100vw, 1024px\" \/><\/figure>\n\n\n\n<p class=\"wp-block-paragraph\"><strong>A presen\u00e7a das PME no F\u00f3rum Empresarial ALC-UE impulsiona a conex\u00e3o empresarial<\/strong><\/p>\n\n\n\n<p class=\"wp-block-paragraph\">O Componente 1 do programa esteve presente no F\u00f3rum Empresarial ALC-UE, que teve lugar no \u00e2mbito da Cimeira UE-CELAC 2025, atrav\u00e9s da participa\u00e7\u00e3o das suas PME benefici\u00e1rias. <a href=\"https:\/\/alinvest-verde.eu\/pt_pt_ao90\/presencia-de-pymes-en-el-foro-empresarial-alc-ue-en-el-marco-de-la-cumbre-celac-ue-impulsa-el-intercambio-y-la-conexion-empresarial\/\">Ler mais<\/a>. <\/p>\n\n\n\n<figure class=\"wp-block-image size-large\"><img loading=\"lazy\" decoding=\"async\" width=\"1024\" height=\"682\" src=\"https:\/\/alinvest-verde.eu\/wp-content\/uploads\/2025\/12\/image-5-1024x682.png\" alt=\"\" class=\"wp-image-20062\" srcset=\"https:\/\/alinvest-verde.eu\/wp-content\/uploads\/2025\/12\/image-5-1024x682.png 1024w, https:\/\/alinvest-verde.eu\/wp-content\/uploads\/2025\/12\/image-5-300x200.png 300w, https:\/\/alinvest-verde.eu\/wp-content\/uploads\/2025\/12\/image-5-768x512.png 768w, https:\/\/alinvest-verde.eu\/wp-content\/uploads\/2025\/12\/image-5-391x260.png 391w, https:\/\/alinvest-verde.eu\/wp-content\/uploads\/2025\/12\/image-5-1536x1023.png 1536w, https:\/\/alinvest-verde.eu\/wp-content\/uploads\/2025\/12\/image-5-18x12.png 18w, https:\/\/alinvest-verde.eu\/wp-content\/uploads\/2025\/12\/image-5.png 1600w\" sizes=\"(max-width: 1024px) 100vw, 1024px\" \/><\/figure>\n\n\n\n<p class=\"wp-block-paragraph\"><strong>Reuni\u00e3o da Equipa Europa sobre cadeias livres de desfloresta\u00e7\u00e3o<\/strong><\/p>\n\n\n\n<p class=\"wp-block-paragraph\">A AL-INVEST Verde faz parte desta iniciativa, que reuniu no Par\u00e1 representantes governamentais, do setor privado e da coopera\u00e7\u00e3o internacional da Am\u00e9rica Latina, \u00c1frica, \u00c1sia e Europa. <a href=\"https:\/\/alinvest-verde.eu\/pt_pt_ao90\/al-invest-verde-participa-en-brasil-en-el-encuentro-del-equipo-europa-sobre-cadenas-libres-de-deforestacion\/\">Ler mais<\/a>. <\/p>\n\n\n\n<figure class=\"wp-block-image size-large\"><img loading=\"lazy\" decoding=\"async\" width=\"1024\" height=\"665\" src=\"https:\/\/alinvest-verde.eu\/wp-content\/uploads\/2025\/12\/image-6-1024x665.png\" alt=\"\" class=\"wp-image-20063\" srcset=\"https:\/\/alinvest-verde.eu\/wp-content\/uploads\/2025\/12\/image-6-1024x665.png 1024w, https:\/\/alinvest-verde.eu\/wp-content\/uploads\/2025\/12\/image-6-300x195.png 300w, https:\/\/alinvest-verde.eu\/wp-content\/uploads\/2025\/12\/image-6-768x498.png 768w, https:\/\/alinvest-verde.eu\/wp-content\/uploads\/2025\/12\/image-6-18x12.png 18w, https:\/\/alinvest-verde.eu\/wp-content\/uploads\/2025\/12\/image-6.png 1080w\" sizes=\"(max-width: 1024px) 100vw, 1024px\" \/><\/figure>\n\n\n\n<p class=\"wp-block-paragraph\"><strong>Apoio ao Chile para refor\u00e7ar a sua prepara\u00e7\u00e3o face \u00e0 EUDR<\/strong><\/p>\n\n\n\n<p class=\"wp-block-paragraph\">O Gabinete de Estudos e Pol\u00edticas Agr\u00e1rias (Odepa), com o apoio da AL-INVEST Verde, deu in\u00edcio \u00e0 Fase II do projeto para adaptar as cadeias bovina e florestal ao Regulamento Europeu de produtos livres de desfloresta\u00e7\u00e3o.  <a href=\"https:\/\/alinvest-verde.eu\/pt_pt_ao90\/al-invest-verde-apoya-a-chile-para-reforzar-su-preparacion-frente-al-eudr\/\">Ler mais<\/a>. <\/p>\n\n\n\n<p class=\"wp-block-paragraph\"><\/p>\n\n\n\n<figure class=\"wp-block-image size-full is-resized\"><img loading=\"lazy\" decoding=\"async\" width=\"363\" height=\"76\" src=\"https:\/\/alinvest-verde.eu\/wp-content\/uploads\/2025\/04\/logo-agenda.jpg\" alt=\"\" class=\"wp-image-17229\" style=\"width:306px;height:auto\" srcset=\"https:\/\/alinvest-verde.eu\/wp-content\/uploads\/2025\/04\/logo-agenda.jpg 363w, https:\/\/alinvest-verde.eu\/wp-content\/uploads\/2025\/04\/logo-agenda-300x63.jpg 300w\" sizes=\"(max-width: 363px) 100vw, 363px\" \/><\/figure>\n\n\n\n<figure class=\"wp-block-image size-large\"><img loading=\"lazy\" decoding=\"async\" width=\"1024\" height=\"577\" src=\"https:\/\/alinvest-verde.eu\/wp-content\/uploads\/2025\/12\/image-7-1024x577.png\" alt=\"\" class=\"wp-image-20064\" srcset=\"https:\/\/alinvest-verde.eu\/wp-content\/uploads\/2025\/12\/image-7-1024x577.png 1024w, https:\/\/alinvest-verde.eu\/wp-content\/uploads\/2025\/12\/image-7-300x169.png 300w, https:\/\/alinvest-verde.eu\/wp-content\/uploads\/2025\/12\/image-7-768x433.png 768w, https:\/\/alinvest-verde.eu\/wp-content\/uploads\/2025\/12\/image-7-1536x865.png 1536w, https:\/\/alinvest-verde.eu\/wp-content\/uploads\/2025\/12\/image-7-18x10.png 18w, https:\/\/alinvest-verde.eu\/wp-content\/uploads\/2025\/12\/image-7.png 1640w\" sizes=\"(max-width: 1024px) 100vw, 1024px\" \/><\/figure>\n\n\n\n<div class=\"wp-block-group is-vertical is-layout-flex wp-container-core-group-is-layout-2c90304e wp-block-group-is-layout-flex\">\n<ul class=\"wp-block-list\">\n<li><strong>Data:\u00a0<\/strong>16 de dezembro de 2025<\/li>\n\n\n\n<li><strong>Tempo:<\/strong>\u00a016h30 (CET)<\/li>\n\n\n\n<li><strong>Modalidade:<\/strong>\u00a0Webinar<\/li>\n<\/ul>\n<\/div>\n\n\n\n<div class=\"wp-block-buttons is-layout-flex wp-block-buttons-is-layout-flex\">\n<div class=\"wp-block-button\"><a class=\"wp-block-button__link has-luminous-vivid-amber-background-color has-background wp-element-button\" href=\"https:\/\/alinvest-verde.eu\/pt_pt_ao90\/agenda-verde\/webinar-eudr-en-practica-entendiento-los-nuevos-requerimientos-europeos\/\">Ver evento<\/a><\/div>\n<\/div>\n\n\n\n<p class=\"wp-block-paragraph\"><\/p>\n\n\n\n<p class=\"wp-block-paragraph\"><\/p>\n\n\n\n<figure class=\"wp-block-image size-full is-resized\"><img loading=\"lazy\" decoding=\"async\" width=\"482\" height=\"61\" src=\"https:\/\/alinvest-verde.eu\/wp-content\/uploads\/2025\/03\/logo-aivtv.jpg\" alt=\"\" class=\"wp-image-17041\" style=\"aspect-ratio:7.903147699757869;width:328px;height:auto\" srcset=\"https:\/\/alinvest-verde.eu\/wp-content\/uploads\/2025\/03\/logo-aivtv.jpg 482w, https:\/\/alinvest-verde.eu\/wp-content\/uploads\/2025\/03\/logo-aivtv-300x38.jpg 300w, https:\/\/alinvest-verde.eu\/wp-content\/uploads\/2025\/03\/logo-aivtv-474x61.jpg 474w, https:\/\/alinvest-verde.eu\/wp-content\/uploads\/2025\/03\/logo-aivtv-18x2.jpg 18w\" sizes=\"(max-width: 482px) 100vw, 482px\" \/><\/figure>\n\n\n\n<figure class=\"wp-block-embed is-type-video is-provider-youtube wp-block-embed-youtube wp-embed-aspect-16-9 wp-has-aspect-ratio\"><div class=\"wp-block-embed__wrapper\">\n<iframe title=\"Conexi\u00f3nVerde+ Medell\u00edn - Evento anual de AL-INVEST Verde\" width=\"800\" height=\"450\" src=\"https:\/\/www.youtube.com\/embed\/fkqEoVSi4Ig?list=PLb8IUTKTakXMuc4dKdloPZ4Ia99UcqRwO\" frameborder=\"0\" allow=\"accelerometer; autoplay; clipboard-write; encrypted-media; gyroscope; picture-in-picture; web-share\" referrerpolicy=\"strict-origin-when-cross-origin\" allowfullscreen><\/iframe>\n<\/div><\/figure>\n\n\n\n<p class=\"wp-block-paragraph\"><\/p>\n\n\n\n<p class=\"wp-block-paragraph\"><\/p>\n\n\n\n<figure class=\"wp-block-image size-full is-resized\"><img loading=\"lazy\" decoding=\"async\" width=\"400\" height=\"72\" src=\"https:\/\/alinvest-verde.eu\/wp-content\/uploads\/2025\/03\/logoinformes.jpg\" alt=\"\" class=\"wp-image-17045\" style=\"width:320px;height:auto\" srcset=\"https:\/\/alinvest-verde.eu\/wp-content\/uploads\/2025\/03\/logoinformes.jpg 400w, https:\/\/alinvest-verde.eu\/wp-content\/uploads\/2025\/03\/logoinformes-300x54.jpg 300w, https:\/\/alinvest-verde.eu\/wp-content\/uploads\/2025\/03\/logoinformes-18x3.jpg 18w\" sizes=\"(max-width: 400px) 100vw, 400px\" \/><\/figure>\n\n\n\n<figure class=\"wp-block-image size-full\"><img loading=\"lazy\" decoding=\"async\" width=\"620\" height=\"883\" src=\"https:\/\/alinvest-verde.eu\/wp-content\/uploads\/2025\/12\/image-8.png\" alt=\"\" class=\"wp-image-20065\" srcset=\"https:\/\/alinvest-verde.eu\/wp-content\/uploads\/2025\/12\/image-8.png 620w, https:\/\/alinvest-verde.eu\/wp-content\/uploads\/2025\/12\/image-8-211x300.png 211w, https:\/\/alinvest-verde.eu\/wp-content\/uploads\/2025\/12\/image-8-8x12.png 8w\" sizes=\"(max-width: 620px) 100vw, 620px\" \/><\/figure>\n\n\n\n<p class=\"wp-block-paragraph\"><strong>Diagn\u00f3stico dos setores de carne bovina e madeira na Chiletina<\/strong><\/p>\n\n\n\n<p class=\"wp-block-paragraph\">Primeiro relat\u00f3rio de diagn\u00f3stico da situa\u00e7\u00e3o do Chile e da sua ind\u00fastria bovina e florestal para dar cumprimento ao Regulamento (UE) 2023\/1115 sobre produtos livres de desfloresta\u00e7\u00e3o (EUDR). Apresenta um diagn\u00f3stico sobre as principais lacunas e desafios que o Chile enfrenta para cumprir o EUDR, com foco nas cadeias de carne bovina e produtos florestais. O estudo foi elaborado a partir de entrevistas com atores p\u00fablicos e privados, an\u00e1lise de documenta\u00e7\u00e3o nacional e internacional e revis\u00e3o de plataformas de informa\u00e7\u00e3o relevantes. <a href=\"https:\/\/alinvest-verde.eu\/wp-content\/uploads\/2025\/10\/DIAGNOSTICO-CARNE-BOVINA-Y-MADERA-CHILE.pdf\">Ler o relat\u00f3rio completo<\/a>. <\/p>\n\n\n\n<figure class=\"wp-block-image size-full is-resized\"><img loading=\"lazy\" decoding=\"async\" width=\"712\" height=\"132\" src=\"https:\/\/alinvest-verde.eu\/wp-content\/uploads\/2024\/07\/logos-GG-AIV-UE.jpg\" alt=\"\" class=\"wp-image-14016\" style=\"width:771px;height:auto\" srcset=\"https:\/\/alinvest-verde.eu\/wp-content\/uploads\/2024\/07\/logos-GG-AIV-UE.jpg 712w, https:\/\/alinvest-verde.eu\/wp-content\/uploads\/2024\/07\/logos-GG-AIV-UE-300x56.jpg 300w, https:\/\/alinvest-verde.eu\/wp-content\/uploads\/2024\/07\/logos-GG-AIV-UE-18x3.jpg 18w\" sizes=\"(max-width: 712px) 100vw, 712px\" \/><\/figure>","protected":false},"excerpt":{"rendered":"<p>A edi\u00e7\u00e3o de fim de ano do boletim destaca as PMEs benefici\u00e1rias do Componente 1, o trabalho na cadeia agr\u00edcola do Componente 2 e o encerramento das mentorias promovidas pelo Componente 3. <\/p>","protected":false},"featured_media":20070,"template":"","class_list":["post-20056","newslette","type-newslette","status-publish","has-post-thumbnail","hentry"],"yoast_head":"<!-- This site is optimized with the Yoast SEO plugin v28.4 - https:\/\/yoast.com\/product\/yoast-seo-wordpress\/ -->\n<title>Noviembre - Diciembre 2025 - Programme AL-INVEST Verde<\/title>\n<meta name=\"robots\" content=\"index, follow, max-snippet:-1, max-image-preview:large, max-video-preview:-1\" \/>\n<link rel=\"canonical\" href=\"https:\/\/alinvest-verde.eu\/pt_pt_ao90\/newslette\/noviembre-diciembre-2025\/\" \/>\n<meta property=\"og:locale\" content=\"pt_PT\" \/>\n<meta property=\"og:type\" content=\"article\" \/>\n<meta property=\"og:title\" content=\"Noviembre - Diciembre 2025 - Programme AL-INVEST Verde\" \/>\n<meta property=\"og:description\" content=\"La edici\u00f3n de fin de a\u00f1o del bolet\u00edn destaca a las pymes beneficiarias del Componente 1, el trabajo en la cadena de agricultura del Componente 2 y el cierre de las mentor\u00edas impulsadas por el Componente 3.\" \/>\n<meta property=\"og:url\" content=\"https:\/\/alinvest-verde.eu\/pt_pt_ao90\/newslette\/noviembre-diciembre-2025\/\" \/>\n<meta property=\"og:site_name\" content=\"Programme AL-INVEST Verde\" \/>\n<meta property=\"article:modified_time\" content=\"2025-12-11T21:23:18+00:00\" \/>\n<meta property=\"og:image\" content=\"https:\/\/alinvest-verde.eu\/wp-content\/uploads\/2025\/12\/news-nov_dic.jpg\" \/>\n\t<meta property=\"og:image:width\" content=\"741\" \/>\n\t<meta property=\"og:image:height\" content=\"893\" \/>\n\t<meta property=\"og:image:type\" content=\"image\/jpeg\" \/>\n<meta name=\"twitter:card\" content=\"summary_large_image\" \/>\n<meta name=\"twitter:label1\" content=\"Est. reading time\" \/>\n\t<meta name=\"twitter:data1\" content=\"6 minutos\" \/>\n<script type=\"application\/ld+json\" class=\"yoast-schema-graph\">{\"@context\":\"https:\\\/\\\/schema.org\",\"@graph\":[{\"@type\":\"WebPage\",\"@id\":\"https:\\\/\\\/alinvest-verde.eu\\\/newslette\\\/noviembre-diciembre-2025\\\/\",\"url\":\"https:\\\/\\\/alinvest-verde.eu\\\/newslette\\\/noviembre-diciembre-2025\\\/\",\"name\":\"Noviembre - Diciembre 2025 - Programme AL-INVEST Verde\",\"isPartOf\":{\"@id\":\"https:\\\/\\\/alinvest-verde.eu\\\/#website\"},\"primaryImageOfPage\":{\"@id\":\"https:\\\/\\\/alinvest-verde.eu\\\/newslette\\\/noviembre-diciembre-2025\\\/#primaryimage\"},\"image\":{\"@id\":\"https:\\\/\\\/alinvest-verde.eu\\\/newslette\\\/noviembre-diciembre-2025\\\/#primaryimage\"},\"thumbnailUrl\":\"https:\\\/\\\/alinvest-verde.eu\\\/wp-content\\\/uploads\\\/2025\\\/12\\\/news-nov_dic.jpg\",\"datePublished\":\"2025-12-11T21:17:58+00:00\",\"dateModified\":\"2025-12-11T21:23:18+00:00\",\"breadcrumb\":{\"@id\":\"https:\\\/\\\/alinvest-verde.eu\\\/newslette\\\/noviembre-diciembre-2025\\\/#breadcrumb\"},\"inLanguage\":\"pt-PT\",\"potentialAction\":[{\"@type\":\"ReadAction\",\"target\":[\"https:\\\/\\\/alinvest-verde.eu\\\/newslette\\\/noviembre-diciembre-2025\\\/\"]}]},{\"@type\":\"ImageObject\",\"inLanguage\":\"pt-PT\",\"@id\":\"https:\\\/\\\/alinvest-verde.eu\\\/newslette\\\/noviembre-diciembre-2025\\\/#primaryimage\",\"url\":\"https:\\\/\\\/alinvest-verde.eu\\\/wp-content\\\/uploads\\\/2025\\\/12\\\/news-nov_dic.jpg\",\"contentUrl\":\"https:\\\/\\\/alinvest-verde.eu\\\/wp-content\\\/uploads\\\/2025\\\/12\\\/news-nov_dic.jpg\",\"width\":741,\"height\":893},{\"@type\":\"BreadcrumbList\",\"@id\":\"https:\\\/\\\/alinvest-verde.eu\\\/newslette\\\/noviembre-diciembre-2025\\\/#breadcrumb\",\"itemListElement\":[{\"@type\":\"ListItem\",\"position\":1,\"name\":\"Inicio\",\"item\":\"https:\\\/\\\/alinvest-verde.eu\\\/\"},{\"@type\":\"ListItem\",\"position\":2,\"name\":\"Noviembre &#8211; Diciembre 2025\"}]},{\"@type\":\"WebSite\",\"@id\":\"https:\\\/\\\/alinvest-verde.eu\\\/#website\",\"url\":\"https:\\\/\\\/alinvest-verde.eu\\\/\",\"name\":\"Programme AL-INVEST Verde\",\"description\":\"Building alliances with the private sector in LA and promote sustainable growth and jobs creation by supporting the transition towards a low-carbon, resource-efficient economy\",\"publisher\":{\"@id\":\"https:\\\/\\\/alinvest-verde.eu\\\/#organization\"},\"potentialAction\":[{\"@type\":\"SearchAction\",\"target\":{\"@type\":\"EntryPoint\",\"urlTemplate\":\"https:\\\/\\\/alinvest-verde.eu\\\/?s={search_term_string}\"},\"query-input\":{\"@type\":\"PropertyValueSpecification\",\"valueRequired\":true,\"valueName\":\"search_term_string\"}}],\"inLanguage\":\"pt-PT\"},{\"@type\":\"Organization\",\"@id\":\"https:\\\/\\\/alinvest-verde.eu\\\/#organization\",\"name\":\"Programme AL-INVEST Verde\",\"url\":\"https:\\\/\\\/alinvest-verde.eu\\\/\",\"logo\":{\"@type\":\"ImageObject\",\"inLanguage\":\"pt-PT\",\"@id\":\"https:\\\/\\\/alinvest-verde.eu\\\/#\\\/schema\\\/logo\\\/image\\\/\",\"url\":\"https:\\\/\\\/alinvest-verde.eu\\\/wp-content\\\/uploads\\\/2022\\\/01\\\/cropped-logo-financiado-por-la-UE.jpg\",\"contentUrl\":\"https:\\\/\\\/alinvest-verde.eu\\\/wp-content\\\/uploads\\\/2022\\\/01\\\/cropped-logo-financiado-por-la-UE.jpg\",\"width\":756,\"height\":216,\"caption\":\"Programme AL-INVEST Verde\"},\"image\":{\"@id\":\"https:\\\/\\\/alinvest-verde.eu\\\/#\\\/schema\\\/logo\\\/image\\\/\"}}]}<\/script>\n<!-- \/ Yoast SEO plugin. -->","yoast_head_json":{"title":"novembro - dezembro de 2025 - Programa AL-INVEST Verde","robots":{"index":"index","follow":"follow","max-snippet":"max-snippet:-1","max-image-preview":"max-image-preview:large","max-video-preview":"max-video-preview:-1"},"canonical":"https:\/\/alinvest-verde.eu\/pt_pt_ao90\/newslette\/noviembre-diciembre-2025\/","og_locale":"pt_PT","og_type":"article","og_title":"Noviembre - Diciembre 2025 - Programme AL-INVEST Verde","og_description":"La edici\u00f3n de fin de a\u00f1o del bolet\u00edn destaca a las pymes beneficiarias del Componente 1, el trabajo en la cadena de agricultura del Componente 2 y el cierre de las mentor\u00edas impulsadas por el Componente 3.","og_url":"https:\/\/alinvest-verde.eu\/pt_pt_ao90\/newslette\/noviembre-diciembre-2025\/","og_site_name":"Programme AL-INVEST Verde","article_modified_time":"2025-12-11T21:23:18+00:00","og_image":[{"width":741,"height":893,"url":"https:\/\/alinvest-verde.eu\/wp-content\/uploads\/2025\/12\/news-nov_dic.jpg","type":"image\/jpeg"}],"twitter_card":"summary_large_image","twitter_misc":{"Est. reading time":"6 minutos"},"schema":{"@context":"https:\/\/schema.org","@graph":[{"@type":"WebPage","@id":"https:\/\/alinvest-verde.eu\/newslette\/noviembre-diciembre-2025\/","url":"https:\/\/alinvest-verde.eu\/newslette\/noviembre-diciembre-2025\/","name":"novembro - dezembro de 2025 - Programa AL-INVEST Verde","isPartOf":{"@id":"https:\/\/alinvest-verde.eu\/#website"},"primaryImageOfPage":{"@id":"https:\/\/alinvest-verde.eu\/newslette\/noviembre-diciembre-2025\/#primaryimage"},"image":{"@id":"https:\/\/alinvest-verde.eu\/newslette\/noviembre-diciembre-2025\/#primaryimage"},"thumbnailUrl":"https:\/\/alinvest-verde.eu\/wp-content\/uploads\/2025\/12\/news-nov_dic.jpg","datePublished":"2025-12-11T21:17:58+00:00","dateModified":"2025-12-11T21:23:18+00:00","breadcrumb":{"@id":"https:\/\/alinvest-verde.eu\/newslette\/noviembre-diciembre-2025\/#breadcrumb"},"inLanguage":"pt-PT","potentialAction":[{"@type":"ReadAction","target":["https:\/\/alinvest-verde.eu\/newslette\/noviembre-diciembre-2025\/"]}]},{"@type":"ImageObject","inLanguage":"pt-PT","@id":"https:\/\/alinvest-verde.eu\/newslette\/noviembre-diciembre-2025\/#primaryimage","url":"https:\/\/alinvest-verde.eu\/wp-content\/uploads\/2025\/12\/news-nov_dic.jpg","contentUrl":"https:\/\/alinvest-verde.eu\/wp-content\/uploads\/2025\/12\/news-nov_dic.jpg","width":741,"height":893},{"@type":"BreadcrumbList","@id":"https:\/\/alinvest-verde.eu\/newslette\/noviembre-diciembre-2025\/#breadcrumb","itemListElement":[{"@type":"ListItem","position":1,"name":"Inicio","item":"https:\/\/alinvest-verde.eu\/"},{"@type":"ListItem","position":2,"name":"Noviembre &#8211; Diciembre 2025"}]},{"@type":"WebSite","@id":"https:\/\/alinvest-verde.eu\/#website","url":"https:\/\/alinvest-verde.eu\/","name":"Programa AL-INVEST Verde","description":"Construir alian\u00e7as com o sector privado na AL e promover o crescimento sustent\u00e1vel e a cria\u00e7\u00e3o de empregos, apoiando a transi\u00e7\u00e3o para uma economia de baixo carbono e eficiente em termos de recursos","publisher":{"@id":"https:\/\/alinvest-verde.eu\/#organization"},"potentialAction":[{"@type":"SearchAction","target":{"@type":"EntryPoint","urlTemplate":"https:\/\/alinvest-verde.eu\/?s={search_term_string}"},"query-input":{"@type":"PropertyValueSpecification","valueRequired":true,"valueName":"search_term_string"}}],"inLanguage":"pt-PT"},{"@type":"Organization","@id":"https:\/\/alinvest-verde.eu\/#organization","name":"Programa AL-INVEST Verde","url":"https:\/\/alinvest-verde.eu\/","logo":{"@type":"ImageObject","inLanguage":"pt-PT","@id":"https:\/\/alinvest-verde.eu\/#\/schema\/logo\/image\/","url":"https:\/\/alinvest-verde.eu\/wp-content\/uploads\/2022\/01\/cropped-logo-financiado-por-la-UE.jpg","contentUrl":"https:\/\/alinvest-verde.eu\/wp-content\/uploads\/2022\/01\/cropped-logo-financiado-por-la-UE.jpg","width":756,"height":216,"caption":"Programme AL-INVEST Verde"},"image":{"@id":"https:\/\/alinvest-verde.eu\/#\/schema\/logo\/image\/"}}]}},"_links":{"self":[{"href":"https:\/\/alinvest-verde.eu\/pt_pt_ao90\/wp-json\/wp\/v2\/newslette\/20056","targetHints":{"allow":["GET"]}}],"collection":[{"href":"https:\/\/alinvest-verde.eu\/pt_pt_ao90\/wp-json\/wp\/v2\/newslette"}],"about":[{"href":"https:\/\/alinvest-verde.eu\/pt_pt_ao90\/wp-json\/wp\/v2\/types\/newslette"}],"version-history":[{"count":5,"href":"https:\/\/alinvest-verde.eu\/pt_pt_ao90\/wp-json\/wp\/v2\/newslette\/20056\/revisions"}],"predecessor-version":[{"id":20072,"href":"https:\/\/alinvest-verde.eu\/pt_pt_ao90\/wp-json\/wp\/v2\/newslette\/20056\/revisions\/20072"}],"wp:featuredmedia":[{"embeddable":true,"href":"https:\/\/alinvest-verde.eu\/pt_pt_ao90\/wp-json\/wp\/v2\/media\/20070"}],"wp:attachment":[{"href":"https:\/\/alinvest-verde.eu\/pt_pt_ao90\/wp-json\/wp\/v2\/media?parent=20056"}],"curies":[{"name":"wp","href":"https:\/\/api.w.org\/{rel}","templated":true}]}}