{"id":20845,"date":"2026-03-06T21:06:57","date_gmt":"2026-03-06T20:06:57","guid":{"rendered":"https:\/\/alinvest-verde.eu\/?post_type=newslette&#038;p=20845"},"modified":"2026-03-06T21:06:58","modified_gmt":"2026-03-06T20:06:58","slug":"edicion-mujes-2026","status":"publish","type":"newslette","link":"https:\/\/alinvest-verde.eu\/pt_pt_ao90\/newslette\/edicion-mujes-2026\/","title":{"rendered":"Edi\u00e7\u00e3o feminina 2026"},"content":{"rendered":"<figure class=\"wp-block-embed is-type-video is-provider-youtube wp-block-embed-youtube wp-embed-aspect-16-9 wp-has-aspect-ratio\"><div class=\"wp-block-embed__wrapper\">\n<iframe title=\"Mulheres nas cadeias de valor sem desfloresta\u00e7\u00e3o\" width=\"800\" height=\"450\" src=\"https:\/\/www.youtube.com\/embed\/EDHvaca8sjQ?feature=oembed\" frameborder=\"0\" allow=\"accelerometer; autoplay; clipboard-write; encrypted-media; gyroscope; picture-in-picture; web-share\" referrerpolicy=\"strict-origin-when-cross-origin\" allowfullscreen><\/iframe>\n<\/div><\/figure>\n\n\n\n<p class=\"wp-block-paragraph\"><strong>Apoiar as mulheres em cadeias de valor sem desfloresta\u00e7\u00e3o\u00a0<\/strong><\/p>\n\n\n\n<p class=\"wp-block-paragraph\">Por ocasi\u00e3o da\u00a0<strong>Dia Internacional da Mulher,\u00a0<\/strong>No AL-INVEST Verde reunimos<strong>\u00a0<\/strong>cinco mulheres da Col\u00f4mbia, do Equador e do Paraguai para descobrir como abriram caminho em diferentes dom\u00ednios.\u00a0<strong>As suas vozes est\u00e3o a liderar a mudan\u00e7a<\/strong>\u00a0N\u00e3o perca o v\u00eddeo!<\/p>\n\n\n\n<figure class=\"wp-block-image size-large\"><img fetchpriority=\"high\" decoding=\"async\" width=\"1024\" height=\"701\" src=\"https:\/\/alinvest-verde.eu\/wp-content\/uploads\/2026\/03\/image-1024x701.png\" alt=\"\" class=\"wp-image-20846\" srcset=\"https:\/\/alinvest-verde.eu\/wp-content\/uploads\/2026\/03\/image-1024x701.png 1024w, https:\/\/alinvest-verde.eu\/wp-content\/uploads\/2026\/03\/image-300x206.png 300w, https:\/\/alinvest-verde.eu\/wp-content\/uploads\/2026\/03\/image-768x526.png 768w, https:\/\/alinvest-verde.eu\/wp-content\/uploads\/2026\/03\/image-474x324.png 474w, https:\/\/alinvest-verde.eu\/wp-content\/uploads\/2026\/03\/image-18x12.png 18w, https:\/\/alinvest-verde.eu\/wp-content\/uploads\/2026\/03\/image.png 1251w\" sizes=\"(max-width: 1024px) 100vw, 1024px\" \/><\/figure>\n\n\n\n<p class=\"wp-block-paragraph\"><strong>Mais de 33 000 mulheres empres\u00e1rias refor\u00e7am as suas capacidades para liderar uma transi\u00e7\u00e3o sustent\u00e1vel\u00a0<\/strong><\/p>\n\n\n\n<p class=\"wp-block-paragraph\">Um total de\u00a0<strong>33 576 mulheres representantes de MPMEs\u00a0<\/strong>foram capacitadas no \u00e2mbito do programa AL-INVEST Verde, fortalecendo suas habilidades e compet\u00eancias para impulsionar a transi\u00e7\u00e3o para uma economia mais sustent\u00e1vel, verde e digital na Am\u00e9rica Latina. Por meio das a\u00e7\u00f5es desenvolvidas pelo Programa, 5.209 MPMEs lideradas por mulheres implementaram pr\u00e1ticas sustent\u00e1veis, contribuindo para a conserva\u00e7\u00e3o do meio ambiente e maior efici\u00eancia em seus processos produtivos.\u00a0<a href=\"https:\/\/alinvest-verde.eu\/pt_pt_ao90\/mas-de-33-mil-mujeres-empresarias-fortalecen-sus-capacidades-para-liderar-la-transicion-sostenible-en-america-latina\/\"><strong>Leia a hist\u00f3ria completa<\/strong><\/a>. <\/p>\n\n\n\n<figure class=\"wp-block-embed is-type-video is-provider-youtube wp-block-embed-youtube wp-embed-aspect-16-9 wp-has-aspect-ratio\"><div class=\"wp-block-embed__wrapper\">\n<iframe title=\"Ar\u00e1bica-Canephora: Promo\u00e7\u00e3o da sustentabilidade, da equidade e da transpar\u00eancia na cadeia de valor do caf\u00e9\" width=\"800\" height=\"450\" src=\"https:\/\/www.youtube.com\/embed\/YdCeE8TGscg?feature=oembed\" frameborder=\"0\" allow=\"accelerometer; autoplay; clipboard-write; encrypted-media; gyroscope; picture-in-picture; web-share\" referrerpolicy=\"strict-origin-when-cross-origin\" allowfullscreen><\/iframe>\n<\/div><\/figure>\n\n\n\n<p class=\"wp-block-paragraph\"><strong>Projeto ARABICA promove as mulheres na cadeia do caf\u00e9<\/strong><\/p>\n\n\n\n<p class=\"wp-block-paragraph\">No \u00e2mbito da Componente 1 do programa AL-INVEST Verde, o projeto ARABICA continua a promover a ado\u00e7\u00e3o de pr\u00e1ticas sustent\u00e1veis na cadeia de valor do caf\u00e9 no Brasil. <a href=\"https:\/\/alinvest-verde.eu\/pt_pt_ao90\/proyecto-arabica-impulsa-la-participacion-de-mujeres-en-la-cadena-sostenible-del-cafe-en-brasil\/\"><strong>Leia a hist\u00f3ria completa<\/strong><\/a>. <\/p>\n\n\n\n<figure class=\"wp-block-image size-large\"><img decoding=\"async\" width=\"1024\" height=\"1024\" src=\"https:\/\/alinvest-verde.eu\/wp-content\/uploads\/2026\/03\/Modelo-Post-Li-1024x1024.jpg\" alt=\"\" class=\"wp-image-20847\" srcset=\"https:\/\/alinvest-verde.eu\/wp-content\/uploads\/2026\/03\/Modelo-Post-Li-1024x1024.jpg 1024w, https:\/\/alinvest-verde.eu\/wp-content\/uploads\/2026\/03\/Modelo-Post-Li-300x300.jpg 300w, https:\/\/alinvest-verde.eu\/wp-content\/uploads\/2026\/03\/Modelo-Post-Li-150x150.jpg 150w, https:\/\/alinvest-verde.eu\/wp-content\/uploads\/2026\/03\/Modelo-Post-Li-768x768.jpg 768w, https:\/\/alinvest-verde.eu\/wp-content\/uploads\/2026\/03\/Modelo-Post-Li-500x500.jpg 500w, https:\/\/alinvest-verde.eu\/wp-content\/uploads\/2026\/03\/Modelo-Post-Li-12x12.jpg 12w, https:\/\/alinvest-verde.eu\/wp-content\/uploads\/2026\/03\/Modelo-Post-Li.jpg 1200w\" sizes=\"(max-width: 1024px) 100vw, 1024px\" \/><\/figure>\n\n\n\n<p class=\"wp-block-paragraph\"><\/p>\n\n\n\n<figure class=\"wp-block-image size-full is-resized\"><img decoding=\"async\" width=\"363\" height=\"76\" src=\"https:\/\/alinvest-verde.eu\/wp-content\/uploads\/2025\/04\/logo-agenda.jpg\" alt=\"\" class=\"wp-image-17229\" style=\"width:283px;height:auto\" srcset=\"https:\/\/alinvest-verde.eu\/wp-content\/uploads\/2025\/04\/logo-agenda.jpg 363w, https:\/\/alinvest-verde.eu\/wp-content\/uploads\/2025\/04\/logo-agenda-300x63.jpg 300w\" sizes=\"(max-width: 363px) 100vw, 363px\" \/><\/figure>\n\n\n\n<figure class=\"wp-block-image size-large\"><img loading=\"lazy\" decoding=\"async\" width=\"1024\" height=\"575\" src=\"https:\/\/alinvest-verde.eu\/wp-content\/uploads\/2026\/03\/image-1-1024x575.png\" alt=\"\" class=\"wp-image-20848\" srcset=\"https:\/\/alinvest-verde.eu\/wp-content\/uploads\/2026\/03\/image-1-1024x575.png 1024w, https:\/\/alinvest-verde.eu\/wp-content\/uploads\/2026\/03\/image-1-300x169.png 300w, https:\/\/alinvest-verde.eu\/wp-content\/uploads\/2026\/03\/image-1-768x431.png 768w, https:\/\/alinvest-verde.eu\/wp-content\/uploads\/2026\/03\/image-1-1536x863.png 1536w, https:\/\/alinvest-verde.eu\/wp-content\/uploads\/2026\/03\/image-1-18x10.png 18w, https:\/\/alinvest-verde.eu\/wp-content\/uploads\/2026\/03\/image-1.png 1602w\" sizes=\"(max-width: 1024px) 100vw, 1024px\" \/><\/figure>\n\n\n\n<ul class=\"wp-block-list\">\n<li><strong>Data:\u00a0<\/strong>17 de mar\u00e7o de 2026<\/li>\n\n\n\n<li><strong>Tempo:<\/strong>\u00a009:00 (Equador)<\/li>\n\n\n\n<li><strong>Modalidade:<\/strong>\u00a0h\u00edbrido\u00a0\u00a0<\/li>\n<\/ul>\n\n\n\n<p class=\"wp-block-paragraph\"><\/p>\n\n\n\n<div class=\"wp-block-buttons is-layout-flex wp-block-buttons-is-layout-flex\">\n<div class=\"wp-block-button\"><a class=\"wp-block-button__link has-luminous-vivid-amber-background-color has-background wp-element-button\" href=\"https:\/\/alinvest-verde.eu\/pt_pt_ao90\/agenda-verde\/agricultura-organica-fortaleciendo-mercados-sostenibles-en-la-ue-y-alc\/\"><strong>Ver evento<\/strong><\/a><\/div>\n<\/div>\n\n\n\n<p class=\"wp-block-paragraph\"><\/p>\n\n\n\n<figure class=\"wp-block-image size-full is-resized\"><img loading=\"lazy\" decoding=\"async\" width=\"750\" height=\"402\" src=\"https:\/\/alinvest-verde.eu\/wp-content\/uploads\/2026\/03\/image-2.png\" alt=\"\" class=\"wp-image-20849\" style=\"width:800px;height:auto\" srcset=\"https:\/\/alinvest-verde.eu\/wp-content\/uploads\/2026\/03\/image-2.png 750w, https:\/\/alinvest-verde.eu\/wp-content\/uploads\/2026\/03\/image-2-300x161.png 300w, https:\/\/alinvest-verde.eu\/wp-content\/uploads\/2026\/03\/image-2-18x10.png 18w\" sizes=\"(max-width: 750px) 100vw, 750px\" \/><\/figure>\n\n\n\n<ul class=\"wp-block-list\">\n<li><strong>Data:\u00a0<\/strong>19 de mar\u00e7o de 2026\u00a0<\/li>\n\n\n\n<li><strong>Tempo:<\/strong>\u00a010:00 (Col\u00f4mbia)<\/li>\n\n\n\n<li><strong>Modalidade:<\/strong>\u00a0evento virtual\u00a0<\/li>\n<\/ul>\n\n\n\n<p class=\"wp-block-paragraph\"><\/p>\n\n\n\n<div class=\"wp-block-buttons is-layout-flex wp-block-buttons-is-layout-flex\">\n<div class=\"wp-block-button\"><a class=\"wp-block-button__link has-luminous-vivid-amber-background-color has-background wp-element-button\" href=\"https:\/\/docs.google.com\/forms\/d\/e\/1FAIpQLSdVADc3hL5oOD0x8vyIS88re6D2agNlNAv16Pjb83J0WBgczw\/viewform\"><strong>Registar agora<\/strong><\/a><\/div>\n<\/div>\n\n\n\n<p class=\"wp-block-paragraph\"><\/p>\n\n\n\n<figure class=\"wp-block-image size-full is-resized\"><img loading=\"lazy\" decoding=\"async\" width=\"712\" height=\"132\" src=\"https:\/\/alinvest-verde.eu\/wp-content\/uploads\/2024\/04\/logos-GG-AIV-UE.jpg\" alt=\"\" class=\"wp-image-11290\" style=\"width:800px;height:auto\" srcset=\"https:\/\/alinvest-verde.eu\/wp-content\/uploads\/2024\/04\/logos-GG-AIV-UE.jpg 712w, https:\/\/alinvest-verde.eu\/wp-content\/uploads\/2024\/04\/logos-GG-AIV-UE-300x56.jpg 300w, https:\/\/alinvest-verde.eu\/wp-content\/uploads\/2024\/04\/logos-GG-AIV-UE-18x3.jpg 18w\" sizes=\"(max-width: 712px) 100vw, 712px\" \/><\/figure>","protected":false},"excerpt":{"rendered":"<p>Este boletim informativo \u00e9 uma edi\u00e7\u00e3o especial dedicada ao esfor\u00e7o do Programa para promover as mulheres nas cadeias de valor. <\/p>","protected":false},"featured_media":20851,"template":"","class_list":["post-20845","newslette","type-newslette","status-publish","has-post-thumbnail","hentry"],"yoast_head":"<!-- This site is optimized with the Yoast SEO plugin v28.4 - https:\/\/yoast.com\/product\/yoast-seo-wordpress\/ -->\n<title>Edici\u00f3n mujes 2026 - Programme AL-INVEST Verde<\/title>\n<meta name=\"robots\" content=\"index, follow, max-snippet:-1, max-image-preview:large, max-video-preview:-1\" \/>\n<link rel=\"canonical\" href=\"https:\/\/alinvest-verde.eu\/pt_pt_ao90\/newslette\/edicion-mujes-2026\/\" \/>\n<meta property=\"og:locale\" content=\"pt_PT\" \/>\n<meta property=\"og:type\" content=\"article\" \/>\n<meta property=\"og:title\" content=\"Edici\u00f3n mujes 2026 - Programme AL-INVEST Verde\" \/>\n<meta property=\"og:description\" content=\"Este bolet\u00edn es una edici\u00f3n especial dedicada al impulso del Programa para promover a las mujeres dentro de las cadenas de valor.\" \/>\n<meta property=\"og:url\" content=\"https:\/\/alinvest-verde.eu\/pt_pt_ao90\/newslette\/edicion-mujes-2026\/\" \/>\n<meta property=\"og:site_name\" content=\"Programme AL-INVEST Verde\" \/>\n<meta property=\"article:modified_time\" content=\"2026-03-06T20:06:58+00:00\" \/>\n<meta property=\"og:image\" content=\"https:\/\/alinvest-verde.eu\/wp-content\/uploads\/2026\/03\/Screenshot-2026-03-06-150533.jpg\" \/>\n\t<meta property=\"og:image:width\" content=\"748\" \/>\n\t<meta property=\"og:image:height\" content=\"766\" \/>\n\t<meta property=\"og:image:type\" content=\"image\/jpeg\" \/>\n<meta name=\"twitter:card\" content=\"summary_large_image\" \/>\n<meta name=\"twitter:label1\" content=\"Est. reading time\" \/>\n\t<meta name=\"twitter:data1\" content=\"3 minutos\" \/>\n<script type=\"application\/ld+json\" class=\"yoast-schema-graph\">{\"@context\":\"https:\\\/\\\/schema.org\",\"@graph\":[{\"@type\":\"WebPage\",\"@id\":\"https:\\\/\\\/alinvest-verde.eu\\\/newslette\\\/edicion-mujes-2026\\\/\",\"url\":\"https:\\\/\\\/alinvest-verde.eu\\\/newslette\\\/edicion-mujes-2026\\\/\",\"name\":\"Edici\u00f3n mujes 2026 - Programme AL-INVEST Verde\",\"isPartOf\":{\"@id\":\"https:\\\/\\\/alinvest-verde.eu\\\/#website\"},\"primaryImageOfPage\":{\"@id\":\"https:\\\/\\\/alinvest-verde.eu\\\/newslette\\\/edicion-mujes-2026\\\/#primaryimage\"},\"image\":{\"@id\":\"https:\\\/\\\/alinvest-verde.eu\\\/newslette\\\/edicion-mujes-2026\\\/#primaryimage\"},\"thumbnailUrl\":\"https:\\\/\\\/alinvest-verde.eu\\\/wp-content\\\/uploads\\\/2026\\\/03\\\/Screenshot-2026-03-06-150533.jpg\",\"datePublished\":\"2026-03-06T20:06:57+00:00\",\"dateModified\":\"2026-03-06T20:06:58+00:00\",\"breadcrumb\":{\"@id\":\"https:\\\/\\\/alinvest-verde.eu\\\/newslette\\\/edicion-mujes-2026\\\/#breadcrumb\"},\"inLanguage\":\"pt-PT\",\"potentialAction\":[{\"@type\":\"ReadAction\",\"target\":[\"https:\\\/\\\/alinvest-verde.eu\\\/newslette\\\/edicion-mujes-2026\\\/\"]}]},{\"@type\":\"ImageObject\",\"inLanguage\":\"pt-PT\",\"@id\":\"https:\\\/\\\/alinvest-verde.eu\\\/newslette\\\/edicion-mujes-2026\\\/#primaryimage\",\"url\":\"https:\\\/\\\/alinvest-verde.eu\\\/wp-content\\\/uploads\\\/2026\\\/03\\\/Screenshot-2026-03-06-150533.jpg\",\"contentUrl\":\"https:\\\/\\\/alinvest-verde.eu\\\/wp-content\\\/uploads\\\/2026\\\/03\\\/Screenshot-2026-03-06-150533.jpg\",\"width\":748,\"height\":766},{\"@type\":\"BreadcrumbList\",\"@id\":\"https:\\\/\\\/alinvest-verde.eu\\\/newslette\\\/edicion-mujes-2026\\\/#breadcrumb\",\"itemListElement\":[{\"@type\":\"ListItem\",\"position\":1,\"name\":\"Inicio\",\"item\":\"https:\\\/\\\/alinvest-verde.eu\\\/\"},{\"@type\":\"ListItem\",\"position\":2,\"name\":\"Edici\u00f3n mujes 2026\"}]},{\"@type\":\"WebSite\",\"@id\":\"https:\\\/\\\/alinvest-verde.eu\\\/#website\",\"url\":\"https:\\\/\\\/alinvest-verde.eu\\\/\",\"name\":\"Programme AL-INVEST Verde\",\"description\":\"Building alliances with the private sector in LA and promote sustainable growth and jobs creation by supporting the transition towards a low-carbon, resource-efficient economy\",\"publisher\":{\"@id\":\"https:\\\/\\\/alinvest-verde.eu\\\/#organization\"},\"potentialAction\":[{\"@type\":\"SearchAction\",\"target\":{\"@type\":\"EntryPoint\",\"urlTemplate\":\"https:\\\/\\\/alinvest-verde.eu\\\/?s={search_term_string}\"},\"query-input\":{\"@type\":\"PropertyValueSpecification\",\"valueRequired\":true,\"valueName\":\"search_term_string\"}}],\"inLanguage\":\"pt-PT\"},{\"@type\":\"Organization\",\"@id\":\"https:\\\/\\\/alinvest-verde.eu\\\/#organization\",\"name\":\"Programme AL-INVEST Verde\",\"url\":\"https:\\\/\\\/alinvest-verde.eu\\\/\",\"logo\":{\"@type\":\"ImageObject\",\"inLanguage\":\"pt-PT\",\"@id\":\"https:\\\/\\\/alinvest-verde.eu\\\/#\\\/schema\\\/logo\\\/image\\\/\",\"url\":\"https:\\\/\\\/alinvest-verde.eu\\\/wp-content\\\/uploads\\\/2022\\\/01\\\/cropped-logo-financiado-por-la-UE.jpg\",\"contentUrl\":\"https:\\\/\\\/alinvest-verde.eu\\\/wp-content\\\/uploads\\\/2022\\\/01\\\/cropped-logo-financiado-por-la-UE.jpg\",\"width\":756,\"height\":216,\"caption\":\"Programme AL-INVEST Verde\"},\"image\":{\"@id\":\"https:\\\/\\\/alinvest-verde.eu\\\/#\\\/schema\\\/logo\\\/image\\\/\"}}]}<\/script>\n<!-- \/ Yoast SEO plugin. -->","yoast_head_json":{"title":"Edi\u00e7\u00e3o feminina 2026 - Programa AL-INVEST Verde","robots":{"index":"index","follow":"follow","max-snippet":"max-snippet:-1","max-image-preview":"max-image-preview:large","max-video-preview":"max-video-preview:-1"},"canonical":"https:\/\/alinvest-verde.eu\/pt_pt_ao90\/newslette\/edicion-mujes-2026\/","og_locale":"pt_PT","og_type":"article","og_title":"Edici\u00f3n mujes 2026 - Programme AL-INVEST Verde","og_description":"Este bolet\u00edn es una edici\u00f3n especial dedicada al impulso del Programa para promover a las mujeres dentro de las cadenas de valor.","og_url":"https:\/\/alinvest-verde.eu\/pt_pt_ao90\/newslette\/edicion-mujes-2026\/","og_site_name":"Programme AL-INVEST Verde","article_modified_time":"2026-03-06T20:06:58+00:00","og_image":[{"width":748,"height":766,"url":"https:\/\/alinvest-verde.eu\/wp-content\/uploads\/2026\/03\/Screenshot-2026-03-06-150533.jpg","type":"image\/jpeg"}],"twitter_card":"summary_large_image","twitter_misc":{"Est. reading time":"3 minutos"},"schema":{"@context":"https:\/\/schema.org","@graph":[{"@type":"WebPage","@id":"https:\/\/alinvest-verde.eu\/newslette\/edicion-mujes-2026\/","url":"https:\/\/alinvest-verde.eu\/newslette\/edicion-mujes-2026\/","name":"Edi\u00e7\u00e3o feminina 2026 - Programa AL-INVEST Verde","isPartOf":{"@id":"https:\/\/alinvest-verde.eu\/#website"},"primaryImageOfPage":{"@id":"https:\/\/alinvest-verde.eu\/newslette\/edicion-mujes-2026\/#primaryimage"},"image":{"@id":"https:\/\/alinvest-verde.eu\/newslette\/edicion-mujes-2026\/#primaryimage"},"thumbnailUrl":"https:\/\/alinvest-verde.eu\/wp-content\/uploads\/2026\/03\/Screenshot-2026-03-06-150533.jpg","datePublished":"2026-03-06T20:06:57+00:00","dateModified":"2026-03-06T20:06:58+00:00","breadcrumb":{"@id":"https:\/\/alinvest-verde.eu\/newslette\/edicion-mujes-2026\/#breadcrumb"},"inLanguage":"pt-PT","potentialAction":[{"@type":"ReadAction","target":["https:\/\/alinvest-verde.eu\/newslette\/edicion-mujes-2026\/"]}]},{"@type":"ImageObject","inLanguage":"pt-PT","@id":"https:\/\/alinvest-verde.eu\/newslette\/edicion-mujes-2026\/#primaryimage","url":"https:\/\/alinvest-verde.eu\/wp-content\/uploads\/2026\/03\/Screenshot-2026-03-06-150533.jpg","contentUrl":"https:\/\/alinvest-verde.eu\/wp-content\/uploads\/2026\/03\/Screenshot-2026-03-06-150533.jpg","width":748,"height":766},{"@type":"BreadcrumbList","@id":"https:\/\/alinvest-verde.eu\/newslette\/edicion-mujes-2026\/#breadcrumb","itemListElement":[{"@type":"ListItem","position":1,"name":"Inicio","item":"https:\/\/alinvest-verde.eu\/"},{"@type":"ListItem","position":2,"name":"Edici\u00f3n mujes 2026"}]},{"@type":"WebSite","@id":"https:\/\/alinvest-verde.eu\/#website","url":"https:\/\/alinvest-verde.eu\/","name":"Programa AL-INVEST Verde","description":"Construir alian\u00e7as com o sector privado na AL e promover o crescimento sustent\u00e1vel e a cria\u00e7\u00e3o de empregos, apoiando a transi\u00e7\u00e3o para uma economia de baixo carbono e eficiente em termos de recursos","publisher":{"@id":"https:\/\/alinvest-verde.eu\/#organization"},"potentialAction":[{"@type":"SearchAction","target":{"@type":"EntryPoint","urlTemplate":"https:\/\/alinvest-verde.eu\/?s={search_term_string}"},"query-input":{"@type":"PropertyValueSpecification","valueRequired":true,"valueName":"search_term_string"}}],"inLanguage":"pt-PT"},{"@type":"Organization","@id":"https:\/\/alinvest-verde.eu\/#organization","name":"Programa AL-INVEST Verde","url":"https:\/\/alinvest-verde.eu\/","logo":{"@type":"ImageObject","inLanguage":"pt-PT","@id":"https:\/\/alinvest-verde.eu\/#\/schema\/logo\/image\/","url":"https:\/\/alinvest-verde.eu\/wp-content\/uploads\/2022\/01\/cropped-logo-financiado-por-la-UE.jpg","contentUrl":"https:\/\/alinvest-verde.eu\/wp-content\/uploads\/2022\/01\/cropped-logo-financiado-por-la-UE.jpg","width":756,"height":216,"caption":"Programme AL-INVEST Verde"},"image":{"@id":"https:\/\/alinvest-verde.eu\/#\/schema\/logo\/image\/"}}]}},"_links":{"self":[{"href":"https:\/\/alinvest-verde.eu\/pt_pt_ao90\/wp-json\/wp\/v2\/newslette\/20845","targetHints":{"allow":["GET"]}}],"collection":[{"href":"https:\/\/alinvest-verde.eu\/pt_pt_ao90\/wp-json\/wp\/v2\/newslette"}],"about":[{"href":"https:\/\/alinvest-verde.eu\/pt_pt_ao90\/wp-json\/wp\/v2\/types\/newslette"}],"version-history":[{"count":2,"href":"https:\/\/alinvest-verde.eu\/pt_pt_ao90\/wp-json\/wp\/v2\/newslette\/20845\/revisions"}],"predecessor-version":[{"id":20852,"href":"https:\/\/alinvest-verde.eu\/pt_pt_ao90\/wp-json\/wp\/v2\/newslette\/20845\/revisions\/20852"}],"wp:featuredmedia":[{"embeddable":true,"href":"https:\/\/alinvest-verde.eu\/pt_pt_ao90\/wp-json\/wp\/v2\/media\/20851"}],"wp:attachment":[{"href":"https:\/\/alinvest-verde.eu\/pt_pt_ao90\/wp-json\/wp\/v2\/media?parent=20845"}],"curies":[{"name":"wp","href":"https:\/\/api.w.org\/{rel}","templated":true}]}}