{"id":9356,"date":"2023-10-31T20:08:44","date_gmt":"2023-10-31T19:08:44","guid":{"rendered":"https:\/\/alinvest-verde.eu\/?post_type=newslette&#038;p=9356"},"modified":"2024-05-31T03:37:36","modified_gmt":"2024-05-31T01:37:36","slug":"newsletter-octubre","status":"publish","type":"newslette","link":"https:\/\/alinvest-verde.eu\/pt_pt_ao90\/newslette\/newsletter-octubre\/","title":{"rendered":"outubro de 2023"},"content":{"rendered":"<figure class=\"wp-block-image size-large\"><img fetchpriority=\"high\" decoding=\"async\" width=\"1024\" height=\"682\" src=\"https:\/\/alinvest-verde.eu\/wp-content\/uploads\/2023\/11\/8b0bb663-2547-4dba-bcf9-9584045fce16-1024x682.jpg\" alt=\"\" class=\"wp-image-9366\" srcset=\"https:\/\/alinvest-verde.eu\/wp-content\/uploads\/2023\/11\/8b0bb663-2547-4dba-bcf9-9584045fce16-1024x682.jpg 1024w, https:\/\/alinvest-verde.eu\/wp-content\/uploads\/2023\/11\/8b0bb663-2547-4dba-bcf9-9584045fce16-300x200.jpg 300w, https:\/\/alinvest-verde.eu\/wp-content\/uploads\/2023\/11\/8b0bb663-2547-4dba-bcf9-9584045fce16-768x512.jpg 768w, https:\/\/alinvest-verde.eu\/wp-content\/uploads\/2023\/11\/8b0bb663-2547-4dba-bcf9-9584045fce16-1536x1023.jpg 1536w, https:\/\/alinvest-verde.eu\/wp-content\/uploads\/2023\/11\/8b0bb663-2547-4dba-bcf9-9584045fce16-18x12.jpg 18w, https:\/\/alinvest-verde.eu\/wp-content\/uploads\/2023\/11\/8b0bb663-2547-4dba-bcf9-9584045fce16.jpg 1600w\" sizes=\"(max-width: 1024px) 100vw, 1024px\" \/><\/figure>\n\n\n\n<p class=\"wp-block-paragraph\"><strong>A componente 1 do programa realizou o seu evento anual em Lima, no Peru.&nbsp;<\/strong><\/p>\n\n\n\n<p class=\"wp-block-paragraph\">A Componente 1 do programa AL-INVEST Verde da Uni\u00e3o Europeia est\u00e1 a progredir no seu objetivo de promover a cria\u00e7\u00e3o de emprego e a sustentabilidade na regi\u00e3o da Am\u00e9rica Latina. Esta iniciativa da UE apresentou os seus progressos no seu evento anual, intitulado #CONEXI\u00d3NVerde, uma iniciativa que decorreu no \u00e2mbito da 50\u00aa Assembleia Geral da AICO (organiza\u00e7\u00e3o ibero-americana que integra e coordena as C\u00e2maras de Com\u00e9rcio e Ind\u00fastria, bem como entidades relacionadas).<\/p>\n\n\n\n<p class=\"wp-block-paragraph\"><a href=\"https:\/\/alinvest-verde.eu\/pt_pt_ao90\/componente-1-del-programa-al-invest-verde-llevo-a-cabo-su-evento-anual-en-la-ciudad-de-lima\/\" target=\"_blank\" rel=\"noreferrer noopener\">Ler not\u00edcias<\/a><\/p>\n\n\n\n<figure class=\"wp-block-image size-large\"><img decoding=\"async\" width=\"1024\" height=\"768\" src=\"https:\/\/alinvest-verde.eu\/wp-content\/uploads\/2023\/10\/20231026-Taller-Montevideo-8-1024x768.jpeg\" alt=\"\" class=\"wp-image-9350\" srcset=\"https:\/\/alinvest-verde.eu\/wp-content\/uploads\/2023\/10\/20231026-Taller-Montevideo-8-1024x768.jpeg 1024w, https:\/\/alinvest-verde.eu\/wp-content\/uploads\/2023\/10\/20231026-Taller-Montevideo-8-300x225.jpeg 300w, https:\/\/alinvest-verde.eu\/wp-content\/uploads\/2023\/10\/20231026-Taller-Montevideo-8-768x576.jpeg 768w, https:\/\/alinvest-verde.eu\/wp-content\/uploads\/2023\/10\/20231026-Taller-Montevideo-8-1536x1152.jpeg 1536w, https:\/\/alinvest-verde.eu\/wp-content\/uploads\/2023\/10\/20231026-Taller-Montevideo-8-16x12.jpeg 16w, https:\/\/alinvest-verde.eu\/wp-content\/uploads\/2023\/10\/20231026-Taller-Montevideo-8.jpeg 1600w\" sizes=\"(max-width: 1024px) 100vw, 1024px\" \/><\/figure>\n\n\n\n<p class=\"wp-block-paragraph\"><strong>Workshops no Uruguai sobre a certifica\u00e7\u00e3o de produtos agro-export\u00e1veis provenientes de florestas nativas&nbsp;<\/strong><\/p>\n\n\n\n<p class=\"wp-block-paragraph\">A Componente 2 do AL-INVEST Verde organizou, em conjunto com o Minist\u00e9rio da Pecu\u00e1ria, Agricultura e Pescas (MGAP) do Uruguai, o workshop \"Certifica\u00e7\u00e3o de produtos agro-export\u00e1veis provenientes de florestas aut\u00f3ctones\" para promover o di\u00e1logo sobre a import\u00e2ncia da gest\u00e3o sustent\u00e1vel das florestas aut\u00f3ctones e, consequentemente, a oportunidade de certificar a sustentabilidade dos seus produtos.<\/p>\n\n\n\n<p class=\"wp-block-paragraph\"><a href=\"https:\/\/alinvest-verde.eu\/pt_pt_ao90\/talleres-en-uruguay-sobre-certificacion-de-productos-agroexportables-procedentes-de-tierras-con-bosques-nativos\/\" target=\"_blank\" rel=\"noreferrer noopener\">Ler not\u00edcias&nbsp;<\/a><\/p>\n\n\n\n<figure class=\"wp-block-image size-large\"><img decoding=\"async\" width=\"1024\" height=\"736\" src=\"https:\/\/alinvest-verde.eu\/wp-content\/uploads\/2023\/10\/Ministerio-de-Transportes-2-1024x736.jpg\" alt=\"\" class=\"wp-image-9228\" srcset=\"https:\/\/alinvest-verde.eu\/wp-content\/uploads\/2023\/10\/Ministerio-de-Transportes-2-1024x736.jpg 1024w, https:\/\/alinvest-verde.eu\/wp-content\/uploads\/2023\/10\/Ministerio-de-Transportes-2-300x216.jpg 300w, https:\/\/alinvest-verde.eu\/wp-content\/uploads\/2023\/10\/Ministerio-de-Transportes-2-768x552.jpg 768w, https:\/\/alinvest-verde.eu\/wp-content\/uploads\/2023\/10\/Ministerio-de-Transportes-2-1536x1104.jpg 1536w, https:\/\/alinvest-verde.eu\/wp-content\/uploads\/2023\/10\/Ministerio-de-Transportes-2-2048x1471.jpg 2048w, https:\/\/alinvest-verde.eu\/wp-content\/uploads\/2023\/10\/Ministerio-de-Transportes-2-18x12.jpg 18w\" sizes=\"(max-width: 1024px) 100vw, 1024px\" \/><\/figure>\n\n\n\n<p class=\"wp-block-paragraph\"><strong>Uruguai e Paraguai visitam experi\u00eancias de certifica\u00e7\u00e3o agroflorestal em Espanha<\/strong><\/p>\n\n\n\n<p class=\"wp-block-paragraph\">Uma delega\u00e7\u00e3o de t\u00e9cnicos da Dire\u00e7\u00e3o Geral de Florestas do Minist\u00e9rio da Pecu\u00e1ria, Agricultura e Pescas (DGF-MGAP) do Uruguai e da Rede de Investimento e Exporta\u00e7\u00e3o (REDIEX) do Minist\u00e9rio da Ind\u00fastria e Com\u00e9rcio do Paraguai visitou Espanha de 25 a 29 de setembro para conhecer experi\u00eancias de certifica\u00e7\u00e3o agroflorestal. A visita inseriu-se no \u00e2mbito da assist\u00eancia t\u00e9cnica que a Componente 2 do AL-INVEST Verde, liderada pela FIIAPP em cons\u00f3rcio com o IILA, presta a ambas as institui\u00e7\u00f5es atrav\u00e9s do IDAF (Centro de Investiga\u00e7\u00e3o Aplicada ao Desenvolvimento Agroflorestal).<\/p>\n\n\n\n<p class=\"wp-block-paragraph\"><a href=\"https:\/\/alinvest-verde.eu\/pt_pt_ao90\/uruguay-y-paraguay-visitan-experiencias-de-certificacion-forestal-en-espana\/\" target=\"_blank\" rel=\"noreferrer noopener\">Ler not\u00edcias<\/a><\/p>\n\n\n\n<figure class=\"wp-block-image size-full\"><img loading=\"lazy\" decoding=\"async\" width=\"1024\" height=\"768\" src=\"https:\/\/alinvest-verde.eu\/wp-content\/uploads\/2023\/10\/202310-foro-pymes-10.jpeg\" alt=\"\" class=\"wp-image-9217\" srcset=\"https:\/\/alinvest-verde.eu\/wp-content\/uploads\/2023\/10\/202310-foro-pymes-10.jpeg 1024w, https:\/\/alinvest-verde.eu\/wp-content\/uploads\/2023\/10\/202310-foro-pymes-10-300x225.jpeg 300w, https:\/\/alinvest-verde.eu\/wp-content\/uploads\/2023\/10\/202310-foro-pymes-10-768x576.jpeg 768w, https:\/\/alinvest-verde.eu\/wp-content\/uploads\/2023\/10\/202310-foro-pymes-10-16x12.jpeg 16w\" sizes=\"(max-width: 1024px) 100vw, 1024px\" \/><\/figure>\n\n\n\n<p class=\"wp-block-paragraph\"><strong>Di\u00e1logo sobre a cadeia florestal no VII F\u00f3rum It\u00e1lia-Am\u00e9rica Latina para as PME<\/strong><\/p>\n\n\n\n<p class=\"wp-block-paragraph\">O di\u00e1logo \"A sustentabilidade da cadeia da madeira na Am\u00e9rica Latina: oportunidades de um sector em crescimento e desafios da regulamenta\u00e7\u00e3o europeia em mat\u00e9ria de exporta\u00e7\u00e3o\", organizado no \u00e2mbito do VII F\u00f3rum PME It\u00e1lia-Am\u00e9rica Latina, teve lugar no dia 3 de outubro. O evento, uma iniciativa da Organiza\u00e7\u00e3o Internacional Italo-Latino-Americana (IILA), realizou-se de 2 a 4 de outubro em Bergamo (It\u00e1lia).<\/p>\n\n\n\n<p class=\"wp-block-paragraph\"><a href=\"https:\/\/alinvest-verde.eu\/pt_pt_ao90\/dialogo-sobre-la-cadena-forestal-en-el-vii-foro-pymes-italo-latinoamericano\/\" target=\"_blank\" rel=\"noreferrer noopener\">Ler not\u00edcias<\/a><\/p>\n\n\n\n<figure class=\"wp-block-image size-full\"><img loading=\"lazy\" decoding=\"async\" width=\"1024\" height=\"768\" src=\"https:\/\/alinvest-verde.eu\/wp-content\/uploads\/2023\/10\/Lineapelle-2023-09-25.jpeg\" alt=\"\" class=\"wp-image-9204\" srcset=\"https:\/\/alinvest-verde.eu\/wp-content\/uploads\/2023\/10\/Lineapelle-2023-09-25.jpeg 1024w, https:\/\/alinvest-verde.eu\/wp-content\/uploads\/2023\/10\/Lineapelle-2023-09-25-300x225.jpeg 300w, https:\/\/alinvest-verde.eu\/wp-content\/uploads\/2023\/10\/Lineapelle-2023-09-25-768x576.jpeg 768w, https:\/\/alinvest-verde.eu\/wp-content\/uploads\/2023\/10\/Lineapelle-2023-09-25-16x12.jpeg 16w\" sizes=\"(max-width: 1024px) 100vw, 1024px\" \/><\/figure>\n\n\n\n<p class=\"wp-block-paragraph\"><strong>AL-INVEST Verde na feira Lineapelle em Mil\u00e3o&nbsp;<\/strong><\/p>\n\n\n\n<p class=\"wp-block-paragraph\">No \u00e2mbito do Sal\u00e3o Internacional do Couro, Acess\u00f3rios, Componentes e Artigos de Couro, Lineapelle, realizado de 19 a 21 de setembro em Mil\u00e3o (It\u00e1lia), a AL-INVEST Verde apresentou os resultados do relat\u00f3rio \"A rastreabilidade ambiental como ferramenta para a competitividade da carne e do couro paraguaios\".<\/p>\n\n\n\n<p class=\"wp-block-paragraph\"><a href=\"https:\/\/alinvest-verde.eu\/pt_pt_ao90\/al-invest-verde-presente-en-la-feria-lineapelle-de-milan\/\" target=\"_blank\" rel=\"noreferrer noopener\">Ler not\u00edcias&nbsp;<\/a><\/p>\n\n\n\n<figure class=\"wp-block-image size-large\"><img loading=\"lazy\" decoding=\"async\" width=\"1024\" height=\"683\" src=\"https:\/\/alinvest-verde.eu\/wp-content\/uploads\/2023\/10\/arvid-froese-AZ7fAnvI3QY-unsplash-1024x683.jpg\" alt=\"\" class=\"wp-image-9181\" srcset=\"https:\/\/alinvest-verde.eu\/wp-content\/uploads\/2023\/10\/arvid-froese-AZ7fAnvI3QY-unsplash-1024x683.jpg 1024w, https:\/\/alinvest-verde.eu\/wp-content\/uploads\/2023\/10\/arvid-froese-AZ7fAnvI3QY-unsplash-300x200.jpg 300w, https:\/\/alinvest-verde.eu\/wp-content\/uploads\/2023\/10\/arvid-froese-AZ7fAnvI3QY-unsplash-768x512.jpg 768w, https:\/\/alinvest-verde.eu\/wp-content\/uploads\/2023\/10\/arvid-froese-AZ7fAnvI3QY-unsplash-1536x1024.jpg 1536w, https:\/\/alinvest-verde.eu\/wp-content\/uploads\/2023\/10\/arvid-froese-AZ7fAnvI3QY-unsplash-2048x1365.jpg 2048w, https:\/\/alinvest-verde.eu\/wp-content\/uploads\/2023\/10\/arvid-froese-AZ7fAnvI3QY-unsplash-18x12.jpg 18w\" sizes=\"(max-width: 1024px) 100vw, 1024px\" \/><\/figure>\n\n\n\n<p class=\"wp-block-paragraph\"><strong>Diagn\u00f3stico da cadeia de valor da carne e do couro no Paraguai<\/strong>&nbsp;<\/p>\n\n\n\n<p class=\"wp-block-paragraph\">A AL-INVEST Verde analisou a estrutura da cadeia de valor da carne e do couro do Paraguai e os sistemas de rastreabilidade implementados no pa\u00eds. Os resultados deste trabalho est\u00e3o inclu\u00eddos no relat\u00f3rio \"A rastreabilidade ambiental como ferramenta para a competitividade da carne e do couro paraguaios\", que inclui uma proposta para um projeto-piloto sobre rastreabilidade ambiental.<\/p>\n\n\n\n<p class=\"wp-block-paragraph\"><a href=\"https:\/\/alinvest-verde.eu\/pt_pt_ao90\/diagnostico-de-la-cadena-de-valor-de-la-carne-y-el-cuero-en-paraguay\/\" target=\"_blank\" rel=\"noreferrer noopener\">Ler not\u00edcias&nbsp;<\/a><\/p>\n\n\n\n<figure class=\"wp-block-image size-large\"><img loading=\"lazy\" decoding=\"async\" width=\"1024\" height=\"405\" src=\"https:\/\/alinvest-verde.eu\/wp-content\/uploads\/2023\/10\/GettyImages-1321636150-1024x405.jpg\" alt=\"\" class=\"wp-image-9264\" srcset=\"https:\/\/alinvest-verde.eu\/wp-content\/uploads\/2023\/10\/GettyImages-1321636150-1024x405.jpg 1024w, https:\/\/alinvest-verde.eu\/wp-content\/uploads\/2023\/10\/GettyImages-1321636150-300x119.jpg 300w, https:\/\/alinvest-verde.eu\/wp-content\/uploads\/2023\/10\/GettyImages-1321636150-768x304.jpg 768w, https:\/\/alinvest-verde.eu\/wp-content\/uploads\/2023\/10\/GettyImages-1321636150-1536x607.jpg 1536w, https:\/\/alinvest-verde.eu\/wp-content\/uploads\/2023\/10\/GettyImages-1321636150-18x7.jpg 18w, https:\/\/alinvest-verde.eu\/wp-content\/uploads\/2023\/10\/GettyImages-1321636150.jpg 2000w\" sizes=\"(max-width: 1024px) 100vw, 1024px\" \/><\/figure>\n\n\n\n<p class=\"wp-block-paragraph\"><strong>Agenda Verde<\/strong><\/p>\n\n\n\n<p class=\"wp-block-paragraph\">Workshop virtual sobre licenciamento de variedades vegetais&nbsp;<\/p>\n\n\n\n<ul class=\"wp-block-list\">\n<li>Data: 12 de dezembro de 2023<\/li>\n\n\n\n<li>Modo: Em linha<\/li>\n\n\n\n<li>Organizador: Componente 3<\/li>\n<\/ul>\n\n\n\n<p class=\"wp-block-paragraph\">Mais informa\u00e7\u00f5es <a href=\"https:\/\/alinvest-verde.eu\/pt_pt_ao90\/taller-virtual-sobre-licenciamiento-de-variedades-vegetales\/\">aqui<\/a>.&nbsp;<\/p>\n\n\n\n<figure class=\"wp-block-image size-large\"><img loading=\"lazy\" decoding=\"async\" width=\"1024\" height=\"122\" src=\"https:\/\/alinvest-verde.eu\/wp-content\/uploads\/2022\/01\/logos-1-1024x122.jpg\" alt=\"\" class=\"wp-image-7491\" srcset=\"https:\/\/alinvest-verde.eu\/wp-content\/uploads\/2022\/01\/logos-1-1024x122.jpg 1024w, https:\/\/alinvest-verde.eu\/wp-content\/uploads\/2022\/01\/logos-1-300x36.jpg 300w, https:\/\/alinvest-verde.eu\/wp-content\/uploads\/2022\/01\/logos-1-768x92.jpg 768w, https:\/\/alinvest-verde.eu\/wp-content\/uploads\/2022\/01\/logos-1-1536x184.jpg 1536w, https:\/\/alinvest-verde.eu\/wp-content\/uploads\/2022\/01\/logos-1-2048x245.jpg 2048w, https:\/\/alinvest-verde.eu\/wp-content\/uploads\/2022\/01\/logos-1-18x2.jpg 18w\" sizes=\"(max-width: 1024px) 100vw, 1024px\" \/><\/figure>","protected":false},"excerpt":{"rendered":"<p>O boletim eletr\u00f3nico de outubro destaca o evento anual da Componente 1 que teve lugar em Lima, no Peru. Assim como as ac\u00e7\u00f5es da Componente 2 para promover as certifica\u00e7\u00f5es e impulsionar a cadeia de valor da carne e do couro.<\/p>","protected":false},"featured_media":9358,"template":"","class_list":["post-9356","newslette","type-newslette","status-publish","has-post-thumbnail","hentry"],"yoast_head":"<!-- This site is optimized with the Yoast SEO plugin v28.4 - https:\/\/yoast.com\/product\/yoast-seo-wordpress\/ -->\n<title>Octubre 2023 - Programme AL-INVEST Verde<\/title>\n<meta name=\"robots\" content=\"index, follow, max-snippet:-1, max-image-preview:large, max-video-preview:-1\" \/>\n<link rel=\"canonical\" href=\"https:\/\/alinvest-verde.eu\/pt_pt_ao90\/newslette\/newsletter-octubre\/\" \/>\n<meta property=\"og:locale\" content=\"pt_PT\" \/>\n<meta property=\"og:type\" content=\"article\" \/>\n<meta property=\"og:title\" content=\"Octubre 2023 - Programme AL-INVEST Verde\" \/>\n<meta property=\"og:description\" content=\"El bolet\u00edn electr\u00f3nico de octubre destaca el evento anual del Componente 1 que se desarroll\u00f3 en Lima, Per\u00fa. As\u00ed como las acciones del Componente 2 para promover certificaciones y el impulso a la cadena de valor de la carne y el cuero.\" \/>\n<meta property=\"og:url\" content=\"https:\/\/alinvest-verde.eu\/pt_pt_ao90\/newslette\/newsletter-octubre\/\" \/>\n<meta property=\"og:site_name\" content=\"Programme AL-INVEST Verde\" \/>\n<meta property=\"article:modified_time\" content=\"2024-05-31T01:37:36+00:00\" \/>\n<meta property=\"og:image\" content=\"https:\/\/alinvest-verde.eu\/wp-content\/uploads\/2023\/10\/boletinoctubre-e1698780538970.jpg\" \/>\n\t<meta property=\"og:image:width\" content=\"494\" \/>\n\t<meta property=\"og:image:height\" content=\"493\" \/>\n\t<meta property=\"og:image:type\" content=\"image\/jpeg\" \/>\n<meta name=\"twitter:card\" content=\"summary_large_image\" \/>\n<meta name=\"twitter:label1\" content=\"Est. reading time\" \/>\n\t<meta name=\"twitter:data1\" content=\"4 minutos\" \/>\n<script type=\"application\/ld+json\" class=\"yoast-schema-graph\">{\"@context\":\"https:\\\/\\\/schema.org\",\"@graph\":[{\"@type\":\"WebPage\",\"@id\":\"https:\\\/\\\/alinvest-verde.eu\\\/newslette\\\/newsletter-octubre\\\/\",\"url\":\"https:\\\/\\\/alinvest-verde.eu\\\/newslette\\\/newsletter-octubre\\\/\",\"name\":\"Octubre 2023 - Programme AL-INVEST Verde\",\"isPartOf\":{\"@id\":\"https:\\\/\\\/alinvest-verde.eu\\\/#website\"},\"primaryImageOfPage\":{\"@id\":\"https:\\\/\\\/alinvest-verde.eu\\\/newslette\\\/newsletter-octubre\\\/#primaryimage\"},\"image\":{\"@id\":\"https:\\\/\\\/alinvest-verde.eu\\\/newslette\\\/newsletter-octubre\\\/#primaryimage\"},\"thumbnailUrl\":\"https:\\\/\\\/alinvest-verde.eu\\\/wp-content\\\/uploads\\\/2023\\\/10\\\/boletinoctubre-e1698780538970.jpg\",\"datePublished\":\"2023-10-31T19:08:44+00:00\",\"dateModified\":\"2024-05-31T01:37:36+00:00\",\"breadcrumb\":{\"@id\":\"https:\\\/\\\/alinvest-verde.eu\\\/newslette\\\/newsletter-octubre\\\/#breadcrumb\"},\"inLanguage\":\"pt-PT\",\"potentialAction\":[{\"@type\":\"ReadAction\",\"target\":[\"https:\\\/\\\/alinvest-verde.eu\\\/newslette\\\/newsletter-octubre\\\/\"]}]},{\"@type\":\"ImageObject\",\"inLanguage\":\"pt-PT\",\"@id\":\"https:\\\/\\\/alinvest-verde.eu\\\/newslette\\\/newsletter-octubre\\\/#primaryimage\",\"url\":\"https:\\\/\\\/alinvest-verde.eu\\\/wp-content\\\/uploads\\\/2023\\\/10\\\/boletinoctubre-e1698780538970.jpg\",\"contentUrl\":\"https:\\\/\\\/alinvest-verde.eu\\\/wp-content\\\/uploads\\\/2023\\\/10\\\/boletinoctubre-e1698780538970.jpg\",\"width\":494,\"height\":493},{\"@type\":\"BreadcrumbList\",\"@id\":\"https:\\\/\\\/alinvest-verde.eu\\\/newslette\\\/newsletter-octubre\\\/#breadcrumb\",\"itemListElement\":[{\"@type\":\"ListItem\",\"position\":1,\"name\":\"Inicio\",\"item\":\"https:\\\/\\\/alinvest-verde.eu\\\/\"},{\"@type\":\"ListItem\",\"position\":2,\"name\":\"Octubre 2023\"}]},{\"@type\":\"WebSite\",\"@id\":\"https:\\\/\\\/alinvest-verde.eu\\\/#website\",\"url\":\"https:\\\/\\\/alinvest-verde.eu\\\/\",\"name\":\"Programme AL-INVEST Verde\",\"description\":\"Building alliances with the private sector in LA and promote sustainable growth and jobs creation by supporting the transition towards a low-carbon, resource-efficient economy\",\"publisher\":{\"@id\":\"https:\\\/\\\/alinvest-verde.eu\\\/#organization\"},\"potentialAction\":[{\"@type\":\"SearchAction\",\"target\":{\"@type\":\"EntryPoint\",\"urlTemplate\":\"https:\\\/\\\/alinvest-verde.eu\\\/?s={search_term_string}\"},\"query-input\":{\"@type\":\"PropertyValueSpecification\",\"valueRequired\":true,\"valueName\":\"search_term_string\"}}],\"inLanguage\":\"pt-PT\"},{\"@type\":\"Organization\",\"@id\":\"https:\\\/\\\/alinvest-verde.eu\\\/#organization\",\"name\":\"Programme AL-INVEST Verde\",\"url\":\"https:\\\/\\\/alinvest-verde.eu\\\/\",\"logo\":{\"@type\":\"ImageObject\",\"inLanguage\":\"pt-PT\",\"@id\":\"https:\\\/\\\/alinvest-verde.eu\\\/#\\\/schema\\\/logo\\\/image\\\/\",\"url\":\"https:\\\/\\\/alinvest-verde.eu\\\/wp-content\\\/uploads\\\/2022\\\/01\\\/cropped-logo-financiado-por-la-UE.jpg\",\"contentUrl\":\"https:\\\/\\\/alinvest-verde.eu\\\/wp-content\\\/uploads\\\/2022\\\/01\\\/cropped-logo-financiado-por-la-UE.jpg\",\"width\":756,\"height\":216,\"caption\":\"Programme AL-INVEST Verde\"},\"image\":{\"@id\":\"https:\\\/\\\/alinvest-verde.eu\\\/#\\\/schema\\\/logo\\\/image\\\/\"}}]}<\/script>\n<!-- \/ Yoast SEO plugin. -->","yoast_head_json":{"title":"outubro de 2023 - Programa AL-INVEST Verde","robots":{"index":"index","follow":"follow","max-snippet":"max-snippet:-1","max-image-preview":"max-image-preview:large","max-video-preview":"max-video-preview:-1"},"canonical":"https:\/\/alinvest-verde.eu\/pt_pt_ao90\/newslette\/newsletter-octubre\/","og_locale":"pt_PT","og_type":"article","og_title":"Octubre 2023 - Programme AL-INVEST Verde","og_description":"El bolet\u00edn electr\u00f3nico de octubre destaca el evento anual del Componente 1 que se desarroll\u00f3 en Lima, Per\u00fa. As\u00ed como las acciones del Componente 2 para promover certificaciones y el impulso a la cadena de valor de la carne y el cuero.","og_url":"https:\/\/alinvest-verde.eu\/pt_pt_ao90\/newslette\/newsletter-octubre\/","og_site_name":"Programme AL-INVEST Verde","article_modified_time":"2024-05-31T01:37:36+00:00","og_image":[{"width":494,"height":493,"url":"https:\/\/alinvest-verde.eu\/wp-content\/uploads\/2023\/10\/boletinoctubre-e1698780538970.jpg","type":"image\/jpeg"}],"twitter_card":"summary_large_image","twitter_misc":{"Est. reading time":"4 minutos"},"schema":{"@context":"https:\/\/schema.org","@graph":[{"@type":"WebPage","@id":"https:\/\/alinvest-verde.eu\/newslette\/newsletter-octubre\/","url":"https:\/\/alinvest-verde.eu\/newslette\/newsletter-octubre\/","name":"outubro de 2023 - Programa AL-INVEST Verde","isPartOf":{"@id":"https:\/\/alinvest-verde.eu\/#website"},"primaryImageOfPage":{"@id":"https:\/\/alinvest-verde.eu\/newslette\/newsletter-octubre\/#primaryimage"},"image":{"@id":"https:\/\/alinvest-verde.eu\/newslette\/newsletter-octubre\/#primaryimage"},"thumbnailUrl":"https:\/\/alinvest-verde.eu\/wp-content\/uploads\/2023\/10\/boletinoctubre-e1698780538970.jpg","datePublished":"2023-10-31T19:08:44+00:00","dateModified":"2024-05-31T01:37:36+00:00","breadcrumb":{"@id":"https:\/\/alinvest-verde.eu\/newslette\/newsletter-octubre\/#breadcrumb"},"inLanguage":"pt-PT","potentialAction":[{"@type":"ReadAction","target":["https:\/\/alinvest-verde.eu\/newslette\/newsletter-octubre\/"]}]},{"@type":"ImageObject","inLanguage":"pt-PT","@id":"https:\/\/alinvest-verde.eu\/newslette\/newsletter-octubre\/#primaryimage","url":"https:\/\/alinvest-verde.eu\/wp-content\/uploads\/2023\/10\/boletinoctubre-e1698780538970.jpg","contentUrl":"https:\/\/alinvest-verde.eu\/wp-content\/uploads\/2023\/10\/boletinoctubre-e1698780538970.jpg","width":494,"height":493},{"@type":"BreadcrumbList","@id":"https:\/\/alinvest-verde.eu\/newslette\/newsletter-octubre\/#breadcrumb","itemListElement":[{"@type":"ListItem","position":1,"name":"Inicio","item":"https:\/\/alinvest-verde.eu\/"},{"@type":"ListItem","position":2,"name":"Octubre 2023"}]},{"@type":"WebSite","@id":"https:\/\/alinvest-verde.eu\/#website","url":"https:\/\/alinvest-verde.eu\/","name":"Programa AL-INVEST Verde","description":"Construir alian\u00e7as com o sector privado na AL e promover o crescimento sustent\u00e1vel e a cria\u00e7\u00e3o de empregos, apoiando a transi\u00e7\u00e3o para uma economia de baixo carbono e eficiente em termos de recursos","publisher":{"@id":"https:\/\/alinvest-verde.eu\/#organization"},"potentialAction":[{"@type":"SearchAction","target":{"@type":"EntryPoint","urlTemplate":"https:\/\/alinvest-verde.eu\/?s={search_term_string}"},"query-input":{"@type":"PropertyValueSpecification","valueRequired":true,"valueName":"search_term_string"}}],"inLanguage":"pt-PT"},{"@type":"Organization","@id":"https:\/\/alinvest-verde.eu\/#organization","name":"Programa AL-INVEST Verde","url":"https:\/\/alinvest-verde.eu\/","logo":{"@type":"ImageObject","inLanguage":"pt-PT","@id":"https:\/\/alinvest-verde.eu\/#\/schema\/logo\/image\/","url":"https:\/\/alinvest-verde.eu\/wp-content\/uploads\/2022\/01\/cropped-logo-financiado-por-la-UE.jpg","contentUrl":"https:\/\/alinvest-verde.eu\/wp-content\/uploads\/2022\/01\/cropped-logo-financiado-por-la-UE.jpg","width":756,"height":216,"caption":"Programme AL-INVEST Verde"},"image":{"@id":"https:\/\/alinvest-verde.eu\/#\/schema\/logo\/image\/"}}]}},"_links":{"self":[{"href":"https:\/\/alinvest-verde.eu\/pt_pt_ao90\/wp-json\/wp\/v2\/newslette\/9356","targetHints":{"allow":["GET"]}}],"collection":[{"href":"https:\/\/alinvest-verde.eu\/pt_pt_ao90\/wp-json\/wp\/v2\/newslette"}],"about":[{"href":"https:\/\/alinvest-verde.eu\/pt_pt_ao90\/wp-json\/wp\/v2\/types\/newslette"}],"version-history":[{"count":2,"href":"https:\/\/alinvest-verde.eu\/pt_pt_ao90\/wp-json\/wp\/v2\/newslette\/9356\/revisions"}],"predecessor-version":[{"id":12950,"href":"https:\/\/alinvest-verde.eu\/pt_pt_ao90\/wp-json\/wp\/v2\/newslette\/9356\/revisions\/12950"}],"wp:featuredmedia":[{"embeddable":true,"href":"https:\/\/alinvest-verde.eu\/pt_pt_ao90\/wp-json\/wp\/v2\/media\/9358"}],"wp:attachment":[{"href":"https:\/\/alinvest-verde.eu\/pt_pt_ao90\/wp-json\/wp\/v2\/media?parent=9356"}],"curies":[{"name":"wp","href":"https:\/\/api.w.org\/{rel}","templated":true}]}}