{"id":12520,"date":"2024-05-15T15:53:32","date_gmt":"2024-05-15T13:53:32","guid":{"rendered":"https:\/\/alinvest-verde.eu\/?p=12520"},"modified":"2024-07-05T17:42:06","modified_gmt":"2024-07-05T15:42:06","slug":"primer-programa-de-mentorias-en-propiedad-intelectual-lanzado-en-paraguay-y-brasil","status":"publish","type":"post","link":"https:\/\/alinvest-verde.eu\/pt_pt_ao90\/primer-programa-de-mentorias-en-propiedad-intelectual-lanzado-en-paraguay-y-brasil\/","title":{"rendered":"Primeiro programa de mentoria em PI lan\u00e7ado no Paraguai e no Brasil"},"content":{"rendered":"<div data-elementor-type=\"wp-post\" data-elementor-id=\"12520\" class=\"elementor elementor-12520\" data-elementor-post-type=\"post\">\n\t\t\t\t\t\t<section class=\"elementor-section elementor-top-section elementor-element elementor-element-bc99a12 elementor-section-boxed elementor-section-height-default elementor-section-height-default\" data-id=\"bc99a12\" data-element_type=\"section\" data-e-type=\"section\">\n\t\t\t\t\t\t<div class=\"elementor-container elementor-column-gap-default\">\n\t\t\t\t\t<div class=\"elementor-column elementor-col-100 elementor-top-column elementor-element elementor-element-2d8b718\" data-id=\"2d8b718\" data-element_type=\"column\" data-e-type=\"column\">\n\t\t\t<div class=\"elementor-widget-wrap elementor-element-populated\">\n\t\t\t\t\t\t<div class=\"elementor-element elementor-element-0da0c57 elementor-widget elementor-widget-text-editor\" data-id=\"0da0c57\" data-element_type=\"widget\" data-e-type=\"widget\" data-widget_type=\"text-editor.default\">\n\t\t\t\t<div class=\"elementor-widget-container\">\n\t\t\t\t\t\t\t\t\t<div>\n<div dir=\"auto\" data-message-author-role=\"assistant\" data-message-id=\"567e8e5a-cfb2-4363-a987-3769b78149e4\">\n<div>\n<div>\n<p>13 de maio de 2024.- O lan\u00e7amento oficial da primeira fase do AL-INVmentor teve lugar no Paraguai e no Brasil, marcando o in\u00edcio de um projeto inovador e <strong>AL-INVEST Verde Componente 3: programa de tutoria para os direitos de propriedade intelectual<\/strong>. Esta primeira fase da primeira edi\u00e7\u00e3o do programa consiste em seis tutorias nos pa\u00edses do MERCOSUL.<\/p>\n<p>Come\u00e7ar\u00e1 com a sele\u00e7\u00e3o dos participantes e prosseguir\u00e1 com fases subsequentes que incluem trabalho de campo e uma s\u00e9rie de workshops concebidos para ajudar os produtores a desenvolver <strong>estrat\u00e9gias de internacionaliza\u00e7\u00e3o<\/strong> que apoiam a sua <strong>transi\u00e7\u00e3o para uma economia com baixas emiss\u00f5es de carbono<\/strong>eficiente em termos de recursos e mais circular, em conformidade com a <strong>Pacto Verde Europeu<\/strong>. Al\u00e9m disso, o AL-INVmentor apoiar\u00e1 os produtores locais na obten\u00e7\u00e3o de prote\u00e7\u00e3o jur\u00eddica contra alega\u00e7\u00f5es de sustentabilidade n\u00e3o autorizadas.<\/p>\n<p>As tutorias no Paraguai foram oficialmente lan\u00e7adas a 6 de maio em Assun\u00e7\u00e3o, em estreita coopera\u00e7\u00e3o com o <strong>Dire\u00e7\u00e3o Nacional da Propriedade Intelectual do Paraguai<\/strong> (<a href=\"https:\/\/www.dinapi.gov.py\/\">DINAPI<\/a>). No Brasil, as mentorias foram abertas no dia 10 de maio durante o evento Inova Amaz\u00f4nia - Bioeconomy Summit for Amazonian startups, em Manaus, e ser\u00e3o realizadas em coordena\u00e7\u00e3o com o <strong>Servi\u00e7o Brasileiro de Apoio \u00e0s Micro e Pequenas Empresas (BMS)<\/strong> (<a href=\"https:\/\/sebrae.com.br\/\">SEBRAE<\/a>).<\/p>\n<p>Os principais objectivos desta s\u00e9rie de mentores AL-INVmentor s\u00e3o:<\/p>\n<ul>\n<li>Aumentar a visibilidade das indica\u00e7\u00f5es geogr\u00e1ficas enquanto instrumentos de propriedade intelectual (PI) que promovem o desenvolvimento sustent\u00e1vel.<\/li>\n<li>Prestar apoio a seis grupos de produtores dos pa\u00edses do MERCOSUL atrav\u00e9s de tutoria para lhes permitir maximizar os benef\u00edcios das Indica\u00e7\u00f5es Geogr\u00e1ficas como instrumento de PI.<\/li>\n<li>Contribuir para a conformidade dos produtos seleccionados com a regulamenta\u00e7\u00e3o associada ao Pacto Ecol\u00f3gico Europeu, permitindo-lhes assim aceder ao mercado da UE.<\/li>\n<\/ul>\n<p><strong>Os (grupos de) produtores interessados em candidatar-se a mentores podem inscrever-se preenchendo os formul\u00e1rios de candidatura espec\u00edficos para cada pa\u00eds:<\/strong><\/p>\n<\/div>\n<\/div>\n<\/div>\n<\/div>\t\t\t\t\t\t\t\t<\/div>\n\t\t\t\t<\/div>\n\t\t\t\t\t<\/div>\n\t\t<\/div>\n\t\t\t\t\t<\/div>\n\t\t<\/section>\n\t\t\t\t<section class=\"elementor-section elementor-top-section elementor-element elementor-element-09ddc99 elementor-section-boxed elementor-section-height-default elementor-section-height-default\" data-id=\"09ddc99\" data-element_type=\"section\" data-e-type=\"section\">\n\t\t\t\t\t\t<div class=\"elementor-container elementor-column-gap-default\">\n\t\t\t\t\t<div class=\"elementor-column elementor-col-100 elementor-top-column elementor-element elementor-element-75dca73\" data-id=\"75dca73\" data-element_type=\"column\" data-e-type=\"column\">\n\t\t\t<div class=\"elementor-widget-wrap elementor-element-populated\">\n\t\t\t\t\t\t<div class=\"elementor-element elementor-element-b881447 elementor-widget elementor-widget-button\" data-id=\"b881447\" data-element_type=\"widget\" data-e-type=\"widget\" data-widget_type=\"button.default\">\n\t\t\t\t<div class=\"elementor-widget-container\">\n\t\t\t\t\t\t\t\t\t<div class=\"elementor-button-wrapper\">\n\t\t\t\t\t<a class=\"elementor-button elementor-button-link elementor-size-sm\" href=\"https:\/\/9qybgg78.forms.app\/al-invmentor-py\">\n\t\t\t\t\t\t<span class=\"elementor-button-content-wrapper\">\n\t\t\t\t\t\t\t\t\t<span class=\"elementor-button-text\">Formul\u00e1rio de inscri\u00e7\u00e3o Paraguai<\/span>\n\t\t\t\t\t<\/span>\n\t\t\t\t\t<\/a>\n\t\t\t\t<\/div>\n\t\t\t\t\t\t\t\t<\/div>\n\t\t\t\t<\/div>\n\t\t\t\t<div class=\"elementor-element elementor-element-c17ea8f elementor-widget elementor-widget-button\" data-id=\"c17ea8f\" data-element_type=\"widget\" data-e-type=\"widget\" data-widget_type=\"button.default\">\n\t\t\t\t<div class=\"elementor-widget-container\">\n\t\t\t\t\t\t\t\t\t<div class=\"elementor-button-wrapper\">\n\t\t\t\t\t<a class=\"elementor-button elementor-button-link elementor-size-sm\" href=\"https:\/\/9qybgg78.forms.app\/al-invmentor-br\">\n\t\t\t\t\t\t<span class=\"elementor-button-content-wrapper\">\n\t\t\t\t\t\t\t\t\t<span class=\"elementor-button-text\">Formul\u00e1rio de inscri\u00e7\u00e3o Brasil<\/span>\n\t\t\t\t\t<\/span>\n\t\t\t\t\t<\/a>\n\t\t\t\t<\/div>\n\t\t\t\t\t\t\t\t<\/div>\n\t\t\t\t<\/div>\n\t\t\t\t\t<\/div>\n\t\t<\/div>\n\t\t\t\t\t<\/div>\n\t\t<\/section>\n\t\t\t\t<section class=\"elementor-section elementor-top-section elementor-element elementor-element-8edf165 elementor-section-boxed elementor-section-height-default elementor-section-height-default\" data-id=\"8edf165\" data-element_type=\"section\" data-e-type=\"section\">\n\t\t\t\t\t\t<div class=\"elementor-container elementor-column-gap-default\">\n\t\t\t\t\t<div class=\"elementor-column elementor-col-100 elementor-top-column elementor-element elementor-element-af99e68\" data-id=\"af99e68\" data-element_type=\"column\" data-e-type=\"column\">\n\t\t\t<div class=\"elementor-widget-wrap elementor-element-populated\">\n\t\t\t\t\t\t<div class=\"elementor-element elementor-element-db10830 elementor-widget elementor-widget-text-editor\" data-id=\"db10830\" data-element_type=\"widget\" data-e-type=\"widget\" data-widget_type=\"text-editor.default\">\n\t\t\t\t<div class=\"elementor-widget-container\">\n\t\t\t\t\t\t\t\t\t<p><strong>Sobre o AL-INVEST Verde<\/strong><\/p><p><a href=\"http:\/\/alinvest-verde.eu\/pt_pt_ao90\/\">AL-INVEST Verde<\/a> \u00e9 um programa da Uni\u00e3o Europeia (UE) cujo principal objetivo \u00e9 promover o crescimento sustent\u00e1vel e a cria\u00e7\u00e3o de emprego na Am\u00e9rica Latina, apoiando a transi\u00e7\u00e3o para uma economia de baixo carbono, eficiente em termos de recursos e mais circular. Atrav\u00e9s da Componente 3: <a href=\"https:\/\/internationalipcooperation.eu\/es\/alinvest-pi\">AL-INVEST DPI verde<\/a>liderada pelo Instituto da Propriedade Intelectual da Uni\u00e3o Europeia (<a href=\"https:\/\/www.euipo.europa.eu\/es\">EUIPO<\/a>), o programa visa conseguir uma maior utiliza\u00e7\u00e3o e efic\u00e1cia dos direitos de propriedade intelectual na Am\u00e9rica Latina, em particular nos pa\u00edses do MERCOSUL e no Chile, a fim de aumentar as oportunidades de coopera\u00e7\u00e3o no dom\u00ednio da investiga\u00e7\u00e3o e estimular a competitividade e a inova\u00e7\u00e3o sustent\u00e1vel.<\/p><p>\u00a0<\/p>\t\t\t\t\t\t\t\t<\/div>\n\t\t\t\t<\/div>\n\t\t\t\t\t<\/div>\n\t\t<\/div>\n\t\t\t\t\t<\/div>\n\t\t<\/section>\n\t\t\t\t<\/div>","protected":false},"excerpt":{"rendered":"<p>13 de mayo 2024.- Se llev\u00f3 a cabo el lanzamiento oficial de la primera fase de AL-INVmentor en Paraguay y Brasil, marcando el inicio de un innovador programa de mentor\u00eda impulsado por el Componente 3 de AL-INVEST Verde para derechos de propiedad intelectual. Esta primera fase de la primera edici\u00f3n del programa consta de seis [&hellip;]<\/p>\n","protected":false},"author":7,"featured_media":12521,"comment_status":"closed","ping_status":"closed","sticky":false,"template":"","format":"standard","meta":{"footnotes":""},"categories":[24],"tags":[119,120,93,92,35],"class_list":["post-12520","post","type-post","status-publish","format-standard","has-post-thumbnail","hentry","category-actualidad","tag-componente-3","tag-intellectual-property","tag-ip","tag-pi","tag-propiedad-intelectual"],"yoast_head":"<!-- This site is optimized with the Yoast SEO plugin v28.4 - https:\/\/yoast.com\/product\/yoast-seo-wordpress\/ -->\n<title>Primer programa de mentorias en propiedad intelectual lanzado en Paraguay y Brasil - Programme AL-INVEST Verde<\/title>\n<meta name=\"robots\" content=\"index, follow, max-snippet:-1, max-image-preview:large, max-video-preview:-1\" \/>\n<link rel=\"canonical\" href=\"https:\/\/alinvest-verde.eu\/pt_pt_ao90\/primer-programa-de-mentorias-en-propiedad-intelectual-lanzado-en-paraguay-y-brasil\/\" \/>\n<meta property=\"og:locale\" content=\"pt_PT\" \/>\n<meta property=\"og:type\" content=\"article\" \/>\n<meta property=\"og:title\" content=\"Primer programa de mentorias en propiedad intelectual lanzado en Paraguay y Brasil - Programme AL-INVEST Verde\" \/>\n<meta property=\"og:description\" content=\"13 de mayo 2024.- Se llev\u00f3 a cabo el lanzamiento oficial de la primera fase de AL-INVmentor en Paraguay y Brasil, marcando el inicio de un innovador programa de mentor\u00eda impulsado por el Componente 3 de AL-INVEST Verde para derechos de propiedad intelectual. Esta primera fase de la primera edici\u00f3n del programa consta de seis [&hellip;]\" \/>\n<meta property=\"og:url\" content=\"https:\/\/alinvest-verde.eu\/pt_pt_ao90\/primer-programa-de-mentorias-en-propiedad-intelectual-lanzado-en-paraguay-y-brasil\/\" \/>\n<meta property=\"og:site_name\" content=\"Programme AL-INVEST Verde\" \/>\n<meta property=\"article:published_time\" content=\"2024-05-15T13:53:32+00:00\" \/>\n<meta property=\"article:modified_time\" content=\"2024-07-05T15:42:06+00:00\" \/>\n<meta property=\"og:image\" content=\"https:\/\/alinvest-verde.eu\/wp-content\/uploads\/2024\/05\/35-different-designs-related-to-events29-1024x576.png\" \/>\n\t<meta property=\"og:image:width\" content=\"1024\" \/>\n\t<meta property=\"og:image:height\" content=\"576\" \/>\n\t<meta property=\"og:image:type\" content=\"image\/png\" \/>\n<meta name=\"author\" content=\"Marties Dijxhoorn\" \/>\n<meta name=\"twitter:card\" content=\"summary_large_image\" \/>\n<meta name=\"twitter:label1\" content=\"Written by\" \/>\n\t<meta name=\"twitter:data1\" content=\"\" \/>\n\t<meta name=\"twitter:label2\" content=\"Est. reading time\" \/>\n\t<meta name=\"twitter:data2\" content=\"2 minutos\" \/>\n<script type=\"application\/ld+json\" class=\"yoast-schema-graph\">{\"@context\":\"https:\\\/\\\/schema.org\",\"@graph\":[{\"@type\":\"Article\",\"@id\":\"https:\\\/\\\/alinvest-verde.eu\\\/primer-programa-de-mentorias-en-propiedad-intelectual-lanzado-en-paraguay-y-brasil\\\/#article\",\"isPartOf\":{\"@id\":\"https:\\\/\\\/alinvest-verde.eu\\\/primer-programa-de-mentorias-en-propiedad-intelectual-lanzado-en-paraguay-y-brasil\\\/\"},\"author\":{\"name\":\"Marties Dijxhoorn\",\"@id\":\"https:\\\/\\\/alinvest-verde.eu\\\/#\\\/schema\\\/person\\\/7ca85c4000a126377888a08fe7a51de3\"},\"headline\":\"Primer programa de mentorias en propiedad intelectual lanzado en Paraguay y Brasil\",\"datePublished\":\"2024-05-15T13:53:32+00:00\",\"dateModified\":\"2024-07-05T15:42:06+00:00\",\"mainEntityOfPage\":{\"@id\":\"https:\\\/\\\/alinvest-verde.eu\\\/primer-programa-de-mentorias-en-propiedad-intelectual-lanzado-en-paraguay-y-brasil\\\/\"},\"wordCount\":484,\"publisher\":{\"@id\":\"https:\\\/\\\/alinvest-verde.eu\\\/#organization\"},\"image\":{\"@id\":\"https:\\\/\\\/alinvest-verde.eu\\\/primer-programa-de-mentorias-en-propiedad-intelectual-lanzado-en-paraguay-y-brasil\\\/#primaryimage\"},\"thumbnailUrl\":\"https:\\\/\\\/alinvest-verde.eu\\\/wp-content\\\/uploads\\\/2024\\\/05\\\/35-different-designs-related-to-events29.png\",\"keywords\":[\"Componente 3\",\"intellectual property\",\"IP\",\"PI\",\"propiedad intelectual\"],\"articleSection\":[\"Actualidad\"],\"inLanguage\":\"pt-PT\"},{\"@type\":\"WebPage\",\"@id\":\"https:\\\/\\\/alinvest-verde.eu\\\/primer-programa-de-mentorias-en-propiedad-intelectual-lanzado-en-paraguay-y-brasil\\\/\",\"url\":\"https:\\\/\\\/alinvest-verde.eu\\\/primer-programa-de-mentorias-en-propiedad-intelectual-lanzado-en-paraguay-y-brasil\\\/\",\"name\":\"Primer programa de mentorias en propiedad intelectual lanzado en Paraguay y Brasil - Programme AL-INVEST Verde\",\"isPartOf\":{\"@id\":\"https:\\\/\\\/alinvest-verde.eu\\\/#website\"},\"primaryImageOfPage\":{\"@id\":\"https:\\\/\\\/alinvest-verde.eu\\\/primer-programa-de-mentorias-en-propiedad-intelectual-lanzado-en-paraguay-y-brasil\\\/#primaryimage\"},\"image\":{\"@id\":\"https:\\\/\\\/alinvest-verde.eu\\\/primer-programa-de-mentorias-en-propiedad-intelectual-lanzado-en-paraguay-y-brasil\\\/#primaryimage\"},\"thumbnailUrl\":\"https:\\\/\\\/alinvest-verde.eu\\\/wp-content\\\/uploads\\\/2024\\\/05\\\/35-different-designs-related-to-events29.png\",\"datePublished\":\"2024-05-15T13:53:32+00:00\",\"dateModified\":\"2024-07-05T15:42:06+00:00\",\"breadcrumb\":{\"@id\":\"https:\\\/\\\/alinvest-verde.eu\\\/primer-programa-de-mentorias-en-propiedad-intelectual-lanzado-en-paraguay-y-brasil\\\/#breadcrumb\"},\"inLanguage\":\"pt-PT\",\"potentialAction\":[{\"@type\":\"ReadAction\",\"target\":[\"https:\\\/\\\/alinvest-verde.eu\\\/primer-programa-de-mentorias-en-propiedad-intelectual-lanzado-en-paraguay-y-brasil\\\/\"]}]},{\"@type\":\"ImageObject\",\"inLanguage\":\"pt-PT\",\"@id\":\"https:\\\/\\\/alinvest-verde.eu\\\/primer-programa-de-mentorias-en-propiedad-intelectual-lanzado-en-paraguay-y-brasil\\\/#primaryimage\",\"url\":\"https:\\\/\\\/alinvest-verde.eu\\\/wp-content\\\/uploads\\\/2024\\\/05\\\/35-different-designs-related-to-events29.png\",\"contentUrl\":\"https:\\\/\\\/alinvest-verde.eu\\\/wp-content\\\/uploads\\\/2024\\\/05\\\/35-different-designs-related-to-events29.png\",\"width\":1920,\"height\":1080},{\"@type\":\"BreadcrumbList\",\"@id\":\"https:\\\/\\\/alinvest-verde.eu\\\/primer-programa-de-mentorias-en-propiedad-intelectual-lanzado-en-paraguay-y-brasil\\\/#breadcrumb\",\"itemListElement\":[{\"@type\":\"ListItem\",\"position\":1,\"name\":\"Inicio\",\"item\":\"https:\\\/\\\/alinvest-verde.eu\\\/\"},{\"@type\":\"ListItem\",\"position\":2,\"name\":\"Actualidad\",\"item\":\"https:\\\/\\\/alinvest-verde.eu\\\/category\\\/actualidad\\\/\"},{\"@type\":\"ListItem\",\"position\":3,\"name\":\"Primer programa de mentorias en propiedad intelectual lanzado en Paraguay y Brasil\"}]},{\"@type\":\"WebSite\",\"@id\":\"https:\\\/\\\/alinvest-verde.eu\\\/#website\",\"url\":\"https:\\\/\\\/alinvest-verde.eu\\\/\",\"name\":\"Programme AL-INVEST Verde\",\"description\":\"Building alliances with the private sector in LA and promote sustainable growth and jobs creation by supporting the transition towards a low-carbon, resource-efficient economy\",\"publisher\":{\"@id\":\"https:\\\/\\\/alinvest-verde.eu\\\/#organization\"},\"potentialAction\":[{\"@type\":\"SearchAction\",\"target\":{\"@type\":\"EntryPoint\",\"urlTemplate\":\"https:\\\/\\\/alinvest-verde.eu\\\/?s={search_term_string}\"},\"query-input\":{\"@type\":\"PropertyValueSpecification\",\"valueRequired\":true,\"valueName\":\"search_term_string\"}}],\"inLanguage\":\"pt-PT\"},{\"@type\":\"Organization\",\"@id\":\"https:\\\/\\\/alinvest-verde.eu\\\/#organization\",\"name\":\"Programme AL-INVEST Verde\",\"url\":\"https:\\\/\\\/alinvest-verde.eu\\\/\",\"logo\":{\"@type\":\"ImageObject\",\"inLanguage\":\"pt-PT\",\"@id\":\"https:\\\/\\\/alinvest-verde.eu\\\/#\\\/schema\\\/logo\\\/image\\\/\",\"url\":\"https:\\\/\\\/alinvest-verde.eu\\\/wp-content\\\/uploads\\\/2022\\\/01\\\/cropped-logo-financiado-por-la-UE.jpg\",\"contentUrl\":\"https:\\\/\\\/alinvest-verde.eu\\\/wp-content\\\/uploads\\\/2022\\\/01\\\/cropped-logo-financiado-por-la-UE.jpg\",\"width\":756,\"height\":216,\"caption\":\"Programme AL-INVEST Verde\"},\"image\":{\"@id\":\"https:\\\/\\\/alinvest-verde.eu\\\/#\\\/schema\\\/logo\\\/image\\\/\"}},{\"@type\":\"Person\",\"@id\":\"https:\\\/\\\/alinvest-verde.eu\\\/#\\\/schema\\\/person\\\/7ca85c4000a126377888a08fe7a51de3\",\"name\":\"Marties Dijxhoorn\",\"image\":{\"@type\":\"ImageObject\",\"inLanguage\":\"pt-PT\",\"@id\":\"https:\\\/\\\/secure.gravatar.com\\\/avatar\\\/36fd71169a6aa0697a52a3872bcf0b390004a3a4fdf09a6754c64a6d032b9d76?s=96&d=mm&r=g\",\"url\":\"https:\\\/\\\/secure.gravatar.com\\\/avatar\\\/36fd71169a6aa0697a52a3872bcf0b390004a3a4fdf09a6754c64a6d032b9d76?s=96&d=mm&r=g\",\"contentUrl\":\"https:\\\/\\\/secure.gravatar.com\\\/avatar\\\/36fd71169a6aa0697a52a3872bcf0b390004a3a4fdf09a6754c64a6d032b9d76?s=96&d=mm&r=g\",\"caption\":\"Marties Dijxhoorn\"},\"url\":\"https:\\\/\\\/alinvest-verde.eu\\\/pt_pt_ao90\\\/author\\\/marties-dijxhoorn\\\/\"}]}<\/script>\n<!-- \/ Yoast SEO plugin. -->","yoast_head_json":{"title":"Primeiro programa de mentoria em PI lan\u00e7ado no Paraguai e no Brasil - Programa AL-INVEST Verde","robots":{"index":"index","follow":"follow","max-snippet":"max-snippet:-1","max-image-preview":"max-image-preview:large","max-video-preview":"max-video-preview:-1"},"canonical":"https:\/\/alinvest-verde.eu\/pt_pt_ao90\/primer-programa-de-mentorias-en-propiedad-intelectual-lanzado-en-paraguay-y-brasil\/","og_locale":"pt_PT","og_type":"article","og_title":"Primer programa de mentorias en propiedad intelectual lanzado en Paraguay y Brasil - Programme AL-INVEST Verde","og_description":"13 de mayo 2024.- Se llev\u00f3 a cabo el lanzamiento oficial de la primera fase de AL-INVmentor en Paraguay y Brasil, marcando el inicio de un innovador programa de mentor\u00eda impulsado por el Componente 3 de AL-INVEST Verde para derechos de propiedad intelectual. Esta primera fase de la primera edici\u00f3n del programa consta de seis [&hellip;]","og_url":"https:\/\/alinvest-verde.eu\/pt_pt_ao90\/primer-programa-de-mentorias-en-propiedad-intelectual-lanzado-en-paraguay-y-brasil\/","og_site_name":"Programme AL-INVEST Verde","article_published_time":"2024-05-15T13:53:32+00:00","article_modified_time":"2024-07-05T15:42:06+00:00","og_image":[{"width":1024,"height":576,"url":"https:\/\/alinvest-verde.eu\/wp-content\/uploads\/2024\/05\/35-different-designs-related-to-events29-1024x576.png","type":"image\/png"}],"author":"Marties Dijxhoorn","twitter_card":"summary_large_image","twitter_misc":{"Written by":false,"Est. reading time":"2 minutos"},"schema":{"@context":"https:\/\/schema.org","@graph":[{"@type":"Article","@id":"https:\/\/alinvest-verde.eu\/primer-programa-de-mentorias-en-propiedad-intelectual-lanzado-en-paraguay-y-brasil\/#article","isPartOf":{"@id":"https:\/\/alinvest-verde.eu\/primer-programa-de-mentorias-en-propiedad-intelectual-lanzado-en-paraguay-y-brasil\/"},"author":{"name":"Marties Dijxhoorn","@id":"https:\/\/alinvest-verde.eu\/#\/schema\/person\/7ca85c4000a126377888a08fe7a51de3"},"headline":"Primer programa de mentorias en propiedad intelectual lanzado en Paraguay y Brasil","datePublished":"2024-05-15T13:53:32+00:00","dateModified":"2024-07-05T15:42:06+00:00","mainEntityOfPage":{"@id":"https:\/\/alinvest-verde.eu\/primer-programa-de-mentorias-en-propiedad-intelectual-lanzado-en-paraguay-y-brasil\/"},"wordCount":484,"publisher":{"@id":"https:\/\/alinvest-verde.eu\/#organization"},"image":{"@id":"https:\/\/alinvest-verde.eu\/primer-programa-de-mentorias-en-propiedad-intelectual-lanzado-en-paraguay-y-brasil\/#primaryimage"},"thumbnailUrl":"https:\/\/alinvest-verde.eu\/wp-content\/uploads\/2024\/05\/35-different-designs-related-to-events29.png","keywords":["Componente 3","intellectual property","IP","PI","propiedad intelectual"],"articleSection":["Actualidad"],"inLanguage":"pt-PT"},{"@type":"WebPage","@id":"https:\/\/alinvest-verde.eu\/primer-programa-de-mentorias-en-propiedad-intelectual-lanzado-en-paraguay-y-brasil\/","url":"https:\/\/alinvest-verde.eu\/primer-programa-de-mentorias-en-propiedad-intelectual-lanzado-en-paraguay-y-brasil\/","name":"Primeiro programa de mentoria em PI lan\u00e7ado no Paraguai e no Brasil - Programa AL-INVEST Verde","isPartOf":{"@id":"https:\/\/alinvest-verde.eu\/#website"},"primaryImageOfPage":{"@id":"https:\/\/alinvest-verde.eu\/primer-programa-de-mentorias-en-propiedad-intelectual-lanzado-en-paraguay-y-brasil\/#primaryimage"},"image":{"@id":"https:\/\/alinvest-verde.eu\/primer-programa-de-mentorias-en-propiedad-intelectual-lanzado-en-paraguay-y-brasil\/#primaryimage"},"thumbnailUrl":"https:\/\/alinvest-verde.eu\/wp-content\/uploads\/2024\/05\/35-different-designs-related-to-events29.png","datePublished":"2024-05-15T13:53:32+00:00","dateModified":"2024-07-05T15:42:06+00:00","breadcrumb":{"@id":"https:\/\/alinvest-verde.eu\/primer-programa-de-mentorias-en-propiedad-intelectual-lanzado-en-paraguay-y-brasil\/#breadcrumb"},"inLanguage":"pt-PT","potentialAction":[{"@type":"ReadAction","target":["https:\/\/alinvest-verde.eu\/primer-programa-de-mentorias-en-propiedad-intelectual-lanzado-en-paraguay-y-brasil\/"]}]},{"@type":"ImageObject","inLanguage":"pt-PT","@id":"https:\/\/alinvest-verde.eu\/primer-programa-de-mentorias-en-propiedad-intelectual-lanzado-en-paraguay-y-brasil\/#primaryimage","url":"https:\/\/alinvest-verde.eu\/wp-content\/uploads\/2024\/05\/35-different-designs-related-to-events29.png","contentUrl":"https:\/\/alinvest-verde.eu\/wp-content\/uploads\/2024\/05\/35-different-designs-related-to-events29.png","width":1920,"height":1080},{"@type":"BreadcrumbList","@id":"https:\/\/alinvest-verde.eu\/primer-programa-de-mentorias-en-propiedad-intelectual-lanzado-en-paraguay-y-brasil\/#breadcrumb","itemListElement":[{"@type":"ListItem","position":1,"name":"Inicio","item":"https:\/\/alinvest-verde.eu\/"},{"@type":"ListItem","position":2,"name":"Actualidad","item":"https:\/\/alinvest-verde.eu\/category\/actualidad\/"},{"@type":"ListItem","position":3,"name":"Primer programa de mentorias en propiedad intelectual lanzado en Paraguay y Brasil"}]},{"@type":"WebSite","@id":"https:\/\/alinvest-verde.eu\/#website","url":"https:\/\/alinvest-verde.eu\/","name":"Programa AL-INVEST Verde","description":"Construir alian\u00e7as com o sector privado na AL e promover o crescimento sustent\u00e1vel e a cria\u00e7\u00e3o de empregos, apoiando a transi\u00e7\u00e3o para uma economia de baixo carbono e eficiente em termos de recursos","publisher":{"@id":"https:\/\/alinvest-verde.eu\/#organization"},"potentialAction":[{"@type":"SearchAction","target":{"@type":"EntryPoint","urlTemplate":"https:\/\/alinvest-verde.eu\/?s={search_term_string}"},"query-input":{"@type":"PropertyValueSpecification","valueRequired":true,"valueName":"search_term_string"}}],"inLanguage":"pt-PT"},{"@type":"Organization","@id":"https:\/\/alinvest-verde.eu\/#organization","name":"Programa AL-INVEST Verde","url":"https:\/\/alinvest-verde.eu\/","logo":{"@type":"ImageObject","inLanguage":"pt-PT","@id":"https:\/\/alinvest-verde.eu\/#\/schema\/logo\/image\/","url":"https:\/\/alinvest-verde.eu\/wp-content\/uploads\/2022\/01\/cropped-logo-financiado-por-la-UE.jpg","contentUrl":"https:\/\/alinvest-verde.eu\/wp-content\/uploads\/2022\/01\/cropped-logo-financiado-por-la-UE.jpg","width":756,"height":216,"caption":"Programme AL-INVEST Verde"},"image":{"@id":"https:\/\/alinvest-verde.eu\/#\/schema\/logo\/image\/"}},{"@type":"Person","@id":"https:\/\/alinvest-verde.eu\/#\/schema\/person\/7ca85c4000a126377888a08fe7a51de3","name":"Marties Dijxhoorn","image":{"@type":"ImageObject","inLanguage":"pt-PT","@id":"https:\/\/secure.gravatar.com\/avatar\/36fd71169a6aa0697a52a3872bcf0b390004a3a4fdf09a6754c64a6d032b9d76?s=96&d=mm&r=g","url":"https:\/\/secure.gravatar.com\/avatar\/36fd71169a6aa0697a52a3872bcf0b390004a3a4fdf09a6754c64a6d032b9d76?s=96&d=mm&r=g","contentUrl":"https:\/\/secure.gravatar.com\/avatar\/36fd71169a6aa0697a52a3872bcf0b390004a3a4fdf09a6754c64a6d032b9d76?s=96&d=mm&r=g","caption":"Marties Dijxhoorn"},"url":"https:\/\/alinvest-verde.eu\/pt_pt_ao90\/author\/marties-dijxhoorn\/"}]}},"_links":{"self":[{"href":"https:\/\/alinvest-verde.eu\/pt_pt_ao90\/wp-json\/wp\/v2\/posts\/12520","targetHints":{"allow":["GET"]}}],"collection":[{"href":"https:\/\/alinvest-verde.eu\/pt_pt_ao90\/wp-json\/wp\/v2\/posts"}],"about":[{"href":"https:\/\/alinvest-verde.eu\/pt_pt_ao90\/wp-json\/wp\/v2\/types\/post"}],"author":[{"embeddable":true,"href":"https:\/\/alinvest-verde.eu\/pt_pt_ao90\/wp-json\/wp\/v2\/users\/7"}],"replies":[{"embeddable":true,"href":"https:\/\/alinvest-verde.eu\/pt_pt_ao90\/wp-json\/wp\/v2\/comments?post=12520"}],"version-history":[{"count":5,"href":"https:\/\/alinvest-verde.eu\/pt_pt_ao90\/wp-json\/wp\/v2\/posts\/12520\/revisions"}],"predecessor-version":[{"id":12740,"href":"https:\/\/alinvest-verde.eu\/pt_pt_ao90\/wp-json\/wp\/v2\/posts\/12520\/revisions\/12740"}],"wp:featuredmedia":[{"embeddable":true,"href":"https:\/\/alinvest-verde.eu\/pt_pt_ao90\/wp-json\/wp\/v2\/media\/12521"}],"wp:attachment":[{"href":"https:\/\/alinvest-verde.eu\/pt_pt_ao90\/wp-json\/wp\/v2\/media?parent=12520"}],"wp:term":[{"taxonomy":"category","embeddable":true,"href":"https:\/\/alinvest-verde.eu\/pt_pt_ao90\/wp-json\/wp\/v2\/categories?post=12520"},{"taxonomy":"post_tag","embeddable":true,"href":"https:\/\/alinvest-verde.eu\/pt_pt_ao90\/wp-json\/wp\/v2\/tags?post=12520"}],"curies":[{"name":"wp","href":"https:\/\/api.w.org\/{rel}","templated":true}]}}