{"id":14044,"date":"2024-07-04T00:42:53","date_gmt":"2024-07-03T22:42:53","guid":{"rendered":"https:\/\/alinvest-verde.eu\/?p=14044"},"modified":"2024-07-04T00:42:54","modified_gmt":"2024-07-03T22:42:54","slug":"residuos-cacao","status":"publish","type":"post","link":"https:\/\/alinvest-verde.eu\/pt_pt_ao90\/residuos-cacao\/","title":{"rendered":"- Lixo + Cacau"},"content":{"rendered":"<p class=\"wp-block-paragraph\">Fortalecimento da economia circular na cadeia do cacau e do chocolate para a promo\u00e7\u00e3o da sustentabilidade e do desenvolvimento territorial no Peru, com enfoque no departamento de Piura.<\/p>\n\n\n\n<p class=\"wp-block-paragraph\">O projeto visa promover a transi\u00e7\u00e3o para um modelo de produ\u00e7\u00e3o e consumo mais sustent\u00e1vel, incentivando a ado\u00e7\u00e3o de pr\u00e1ticas circulares e refor\u00e7ando as capacidades das MPME da cadeia do cacau e do chocolate nas regi\u00f5es de Piura, Amazonas e San Martin.&nbsp;<\/p>\n\n\n\n<p class=\"wp-block-paragraph\">O projeto visa promover pr\u00e1ticas de economia circular nas MPME (7 cooperativas e 800 produtores) nos seus processos de produ\u00e7\u00e3o, a n\u00edvel organizacional (transforma\u00e7\u00e3o e valor acrescentado dos produtos e subprodutos do cacau) e a n\u00edvel da explora\u00e7\u00e3o agr\u00edcola (utiliza\u00e7\u00e3o de res\u00edduos da colheita, utiliza\u00e7\u00e3o de mat\u00e9ria org\u00e2nica, etc.). Um aspeto inovador \u00e9 o facto de o projeto: i) se basear na alian\u00e7a com as Ag\u00eancias de Desenvolvimento Regional (ARD); desta forma, espera-se refor\u00e7ar tanto o processo de produ\u00e7\u00e3o, que cumpre as normas que o mercado exige atualmente, como refor\u00e7ar os intervenientes na cadeia (65 profissionais), com especial destaque para as ARD, que constituem hoje um elo interessante para a promo\u00e7\u00e3o do desenvolvimento regional no Peru; e ii) procura tamb\u00e9m chegar ao consumidor final, de modo a gerar uma cadeia de impacto desde o n\u00edvel da produ\u00e7\u00e3o at\u00e9 ao consumidor.<\/p>\n\n\n\n<p class=\"wp-block-paragraph\">Al\u00e9m disso, o projeto disponibilizar\u00e1 aos atores ligados \u00e0 cadeia do cacau e chocolate as experi\u00eancias, pr\u00e1ticas e processos desenvolvidos no \u00e2mbito do projeto, referentes \u00e0 economia circular, articula\u00e7\u00e3o de mercados sustent\u00e1veis, bem como o acesso a certifica\u00e7\u00f5es de sustentabilidade na cadeia do cacau e chocolate. Da mesma forma, ser\u00e3o promovidas parcerias p\u00fablico-privadas inter-regionais, atrav\u00e9s das quais se espera ter pelo menos dois acordos para a promo\u00e7\u00e3o de pr\u00e1ticas e processos de produ\u00e7\u00e3o e comercializa\u00e7\u00e3o sustent\u00e1veis.<\/p>\n\n\n\n<p class=\"wp-block-paragraph\">Todo este processo n\u00e3o s\u00f3 permitir\u00e1 que as MPMEs (7 cooperativas e 800 produtores) implementem e fortale\u00e7am os seus processos de economia circular e melhorem as suas condi\u00e7\u00f5es de conformidade com as normas internacionais (como a georreferencia\u00e7\u00e3o para o cumprimento do EUDR), mas tamb\u00e9m permitir\u00e1 que pelo menos 50 iniciativas ligadas \u00e0 economia circular e \u00e0 produ\u00e7\u00e3o sustent\u00e1vel tenham sido geradas e possam ser geridas para canalizar recursos nas \u00e1reas de interven\u00e7\u00e3o, bem como ter pessoal t\u00e9cnico treinado que possa continuar nestes processos. Al\u00e9m disso, as alian\u00e7as ser\u00e3o fortalecidas e uma maior participa\u00e7\u00e3o dos atores (ARD) nos compromissos de promover a produ\u00e7\u00e3o sustent\u00e1vel e a economia circular ter\u00e1 sido alcan\u00e7ada.<\/p>\n\n\n\n<p class=\"wp-block-paragraph\"><strong>Cons\u00f3rcio de implementa\u00e7\u00e3o:<\/strong><\/p>\n\n\n\n<p class=\"wp-block-paragraph\">Entidade coordenadora:<\/p>\n\n\n\n<figure class=\"wp-block-image size-large is-resized\"><a href=\"https:\/\/appcacao.org\/\"><img fetchpriority=\"high\" decoding=\"async\" width=\"1024\" height=\"723\" src=\"https:\/\/alinvest-verde.eu\/wp-content\/uploads\/2024\/07\/LOGO-APPCACAO-1024x723.png\" alt=\"\" class=\"wp-image-14045\" style=\"width:107px;height:auto\" srcset=\"https:\/\/alinvest-verde.eu\/wp-content\/uploads\/2024\/07\/LOGO-APPCACAO-1024x723.png 1024w, https:\/\/alinvest-verde.eu\/wp-content\/uploads\/2024\/07\/LOGO-APPCACAO-300x212.png 300w, https:\/\/alinvest-verde.eu\/wp-content\/uploads\/2024\/07\/LOGO-APPCACAO-768x542.png 768w, https:\/\/alinvest-verde.eu\/wp-content\/uploads\/2024\/07\/LOGO-APPCACAO-18x12.png 18w, https:\/\/alinvest-verde.eu\/wp-content\/uploads\/2024\/07\/LOGO-APPCACAO.png 1200w\" sizes=\"(max-width: 1024px) 100vw, 1024px\" \/><\/a><\/figure>\n\n\n\n<p class=\"wp-block-paragraph\">Entidade parceira:<\/p>\n\n\n\n<figure class=\"wp-block-image size-large is-resized\"><a href=\"https:\/\/www.uimunicipalistas.org\/\"><img decoding=\"async\" width=\"1024\" height=\"1024\" src=\"https:\/\/alinvest-verde.eu\/wp-content\/uploads\/2024\/07\/circulo-nuevo-1024x1024.jpg\" alt=\"\" class=\"wp-image-14046\" style=\"width:102px;height:auto\" srcset=\"https:\/\/alinvest-verde.eu\/wp-content\/uploads\/2024\/07\/circulo-nuevo-1024x1024.jpg 1024w, https:\/\/alinvest-verde.eu\/wp-content\/uploads\/2024\/07\/circulo-nuevo-300x300.jpg 300w, https:\/\/alinvest-verde.eu\/wp-content\/uploads\/2024\/07\/circulo-nuevo-150x150.jpg 150w, https:\/\/alinvest-verde.eu\/wp-content\/uploads\/2024\/07\/circulo-nuevo-768x768.jpg 768w, https:\/\/alinvest-verde.eu\/wp-content\/uploads\/2024\/07\/circulo-nuevo-500x500.jpg 500w, https:\/\/alinvest-verde.eu\/wp-content\/uploads\/2024\/07\/circulo-nuevo-12x12.jpg 12w, https:\/\/alinvest-verde.eu\/wp-content\/uploads\/2024\/07\/circulo-nuevo.jpg 1500w\" sizes=\"(max-width: 1024px) 100vw, 1024px\" \/><\/a><\/figure>\n\n\n\n<p class=\"wp-block-paragraph\"><strong>Benefici\u00e1rios:<\/strong><\/p>\n\n\n\n<ul class=\"wp-block-list\">\n<li>800 MPMEs do sector do cacau.<\/li>\n\n\n\n<li>07 organiza\u00e7\u00f5es de MPME: \n<ul class=\"wp-block-list\">\n<li>Cooperativa Norandino - Piura<\/li>\n\n\n\n<li>Cooperativa APPROCAP - Piura<\/li>\n\n\n\n<li>Cooperativa APROCAM - Amazonas<\/li>\n\n\n\n<li>Cooperativa CEPROAA - Amazonas<\/li>\n\n\n\n<li>Cooperativa Oro Verde - S\u00e3o Martinho<\/li>\n\n\n\n<li>Cooperativa ACOPAGRO - S\u00e3o Martinho<\/li>\n\n\n\n<li>Cooperativa Cacaueira Allima - SanMart\u00edn<\/li>\n<\/ul>\n<\/li>\n<\/ul>\n\n\n\n<p class=\"wp-block-paragraph\"><\/p>\n\n\n\n<p class=\"wp-block-paragraph\"><strong>Em poucas palavras:<\/strong><\/p>\n\n\n\n<figure class=\"wp-block-table\"><table class=\"has-luminous-vivid-amber-background-color has-background\"><tbody><tr><td><strong>Regi\u00e3o\/Cidades de implementa\u00e7\u00e3o<\/strong><\/td><td><strong>Dura\u00e7\u00e3o&nbsp;<\/strong><\/td><td><strong>Or\u00e7amento total<\/strong><\/td><td><strong>N.\u00ba de PME benefici\u00e1rias&nbsp;<\/strong><\/td><\/tr><tr><td>Departamentos de Piura, Amazonas e San Mar\u00edn<\/td><td>24 meses (de 1 de mar\u00e7o de 2024 a 28 de fevereiro de 2026)<\/td><td>\u20ac374,981.80<\/td><td>800<\/td><\/tr><\/tbody><\/table><\/figure>\n\n\n\n<p class=\"wp-block-paragraph\"><strong>Contactar este projeto:<\/strong><\/p>\n\n\n\n<div class=\"wp-block-group is-vertical is-layout-flex wp-container-core-group-is-layout-2c90304e wp-block-group-is-layout-flex\">\n<p class=\"wp-block-paragraph\">Augusto Nicol\u00e1s Aponte Mart\u00ednez<\/p>\n\n\n\n<p class=\"wp-block-paragraph\">Coordenador de Projeto - APPCACAO \u00a0<\/p>\n\n\n\n<p class=\"wp-block-paragraph\"><a href=\"mailto:augusto.aponte10@gmail.com\">augusto.aponte10@gmail.com<\/a><\/p>\n<\/div>","protected":false},"excerpt":{"rendered":"<p>Fortalecimiento de la econom\u00eda circular en la cadena del Cacao y el chocolate para la promoci\u00f3n de la sostenibilidad y el Desarrollo Territorial en el Per\u00fa, con foco en el departamento de Piura. El proyecto tiene como finalidad impulsar la transici\u00f3n hacia un modelo de producci\u00f3n y consumo m\u00e1s sostenible, fomentando la adopci\u00f3n de pr\u00e1cticas [&hellip;]<\/p>\n","protected":false},"author":4,"featured_media":13267,"comment_status":"closed","ping_status":"closed","sticky":false,"template":"","format":"standard","meta":{"footnotes":""},"categories":[1],"tags":[],"class_list":["post-14044","post","type-post","status-publish","format-standard","has-post-thumbnail","hentry","category-allgemein"],"yoast_head":"<!-- This site is optimized with the Yoast SEO plugin v28.4 - https:\/\/yoast.com\/product\/yoast-seo-wordpress\/ -->\n<title>- Residuos + Cacao - Programme AL-INVEST Verde<\/title>\n<meta name=\"robots\" content=\"index, follow, max-snippet:-1, max-image-preview:large, max-video-preview:-1\" \/>\n<link rel=\"canonical\" href=\"https:\/\/alinvest-verde.eu\/pt_pt_ao90\/residuos-cacao\/\" \/>\n<meta property=\"og:locale\" content=\"pt_PT\" \/>\n<meta property=\"og:type\" content=\"article\" \/>\n<meta property=\"og:title\" content=\"- Residuos + Cacao - Programme AL-INVEST Verde\" \/>\n<meta property=\"og:description\" content=\"Fortalecimiento de la econom\u00eda circular en la cadena del Cacao y el chocolate para la promoci\u00f3n de la sostenibilidad y el Desarrollo Territorial en el Per\u00fa, con foco en el departamento de Piura. El proyecto tiene como finalidad impulsar la transici\u00f3n hacia un modelo de producci\u00f3n y consumo m\u00e1s sostenible, fomentando la adopci\u00f3n de pr\u00e1cticas [&hellip;]\" \/>\n<meta property=\"og:url\" content=\"https:\/\/alinvest-verde.eu\/pt_pt_ao90\/residuos-cacao\/\" \/>\n<meta property=\"og:site_name\" content=\"Programme AL-INVEST Verde\" \/>\n<meta property=\"article:published_time\" content=\"2024-07-03T22:42:53+00:00\" \/>\n<meta property=\"article:modified_time\" content=\"2024-07-03T22:42:54+00:00\" \/>\n<meta property=\"og:image\" content=\"https:\/\/alinvest-verde.eu\/wp-content\/uploads\/2024\/06\/cacao-3995995_1280-Imagen-de-ally-j-en-Pixabay.jpg\" \/>\n\t<meta property=\"og:image:width\" content=\"1280\" \/>\n\t<meta property=\"og:image:height\" content=\"719\" \/>\n\t<meta property=\"og:image:type\" content=\"image\/jpeg\" \/>\n<meta name=\"author\" content=\"Malena Sousa\" \/>\n<meta name=\"twitter:card\" content=\"summary_large_image\" \/>\n<meta name=\"twitter:label1\" content=\"Written by\" \/>\n\t<meta name=\"twitter:data1\" content=\"\" \/>\n\t<meta name=\"twitter:label2\" content=\"Est. reading time\" \/>\n\t<meta name=\"twitter:data2\" content=\"3 minutos\" \/>\n<script type=\"application\/ld+json\" class=\"yoast-schema-graph\">{\"@context\":\"https:\\\/\\\/schema.org\",\"@graph\":[{\"@type\":\"Article\",\"@id\":\"https:\\\/\\\/alinvest-verde.eu\\\/residuos-cacao\\\/#article\",\"isPartOf\":{\"@id\":\"https:\\\/\\\/alinvest-verde.eu\\\/residuos-cacao\\\/\"},\"author\":{\"name\":\"Malena Sousa\",\"@id\":\"https:\\\/\\\/alinvest-verde.eu\\\/#\\\/schema\\\/person\\\/f18f811fbc283c4879102f4ba5f9e9cc\"},\"headline\":\"&#8211; Residuos + Cacao\",\"datePublished\":\"2024-07-03T22:42:53+00:00\",\"dateModified\":\"2024-07-03T22:42:54+00:00\",\"mainEntityOfPage\":{\"@id\":\"https:\\\/\\\/alinvest-verde.eu\\\/residuos-cacao\\\/\"},\"wordCount\":562,\"publisher\":{\"@id\":\"https:\\\/\\\/alinvest-verde.eu\\\/#organization\"},\"image\":{\"@id\":\"https:\\\/\\\/alinvest-verde.eu\\\/residuos-cacao\\\/#primaryimage\"},\"thumbnailUrl\":\"https:\\\/\\\/alinvest-verde.eu\\\/wp-content\\\/uploads\\\/2024\\\/06\\\/cacao-3995995_1280-Imagen-de-ally-j-en-Pixabay.jpg\",\"articleSection\":[\"Allgemein\"],\"inLanguage\":\"pt-PT\"},{\"@type\":\"WebPage\",\"@id\":\"https:\\\/\\\/alinvest-verde.eu\\\/residuos-cacao\\\/\",\"url\":\"https:\\\/\\\/alinvest-verde.eu\\\/residuos-cacao\\\/\",\"name\":\"- Residuos + Cacao - Programme AL-INVEST Verde\",\"isPartOf\":{\"@id\":\"https:\\\/\\\/alinvest-verde.eu\\\/#website\"},\"primaryImageOfPage\":{\"@id\":\"https:\\\/\\\/alinvest-verde.eu\\\/residuos-cacao\\\/#primaryimage\"},\"image\":{\"@id\":\"https:\\\/\\\/alinvest-verde.eu\\\/residuos-cacao\\\/#primaryimage\"},\"thumbnailUrl\":\"https:\\\/\\\/alinvest-verde.eu\\\/wp-content\\\/uploads\\\/2024\\\/06\\\/cacao-3995995_1280-Imagen-de-ally-j-en-Pixabay.jpg\",\"datePublished\":\"2024-07-03T22:42:53+00:00\",\"dateModified\":\"2024-07-03T22:42:54+00:00\",\"breadcrumb\":{\"@id\":\"https:\\\/\\\/alinvest-verde.eu\\\/residuos-cacao\\\/#breadcrumb\"},\"inLanguage\":\"pt-PT\",\"potentialAction\":[{\"@type\":\"ReadAction\",\"target\":[\"https:\\\/\\\/alinvest-verde.eu\\\/residuos-cacao\\\/\"]}]},{\"@type\":\"ImageObject\",\"inLanguage\":\"pt-PT\",\"@id\":\"https:\\\/\\\/alinvest-verde.eu\\\/residuos-cacao\\\/#primaryimage\",\"url\":\"https:\\\/\\\/alinvest-verde.eu\\\/wp-content\\\/uploads\\\/2024\\\/06\\\/cacao-3995995_1280-Imagen-de-ally-j-en-Pixabay.jpg\",\"contentUrl\":\"https:\\\/\\\/alinvest-verde.eu\\\/wp-content\\\/uploads\\\/2024\\\/06\\\/cacao-3995995_1280-Imagen-de-ally-j-en-Pixabay.jpg\",\"width\":1280,\"height\":719},{\"@type\":\"BreadcrumbList\",\"@id\":\"https:\\\/\\\/alinvest-verde.eu\\\/residuos-cacao\\\/#breadcrumb\",\"itemListElement\":[{\"@type\":\"ListItem\",\"position\":1,\"name\":\"Inicio\",\"item\":\"https:\\\/\\\/alinvest-verde.eu\\\/\"},{\"@type\":\"ListItem\",\"position\":2,\"name\":\"Allgemein\",\"item\":\"https:\\\/\\\/alinvest-verde.eu\\\/category\\\/allgemein\\\/\"},{\"@type\":\"ListItem\",\"position\":3,\"name\":\"&#8211; Residuos + Cacao\"}]},{\"@type\":\"WebSite\",\"@id\":\"https:\\\/\\\/alinvest-verde.eu\\\/#website\",\"url\":\"https:\\\/\\\/alinvest-verde.eu\\\/\",\"name\":\"Programme AL-INVEST Verde\",\"description\":\"Building alliances with the private sector in LA and promote sustainable growth and jobs creation by supporting the transition towards a low-carbon, resource-efficient economy\",\"publisher\":{\"@id\":\"https:\\\/\\\/alinvest-verde.eu\\\/#organization\"},\"potentialAction\":[{\"@type\":\"SearchAction\",\"target\":{\"@type\":\"EntryPoint\",\"urlTemplate\":\"https:\\\/\\\/alinvest-verde.eu\\\/?s={search_term_string}\"},\"query-input\":{\"@type\":\"PropertyValueSpecification\",\"valueRequired\":true,\"valueName\":\"search_term_string\"}}],\"inLanguage\":\"pt-PT\"},{\"@type\":\"Organization\",\"@id\":\"https:\\\/\\\/alinvest-verde.eu\\\/#organization\",\"name\":\"Programme AL-INVEST Verde\",\"url\":\"https:\\\/\\\/alinvest-verde.eu\\\/\",\"logo\":{\"@type\":\"ImageObject\",\"inLanguage\":\"pt-PT\",\"@id\":\"https:\\\/\\\/alinvest-verde.eu\\\/#\\\/schema\\\/logo\\\/image\\\/\",\"url\":\"https:\\\/\\\/alinvest-verde.eu\\\/wp-content\\\/uploads\\\/2022\\\/01\\\/cropped-logo-financiado-por-la-UE.jpg\",\"contentUrl\":\"https:\\\/\\\/alinvest-verde.eu\\\/wp-content\\\/uploads\\\/2022\\\/01\\\/cropped-logo-financiado-por-la-UE.jpg\",\"width\":756,\"height\":216,\"caption\":\"Programme AL-INVEST Verde\"},\"image\":{\"@id\":\"https:\\\/\\\/alinvest-verde.eu\\\/#\\\/schema\\\/logo\\\/image\\\/\"}},{\"@type\":\"Person\",\"@id\":\"https:\\\/\\\/alinvest-verde.eu\\\/#\\\/schema\\\/person\\\/f18f811fbc283c4879102f4ba5f9e9cc\",\"name\":\"Malena Sousa\",\"image\":{\"@type\":\"ImageObject\",\"inLanguage\":\"pt-PT\",\"@id\":\"https:\\\/\\\/secure.gravatar.com\\\/avatar\\\/74c4287a4f65459fc00b8d8be549ed384ace7d1edd2dab408eba902c46cbcab1?s=96&d=mm&r=g\",\"url\":\"https:\\\/\\\/secure.gravatar.com\\\/avatar\\\/74c4287a4f65459fc00b8d8be549ed384ace7d1edd2dab408eba902c46cbcab1?s=96&d=mm&r=g\",\"contentUrl\":\"https:\\\/\\\/secure.gravatar.com\\\/avatar\\\/74c4287a4f65459fc00b8d8be549ed384ace7d1edd2dab408eba902c46cbcab1?s=96&d=mm&r=g\",\"caption\":\"Malena Sousa\"},\"url\":\"https:\\\/\\\/alinvest-verde.eu\\\/pt_pt_ao90\\\/author\\\/malena-sousa\\\/\"}]}<\/script>\n<!-- \/ Yoast SEO plugin. -->","yoast_head_json":{"title":"- Res\u00edduos + Cacau - Programa AL-INVEST Verde","robots":{"index":"index","follow":"follow","max-snippet":"max-snippet:-1","max-image-preview":"max-image-preview:large","max-video-preview":"max-video-preview:-1"},"canonical":"https:\/\/alinvest-verde.eu\/pt_pt_ao90\/residuos-cacao\/","og_locale":"pt_PT","og_type":"article","og_title":"- Residuos + Cacao - Programme AL-INVEST Verde","og_description":"Fortalecimiento de la econom\u00eda circular en la cadena del Cacao y el chocolate para la promoci\u00f3n de la sostenibilidad y el Desarrollo Territorial en el Per\u00fa, con foco en el departamento de Piura. El proyecto tiene como finalidad impulsar la transici\u00f3n hacia un modelo de producci\u00f3n y consumo m\u00e1s sostenible, fomentando la adopci\u00f3n de pr\u00e1cticas [&hellip;]","og_url":"https:\/\/alinvest-verde.eu\/pt_pt_ao90\/residuos-cacao\/","og_site_name":"Programme AL-INVEST Verde","article_published_time":"2024-07-03T22:42:53+00:00","article_modified_time":"2024-07-03T22:42:54+00:00","og_image":[{"width":1280,"height":719,"url":"https:\/\/alinvest-verde.eu\/wp-content\/uploads\/2024\/06\/cacao-3995995_1280-Imagen-de-ally-j-en-Pixabay.jpg","type":"image\/jpeg"}],"author":"Malena Sousa","twitter_card":"summary_large_image","twitter_misc":{"Written by":false,"Est. reading time":"3 minutos"},"schema":{"@context":"https:\/\/schema.org","@graph":[{"@type":"Article","@id":"https:\/\/alinvest-verde.eu\/residuos-cacao\/#article","isPartOf":{"@id":"https:\/\/alinvest-verde.eu\/residuos-cacao\/"},"author":{"name":"Malena Sousa","@id":"https:\/\/alinvest-verde.eu\/#\/schema\/person\/f18f811fbc283c4879102f4ba5f9e9cc"},"headline":"&#8211; Residuos + Cacao","datePublished":"2024-07-03T22:42:53+00:00","dateModified":"2024-07-03T22:42:54+00:00","mainEntityOfPage":{"@id":"https:\/\/alinvest-verde.eu\/residuos-cacao\/"},"wordCount":562,"publisher":{"@id":"https:\/\/alinvest-verde.eu\/#organization"},"image":{"@id":"https:\/\/alinvest-verde.eu\/residuos-cacao\/#primaryimage"},"thumbnailUrl":"https:\/\/alinvest-verde.eu\/wp-content\/uploads\/2024\/06\/cacao-3995995_1280-Imagen-de-ally-j-en-Pixabay.jpg","articleSection":["Allgemein"],"inLanguage":"pt-PT"},{"@type":"WebPage","@id":"https:\/\/alinvest-verde.eu\/residuos-cacao\/","url":"https:\/\/alinvest-verde.eu\/residuos-cacao\/","name":"- Res\u00edduos + Cacau - Programa AL-INVEST Verde","isPartOf":{"@id":"https:\/\/alinvest-verde.eu\/#website"},"primaryImageOfPage":{"@id":"https:\/\/alinvest-verde.eu\/residuos-cacao\/#primaryimage"},"image":{"@id":"https:\/\/alinvest-verde.eu\/residuos-cacao\/#primaryimage"},"thumbnailUrl":"https:\/\/alinvest-verde.eu\/wp-content\/uploads\/2024\/06\/cacao-3995995_1280-Imagen-de-ally-j-en-Pixabay.jpg","datePublished":"2024-07-03T22:42:53+00:00","dateModified":"2024-07-03T22:42:54+00:00","breadcrumb":{"@id":"https:\/\/alinvest-verde.eu\/residuos-cacao\/#breadcrumb"},"inLanguage":"pt-PT","potentialAction":[{"@type":"ReadAction","target":["https:\/\/alinvest-verde.eu\/residuos-cacao\/"]}]},{"@type":"ImageObject","inLanguage":"pt-PT","@id":"https:\/\/alinvest-verde.eu\/residuos-cacao\/#primaryimage","url":"https:\/\/alinvest-verde.eu\/wp-content\/uploads\/2024\/06\/cacao-3995995_1280-Imagen-de-ally-j-en-Pixabay.jpg","contentUrl":"https:\/\/alinvest-verde.eu\/wp-content\/uploads\/2024\/06\/cacao-3995995_1280-Imagen-de-ally-j-en-Pixabay.jpg","width":1280,"height":719},{"@type":"BreadcrumbList","@id":"https:\/\/alinvest-verde.eu\/residuos-cacao\/#breadcrumb","itemListElement":[{"@type":"ListItem","position":1,"name":"Inicio","item":"https:\/\/alinvest-verde.eu\/"},{"@type":"ListItem","position":2,"name":"Allgemein","item":"https:\/\/alinvest-verde.eu\/category\/allgemein\/"},{"@type":"ListItem","position":3,"name":"&#8211; Residuos + Cacao"}]},{"@type":"WebSite","@id":"https:\/\/alinvest-verde.eu\/#website","url":"https:\/\/alinvest-verde.eu\/","name":"Programa AL-INVEST Verde","description":"Construir alian\u00e7as com o sector privado na AL e promover o crescimento sustent\u00e1vel e a cria\u00e7\u00e3o de empregos, apoiando a transi\u00e7\u00e3o para uma economia de baixo carbono e eficiente em termos de recursos","publisher":{"@id":"https:\/\/alinvest-verde.eu\/#organization"},"potentialAction":[{"@type":"SearchAction","target":{"@type":"EntryPoint","urlTemplate":"https:\/\/alinvest-verde.eu\/?s={search_term_string}"},"query-input":{"@type":"PropertyValueSpecification","valueRequired":true,"valueName":"search_term_string"}}],"inLanguage":"pt-PT"},{"@type":"Organization","@id":"https:\/\/alinvest-verde.eu\/#organization","name":"Programa AL-INVEST Verde","url":"https:\/\/alinvest-verde.eu\/","logo":{"@type":"ImageObject","inLanguage":"pt-PT","@id":"https:\/\/alinvest-verde.eu\/#\/schema\/logo\/image\/","url":"https:\/\/alinvest-verde.eu\/wp-content\/uploads\/2022\/01\/cropped-logo-financiado-por-la-UE.jpg","contentUrl":"https:\/\/alinvest-verde.eu\/wp-content\/uploads\/2022\/01\/cropped-logo-financiado-por-la-UE.jpg","width":756,"height":216,"caption":"Programme AL-INVEST Verde"},"image":{"@id":"https:\/\/alinvest-verde.eu\/#\/schema\/logo\/image\/"}},{"@type":"Person","@id":"https:\/\/alinvest-verde.eu\/#\/schema\/person\/f18f811fbc283c4879102f4ba5f9e9cc","name":"Malena Sousa","image":{"@type":"ImageObject","inLanguage":"pt-PT","@id":"https:\/\/secure.gravatar.com\/avatar\/74c4287a4f65459fc00b8d8be549ed384ace7d1edd2dab408eba902c46cbcab1?s=96&d=mm&r=g","url":"https:\/\/secure.gravatar.com\/avatar\/74c4287a4f65459fc00b8d8be549ed384ace7d1edd2dab408eba902c46cbcab1?s=96&d=mm&r=g","contentUrl":"https:\/\/secure.gravatar.com\/avatar\/74c4287a4f65459fc00b8d8be549ed384ace7d1edd2dab408eba902c46cbcab1?s=96&d=mm&r=g","caption":"Malena Sousa"},"url":"https:\/\/alinvest-verde.eu\/pt_pt_ao90\/author\/malena-sousa\/"}]}},"_links":{"self":[{"href":"https:\/\/alinvest-verde.eu\/pt_pt_ao90\/wp-json\/wp\/v2\/posts\/14044","targetHints":{"allow":["GET"]}}],"collection":[{"href":"https:\/\/alinvest-verde.eu\/pt_pt_ao90\/wp-json\/wp\/v2\/posts"}],"about":[{"href":"https:\/\/alinvest-verde.eu\/pt_pt_ao90\/wp-json\/wp\/v2\/types\/post"}],"author":[{"embeddable":true,"href":"https:\/\/alinvest-verde.eu\/pt_pt_ao90\/wp-json\/wp\/v2\/users\/4"}],"replies":[{"embeddable":true,"href":"https:\/\/alinvest-verde.eu\/pt_pt_ao90\/wp-json\/wp\/v2\/comments?post=14044"}],"version-history":[{"count":3,"href":"https:\/\/alinvest-verde.eu\/pt_pt_ao90\/wp-json\/wp\/v2\/posts\/14044\/revisions"}],"predecessor-version":[{"id":14049,"href":"https:\/\/alinvest-verde.eu\/pt_pt_ao90\/wp-json\/wp\/v2\/posts\/14044\/revisions\/14049"}],"wp:featuredmedia":[{"embeddable":true,"href":"https:\/\/alinvest-verde.eu\/pt_pt_ao90\/wp-json\/wp\/v2\/media\/13267"}],"wp:attachment":[{"href":"https:\/\/alinvest-verde.eu\/pt_pt_ao90\/wp-json\/wp\/v2\/media?parent=14044"}],"wp:term":[{"taxonomy":"category","embeddable":true,"href":"https:\/\/alinvest-verde.eu\/pt_pt_ao90\/wp-json\/wp\/v2\/categories?post=14044"},{"taxonomy":"post_tag","embeddable":true,"href":"https:\/\/alinvest-verde.eu\/pt_pt_ao90\/wp-json\/wp\/v2\/tags?post=14044"}],"curies":[{"name":"wp","href":"https:\/\/api.w.org\/{rel}","templated":true}]}}