{"id":17378,"date":"2025-04-23T21:16:54","date_gmt":"2025-04-23T19:16:54","guid":{"rendered":"https:\/\/alinvest-verde.eu\/?p=17378"},"modified":"2025-04-23T21:16:55","modified_gmt":"2025-04-23T19:16:55","slug":"mas-de-31-mil-empresas-en-15-paises-de-america-latina-beneficiadas-por-el-programa-al-invest-verde","status":"publish","type":"post","link":"https:\/\/alinvest-verde.eu\/pt_pt_ao90\/mas-de-31-mil-empresas-en-15-paises-de-america-latina-beneficiadas-por-el-programa-al-invest-verde\/","title":{"rendered":"Mais de 31 000 empresas de 15 pa\u00edses da Am\u00e9rica Latina beneficiaram do programa AL-INVEST Verde.\u00a0"},"content":{"rendered":"<p class=\"wp-block-paragraph\">AL-INVEST Verde, o programa de coopera\u00e7\u00e3o internacional da Uni\u00e3o Europeia que promove a cria\u00e7\u00e3o de emprego atrav\u00e9s do desenvolvimento da economia verde na Am\u00e9rica Latina, est\u00e1 a meio caminho de um marco, atrav\u00e9s da implementa\u00e7\u00e3o da sua Componente 1, de apoio ao sector privado, com 66 projectos em curso e transforma\u00e7\u00f5es tang\u00edveis em v\u00e1rios sectores produtivos.<\/p>\n\n\n\n<p class=\"wp-block-paragraph\">O Programa conseguiu a implementa\u00e7\u00e3o de pr\u00e1ticas sustent\u00e1veis em mais de 31 000 MPME que receberam forma\u00e7\u00e3o para melhorar a produtividade e a efici\u00eancia, promover a economia circular e a digitaliza\u00e7\u00e3o, refor\u00e7ando as suas capacidades para competir em mercados mais exigentes. Al\u00e9m disso, mais de 2 000 PME conseguiram aumentar o seu volume de neg\u00f3cios e cerca de 2 500 implementaram normas, padr\u00f5es e certifica\u00e7\u00f5es de com\u00e9rcio biol\u00f3gico e justo.<\/p>\n\n\n\n<p class=\"wp-block-paragraph\">\"<em>Temos estado a trabalhar em dois pilares. O primeiro est\u00e1 relacionado com os sistemas agr\u00edcolas e o segundo com a promo\u00e7\u00e3o de modelos de neg\u00f3cio mais circulares. Temos assistido a desenvolvimentos muito positivos em muitos sectores. No sector agr\u00edcola, por exemplo, os produtores adoptaram a policultura para otimizar a produtividade e a gest\u00e3o sustent\u00e1vel dos seus recursos. Do mesmo modo, a reutiliza\u00e7\u00e3o de res\u00edduos nas MPME industriais incentivou a cria\u00e7\u00e3o de novos produtos a partir de materiais reciclados.<\/em>\", afirma Irene Haddad, chefe de equipa da componente de apoio ao sector privado do programa. &nbsp;<\/p>\n\n\n\n<p class=\"wp-block-paragraph\">Estes resultados foram poss\u00edveis gra\u00e7as aos esfor\u00e7os conjuntos de mais de 170 institui\u00e7\u00f5es latino-americanas e europeias que t\u00eam vindo a trabalhar de forma coordenada para refor\u00e7ar as PME latino-americanas.<\/p>\n\n\n\n<p class=\"wp-block-paragraph\"><strong>Cria\u00e7\u00e3o de empregos verdes<\/strong><\/p>\n\n\n\n<p class=\"wp-block-paragraph\">Um dos resultados mais not\u00e1veis \u00e9 a cria\u00e7\u00e3o e manuten\u00e7\u00e3o de cerca de 6.000 empregos verdes e digitais, uma vez que a incorpora\u00e7\u00e3o de pr\u00e1ticas sustent\u00e1veis gerou novas oportunidades de emprego nos sectores agr\u00edcola, industrial e do turismo sustent\u00e1vel, onde os trabalhadores est\u00e3o diretamente envolvidos em iniciativas para reduzir o impacto ambiental.<\/p>\n\n\n\n<p class=\"wp-block-paragraph\">Os 66 projectos do programa AL-INVEST Verde contribuem para sectores-chave da economia latino-americana, incluindo o sector agr\u00edcola, que trabalha com culturas como o caf\u00e9, o cacau, a fruta, a agroind\u00fastria, etc., o sector industrial nos sectores t\u00eaxtil, da constru\u00e7\u00e3o, qu\u00edmico, autom\u00f3vel, dos pl\u00e1sticos e da gest\u00e3o de res\u00edduos, a utiliza\u00e7\u00e3o de mat\u00e9rias-primas e o turismo sustent\u00e1vel. <strong><\/strong><\/p>\n\n\n\n<p class=\"wp-block-paragraph\"><strong>Sobre o AL-INVEST Verde<\/strong><\/p>\n\n\n\n<p class=\"wp-block-paragraph\">O AL-INVEST Verde \u00e9 um programa da Uni\u00e3o Europeia cujo principal objetivo \u00e9 promover o crescimento sustent\u00e1vel e a cria\u00e7\u00e3o de emprego na Am\u00e9rica Latina, apoiando a transi\u00e7\u00e3o para uma economia de baixo carbono, eficiente em termos de recursos e mais circular. Atrav\u00e9s da Componente 1, o programa gere fundos para a implementa\u00e7\u00e3o de projectos inovadores de associa\u00e7\u00f5es de pequenas empresas para impulsionar pr\u00e1ticas sustent\u00e1veis no sector privado. A Componente 1 \u00e9 liderada pela sequa, uma organiza\u00e7\u00e3o alem\u00e3 sem fins lucrativos que opera a n\u00edvel mundial com o objetivo de promover o sector privado.<\/p>\n\n\n\n<p class=\"wp-block-paragraph\">Para mais informa\u00e7\u00f5es, visite: <a href=\"https:\/\/alinvest-verde.eu\/pt_pt_ao90\/\">www.alinvest-verde.eu<\/a><\/p>","protected":false},"excerpt":{"rendered":"<p>AL-INVEST Verde, el programa de cooperaci\u00f3n internacional de la Uni\u00f3n Europea que promueve la creaci\u00f3n de empleo a trav\u00e9s del desarrollo de la econom\u00eda verde en Am\u00e9rica Latina est\u00e1 a mitad de camino marcando un hito, mediante la ejecuci\u00f3n de su Componente 1, de apoyo al sector privado, con 66 proyectos en curso y una [&hellip;]<\/p>\n","protected":false},"author":4,"featured_media":17379,"comment_status":"closed","ping_status":"closed","sticky":false,"template":"","format":"standard","meta":{"footnotes":""},"categories":[24,165],"tags":[154,198,30,199],"class_list":["post-17378","post","type-post","status-publish","format-standard","has-post-thumbnail","hentry","category-actualidad","category-bonn-alemania","tag-componente-1","tag-mipymes","tag-sostenibilidad","tag-transicion-verde"],"yoast_head":"<!-- This site is optimized with the Yoast SEO plugin v28.4 - https:\/\/yoast.com\/product\/yoast-seo-wordpress\/ -->\n<title>M\u00e1s de 31 mil empresas en 15 pa\u00edses de Am\u00e9rica Latina beneficiadas por el programa AL-INVEST Verde\u00a0 - Programme AL-INVEST Verde<\/title>\n<meta name=\"robots\" content=\"index, follow, max-snippet:-1, max-image-preview:large, max-video-preview:-1\" \/>\n<link rel=\"canonical\" href=\"https:\/\/alinvest-verde.eu\/pt_pt_ao90\/mas-de-31-mil-empresas-en-15-paises-de-america-latina-beneficiadas-por-el-programa-al-invest-verde\/\" \/>\n<meta property=\"og:locale\" content=\"pt_PT\" \/>\n<meta property=\"og:type\" content=\"article\" \/>\n<meta property=\"og:title\" content=\"M\u00e1s de 31 mil empresas en 15 pa\u00edses de Am\u00e9rica Latina beneficiadas por el programa AL-INVEST Verde\u00a0 - Programme AL-INVEST Verde\" \/>\n<meta property=\"og:description\" content=\"AL-INVEST Verde, el programa de cooperaci\u00f3n internacional de la Uni\u00f3n Europea que promueve la creaci\u00f3n de empleo a trav\u00e9s del desarrollo de la econom\u00eda verde en Am\u00e9rica Latina est\u00e1 a mitad de camino marcando un hito, mediante la ejecuci\u00f3n de su Componente 1, de apoyo al sector privado, con 66 proyectos en curso y una [&hellip;]\" \/>\n<meta property=\"og:url\" content=\"https:\/\/alinvest-verde.eu\/pt_pt_ao90\/mas-de-31-mil-empresas-en-15-paises-de-america-latina-beneficiadas-por-el-programa-al-invest-verde\/\" \/>\n<meta property=\"og:site_name\" content=\"Programme AL-INVEST Verde\" \/>\n<meta property=\"article:published_time\" content=\"2025-04-23T19:16:54+00:00\" \/>\n<meta property=\"article:modified_time\" content=\"2025-04-23T19:16:55+00:00\" \/>\n<meta property=\"og:image\" content=\"https:\/\/alinvest-verde.eu\/wp-content\/uploads\/2025\/04\/recicladores-2.jpg\" \/>\n\t<meta property=\"og:image:width\" content=\"1225\" \/>\n\t<meta property=\"og:image:height\" content=\"918\" \/>\n\t<meta property=\"og:image:type\" content=\"image\/jpeg\" \/>\n<meta name=\"author\" content=\"Malena Sousa\" \/>\n<meta name=\"twitter:card\" content=\"summary_large_image\" \/>\n<meta name=\"twitter:label1\" content=\"Written by\" \/>\n\t<meta name=\"twitter:data1\" content=\"\" \/>\n\t<meta name=\"twitter:label2\" content=\"Est. reading time\" \/>\n\t<meta name=\"twitter:data2\" content=\"3 minutos\" \/>\n<script type=\"application\/ld+json\" class=\"yoast-schema-graph\">{\"@context\":\"https:\\\/\\\/schema.org\",\"@graph\":[{\"@type\":\"Article\",\"@id\":\"https:\\\/\\\/alinvest-verde.eu\\\/mas-de-31-mil-empresas-en-15-paises-de-america-latina-beneficiadas-por-el-programa-al-invest-verde\\\/#article\",\"isPartOf\":{\"@id\":\"https:\\\/\\\/alinvest-verde.eu\\\/mas-de-31-mil-empresas-en-15-paises-de-america-latina-beneficiadas-por-el-programa-al-invest-verde\\\/\"},\"author\":{\"name\":\"Malena Sousa\",\"@id\":\"https:\\\/\\\/alinvest-verde.eu\\\/#\\\/schema\\\/person\\\/f18f811fbc283c4879102f4ba5f9e9cc\"},\"headline\":\"M\u00e1s de 31 mil empresas en 15 pa\u00edses de Am\u00e9rica Latina beneficiadas por el programa AL-INVEST Verde\u00a0\",\"datePublished\":\"2025-04-23T19:16:54+00:00\",\"dateModified\":\"2025-04-23T19:16:55+00:00\",\"mainEntityOfPage\":{\"@id\":\"https:\\\/\\\/alinvest-verde.eu\\\/mas-de-31-mil-empresas-en-15-paises-de-america-latina-beneficiadas-por-el-programa-al-invest-verde\\\/\"},\"wordCount\":522,\"publisher\":{\"@id\":\"https:\\\/\\\/alinvest-verde.eu\\\/#organization\"},\"image\":{\"@id\":\"https:\\\/\\\/alinvest-verde.eu\\\/mas-de-31-mil-empresas-en-15-paises-de-america-latina-beneficiadas-por-el-programa-al-invest-verde\\\/#primaryimage\"},\"thumbnailUrl\":\"https:\\\/\\\/alinvest-verde.eu\\\/wp-content\\\/uploads\\\/2025\\\/04\\\/recicladores-2.jpg\",\"keywords\":[\"Componente 1\",\"mipymes\",\"sostenibilidad\",\"transici\u00f3n verde\"],\"articleSection\":[\"Actualidad\",\"Bonn, Alemania\"],\"inLanguage\":\"pt-PT\"},{\"@type\":\"WebPage\",\"@id\":\"https:\\\/\\\/alinvest-verde.eu\\\/mas-de-31-mil-empresas-en-15-paises-de-america-latina-beneficiadas-por-el-programa-al-invest-verde\\\/\",\"url\":\"https:\\\/\\\/alinvest-verde.eu\\\/mas-de-31-mil-empresas-en-15-paises-de-america-latina-beneficiadas-por-el-programa-al-invest-verde\\\/\",\"name\":\"M\u00e1s de 31 mil empresas en 15 pa\u00edses de Am\u00e9rica Latina beneficiadas por el programa AL-INVEST Verde\u00a0 - Programme AL-INVEST Verde\",\"isPartOf\":{\"@id\":\"https:\\\/\\\/alinvest-verde.eu\\\/#website\"},\"primaryImageOfPage\":{\"@id\":\"https:\\\/\\\/alinvest-verde.eu\\\/mas-de-31-mil-empresas-en-15-paises-de-america-latina-beneficiadas-por-el-programa-al-invest-verde\\\/#primaryimage\"},\"image\":{\"@id\":\"https:\\\/\\\/alinvest-verde.eu\\\/mas-de-31-mil-empresas-en-15-paises-de-america-latina-beneficiadas-por-el-programa-al-invest-verde\\\/#primaryimage\"},\"thumbnailUrl\":\"https:\\\/\\\/alinvest-verde.eu\\\/wp-content\\\/uploads\\\/2025\\\/04\\\/recicladores-2.jpg\",\"datePublished\":\"2025-04-23T19:16:54+00:00\",\"dateModified\":\"2025-04-23T19:16:55+00:00\",\"breadcrumb\":{\"@id\":\"https:\\\/\\\/alinvest-verde.eu\\\/mas-de-31-mil-empresas-en-15-paises-de-america-latina-beneficiadas-por-el-programa-al-invest-verde\\\/#breadcrumb\"},\"inLanguage\":\"pt-PT\",\"potentialAction\":[{\"@type\":\"ReadAction\",\"target\":[\"https:\\\/\\\/alinvest-verde.eu\\\/mas-de-31-mil-empresas-en-15-paises-de-america-latina-beneficiadas-por-el-programa-al-invest-verde\\\/\"]}]},{\"@type\":\"ImageObject\",\"inLanguage\":\"pt-PT\",\"@id\":\"https:\\\/\\\/alinvest-verde.eu\\\/mas-de-31-mil-empresas-en-15-paises-de-america-latina-beneficiadas-por-el-programa-al-invest-verde\\\/#primaryimage\",\"url\":\"https:\\\/\\\/alinvest-verde.eu\\\/wp-content\\\/uploads\\\/2025\\\/04\\\/recicladores-2.jpg\",\"contentUrl\":\"https:\\\/\\\/alinvest-verde.eu\\\/wp-content\\\/uploads\\\/2025\\\/04\\\/recicladores-2.jpg\",\"width\":1225,\"height\":918},{\"@type\":\"BreadcrumbList\",\"@id\":\"https:\\\/\\\/alinvest-verde.eu\\\/mas-de-31-mil-empresas-en-15-paises-de-america-latina-beneficiadas-por-el-programa-al-invest-verde\\\/#breadcrumb\",\"itemListElement\":[{\"@type\":\"ListItem\",\"position\":1,\"name\":\"Inicio\",\"item\":\"https:\\\/\\\/alinvest-verde.eu\\\/\"},{\"@type\":\"ListItem\",\"position\":2,\"name\":\"Bonn, Alemania\",\"item\":\"https:\\\/\\\/alinvest-verde.eu\\\/category\\\/bonn-alemania\\\/\"},{\"@type\":\"ListItem\",\"position\":3,\"name\":\"M\u00e1s de 31 mil empresas en 15 pa\u00edses de Am\u00e9rica Latina beneficiadas por el programa AL-INVEST Verde\u00a0\"}]},{\"@type\":\"WebSite\",\"@id\":\"https:\\\/\\\/alinvest-verde.eu\\\/#website\",\"url\":\"https:\\\/\\\/alinvest-verde.eu\\\/\",\"name\":\"Programme AL-INVEST Verde\",\"description\":\"Building alliances with the private sector in LA and promote sustainable growth and jobs creation by supporting the transition towards a low-carbon, resource-efficient economy\",\"publisher\":{\"@id\":\"https:\\\/\\\/alinvest-verde.eu\\\/#organization\"},\"potentialAction\":[{\"@type\":\"SearchAction\",\"target\":{\"@type\":\"EntryPoint\",\"urlTemplate\":\"https:\\\/\\\/alinvest-verde.eu\\\/?s={search_term_string}\"},\"query-input\":{\"@type\":\"PropertyValueSpecification\",\"valueRequired\":true,\"valueName\":\"search_term_string\"}}],\"inLanguage\":\"pt-PT\"},{\"@type\":\"Organization\",\"@id\":\"https:\\\/\\\/alinvest-verde.eu\\\/#organization\",\"name\":\"Programme AL-INVEST Verde\",\"url\":\"https:\\\/\\\/alinvest-verde.eu\\\/\",\"logo\":{\"@type\":\"ImageObject\",\"inLanguage\":\"pt-PT\",\"@id\":\"https:\\\/\\\/alinvest-verde.eu\\\/#\\\/schema\\\/logo\\\/image\\\/\",\"url\":\"https:\\\/\\\/alinvest-verde.eu\\\/wp-content\\\/uploads\\\/2022\\\/01\\\/cropped-logo-financiado-por-la-UE.jpg\",\"contentUrl\":\"https:\\\/\\\/alinvest-verde.eu\\\/wp-content\\\/uploads\\\/2022\\\/01\\\/cropped-logo-financiado-por-la-UE.jpg\",\"width\":756,\"height\":216,\"caption\":\"Programme AL-INVEST Verde\"},\"image\":{\"@id\":\"https:\\\/\\\/alinvest-verde.eu\\\/#\\\/schema\\\/logo\\\/image\\\/\"}},{\"@type\":\"Person\",\"@id\":\"https:\\\/\\\/alinvest-verde.eu\\\/#\\\/schema\\\/person\\\/f18f811fbc283c4879102f4ba5f9e9cc\",\"name\":\"Malena Sousa\",\"image\":{\"@type\":\"ImageObject\",\"inLanguage\":\"pt-PT\",\"@id\":\"https:\\\/\\\/secure.gravatar.com\\\/avatar\\\/74c4287a4f65459fc00b8d8be549ed384ace7d1edd2dab408eba902c46cbcab1?s=96&d=mm&r=g\",\"url\":\"https:\\\/\\\/secure.gravatar.com\\\/avatar\\\/74c4287a4f65459fc00b8d8be549ed384ace7d1edd2dab408eba902c46cbcab1?s=96&d=mm&r=g\",\"contentUrl\":\"https:\\\/\\\/secure.gravatar.com\\\/avatar\\\/74c4287a4f65459fc00b8d8be549ed384ace7d1edd2dab408eba902c46cbcab1?s=96&d=mm&r=g\",\"caption\":\"Malena Sousa\"},\"url\":\"https:\\\/\\\/alinvest-verde.eu\\\/pt_pt_ao90\\\/author\\\/malena-sousa\\\/\"}]}<\/script>\n<!-- \/ Yoast SEO plugin. -->","yoast_head_json":{"title":"Mais de 31 000 empresas de 15 pa\u00edses da Am\u00e9rica Latina beneficiaram do programa AL-INVEST Verde - Programa AL-INVEST Verde","robots":{"index":"index","follow":"follow","max-snippet":"max-snippet:-1","max-image-preview":"max-image-preview:large","max-video-preview":"max-video-preview:-1"},"canonical":"https:\/\/alinvest-verde.eu\/pt_pt_ao90\/mas-de-31-mil-empresas-en-15-paises-de-america-latina-beneficiadas-por-el-programa-al-invest-verde\/","og_locale":"pt_PT","og_type":"article","og_title":"M\u00e1s de 31 mil empresas en 15 pa\u00edses de Am\u00e9rica Latina beneficiadas por el programa AL-INVEST Verde\u00a0 - Programme AL-INVEST Verde","og_description":"AL-INVEST Verde, el programa de cooperaci\u00f3n internacional de la Uni\u00f3n Europea que promueve la creaci\u00f3n de empleo a trav\u00e9s del desarrollo de la econom\u00eda verde en Am\u00e9rica Latina est\u00e1 a mitad de camino marcando un hito, mediante la ejecuci\u00f3n de su Componente 1, de apoyo al sector privado, con 66 proyectos en curso y una [&hellip;]","og_url":"https:\/\/alinvest-verde.eu\/pt_pt_ao90\/mas-de-31-mil-empresas-en-15-paises-de-america-latina-beneficiadas-por-el-programa-al-invest-verde\/","og_site_name":"Programme AL-INVEST Verde","article_published_time":"2025-04-23T19:16:54+00:00","article_modified_time":"2025-04-23T19:16:55+00:00","og_image":[{"width":1225,"height":918,"url":"https:\/\/alinvest-verde.eu\/wp-content\/uploads\/2025\/04\/recicladores-2.jpg","type":"image\/jpeg"}],"author":"Malena Sousa","twitter_card":"summary_large_image","twitter_misc":{"Written by":false,"Est. reading time":"3 minutos"},"schema":{"@context":"https:\/\/schema.org","@graph":[{"@type":"Article","@id":"https:\/\/alinvest-verde.eu\/mas-de-31-mil-empresas-en-15-paises-de-america-latina-beneficiadas-por-el-programa-al-invest-verde\/#article","isPartOf":{"@id":"https:\/\/alinvest-verde.eu\/mas-de-31-mil-empresas-en-15-paises-de-america-latina-beneficiadas-por-el-programa-al-invest-verde\/"},"author":{"name":"Malena Sousa","@id":"https:\/\/alinvest-verde.eu\/#\/schema\/person\/f18f811fbc283c4879102f4ba5f9e9cc"},"headline":"M\u00e1s de 31 mil empresas en 15 pa\u00edses de Am\u00e9rica Latina beneficiadas por el programa AL-INVEST Verde\u00a0","datePublished":"2025-04-23T19:16:54+00:00","dateModified":"2025-04-23T19:16:55+00:00","mainEntityOfPage":{"@id":"https:\/\/alinvest-verde.eu\/mas-de-31-mil-empresas-en-15-paises-de-america-latina-beneficiadas-por-el-programa-al-invest-verde\/"},"wordCount":522,"publisher":{"@id":"https:\/\/alinvest-verde.eu\/#organization"},"image":{"@id":"https:\/\/alinvest-verde.eu\/mas-de-31-mil-empresas-en-15-paises-de-america-latina-beneficiadas-por-el-programa-al-invest-verde\/#primaryimage"},"thumbnailUrl":"https:\/\/alinvest-verde.eu\/wp-content\/uploads\/2025\/04\/recicladores-2.jpg","keywords":["Componente 1","mipymes","sostenibilidad","transici\u00f3n verde"],"articleSection":["Actualidad","Bonn, Alemania"],"inLanguage":"pt-PT"},{"@type":"WebPage","@id":"https:\/\/alinvest-verde.eu\/mas-de-31-mil-empresas-en-15-paises-de-america-latina-beneficiadas-por-el-programa-al-invest-verde\/","url":"https:\/\/alinvest-verde.eu\/mas-de-31-mil-empresas-en-15-paises-de-america-latina-beneficiadas-por-el-programa-al-invest-verde\/","name":"Mais de 31 000 empresas de 15 pa\u00edses da Am\u00e9rica Latina beneficiaram do programa AL-INVEST Verde - Programa AL-INVEST Verde","isPartOf":{"@id":"https:\/\/alinvest-verde.eu\/#website"},"primaryImageOfPage":{"@id":"https:\/\/alinvest-verde.eu\/mas-de-31-mil-empresas-en-15-paises-de-america-latina-beneficiadas-por-el-programa-al-invest-verde\/#primaryimage"},"image":{"@id":"https:\/\/alinvest-verde.eu\/mas-de-31-mil-empresas-en-15-paises-de-america-latina-beneficiadas-por-el-programa-al-invest-verde\/#primaryimage"},"thumbnailUrl":"https:\/\/alinvest-verde.eu\/wp-content\/uploads\/2025\/04\/recicladores-2.jpg","datePublished":"2025-04-23T19:16:54+00:00","dateModified":"2025-04-23T19:16:55+00:00","breadcrumb":{"@id":"https:\/\/alinvest-verde.eu\/mas-de-31-mil-empresas-en-15-paises-de-america-latina-beneficiadas-por-el-programa-al-invest-verde\/#breadcrumb"},"inLanguage":"pt-PT","potentialAction":[{"@type":"ReadAction","target":["https:\/\/alinvest-verde.eu\/mas-de-31-mil-empresas-en-15-paises-de-america-latina-beneficiadas-por-el-programa-al-invest-verde\/"]}]},{"@type":"ImageObject","inLanguage":"pt-PT","@id":"https:\/\/alinvest-verde.eu\/mas-de-31-mil-empresas-en-15-paises-de-america-latina-beneficiadas-por-el-programa-al-invest-verde\/#primaryimage","url":"https:\/\/alinvest-verde.eu\/wp-content\/uploads\/2025\/04\/recicladores-2.jpg","contentUrl":"https:\/\/alinvest-verde.eu\/wp-content\/uploads\/2025\/04\/recicladores-2.jpg","width":1225,"height":918},{"@type":"BreadcrumbList","@id":"https:\/\/alinvest-verde.eu\/mas-de-31-mil-empresas-en-15-paises-de-america-latina-beneficiadas-por-el-programa-al-invest-verde\/#breadcrumb","itemListElement":[{"@type":"ListItem","position":1,"name":"Inicio","item":"https:\/\/alinvest-verde.eu\/"},{"@type":"ListItem","position":2,"name":"Bonn, Alemania","item":"https:\/\/alinvest-verde.eu\/category\/bonn-alemania\/"},{"@type":"ListItem","position":3,"name":"M\u00e1s de 31 mil empresas en 15 pa\u00edses de Am\u00e9rica Latina beneficiadas por el programa AL-INVEST Verde\u00a0"}]},{"@type":"WebSite","@id":"https:\/\/alinvest-verde.eu\/#website","url":"https:\/\/alinvest-verde.eu\/","name":"Programa AL-INVEST Verde","description":"Construir alian\u00e7as com o sector privado na AL e promover o crescimento sustent\u00e1vel e a cria\u00e7\u00e3o de empregos, apoiando a transi\u00e7\u00e3o para uma economia de baixo carbono e eficiente em termos de recursos","publisher":{"@id":"https:\/\/alinvest-verde.eu\/#organization"},"potentialAction":[{"@type":"SearchAction","target":{"@type":"EntryPoint","urlTemplate":"https:\/\/alinvest-verde.eu\/?s={search_term_string}"},"query-input":{"@type":"PropertyValueSpecification","valueRequired":true,"valueName":"search_term_string"}}],"inLanguage":"pt-PT"},{"@type":"Organization","@id":"https:\/\/alinvest-verde.eu\/#organization","name":"Programa AL-INVEST Verde","url":"https:\/\/alinvest-verde.eu\/","logo":{"@type":"ImageObject","inLanguage":"pt-PT","@id":"https:\/\/alinvest-verde.eu\/#\/schema\/logo\/image\/","url":"https:\/\/alinvest-verde.eu\/wp-content\/uploads\/2022\/01\/cropped-logo-financiado-por-la-UE.jpg","contentUrl":"https:\/\/alinvest-verde.eu\/wp-content\/uploads\/2022\/01\/cropped-logo-financiado-por-la-UE.jpg","width":756,"height":216,"caption":"Programme AL-INVEST Verde"},"image":{"@id":"https:\/\/alinvest-verde.eu\/#\/schema\/logo\/image\/"}},{"@type":"Person","@id":"https:\/\/alinvest-verde.eu\/#\/schema\/person\/f18f811fbc283c4879102f4ba5f9e9cc","name":"Malena Sousa","image":{"@type":"ImageObject","inLanguage":"pt-PT","@id":"https:\/\/secure.gravatar.com\/avatar\/74c4287a4f65459fc00b8d8be549ed384ace7d1edd2dab408eba902c46cbcab1?s=96&d=mm&r=g","url":"https:\/\/secure.gravatar.com\/avatar\/74c4287a4f65459fc00b8d8be549ed384ace7d1edd2dab408eba902c46cbcab1?s=96&d=mm&r=g","contentUrl":"https:\/\/secure.gravatar.com\/avatar\/74c4287a4f65459fc00b8d8be549ed384ace7d1edd2dab408eba902c46cbcab1?s=96&d=mm&r=g","caption":"Malena Sousa"},"url":"https:\/\/alinvest-verde.eu\/pt_pt_ao90\/author\/malena-sousa\/"}]}},"_links":{"self":[{"href":"https:\/\/alinvest-verde.eu\/pt_pt_ao90\/wp-json\/wp\/v2\/posts\/17378","targetHints":{"allow":["GET"]}}],"collection":[{"href":"https:\/\/alinvest-verde.eu\/pt_pt_ao90\/wp-json\/wp\/v2\/posts"}],"about":[{"href":"https:\/\/alinvest-verde.eu\/pt_pt_ao90\/wp-json\/wp\/v2\/types\/post"}],"author":[{"embeddable":true,"href":"https:\/\/alinvest-verde.eu\/pt_pt_ao90\/wp-json\/wp\/v2\/users\/4"}],"replies":[{"embeddable":true,"href":"https:\/\/alinvest-verde.eu\/pt_pt_ao90\/wp-json\/wp\/v2\/comments?post=17378"}],"version-history":[{"count":1,"href":"https:\/\/alinvest-verde.eu\/pt_pt_ao90\/wp-json\/wp\/v2\/posts\/17378\/revisions"}],"predecessor-version":[{"id":17380,"href":"https:\/\/alinvest-verde.eu\/pt_pt_ao90\/wp-json\/wp\/v2\/posts\/17378\/revisions\/17380"}],"wp:featuredmedia":[{"embeddable":true,"href":"https:\/\/alinvest-verde.eu\/pt_pt_ao90\/wp-json\/wp\/v2\/media\/17379"}],"wp:attachment":[{"href":"https:\/\/alinvest-verde.eu\/pt_pt_ao90\/wp-json\/wp\/v2\/media?parent=17378"}],"wp:term":[{"taxonomy":"category","embeddable":true,"href":"https:\/\/alinvest-verde.eu\/pt_pt_ao90\/wp-json\/wp\/v2\/categories?post=17378"},{"taxonomy":"post_tag","embeddable":true,"href":"https:\/\/alinvest-verde.eu\/pt_pt_ao90\/wp-json\/wp\/v2\/tags?post=17378"}],"curies":[{"name":"wp","href":"https:\/\/api.w.org\/{rel}","templated":true}]}}