{"id":20381,"date":"2026-01-28T21:02:12","date_gmt":"2026-01-28T20:02:12","guid":{"rendered":"https:\/\/alinvest-verde.eu\/?p=20381"},"modified":"2026-01-28T21:02:13","modified_gmt":"2026-01-28T20:02:13","slug":"mas-de-2-000-personas-de-nueve-provincias-de-ecuador-se-forman-en-trazabilidad-y-eudr","status":"publish","type":"post","link":"https:\/\/alinvest-verde.eu\/pt_pt_ao90\/mas-de-2-000-personas-de-nueve-provincias-de-ecuador-se-forman-en-trazabilidad-y-eudr\/","title":{"rendered":"Mais de 2.000 pessoas de nove prov\u00edncias do Equador recebem forma\u00e7\u00e3o em rastreabilidade e EUDR."},"content":{"rendered":"<p class=\"wp-block-paragraph\">Mais de 2.000 pessoas das prov\u00edncias de <strong>Guayas, Manab\u00ed, Esmeraldas, Los R\u00edos, Santo Domingo, Orellana, Napo, El Oro e Pichincha.<\/strong>, no Equador receberam forma\u00e7\u00e3o em rastreabilidade para adaptar a cadeia de valor do cacau aos requisitos do Regulamento (UE) 2023\/1115 da UE relativo a produtos isentos de desfloresta\u00e7\u00e3o (EUDR).<\/p>\n\n\n\n<p class=\"wp-block-paragraph\">O processo de forma\u00e7\u00e3o faz parte da segunda fase do projeto \u201c...\".\u201c<a href=\"https:\/\/alinvest-verde.eu\/pt_pt_ao90\/ecuador-formacion-de-formadores-cacao\/\">Formador de formadores<\/a>\u201dque est\u00e1 a decorrer desde 12 de junho e que formou <strong>82 pessoas como formadores<\/strong> que, por sua vez, replicaram a aprendizagem entre alguns dos seus <strong>1.900 implementadores<\/strong>. Estes \u00faltimos receber\u00e3o um certificado que lhes permitir\u00e1 informar mais operadores da cadeia de valor do cacau sobre os requisitos e a conformidade com a EUDR. Tanto os formadores como os executores s\u00e3o t\u00e9cnicos de centros de recolha, exportadores, empresas privadas, associa\u00e7\u00f5es e cooperativas do sector cacaueiro equatoriano.<\/p>\n\n\n\n<p class=\"wp-block-paragraph\">No dia 23 de janeiro, realizou-se um evento de forma\u00e7\u00e3o e capacita\u00e7\u00e3o no cant\u00e3o de Milagro, na prov\u00edncia de Guayas, que marcou o encerramento oficial do processo de replica\u00e7\u00e3o. O evento teve lugar na Asociaci\u00f3n 2 de mayo, uma organiza\u00e7\u00e3o de base da Uni\u00f3n de Organizaciones Campesinas Cacaoteras (UNOCACE). Dirigido por quatro formadores da UNOCACE, contou com a presen\u00e7a de 90 participantes - 40 mulheres % e 60 homens % - dos sectores p\u00fablico (2 %) e privado (98 %). Todos eles receberam um certificado de especializa\u00e7\u00e3o como implementadores.<\/p>\n\n\n\n<p class=\"wp-block-paragraph\">\u201cO \u201dformador de formadores\" \u00e9 um <strong>iniciativa conjunta da Agencia de Regulaci\u00f3n y Control Fito y Zoosanitario del Ecuador (Agrocalidad) e AL-INVEST Verde, com o apoio t\u00e9cnico de Trias<\/strong>. A forma\u00e7\u00e3o permitiu a realiza\u00e7\u00e3o de workshops de forma\u00e7\u00e3o estruturados em quatro m\u00f3dulos tem\u00e1ticos - EUDR, rastreabilidade, geo-referencia\u00e7\u00e3o e sistema GUIA - com o objetivo de refor\u00e7ar as capacidades t\u00e9cnicas e operacionais para o cumprimento do EUDR e o acesso sustent\u00e1vel aos mercados internacionais.<\/p>\n\n\n\n<p class=\"wp-block-paragraph\"><strong>Sobre o AL-INVEST Verde<\/strong><\/p>\n\n\n\n<p class=\"wp-block-paragraph\">AL-INVEST Verde \u00e9 um programa da Uni\u00e3o Europeia (UE) cujo principal objetivo \u00e9 promover o crescimento sustent\u00e1vel e a cria\u00e7\u00e3o de emprego na Am\u00e9rica Latina, apoiando a transi\u00e7\u00e3o para uma economia de baixo carbono, eficiente em recursos e mais circular. Atrav\u00e9s do Componente 2, liderado pela FIAP em cons\u00f3rcio com o IILA, o programa presta assist\u00eancia para o fortalecimento das pol\u00edticas p\u00fablicas e dos di\u00e1logos entre m\u00faltiplas partes interessadas sobre cadeias agr\u00edcolas e de valor sustent\u00e1veis, normas ambientais e laborais, bem como pol\u00edticas comerciais e econ\u00f3micas sustent\u00e1veis e quadros regulat\u00f3rios.<\/p>","protected":false},"excerpt":{"rendered":"<p>M\u00e1s de 2.000 personas de las provincias de Guayas, Manab\u00ed, Esmeraldas, Los R\u00edos, Santo Domingo, Orellana, Napo, El Oro y Pichincha, en Ecuador, han recibido formaci\u00f3n en trazabilidad para adaptar la cadena de valor del cacao a los requisitos del Reglamento (UE) 2023\/1115 sobre productos libres de deforestaci\u00f3n (EUDR). El proceso de capacitaci\u00f3n se enmarca [&hellip;]<\/p>\n","protected":false},"author":6,"featured_media":20382,"comment_status":"closed","ping_status":"closed","sticky":false,"template":"","format":"standard","meta":{"footnotes":""},"categories":[24,170],"tags":[80,21,25,38,107,30,43],"class_list":["post-20381","post","type-post","status-publish","format-standard","has-post-thumbnail","hentry","category-actualidad","category-ecuador","tag-cacao","tag-cadenas-de-valor","tag-componente-2","tag-deforestacion","tag-eudr","tag-sostenibilidad","tag-trazabilidad"],"yoast_head":"<!-- This site is optimized with the Yoast SEO plugin v28.4 - https:\/\/yoast.com\/product\/yoast-seo-wordpress\/ -->\n<title>M\u00e1s de 2.000 personas de nueve provincias de Ecuador se forman en trazabilidad y EUDR - Programme AL-INVEST Verde<\/title>\n<meta name=\"robots\" content=\"index, follow, max-snippet:-1, max-image-preview:large, max-video-preview:-1\" \/>\n<link rel=\"canonical\" href=\"https:\/\/alinvest-verde.eu\/pt_pt_ao90\/mas-de-2-000-personas-de-nueve-provincias-de-ecuador-se-forman-en-trazabilidad-y-eudr\/\" \/>\n<meta property=\"og:locale\" content=\"pt_PT\" \/>\n<meta property=\"og:type\" content=\"article\" \/>\n<meta property=\"og:title\" content=\"M\u00e1s de 2.000 personas de nueve provincias de Ecuador se forman en trazabilidad y EUDR - Programme AL-INVEST Verde\" \/>\n<meta property=\"og:description\" content=\"M\u00e1s de 2.000 personas de las provincias de Guayas, Manab\u00ed, Esmeraldas, Los R\u00edos, Santo Domingo, Orellana, Napo, El Oro y Pichincha, en Ecuador, han recibido formaci\u00f3n en trazabilidad para adaptar la cadena de valor del cacao a los requisitos del Reglamento (UE) 2023\/1115 sobre productos libres de deforestaci\u00f3n (EUDR). El proceso de capacitaci\u00f3n se enmarca [&hellip;]\" \/>\n<meta property=\"og:url\" content=\"https:\/\/alinvest-verde.eu\/pt_pt_ao90\/mas-de-2-000-personas-de-nueve-provincias-de-ecuador-se-forman-en-trazabilidad-y-eudr\/\" \/>\n<meta property=\"og:site_name\" content=\"Programme AL-INVEST Verde\" \/>\n<meta property=\"article:published_time\" content=\"2026-01-28T20:02:12+00:00\" \/>\n<meta property=\"article:modified_time\" content=\"2026-01-28T20:02:13+00:00\" \/>\n<meta property=\"og:image\" content=\"https:\/\/alinvest-verde.eu\/wp-content\/uploads\/2026\/01\/REPLICA_IMPLEMENTADORES_FDFII_TRIAS5.jpeg\" \/>\n\t<meta property=\"og:image:width\" content=\"1600\" \/>\n\t<meta property=\"og:image:height\" content=\"1200\" \/>\n\t<meta property=\"og:image:type\" content=\"image\/jpeg\" \/>\n<meta name=\"author\" content=\"Azucena Garc\u00eda\" \/>\n<meta name=\"twitter:card\" content=\"summary_large_image\" \/>\n<meta name=\"twitter:creator\" content=\"@Frank Summa\" \/>\n<meta name=\"twitter:label1\" content=\"Written by\" \/>\n\t<meta name=\"twitter:data1\" content=\"\" \/>\n\t<meta name=\"twitter:label2\" content=\"Est. reading time\" \/>\n\t<meta name=\"twitter:data2\" content=\"3 minutos\" \/>\n<script type=\"application\/ld+json\" class=\"yoast-schema-graph\">{\"@context\":\"https:\\\/\\\/schema.org\",\"@graph\":[{\"@type\":\"Article\",\"@id\":\"https:\\\/\\\/alinvest-verde.eu\\\/mas-de-2-000-personas-de-nueve-provincias-de-ecuador-se-forman-en-trazabilidad-y-eudr\\\/#article\",\"isPartOf\":{\"@id\":\"https:\\\/\\\/alinvest-verde.eu\\\/mas-de-2-000-personas-de-nueve-provincias-de-ecuador-se-forman-en-trazabilidad-y-eudr\\\/\"},\"author\":{\"name\":\"Azucena Garc\u00eda\",\"@id\":\"https:\\\/\\\/alinvest-verde.eu\\\/#\\\/schema\\\/person\\\/8804ec49772ba377829838bc11b6aa6b\"},\"headline\":\"M\u00e1s de 2.000 personas de nueve provincias de Ecuador se forman en trazabilidad y EUDR\",\"datePublished\":\"2026-01-28T20:02:12+00:00\",\"dateModified\":\"2026-01-28T20:02:13+00:00\",\"mainEntityOfPage\":{\"@id\":\"https:\\\/\\\/alinvest-verde.eu\\\/mas-de-2-000-personas-de-nueve-provincias-de-ecuador-se-forman-en-trazabilidad-y-eudr\\\/\"},\"wordCount\":449,\"publisher\":{\"@id\":\"https:\\\/\\\/alinvest-verde.eu\\\/#organization\"},\"image\":{\"@id\":\"https:\\\/\\\/alinvest-verde.eu\\\/mas-de-2-000-personas-de-nueve-provincias-de-ecuador-se-forman-en-trazabilidad-y-eudr\\\/#primaryimage\"},\"thumbnailUrl\":\"https:\\\/\\\/alinvest-verde.eu\\\/wp-content\\\/uploads\\\/2026\\\/01\\\/REPLICA_IMPLEMENTADORES_FDFII_TRIAS5.jpeg\",\"keywords\":[\"cacao\",\"cadenas de valor\",\"Componente 2\",\"deforestaci\u00f3n\",\"EUDR\",\"sostenibilidad\",\"trazabilidad\"],\"articleSection\":[\"Actualidad\",\"Ecuador\"],\"inLanguage\":\"pt-PT\"},{\"@type\":\"WebPage\",\"@id\":\"https:\\\/\\\/alinvest-verde.eu\\\/mas-de-2-000-personas-de-nueve-provincias-de-ecuador-se-forman-en-trazabilidad-y-eudr\\\/\",\"url\":\"https:\\\/\\\/alinvest-verde.eu\\\/mas-de-2-000-personas-de-nueve-provincias-de-ecuador-se-forman-en-trazabilidad-y-eudr\\\/\",\"name\":\"M\u00e1s de 2.000 personas de nueve provincias de Ecuador se forman en trazabilidad y EUDR - Programme AL-INVEST Verde\",\"isPartOf\":{\"@id\":\"https:\\\/\\\/alinvest-verde.eu\\\/#website\"},\"primaryImageOfPage\":{\"@id\":\"https:\\\/\\\/alinvest-verde.eu\\\/mas-de-2-000-personas-de-nueve-provincias-de-ecuador-se-forman-en-trazabilidad-y-eudr\\\/#primaryimage\"},\"image\":{\"@id\":\"https:\\\/\\\/alinvest-verde.eu\\\/mas-de-2-000-personas-de-nueve-provincias-de-ecuador-se-forman-en-trazabilidad-y-eudr\\\/#primaryimage\"},\"thumbnailUrl\":\"https:\\\/\\\/alinvest-verde.eu\\\/wp-content\\\/uploads\\\/2026\\\/01\\\/REPLICA_IMPLEMENTADORES_FDFII_TRIAS5.jpeg\",\"datePublished\":\"2026-01-28T20:02:12+00:00\",\"dateModified\":\"2026-01-28T20:02:13+00:00\",\"breadcrumb\":{\"@id\":\"https:\\\/\\\/alinvest-verde.eu\\\/mas-de-2-000-personas-de-nueve-provincias-de-ecuador-se-forman-en-trazabilidad-y-eudr\\\/#breadcrumb\"},\"inLanguage\":\"pt-PT\",\"potentialAction\":[{\"@type\":\"ReadAction\",\"target\":[\"https:\\\/\\\/alinvest-verde.eu\\\/mas-de-2-000-personas-de-nueve-provincias-de-ecuador-se-forman-en-trazabilidad-y-eudr\\\/\"]}]},{\"@type\":\"ImageObject\",\"inLanguage\":\"pt-PT\",\"@id\":\"https:\\\/\\\/alinvest-verde.eu\\\/mas-de-2-000-personas-de-nueve-provincias-de-ecuador-se-forman-en-trazabilidad-y-eudr\\\/#primaryimage\",\"url\":\"https:\\\/\\\/alinvest-verde.eu\\\/wp-content\\\/uploads\\\/2026\\\/01\\\/REPLICA_IMPLEMENTADORES_FDFII_TRIAS5.jpeg\",\"contentUrl\":\"https:\\\/\\\/alinvest-verde.eu\\\/wp-content\\\/uploads\\\/2026\\\/01\\\/REPLICA_IMPLEMENTADORES_FDFII_TRIAS5.jpeg\",\"width\":1600,\"height\":1200},{\"@type\":\"BreadcrumbList\",\"@id\":\"https:\\\/\\\/alinvest-verde.eu\\\/mas-de-2-000-personas-de-nueve-provincias-de-ecuador-se-forman-en-trazabilidad-y-eudr\\\/#breadcrumb\",\"itemListElement\":[{\"@type\":\"ListItem\",\"position\":1,\"name\":\"Inicio\",\"item\":\"https:\\\/\\\/alinvest-verde.eu\\\/\"},{\"@type\":\"ListItem\",\"position\":2,\"name\":\"Actualidad\",\"item\":\"https:\\\/\\\/alinvest-verde.eu\\\/category\\\/actualidad\\\/\"},{\"@type\":\"ListItem\",\"position\":3,\"name\":\"M\u00e1s de 2.000 personas de nueve provincias de Ecuador se forman en trazabilidad y EUDR\"}]},{\"@type\":\"WebSite\",\"@id\":\"https:\\\/\\\/alinvest-verde.eu\\\/#website\",\"url\":\"https:\\\/\\\/alinvest-verde.eu\\\/\",\"name\":\"Programme AL-INVEST Verde\",\"description\":\"Building alliances with the private sector in LA and promote sustainable growth and jobs creation by supporting the transition towards a low-carbon, resource-efficient economy\",\"publisher\":{\"@id\":\"https:\\\/\\\/alinvest-verde.eu\\\/#organization\"},\"potentialAction\":[{\"@type\":\"SearchAction\",\"target\":{\"@type\":\"EntryPoint\",\"urlTemplate\":\"https:\\\/\\\/alinvest-verde.eu\\\/?s={search_term_string}\"},\"query-input\":{\"@type\":\"PropertyValueSpecification\",\"valueRequired\":true,\"valueName\":\"search_term_string\"}}],\"inLanguage\":\"pt-PT\"},{\"@type\":\"Organization\",\"@id\":\"https:\\\/\\\/alinvest-verde.eu\\\/#organization\",\"name\":\"Programme AL-INVEST Verde\",\"url\":\"https:\\\/\\\/alinvest-verde.eu\\\/\",\"logo\":{\"@type\":\"ImageObject\",\"inLanguage\":\"pt-PT\",\"@id\":\"https:\\\/\\\/alinvest-verde.eu\\\/#\\\/schema\\\/logo\\\/image\\\/\",\"url\":\"https:\\\/\\\/alinvest-verde.eu\\\/wp-content\\\/uploads\\\/2022\\\/01\\\/cropped-logo-financiado-por-la-UE.jpg\",\"contentUrl\":\"https:\\\/\\\/alinvest-verde.eu\\\/wp-content\\\/uploads\\\/2022\\\/01\\\/cropped-logo-financiado-por-la-UE.jpg\",\"width\":756,\"height\":216,\"caption\":\"Programme AL-INVEST Verde\"},\"image\":{\"@id\":\"https:\\\/\\\/alinvest-verde.eu\\\/#\\\/schema\\\/logo\\\/image\\\/\"}},{\"@type\":\"Person\",\"@id\":\"https:\\\/\\\/alinvest-verde.eu\\\/#\\\/schema\\\/person\\\/8804ec49772ba377829838bc11b6aa6b\",\"name\":\"Azucena Garc\u00eda\",\"image\":{\"@type\":\"ImageObject\",\"inLanguage\":\"pt-PT\",\"@id\":\"https:\\\/\\\/secure.gravatar.com\\\/avatar\\\/fc4d91c562d3c4ac55cafd2f4ae4ebd513d2304b007a5c8d4f2d8543edeb9d79?s=96&d=mm&r=g\",\"url\":\"https:\\\/\\\/secure.gravatar.com\\\/avatar\\\/fc4d91c562d3c4ac55cafd2f4ae4ebd513d2304b007a5c8d4f2d8543edeb9d79?s=96&d=mm&r=g\",\"contentUrl\":\"https:\\\/\\\/secure.gravatar.com\\\/avatar\\\/fc4d91c562d3c4ac55cafd2f4ae4ebd513d2304b007a5c8d4f2d8543edeb9d79?s=96&d=mm&r=g\",\"caption\":\"Azucena Garc\u00eda\"},\"sameAs\":[\"https:\\\/\\\/x.com\\\/Frank Summa\"],\"url\":\"https:\\\/\\\/alinvest-verde.eu\\\/pt_pt_ao90\\\/author\\\/azucena-garcia\\\/\"}]}<\/script>\n<!-- \/ Yoast SEO plugin. -->","yoast_head_json":{"title":"Mais de 2 000 pessoas de nove prov\u00edncias do Equador recebem forma\u00e7\u00e3o sobre rastreabilidade e EUDR - Programa AL-INVEST Verde","robots":{"index":"index","follow":"follow","max-snippet":"max-snippet:-1","max-image-preview":"max-image-preview:large","max-video-preview":"max-video-preview:-1"},"canonical":"https:\/\/alinvest-verde.eu\/pt_pt_ao90\/mas-de-2-000-personas-de-nueve-provincias-de-ecuador-se-forman-en-trazabilidad-y-eudr\/","og_locale":"pt_PT","og_type":"article","og_title":"M\u00e1s de 2.000 personas de nueve provincias de Ecuador se forman en trazabilidad y EUDR - Programme AL-INVEST Verde","og_description":"M\u00e1s de 2.000 personas de las provincias de Guayas, Manab\u00ed, Esmeraldas, Los R\u00edos, Santo Domingo, Orellana, Napo, El Oro y Pichincha, en Ecuador, han recibido formaci\u00f3n en trazabilidad para adaptar la cadena de valor del cacao a los requisitos del Reglamento (UE) 2023\/1115 sobre productos libres de deforestaci\u00f3n (EUDR). El proceso de capacitaci\u00f3n se enmarca [&hellip;]","og_url":"https:\/\/alinvest-verde.eu\/pt_pt_ao90\/mas-de-2-000-personas-de-nueve-provincias-de-ecuador-se-forman-en-trazabilidad-y-eudr\/","og_site_name":"Programme AL-INVEST Verde","article_published_time":"2026-01-28T20:02:12+00:00","article_modified_time":"2026-01-28T20:02:13+00:00","og_image":[{"width":1600,"height":1200,"url":"https:\/\/alinvest-verde.eu\/wp-content\/uploads\/2026\/01\/REPLICA_IMPLEMENTADORES_FDFII_TRIAS5.jpeg","type":"image\/jpeg"}],"author":"Azucena Garc\u00eda","twitter_card":"summary_large_image","twitter_creator":"@Frank Summa","twitter_misc":{"Written by":false,"Est. reading time":"3 minutos"},"schema":{"@context":"https:\/\/schema.org","@graph":[{"@type":"Article","@id":"https:\/\/alinvest-verde.eu\/mas-de-2-000-personas-de-nueve-provincias-de-ecuador-se-forman-en-trazabilidad-y-eudr\/#article","isPartOf":{"@id":"https:\/\/alinvest-verde.eu\/mas-de-2-000-personas-de-nueve-provincias-de-ecuador-se-forman-en-trazabilidad-y-eudr\/"},"author":{"name":"Azucena Garc\u00eda","@id":"https:\/\/alinvest-verde.eu\/#\/schema\/person\/8804ec49772ba377829838bc11b6aa6b"},"headline":"M\u00e1s de 2.000 personas de nueve provincias de Ecuador se forman en trazabilidad y EUDR","datePublished":"2026-01-28T20:02:12+00:00","dateModified":"2026-01-28T20:02:13+00:00","mainEntityOfPage":{"@id":"https:\/\/alinvest-verde.eu\/mas-de-2-000-personas-de-nueve-provincias-de-ecuador-se-forman-en-trazabilidad-y-eudr\/"},"wordCount":449,"publisher":{"@id":"https:\/\/alinvest-verde.eu\/#organization"},"image":{"@id":"https:\/\/alinvest-verde.eu\/mas-de-2-000-personas-de-nueve-provincias-de-ecuador-se-forman-en-trazabilidad-y-eudr\/#primaryimage"},"thumbnailUrl":"https:\/\/alinvest-verde.eu\/wp-content\/uploads\/2026\/01\/REPLICA_IMPLEMENTADORES_FDFII_TRIAS5.jpeg","keywords":["cacao","cadenas de valor","Componente 2","deforestaci\u00f3n","EUDR","sostenibilidad","trazabilidad"],"articleSection":["Actualidad","Ecuador"],"inLanguage":"pt-PT"},{"@type":"WebPage","@id":"https:\/\/alinvest-verde.eu\/mas-de-2-000-personas-de-nueve-provincias-de-ecuador-se-forman-en-trazabilidad-y-eudr\/","url":"https:\/\/alinvest-verde.eu\/mas-de-2-000-personas-de-nueve-provincias-de-ecuador-se-forman-en-trazabilidad-y-eudr\/","name":"Mais de 2 000 pessoas de nove prov\u00edncias do Equador recebem forma\u00e7\u00e3o sobre rastreabilidade e EUDR - Programa AL-INVEST Verde","isPartOf":{"@id":"https:\/\/alinvest-verde.eu\/#website"},"primaryImageOfPage":{"@id":"https:\/\/alinvest-verde.eu\/mas-de-2-000-personas-de-nueve-provincias-de-ecuador-se-forman-en-trazabilidad-y-eudr\/#primaryimage"},"image":{"@id":"https:\/\/alinvest-verde.eu\/mas-de-2-000-personas-de-nueve-provincias-de-ecuador-se-forman-en-trazabilidad-y-eudr\/#primaryimage"},"thumbnailUrl":"https:\/\/alinvest-verde.eu\/wp-content\/uploads\/2026\/01\/REPLICA_IMPLEMENTADORES_FDFII_TRIAS5.jpeg","datePublished":"2026-01-28T20:02:12+00:00","dateModified":"2026-01-28T20:02:13+00:00","breadcrumb":{"@id":"https:\/\/alinvest-verde.eu\/mas-de-2-000-personas-de-nueve-provincias-de-ecuador-se-forman-en-trazabilidad-y-eudr\/#breadcrumb"},"inLanguage":"pt-PT","potentialAction":[{"@type":"ReadAction","target":["https:\/\/alinvest-verde.eu\/mas-de-2-000-personas-de-nueve-provincias-de-ecuador-se-forman-en-trazabilidad-y-eudr\/"]}]},{"@type":"ImageObject","inLanguage":"pt-PT","@id":"https:\/\/alinvest-verde.eu\/mas-de-2-000-personas-de-nueve-provincias-de-ecuador-se-forman-en-trazabilidad-y-eudr\/#primaryimage","url":"https:\/\/alinvest-verde.eu\/wp-content\/uploads\/2026\/01\/REPLICA_IMPLEMENTADORES_FDFII_TRIAS5.jpeg","contentUrl":"https:\/\/alinvest-verde.eu\/wp-content\/uploads\/2026\/01\/REPLICA_IMPLEMENTADORES_FDFII_TRIAS5.jpeg","width":1600,"height":1200},{"@type":"BreadcrumbList","@id":"https:\/\/alinvest-verde.eu\/mas-de-2-000-personas-de-nueve-provincias-de-ecuador-se-forman-en-trazabilidad-y-eudr\/#breadcrumb","itemListElement":[{"@type":"ListItem","position":1,"name":"Inicio","item":"https:\/\/alinvest-verde.eu\/"},{"@type":"ListItem","position":2,"name":"Actualidad","item":"https:\/\/alinvest-verde.eu\/category\/actualidad\/"},{"@type":"ListItem","position":3,"name":"M\u00e1s de 2.000 personas de nueve provincias de Ecuador se forman en trazabilidad y EUDR"}]},{"@type":"WebSite","@id":"https:\/\/alinvest-verde.eu\/#website","url":"https:\/\/alinvest-verde.eu\/","name":"Programa AL-INVEST Verde","description":"Construir alian\u00e7as com o sector privado na AL e promover o crescimento sustent\u00e1vel e a cria\u00e7\u00e3o de empregos, apoiando a transi\u00e7\u00e3o para uma economia de baixo carbono e eficiente em termos de recursos","publisher":{"@id":"https:\/\/alinvest-verde.eu\/#organization"},"potentialAction":[{"@type":"SearchAction","target":{"@type":"EntryPoint","urlTemplate":"https:\/\/alinvest-verde.eu\/?s={search_term_string}"},"query-input":{"@type":"PropertyValueSpecification","valueRequired":true,"valueName":"search_term_string"}}],"inLanguage":"pt-PT"},{"@type":"Organization","@id":"https:\/\/alinvest-verde.eu\/#organization","name":"Programa AL-INVEST Verde","url":"https:\/\/alinvest-verde.eu\/","logo":{"@type":"ImageObject","inLanguage":"pt-PT","@id":"https:\/\/alinvest-verde.eu\/#\/schema\/logo\/image\/","url":"https:\/\/alinvest-verde.eu\/wp-content\/uploads\/2022\/01\/cropped-logo-financiado-por-la-UE.jpg","contentUrl":"https:\/\/alinvest-verde.eu\/wp-content\/uploads\/2022\/01\/cropped-logo-financiado-por-la-UE.jpg","width":756,"height":216,"caption":"Programme AL-INVEST Verde"},"image":{"@id":"https:\/\/alinvest-verde.eu\/#\/schema\/logo\/image\/"}},{"@type":"Person","@id":"https:\/\/alinvest-verde.eu\/#\/schema\/person\/8804ec49772ba377829838bc11b6aa6b","name":"Azucena Garcia","image":{"@type":"ImageObject","inLanguage":"pt-PT","@id":"https:\/\/secure.gravatar.com\/avatar\/fc4d91c562d3c4ac55cafd2f4ae4ebd513d2304b007a5c8d4f2d8543edeb9d79?s=96&d=mm&r=g","url":"https:\/\/secure.gravatar.com\/avatar\/fc4d91c562d3c4ac55cafd2f4ae4ebd513d2304b007a5c8d4f2d8543edeb9d79?s=96&d=mm&r=g","contentUrl":"https:\/\/secure.gravatar.com\/avatar\/fc4d91c562d3c4ac55cafd2f4ae4ebd513d2304b007a5c8d4f2d8543edeb9d79?s=96&d=mm&r=g","caption":"Azucena Garc\u00eda"},"sameAs":["https:\/\/x.com\/Frank Summa"],"url":"https:\/\/alinvest-verde.eu\/pt_pt_ao90\/author\/azucena-garcia\/"}]}},"_links":{"self":[{"href":"https:\/\/alinvest-verde.eu\/pt_pt_ao90\/wp-json\/wp\/v2\/posts\/20381","targetHints":{"allow":["GET"]}}],"collection":[{"href":"https:\/\/alinvest-verde.eu\/pt_pt_ao90\/wp-json\/wp\/v2\/posts"}],"about":[{"href":"https:\/\/alinvest-verde.eu\/pt_pt_ao90\/wp-json\/wp\/v2\/types\/post"}],"author":[{"embeddable":true,"href":"https:\/\/alinvest-verde.eu\/pt_pt_ao90\/wp-json\/wp\/v2\/users\/6"}],"replies":[{"embeddable":true,"href":"https:\/\/alinvest-verde.eu\/pt_pt_ao90\/wp-json\/wp\/v2\/comments?post=20381"}],"version-history":[{"count":1,"href":"https:\/\/alinvest-verde.eu\/pt_pt_ao90\/wp-json\/wp\/v2\/posts\/20381\/revisions"}],"predecessor-version":[{"id":20383,"href":"https:\/\/alinvest-verde.eu\/pt_pt_ao90\/wp-json\/wp\/v2\/posts\/20381\/revisions\/20383"}],"wp:featuredmedia":[{"embeddable":true,"href":"https:\/\/alinvest-verde.eu\/pt_pt_ao90\/wp-json\/wp\/v2\/media\/20382"}],"wp:attachment":[{"href":"https:\/\/alinvest-verde.eu\/pt_pt_ao90\/wp-json\/wp\/v2\/media?parent=20381"}],"wp:term":[{"taxonomy":"category","embeddable":true,"href":"https:\/\/alinvest-verde.eu\/pt_pt_ao90\/wp-json\/wp\/v2\/categories?post=20381"},{"taxonomy":"post_tag","embeddable":true,"href":"https:\/\/alinvest-verde.eu\/pt_pt_ao90\/wp-json\/wp\/v2\/tags?post=20381"}],"curies":[{"name":"wp","href":"https:\/\/api.w.org\/{rel}","templated":true}]}}