{"id":20557,"date":"2026-02-21T05:22:28","date_gmt":"2026-02-21T04:22:28","guid":{"rendered":"https:\/\/alinvest-verde.eu\/?p=20557"},"modified":"2026-06-17T18:48:59","modified_gmt":"2026-06-17T16:48:59","slug":"misiones-de-conexion-y-aprendizaje-agenda-preliminar","status":"publish","type":"post","link":"https:\/\/alinvest-verde.eu\/pt_pt_ao90\/misiones-de-conexion-y-aprendizaje-agenda-preliminar\/","title":{"rendered":"Ligar e aprender miss\u00f5es"},"content":{"rendered":"<p class=\"wp-block-paragraph\">No \u00e2mbito do evento, est\u00e3o previstas visitas a v\u00e1rias organiza\u00e7\u00f5es. Estas visitas t\u00eam como principal objetivo proporcionar um espa\u00e7o de interc\u00e2mbio e refor\u00e7ar a aprendizagem atrav\u00e9s de encontros com empresas e institui\u00e7\u00f5es de refer\u00eancia que apresentam grandes avan\u00e7os na transi\u00e7\u00e3o para modelos mais sustent\u00e1veis e na implementa\u00e7\u00e3o de boas pr\u00e1ticas. <\/p>\n\n\n\n<p class=\"wp-block-paragraph\">As miss\u00f5es est\u00e3o agendadas para o dia <strong>18 de junho<\/strong> e centradas nos seguintes temas: turismo, exporta\u00e7\u00f5es e economia circular.<\/p>\n\n\n\n<div data-wp-context=\"{ &quot;autoclose&quot;: false, &quot;accordionItems&quot;: [] }\" data-wp-interactive=\"core\/accordion\" role=\"group\" class=\"wp-block-accordion is-layout-flow wp-block-accordion-is-layout-flow\">\n<div data-wp-class--is-open=\"state.isOpen\" data-wp-context=\"{ &quot;id&quot;: &quot;accordion-item-1&quot;, &quot;openByDefault&quot;: false }\" data-wp-init=\"callbacks.initAccordionItems\" data-wp-on-window--hashchange=\"callbacks.hashChange\" class=\"wp-block-accordion-item is-layout-flow wp-block-accordion-item-is-layout-flow\">\n<h3 class=\"wp-block-accordion-heading\"><button aria-expanded=\"false\" aria-controls=\"accordion-item-1-panel\" data-wp-bind--aria-expanded=\"state.isOpen\" data-wp-on--click=\"actions.toggle\" id=\"accordion-item-1\" type=\"button\" class=\"wp-block-accordion-heading__toggle\"><span class=\"wp-block-accordion-heading__toggle-title\"><strong>Turismo sustent\u00e1vel e cultura local<\/strong><\/span><span class=\"wp-block-accordion-heading__toggle-icon\" aria-hidden=\"true\">+<\/span><\/button><\/h3>\n\n\n\n<div aria-labelledby=\"accordion-item-1\" data-wp-bind--hidden=\"state.isHidden\" data-wp-on--beforematch=\"actions.handleBeforeMatch\" id=\"accordion-item-1-panel\" role=\"region\" class=\"wp-block-accordion-panel is-layout-flow wp-block-accordion-panel-is-layout-flow\">\n<p class=\"wp-block-paragraph\"><a href=\"https:\/\/chat.whatsapp.com\/Itjydq3KTfUBdkUfOc0KuX?s=cl&amp;p=i&amp;ilr=4\">Junta-te ao grupo do WhatsApp desta visita<\/a>. <\/p>\n\n\n\n<p class=\"wp-block-paragraph\"><strong>Amigo Hotel<\/strong><\/p>\n\n\n\n<p class=\"wp-block-paragraph\">A visita levar\u00e1 os participantes a um prestigiado hotel de luxo de cinco estrelas situado no centro hist\u00f3rico de Bruxelas, um estabelecimento reconhecido pela sua hospitalidade de primeira classe, pelo seu rico patrim\u00f3nio hist\u00f3rico e pela sua identidade cultural marcante. <\/p>\n\n\n\n<p class=\"wp-block-paragraph\"><strong>Concept Chocolate<\/strong><\/p>\n\n\n\n<p class=\"wp-block-paragraph\">Oferecer\u00e1 uma perspetiva diferente, uma vez que mostra uma empresa que se destaca no competitivo setor do chocolate belga gra\u00e7as ao seu compromisso com a produ\u00e7\u00e3o artesanal, a sustentabilidade e a personaliza\u00e7\u00e3o de produtos de alta gama. <\/p>\n\n\n\n<p class=\"wp-block-paragraph\"><strong>Ponto de encontro <\/strong><\/p>\n\n\n\n<p class=\"wp-block-paragraph\">Encontro no Hotel Amigo \u2013 Morada: Rue de l\u2019Amigo 1, 1000 Bruxelas, B\u00e9lgica \u2013 <a href=\"https:\/\/maps.app.goo.gl\/v6twEJMorBqs12C26\">Mapa<\/a><\/p>\n\n\n\n<p class=\"wp-block-paragraph\"><strong>Como chegar<\/strong><\/p>\n\n\n\n<p class=\"wp-block-paragraph\">O Hotel Amigo est\u00e1 situado no centro de Bruxelas, junto \u00e0 Grande Place<\/p>\n\n\n\n<p class=\"wp-block-paragraph\">De transportes p\u00fablicos, saia na Esta\u00e7\u00e3o Central de Comboios (Gare Central) e caminhe at\u00e9 ao hotel<\/p>\n\n\n\n<p class=\"wp-block-paragraph\"><strong>L\u00edngua: <\/strong>Ingl\u00eas<\/p>\n\n\n\n<p class=\"wp-block-paragraph\"><strong>Agenda<\/strong><\/p>\n\n\n\n<p class=\"wp-block-paragraph\">10h40 \u2013 10h55 Encontro dos participantes no \u00e1trio do Hotel Amigo<\/p>\n\n\n\n<p class=\"wp-block-paragraph\">11:00 \u2013 12:30 Apresenta\u00e7\u00e3o pelo Diretor de Qualidade e Forma\u00e7\u00e3o e visita t\u00e9cnica ao hotel<\/p>\n\n\n\n<p class=\"wp-block-paragraph\">12h30 \u2013 13h30  Almo\u00e7o<\/p>\n\n\n\n<p class=\"wp-block-paragraph\">14:00  Partida do Hotel Amigo para a Concept Chocolate (em transporte privado)<\/p>\n\n\n\n<p class=\"wp-block-paragraph\">15:00 \u2013 17:00  Visita guiada \u00e0 Concept Chocolate<\/p>\n\n\n\n<p class=\"wp-block-paragraph\"><strong>Participantes<\/strong><\/p>\n\n\n\n<figure class=\"wp-block-table\"><table class=\"has-fixed-layout\"><tbody><tr><td>C\u00e2mara de Com\u00e9rcio de Bucaramanga<\/td><td>Marcela Andrade<\/td><\/tr><tr><td>CC. Cartagena<\/td><td>Nadir Hassan<\/td><\/tr><tr><td>CC. La Guajira<\/td><td>Gabriel Oyaga<\/td><\/tr><tr><td>Amigos da Terra<\/td><td>Pedro Burnier<\/td><\/tr><tr><td>Circuito de Excel\u00eancia<\/td><td>Daniel Vocino<\/td><\/tr><tr><td>Circuito de Excel\u00eancia<\/td><td>Jenny Martinez<\/td><\/tr><tr><td>FUNDEMAS<\/td><td>Haydee de Trigueros<\/td><\/tr><tr><td>SEBRAE PA<\/td><td>Paula Maia<\/td><\/tr><tr><td>SEBRAE PA<\/td><td>Renata Da Silva<\/td><\/tr><tr><td>CC Pereira<\/td><td>Hellman Camargo<\/td><\/tr><tr><td>CACB<\/td><td>Orielly Galimberti<\/td><\/tr><tr><td>CAINCO<\/td><td>Bernardo Llobet<\/td><\/tr><tr><td>FEDEXPOR<\/td><td>Javier Delgado<\/td><\/tr><tr><td>COPARMEX<\/td><td>Guillermo Palos<\/td><\/tr><tr><td>WofA<\/td><td>Magdalena Pesce<\/td><\/tr><tr><td>Eurecat<\/td><td>Cristian Riquelme<\/td><\/tr><tr><td>Finnova<\/td><td>Michel Lapierre<\/td><\/tr><\/tbody><\/table><\/figure>\n<\/div>\n<\/div>\n<\/div>\n\n\n\n<div data-wp-context=\"{ &quot;autoclose&quot;: false, &quot;accordionItems&quot;: [] }\" data-wp-interactive=\"core\/accordion\" role=\"group\" class=\"wp-block-accordion is-layout-flow wp-block-accordion-is-layout-flow\">\n<div data-wp-class--is-open=\"state.isOpen\" data-wp-context=\"{ &quot;id&quot;: &quot;accordion-item-2&quot;, &quot;openByDefault&quot;: false }\" data-wp-init=\"callbacks.initAccordionItems\" data-wp-on-window--hashchange=\"callbacks.hashChange\" class=\"wp-block-accordion-item is-layout-flow wp-block-accordion-item-is-layout-flow\">\n<h3 class=\"wp-block-accordion-heading\"><button aria-expanded=\"false\" aria-controls=\"accordion-item-2-panel\" data-wp-bind--aria-expanded=\"state.isOpen\" data-wp-on--click=\"actions.toggle\" id=\"accordion-item-2\" type=\"button\" class=\"wp-block-accordion-heading__toggle\"><span class=\"wp-block-accordion-heading__toggle-title\"><strong>Inova\u00e7\u00e3o Circular e cultura local<\/strong><\/span><span class=\"wp-block-accordion-heading__toggle-icon\" aria-hidden=\"true\">+<\/span><\/button><\/h3>\n\n\n\n<div aria-labelledby=\"accordion-item-2\" data-wp-bind--hidden=\"state.isHidden\" data-wp-on--beforematch=\"actions.handleBeforeMatch\" id=\"accordion-item-2-panel\" role=\"region\" class=\"wp-block-accordion-panel is-layout-flow wp-block-accordion-panel-is-layout-flow\">\n<p class=\"wp-block-paragraph\"><a href=\"https:\/\/chat.whatsapp.com\/JIL7V7MeOPs0HV6nosfgdA?s=cl&amp;p=i&amp;ilr=4\">Junta-te ao grupo do WhatsApp desta visita<\/a>. <\/p>\n\n\n\n<p class=\"wp-block-paragraph\"><strong> Greenbizz<\/strong><\/p>\n\n\n\n<p class=\"wp-block-paragraph\">Uma incubadora de empresas especializada e um espa\u00e7o de trabalho sustent\u00e1vel, que apoia as empresas emergentes empenhadas na sustentabilidade e na economia circular, oferecendo um ambiente concebido para ajudar as empresas inovadoras a crescer.<\/p>\n\n\n\n<p class=\"wp-block-paragraph\"><strong>Brasserie da Senne<\/strong><\/p>\n\n\n\n<p class=\"wp-block-paragraph\">Visitaremos a tradicional cervejaria belga Brasserie de La Senne. A visita \u00e0 Brasserie de La Senne \u00e9 especialmente gratificante para quem valoriza a sustentabilidade, uma vez que a cervejaria integra ativamente pr\u00e1ticas respeitadoras do ambiente nas suas opera\u00e7\u00f5es.<\/p>\n\n\n\n<p class=\"wp-block-paragraph\"><strong>Ponto de encontro <\/strong><\/p>\n\n\n\n<p class=\"wp-block-paragraph\"><strong>Endere\u00e7o: <\/strong>Rua Dieudonn\u00e9 Lef\u00e8vre, 17, 1020 Bruxelas \u2013 <a href=\"https:\/\/maps.app.goo.gl\/dssa6Uvt3Eoezq2A7\">Mapa<\/a><\/p>\n\n\n\n<p class=\"wp-block-paragraph\"><strong>Como chegar<\/strong><\/p>\n\n\n\n<ul class=\"wp-block-list\">\n<li>Para esta visita, o mais aconselh\u00e1vel \u00e9 vir de t\u00e1xi ou atrav\u00e9s de uma aplica\u00e7\u00e3o de transporte (como o Uber ou o Bolt)<\/li>\n\n\n\n<li>Transportes p\u00fablicos: a partir do centro, recomenda-se apanhar o autocarro 46 na paragem Bourse e sair na paragem final Pannenhuis<\/li>\n<\/ul>\n\n\n\n<p class=\"wp-block-paragraph\"><strong>L\u00edngua: <\/strong>Portugu\u00eas\/ Ingl\u00eas<\/p>\n\n\n\n<p class=\"wp-block-paragraph\"><strong>Agenda<\/strong><\/p>\n\n\n\n<p class=\"wp-block-paragraph\">10h30 \u2013 Encontro dos participantes no Greenbizz<\/p>\n\n\n\n<p class=\"wp-block-paragraph\">11:00 \u2013 12:00 Apresenta\u00e7\u00e3o da Greenbizz com visita guiada \u00e0s instala\u00e7\u00f5es (2 grupos)<\/p>\n\n\n\n<p class=\"wp-block-paragraph\">12:00 \u2013 13:00 Visita t\u00e9cnica, dividida em dois grupos, \u00e0s startups da Greenbizz<\/p>\n\n\n\n<p class=\"wp-block-paragraph\">13:00 \u2013 14:00 Almo\u00e7o (lancheira)&nbsp;<\/p>\n\n\n\n<p class=\"wp-block-paragraph\">14:00 \u2013 Partida para a cervejaria (deslocamento a p\u00e9)<\/p>\n\n\n\n<p class=\"wp-block-paragraph\">14h30 \u2013 16h00 Visita guiada \u00e0 Brasserie de la Senne<\/p>\n\n\n\n<p class=\"wp-block-paragraph\"><strong>Participantes<\/strong><\/p>\n\n\n\n<figure class=\"wp-block-table\"><table class=\"has-fixed-layout\"><tbody><tr><td>ACIUB<\/td><td>Janayne Nu\u00f1ez<\/td><\/tr><tr><td>ACIUB<\/td><td>Marcio Boccio<\/td><\/tr><tr><td>ANDI<\/td><td>M\u00f3nica Alejandra<\/td><\/tr><tr><td>Aspem<\/td><td>Margarita Gatti<\/td><\/tr><tr><td>CACB<\/td><td>Gabriele Oliviera<\/td><\/tr><tr><td>CAINCO<\/td><td>Ricardo Tabarillo<\/td><\/tr><tr><td>C\u00e2mara da Cant\u00e1bria<\/td><td>Llanos San Miguel<\/td><\/tr><tr><td>C\u00e2mara de Com\u00e9rcio de Lima<\/td><td>John Rodriguez<\/td><\/tr><tr><td>C\u00e2mara Nacional de Ind\u00fastrias<\/td><td>Giovana Chavez<\/td><\/tr><tr><td>CC Manizales<\/td><td>Natalia Velez<\/td><\/tr><tr><td>CCS<\/td><td>Ver\u00f3nica Torres<\/td><\/tr><tr><td>Citeve<\/td><td>Braz Costa<\/td><\/tr><tr><td>CIU<\/td><td>Carola Saavedra<\/td><\/tr><tr><td>LIMPO<\/td><td>Ana Sousa<\/td><\/tr><tr><td>COPARMEX<\/td><td>Karla de Leon<\/td><\/tr><tr><td>FEDEXPOR<\/td><td>Xavier Rosero<\/td><\/tr><tr><td>Finnova<\/td><td>Juan Manuel Revuelta<\/td><\/tr><tr><td>Fundares<\/td><td>Julio Silva<\/td><\/tr><tr><td>ACTEC<\/td><td>Mariana Gonzalez<\/td><\/tr><tr><td>INEXMODA<\/td><td>Ximena Arbolerda<\/td><\/tr><tr><td>INEXMODA<\/td><td>Lorenzo Velasquez<\/td><\/tr><tr><td>Cluster de embalagens<\/td><td>Joana Massaguer<\/td><\/tr><tr><td>UIP<\/td><td>Maria Jos\u00e9 Esp\u00edndola<\/td><\/tr><tr><td>UIP<\/td><td>Nicole Medina<\/td><\/tr><tr><td>Uni\u00e3o Industrial Argentina<\/td><td>Laura Segura<\/td><\/tr><tr><td>Uni\u00e3o Industrial Argentina<\/td><td>Enzo Faloci<\/td><\/tr><tr><td>WofA<\/td><td>Micaela Balbi<\/td><\/tr><tr><td>SRA<\/td><td>Maria Camila Ajmat<\/td><\/tr><tr><td>FUSAI<\/td><td>Claudia Due\u00f1as<\/td><\/tr><tr><td>ILS LEDA<\/td><td>Giulia Rucireta<\/td><\/tr><tr><td>Vale ADED<\/td><td>Kevin Mendoza<\/td><\/tr><tr><td>C\u00e2mara de Com\u00e9rcio de Barranquilla<\/td><td>Mireylle Julliard<\/td><\/tr><tr><td>C\u00e2mara de Com\u00e9rcio de Quito<\/td><td>Ana Carolina Lara Rey<\/td><\/tr><tr><td>Descocentro<\/td><td>Enrique Rodriguez<\/td><\/tr><tr><td>Eurochile<\/td><td>Francisco Javier Menezes Mellado<\/td><\/tr><tr><td>CCS<\/td><td>Dana Wagner<\/td><\/tr><tr><td>Tecnologia<\/td><td>Claudia Montilla<\/td><\/tr><tr><td>Tecnologia<\/td><td>Elver Leonardo Burgos<\/td><\/tr><tr><td>UNAB<\/td><td>Maria Carolina Pe\u00f1a Mardones<\/td><\/tr><tr><td>UNAB<\/td><td>Franko Restovic<\/td><\/tr><tr><td>Progettomondo<\/td><td>Edith Soria<\/td><\/tr><tr><td>Aspem<\/td><td>Jorge Ricardo Iraola<\/td><\/tr><tr><td>Eurecat<\/td><td>Maria Carme<\/td><\/tr><tr><td>C\u00e2mara de Com\u00e9rcio de Barranquilla<\/td><td>Ana Mar\u00eda Charris<\/td><\/tr><tr><td>UIPBA<\/td><td>Alejandro Gentile<\/td><\/tr><tr><td>UIPBA<\/td><td>Sofia Taiana<\/td><\/tr><tr><td>C\u00e2mara de Com\u00e9rcio de Bogot\u00e1<\/td><td>Rosiris Ramos<\/td><\/tr><\/tbody><\/table><\/figure>\n<\/div>\n<\/div>\n<\/div>\n\n\n\n<div data-wp-context=\"{ &quot;autoclose&quot;: false, &quot;accordionItems&quot;: [] }\" data-wp-interactive=\"core\/accordion\" role=\"group\" class=\"wp-block-accordion is-layout-flow wp-block-accordion-is-layout-flow\">\n<div data-wp-class--is-open=\"state.isOpen\" data-wp-context=\"{ &quot;id&quot;: &quot;accordion-item-3&quot;, &quot;openByDefault&quot;: false }\" data-wp-init=\"callbacks.initAccordionItems\" data-wp-on-window--hashchange=\"callbacks.hashChange\" class=\"wp-block-accordion-item is-layout-flow wp-block-accordion-item-is-layout-flow\">\n<h3 class=\"wp-block-accordion-heading\"><button aria-expanded=\"false\" aria-controls=\"accordion-item-3-panel\" data-wp-bind--aria-expanded=\"state.isOpen\" data-wp-on--click=\"actions.toggle\" id=\"accordion-item-3\" type=\"button\" class=\"wp-block-accordion-heading__toggle\"><span class=\"wp-block-accordion-heading__toggle-title\"><strong>Entrada no com\u00e9rcio global<\/strong><\/span><span class=\"wp-block-accordion-heading__toggle-icon\" aria-hidden=\"true\">+<\/span><\/button><\/h3>\n\n\n\n<div aria-labelledby=\"accordion-item-3\" data-wp-bind--hidden=\"state.isHidden\" data-wp-on--beforematch=\"actions.handleBeforeMatch\" id=\"accordion-item-3-panel\" role=\"region\" class=\"wp-block-accordion-panel is-layout-flow wp-block-accordion-panel-is-layout-flow\">\n<p class=\"wp-block-paragraph\"><a href=\"https:\/\/chat.whatsapp.com\/ImW25zYtFWTKSQeJgH2JuP?s=cl&amp;p=i&amp;ilr=4\">Junta-te ao grupo do WhatsApp desta visita<\/a>. <\/p>\n\n\n\n<p class=\"wp-block-paragraph\">A visita inclui um percurso pelas maiores instala\u00e7\u00f5es de armazenamento cobertas da Europa, onde s\u00e3o manuseadas frutas, a\u00e7\u00facar, minerais, caf\u00e9 e gr\u00e3os de cacau. A partir da\u00ed, passaremos pelo segundo maior cluster qu\u00edmico do mundo, situado no porto de Antu\u00e9rpia, que representa uma das mais importantes concentra\u00e7\u00f5es industriais do setor. O programa inclui tamb\u00e9m v\u00e1rias paragens em complexos de eclusas importantes e numa aut\u00eantica vila portu\u00e1ria situada no centro do porto, o que permitir\u00e1 aos participantes conhecer de perto a vida quotidiana e as opera\u00e7\u00f5es portu\u00e1rias.<\/p>\n\n\n\n<p class=\"wp-block-paragraph\"><strong>Log\u00edstica<\/strong><\/p>\n\n\n\n<p class=\"wp-block-paragraph\"><strong>Ponto de encontro: <\/strong>Hotel Motel One<strong><\/strong><\/p>\n\n\n\n<p class=\"wp-block-paragraph\"><strong>Endere\u00e7o: <\/strong>Rue Royale\/Koningsstraat 120, B-1000 Bruxelas \u2013 <a href=\"https:\/\/maps.app.goo.gl\/5VzNzRi5RnBADqxx9\">Mapa<\/a><\/p>\n\n\n\n<p class=\"wp-block-paragraph\"><strong>L\u00edngua: <\/strong>Ingl\u00eas com tradu\u00e7\u00e3o para espanhol e portugu\u00eas<\/p>\n\n\n\n<p class=\"wp-block-paragraph\"><strong>Agenda<\/strong><\/p>\n\n\n\n<p class=\"wp-block-paragraph\">08:45 \u2013 08:50 Encontro dos participantes no Hotel Motel One<\/p>\n\n\n\n<p class=\"wp-block-paragraph\">09:00 \u2013 10:30 Viagem de Bruxelas at\u00e9 ao Porto de Antu\u00e9rpia (em autocarro privado)<\/p>\n\n\n\n<p class=\"wp-block-paragraph\">10h45 \u2013 12h45 Visita guiada ao porto<\/p>\n\n\n\n<p class=\"wp-block-paragraph\">13h00 \u2013 14h00 Almo\u00e7o<\/p>\n\n\n\n<p class=\"wp-block-paragraph\">14h30 \u2013 15h30 Reuni\u00e3o com a Autoridade Portu\u00e1ria<\/p>\n\n\n\n<p class=\"wp-block-paragraph\">15:45 \u2013 17:00 Viagem de regresso a Bruxelas \u2013 Hotel Motel One (em autocarro privado)<\/p>\n\n\n\n<p class=\"wp-block-paragraph\"><strong>Participantes (Aplica-se apenas ao Componente de apoio ao setor privado)<\/strong><\/p>\n\n\n\n<figure class=\"wp-block-table\"><table class=\"has-fixed-layout\"><tbody><tr><td>Aapresid<\/td><td>Marcelo Carlos Torres<\/td><\/tr><tr><td>IBCE<\/td><td>Maria Esther Pe\u00f1a<\/td><\/tr><tr><td>Vale ADED<\/td><td>Jesy Nohemi Barralaga<\/td><\/tr><tr><td>ADEL<\/td><td>Mario Chavarr\u00eda<\/td><\/tr><tr><td>ANALDEX<\/td><td>Javier D\u00edaz Molina<\/td><\/tr><tr><td>Ajuda de A\u00e7\u00e3o<\/td><td>Isabel Caj\u00edas<\/td><\/tr><tr><td>Universidade de Manizales<\/td><td>Javier Naranjo<\/td><\/tr><tr><td>COPARMEX<\/td><td>Carlos Silva<\/td><\/tr><tr><td>Descocentro<\/td><td>Luis Garc\u00eda<\/td><\/tr><tr><td>Eurochile<\/td><td>Carlos Gonzalo Salamanca Osorio<\/td><\/tr><tr><td>FEDEXPOR<\/td><td>Gabriela Urresta<\/td><\/tr><tr><td>IWCA<\/td><td>Mariselma Ferreira<\/td><\/tr><tr><td>AGEXPORT<\/td><td>Merlyn Montenegro<\/td><\/tr><tr><td>Proforest<\/td><td>Cec\u00edlia Gon\u00e7alves<\/td><\/tr><tr><td>Progettomondo<\/td><td>Babil\u00f3nia de Lycett<\/td><\/tr><tr><td>PROPALMA<\/td><td>Mar\u00eda Paulina C\u00e1rdenas Espinoza<\/td><\/tr><tr><td>SEBRAE RO<\/td><td>Nilo Oliveira<\/td><\/tr><tr><td>SEBRAE RO<\/td><td>Jos\u00e9 Alberto Anisio<\/td><\/tr><tr><td>Rede de solidariedade<\/td><td>Jes\u00fas D\u00edaz<\/td><\/tr><tr><td>Tecnologia<\/td><td>Brigitte Mayorga<\/td><\/tr><tr><td>TRIAS<\/td><td>Hector Ballesteros Hurtado<\/td><\/tr><tr><td>CREA<\/td><td>Guilermo Grac\u00eda<\/td><\/tr><tr><td>C\u00e2mara de Com\u00e9rcio de Lima<\/td><td>M\u00f3nica Chavez<\/td><\/tr><tr><td>CAINCO<\/td><td>Eduardo Herrera<\/td><\/tr><tr><td>FIEC<\/td><td>Ana Karina Paiva<\/td><\/tr><tr><td>ANALDEX<\/td><td>\u00c1lvaro Forero<\/td><\/tr><tr><td>ANECACAO<\/td><td>Manuel Cede\u00f1o<\/td><\/tr><tr><td>CREA<\/td><td>Clara Foresi<\/td><\/tr><tr><td>Rede de solidariedade<\/td><td>Lesly Vera<\/td><\/tr><tr><td>C\u00e2mara de Com\u00e9rcio de Quito<\/td><td>Evelyn Chiriboga<\/td><\/tr><tr><td>CC. La Guajira<\/td><td>Rosaura Rodr\u00edguez<\/td><\/tr><tr><td>UNOCACE<\/td><td>Cristhian John Roman Leon<\/td><\/tr><tr><td>AGEXPORT<\/td><td>Mois\u00e9s M\u00e9rida<\/td><\/tr><tr><td>Codespa<\/td><td>Fernando Ormaza<\/td><\/tr><tr><td>FIEC<\/td><td>Ester Vasconcelos<\/td><\/tr><tr><td>FIEC<\/td><td>Rafaela Cavalcante<\/td><\/tr><\/tbody><\/table><\/figure>\n\n\n\n<p class=\"wp-block-paragraph\"><\/p>\n<\/div>\n<\/div>\n<\/div>\n\n\n\n<p class=\"wp-block-paragraph\"><\/p>\n\n\n\n<p class=\"wp-block-paragraph\"><strong>Recomenda\u00e7\u00f5es gerais:<\/strong><\/p>\n\n\n\n<ul class=\"wp-block-list\">\n<li>Os hor\u00e1rios das visitas est\u00e3o sujeitos a altera\u00e7\u00f5es e ajustes, se necess\u00e1rio<\/li>\n\n\n\n<li>C\u00f3digo de vestu\u00e1rio: <em>estilo business casual <\/em>\u2013 sapatos confort\u00e1veis<\/li>\n\n\n\n<li>Documentos: recomenda-se que traga consigo o seu Bilhete de Identidade\/Passaporte <\/li>\n\n\n\n<li>Levar um guarda-chuva&nbsp;&nbsp;<\/li>\n\n\n\n<li>Ap\u00f3s o t\u00e9rmino das visitas, cada participante \u00e9 respons\u00e1vel por organizar o seu transporte de regresso <\/li>\n<\/ul>","protected":false},"excerpt":{"rendered":"<p>Como parte del desarrollo del evento se ha previsto visitas a diversas organizaciones. Estas visitas tienen como principal objetivo facilitar un espacio de intercambio y fortalecer el aprendizaje mediante encuentros con empresas e instituciones referentes que cuentan con grandes avances en cuanto a la trasici\u00f3n hacia modelos m\u00e1s sostenibles y buenas pr\u00e1cticas implementadas. Las Misiones [&hellip;]<\/p>\n","protected":false},"author":4,"featured_media":21576,"comment_status":"closed","ping_status":"closed","sticky":false,"template":"","format":"standard","meta":{"footnotes":""},"categories":[1],"tags":[],"class_list":["post-20557","post","type-post","status-publish","format-standard","has-post-thumbnail","hentry","category-allgemein"],"yoast_head":"<!-- This site is optimized with the Yoast SEO plugin v28.4 - https:\/\/yoast.com\/product\/yoast-seo-wordpress\/ -->\n<title>Misiones de conexi\u00f3n y aprendizaje - Programme AL-INVEST Verde<\/title>\n<meta name=\"robots\" content=\"index, follow, max-snippet:-1, max-image-preview:large, max-video-preview:-1\" \/>\n<link rel=\"canonical\" href=\"https:\/\/alinvest-verde.eu\/pt_pt_ao90\/misiones-de-conexion-y-aprendizaje-agenda-preliminar\/\" \/>\n<meta property=\"og:locale\" content=\"pt_PT\" \/>\n<meta property=\"og:type\" content=\"article\" \/>\n<meta property=\"og:title\" content=\"Misiones de conexi\u00f3n y aprendizaje - Programme AL-INVEST Verde\" \/>\n<meta property=\"og:description\" content=\"Como parte del desarrollo del evento se ha previsto visitas a diversas organizaciones. Estas visitas tienen como principal objetivo facilitar un espacio de intercambio y fortalecer el aprendizaje mediante encuentros con empresas e instituciones referentes que cuentan con grandes avances en cuanto a la trasici\u00f3n hacia modelos m\u00e1s sostenibles y buenas pr\u00e1cticas implementadas. Las Misiones [&hellip;]\" \/>\n<meta property=\"og:url\" content=\"https:\/\/alinvest-verde.eu\/pt_pt_ao90\/misiones-de-conexion-y-aprendizaje-agenda-preliminar\/\" \/>\n<meta property=\"og:site_name\" content=\"Programme AL-INVEST Verde\" \/>\n<meta property=\"article:published_time\" content=\"2026-02-21T04:22:28+00:00\" \/>\n<meta property=\"article:modified_time\" content=\"2026-06-17T16:48:59+00:00\" \/>\n<meta property=\"og:image\" content=\"https:\/\/alinvest-verde.eu\/wp-content\/uploads\/V8_FINAL_Fondo_de_pantalla_EN-scaled.jpg\" \/>\n\t<meta property=\"og:image:width\" content=\"2560\" \/>\n\t<meta property=\"og:image:height\" content=\"1440\" \/>\n\t<meta property=\"og:image:type\" content=\"image\/jpeg\" \/>\n<meta name=\"author\" content=\"Malena Sousa\" \/>\n<meta name=\"twitter:card\" content=\"summary_large_image\" \/>\n<meta name=\"twitter:label1\" content=\"Written by\" \/>\n\t<meta name=\"twitter:data1\" content=\"\" \/>\n\t<meta name=\"twitter:label2\" content=\"Est. reading time\" \/>\n\t<meta name=\"twitter:data2\" content=\"6 minutos\" \/>\n<script type=\"application\/ld+json\" class=\"yoast-schema-graph\">{\"@context\":\"https:\\\/\\\/schema.org\",\"@graph\":[{\"@type\":\"Article\",\"@id\":\"https:\\\/\\\/alinvest-verde.eu\\\/misiones-de-conexion-y-aprendizaje-agenda-preliminar\\\/#article\",\"isPartOf\":{\"@id\":\"https:\\\/\\\/alinvest-verde.eu\\\/misiones-de-conexion-y-aprendizaje-agenda-preliminar\\\/\"},\"author\":{\"name\":\"Malena Sousa\",\"@id\":\"https:\\\/\\\/alinvest-verde.eu\\\/#\\\/schema\\\/person\\\/f18f811fbc283c4879102f4ba5f9e9cc\"},\"headline\":\"Misiones de conexi\u00f3n y aprendizaje\",\"datePublished\":\"2026-02-21T04:22:28+00:00\",\"dateModified\":\"2026-06-17T16:48:59+00:00\",\"mainEntityOfPage\":{\"@id\":\"https:\\\/\\\/alinvest-verde.eu\\\/misiones-de-conexion-y-aprendizaje-agenda-preliminar\\\/\"},\"wordCount\":1177,\"publisher\":{\"@id\":\"https:\\\/\\\/alinvest-verde.eu\\\/#organization\"},\"image\":{\"@id\":\"https:\\\/\\\/alinvest-verde.eu\\\/misiones-de-conexion-y-aprendizaje-agenda-preliminar\\\/#primaryimage\"},\"thumbnailUrl\":\"https:\\\/\\\/alinvest-verde.eu\\\/wp-content\\\/uploads\\\/V8_FINAL_Fondo_de_pantalla_EN-scaled.jpg\",\"articleSection\":[\"Allgemein\"],\"inLanguage\":\"pt-PT\"},{\"@type\":\"WebPage\",\"@id\":\"https:\\\/\\\/alinvest-verde.eu\\\/misiones-de-conexion-y-aprendizaje-agenda-preliminar\\\/\",\"url\":\"https:\\\/\\\/alinvest-verde.eu\\\/misiones-de-conexion-y-aprendizaje-agenda-preliminar\\\/\",\"name\":\"Misiones de conexi\u00f3n y aprendizaje - Programme AL-INVEST Verde\",\"isPartOf\":{\"@id\":\"https:\\\/\\\/alinvest-verde.eu\\\/#website\"},\"primaryImageOfPage\":{\"@id\":\"https:\\\/\\\/alinvest-verde.eu\\\/misiones-de-conexion-y-aprendizaje-agenda-preliminar\\\/#primaryimage\"},\"image\":{\"@id\":\"https:\\\/\\\/alinvest-verde.eu\\\/misiones-de-conexion-y-aprendizaje-agenda-preliminar\\\/#primaryimage\"},\"thumbnailUrl\":\"https:\\\/\\\/alinvest-verde.eu\\\/wp-content\\\/uploads\\\/V8_FINAL_Fondo_de_pantalla_EN-scaled.jpg\",\"datePublished\":\"2026-02-21T04:22:28+00:00\",\"dateModified\":\"2026-06-17T16:48:59+00:00\",\"breadcrumb\":{\"@id\":\"https:\\\/\\\/alinvest-verde.eu\\\/misiones-de-conexion-y-aprendizaje-agenda-preliminar\\\/#breadcrumb\"},\"inLanguage\":\"pt-PT\",\"potentialAction\":[{\"@type\":\"ReadAction\",\"target\":[\"https:\\\/\\\/alinvest-verde.eu\\\/misiones-de-conexion-y-aprendizaje-agenda-preliminar\\\/\"]}]},{\"@type\":\"ImageObject\",\"inLanguage\":\"pt-PT\",\"@id\":\"https:\\\/\\\/alinvest-verde.eu\\\/misiones-de-conexion-y-aprendizaje-agenda-preliminar\\\/#primaryimage\",\"url\":\"https:\\\/\\\/alinvest-verde.eu\\\/wp-content\\\/uploads\\\/V8_FINAL_Fondo_de_pantalla_EN-scaled.jpg\",\"contentUrl\":\"https:\\\/\\\/alinvest-verde.eu\\\/wp-content\\\/uploads\\\/V8_FINAL_Fondo_de_pantalla_EN-scaled.jpg\",\"width\":2560,\"height\":1440},{\"@type\":\"BreadcrumbList\",\"@id\":\"https:\\\/\\\/alinvest-verde.eu\\\/misiones-de-conexion-y-aprendizaje-agenda-preliminar\\\/#breadcrumb\",\"itemListElement\":[{\"@type\":\"ListItem\",\"position\":1,\"name\":\"Inicio\",\"item\":\"https:\\\/\\\/alinvest-verde.eu\\\/\"},{\"@type\":\"ListItem\",\"position\":2,\"name\":\"Allgemein\",\"item\":\"https:\\\/\\\/alinvest-verde.eu\\\/category\\\/allgemein\\\/\"},{\"@type\":\"ListItem\",\"position\":3,\"name\":\"Misiones de conexi\u00f3n y aprendizaje\"}]},{\"@type\":\"WebSite\",\"@id\":\"https:\\\/\\\/alinvest-verde.eu\\\/#website\",\"url\":\"https:\\\/\\\/alinvest-verde.eu\\\/\",\"name\":\"Programme AL-INVEST Verde\",\"description\":\"Building alliances with the private sector in LA and promote sustainable growth and jobs creation by supporting the transition towards a low-carbon, resource-efficient economy\",\"publisher\":{\"@id\":\"https:\\\/\\\/alinvest-verde.eu\\\/#organization\"},\"potentialAction\":[{\"@type\":\"SearchAction\",\"target\":{\"@type\":\"EntryPoint\",\"urlTemplate\":\"https:\\\/\\\/alinvest-verde.eu\\\/?s={search_term_string}\"},\"query-input\":{\"@type\":\"PropertyValueSpecification\",\"valueRequired\":true,\"valueName\":\"search_term_string\"}}],\"inLanguage\":\"pt-PT\"},{\"@type\":\"Organization\",\"@id\":\"https:\\\/\\\/alinvest-verde.eu\\\/#organization\",\"name\":\"Programme AL-INVEST Verde\",\"url\":\"https:\\\/\\\/alinvest-verde.eu\\\/\",\"logo\":{\"@type\":\"ImageObject\",\"inLanguage\":\"pt-PT\",\"@id\":\"https:\\\/\\\/alinvest-verde.eu\\\/#\\\/schema\\\/logo\\\/image\\\/\",\"url\":\"https:\\\/\\\/alinvest-verde.eu\\\/wp-content\\\/uploads\\\/2022\\\/01\\\/cropped-logo-financiado-por-la-UE.jpg\",\"contentUrl\":\"https:\\\/\\\/alinvest-verde.eu\\\/wp-content\\\/uploads\\\/2022\\\/01\\\/cropped-logo-financiado-por-la-UE.jpg\",\"width\":756,\"height\":216,\"caption\":\"Programme AL-INVEST Verde\"},\"image\":{\"@id\":\"https:\\\/\\\/alinvest-verde.eu\\\/#\\\/schema\\\/logo\\\/image\\\/\"}},{\"@type\":\"Person\",\"@id\":\"https:\\\/\\\/alinvest-verde.eu\\\/#\\\/schema\\\/person\\\/f18f811fbc283c4879102f4ba5f9e9cc\",\"name\":\"Malena Sousa\",\"image\":{\"@type\":\"ImageObject\",\"inLanguage\":\"pt-PT\",\"@id\":\"https:\\\/\\\/secure.gravatar.com\\\/avatar\\\/74c4287a4f65459fc00b8d8be549ed384ace7d1edd2dab408eba902c46cbcab1?s=96&d=mm&r=g\",\"url\":\"https:\\\/\\\/secure.gravatar.com\\\/avatar\\\/74c4287a4f65459fc00b8d8be549ed384ace7d1edd2dab408eba902c46cbcab1?s=96&d=mm&r=g\",\"contentUrl\":\"https:\\\/\\\/secure.gravatar.com\\\/avatar\\\/74c4287a4f65459fc00b8d8be549ed384ace7d1edd2dab408eba902c46cbcab1?s=96&d=mm&r=g\",\"caption\":\"Malena Sousa\"},\"url\":\"https:\\\/\\\/alinvest-verde.eu\\\/pt_pt_ao90\\\/author\\\/malena-sousa\\\/\"}]}<\/script>\n<!-- \/ Yoast SEO plugin. -->","yoast_head_json":{"title":"Miss\u00f5es de liga\u00e7\u00e3o e aprendizagem - Programa AL-INVEST Verde","robots":{"index":"index","follow":"follow","max-snippet":"max-snippet:-1","max-image-preview":"max-image-preview:large","max-video-preview":"max-video-preview:-1"},"canonical":"https:\/\/alinvest-verde.eu\/pt_pt_ao90\/misiones-de-conexion-y-aprendizaje-agenda-preliminar\/","og_locale":"pt_PT","og_type":"article","og_title":"Misiones de conexi\u00f3n y aprendizaje - Programme AL-INVEST Verde","og_description":"Como parte del desarrollo del evento se ha previsto visitas a diversas organizaciones. Estas visitas tienen como principal objetivo facilitar un espacio de intercambio y fortalecer el aprendizaje mediante encuentros con empresas e instituciones referentes que cuentan con grandes avances en cuanto a la trasici\u00f3n hacia modelos m\u00e1s sostenibles y buenas pr\u00e1cticas implementadas. Las Misiones [&hellip;]","og_url":"https:\/\/alinvest-verde.eu\/pt_pt_ao90\/misiones-de-conexion-y-aprendizaje-agenda-preliminar\/","og_site_name":"Programme AL-INVEST Verde","article_published_time":"2026-02-21T04:22:28+00:00","article_modified_time":"2026-06-17T16:48:59+00:00","og_image":[{"width":2560,"height":1440,"url":"https:\/\/alinvest-verde.eu\/wp-content\/uploads\/V8_FINAL_Fondo_de_pantalla_EN-scaled.jpg","type":"image\/jpeg"}],"author":"Malena Sousa","twitter_card":"summary_large_image","twitter_misc":{"Written by":false,"Est. reading time":"6 minutos"},"schema":{"@context":"https:\/\/schema.org","@graph":[{"@type":"Article","@id":"https:\/\/alinvest-verde.eu\/misiones-de-conexion-y-aprendizaje-agenda-preliminar\/#article","isPartOf":{"@id":"https:\/\/alinvest-verde.eu\/misiones-de-conexion-y-aprendizaje-agenda-preliminar\/"},"author":{"name":"Malena Sousa","@id":"https:\/\/alinvest-verde.eu\/#\/schema\/person\/f18f811fbc283c4879102f4ba5f9e9cc"},"headline":"Misiones de conexi\u00f3n y aprendizaje","datePublished":"2026-02-21T04:22:28+00:00","dateModified":"2026-06-17T16:48:59+00:00","mainEntityOfPage":{"@id":"https:\/\/alinvest-verde.eu\/misiones-de-conexion-y-aprendizaje-agenda-preliminar\/"},"wordCount":1177,"publisher":{"@id":"https:\/\/alinvest-verde.eu\/#organization"},"image":{"@id":"https:\/\/alinvest-verde.eu\/misiones-de-conexion-y-aprendizaje-agenda-preliminar\/#primaryimage"},"thumbnailUrl":"https:\/\/alinvest-verde.eu\/wp-content\/uploads\/V8_FINAL_Fondo_de_pantalla_EN-scaled.jpg","articleSection":["Allgemein"],"inLanguage":"pt-PT"},{"@type":"WebPage","@id":"https:\/\/alinvest-verde.eu\/misiones-de-conexion-y-aprendizaje-agenda-preliminar\/","url":"https:\/\/alinvest-verde.eu\/misiones-de-conexion-y-aprendizaje-agenda-preliminar\/","name":"Miss\u00f5es de liga\u00e7\u00e3o e aprendizagem - Programa AL-INVEST Verde","isPartOf":{"@id":"https:\/\/alinvest-verde.eu\/#website"},"primaryImageOfPage":{"@id":"https:\/\/alinvest-verde.eu\/misiones-de-conexion-y-aprendizaje-agenda-preliminar\/#primaryimage"},"image":{"@id":"https:\/\/alinvest-verde.eu\/misiones-de-conexion-y-aprendizaje-agenda-preliminar\/#primaryimage"},"thumbnailUrl":"https:\/\/alinvest-verde.eu\/wp-content\/uploads\/V8_FINAL_Fondo_de_pantalla_EN-scaled.jpg","datePublished":"2026-02-21T04:22:28+00:00","dateModified":"2026-06-17T16:48:59+00:00","breadcrumb":{"@id":"https:\/\/alinvest-verde.eu\/misiones-de-conexion-y-aprendizaje-agenda-preliminar\/#breadcrumb"},"inLanguage":"pt-PT","potentialAction":[{"@type":"ReadAction","target":["https:\/\/alinvest-verde.eu\/misiones-de-conexion-y-aprendizaje-agenda-preliminar\/"]}]},{"@type":"ImageObject","inLanguage":"pt-PT","@id":"https:\/\/alinvest-verde.eu\/misiones-de-conexion-y-aprendizaje-agenda-preliminar\/#primaryimage","url":"https:\/\/alinvest-verde.eu\/wp-content\/uploads\/V8_FINAL_Fondo_de_pantalla_EN-scaled.jpg","contentUrl":"https:\/\/alinvest-verde.eu\/wp-content\/uploads\/V8_FINAL_Fondo_de_pantalla_EN-scaled.jpg","width":2560,"height":1440},{"@type":"BreadcrumbList","@id":"https:\/\/alinvest-verde.eu\/misiones-de-conexion-y-aprendizaje-agenda-preliminar\/#breadcrumb","itemListElement":[{"@type":"ListItem","position":1,"name":"Inicio","item":"https:\/\/alinvest-verde.eu\/"},{"@type":"ListItem","position":2,"name":"Allgemein","item":"https:\/\/alinvest-verde.eu\/category\/allgemein\/"},{"@type":"ListItem","position":3,"name":"Misiones de conexi\u00f3n y aprendizaje"}]},{"@type":"WebSite","@id":"https:\/\/alinvest-verde.eu\/#website","url":"https:\/\/alinvest-verde.eu\/","name":"Programa AL-INVEST Verde","description":"Construir alian\u00e7as com o sector privado na AL e promover o crescimento sustent\u00e1vel e a cria\u00e7\u00e3o de empregos, apoiando a transi\u00e7\u00e3o para uma economia de baixo carbono e eficiente em termos de recursos","publisher":{"@id":"https:\/\/alinvest-verde.eu\/#organization"},"potentialAction":[{"@type":"SearchAction","target":{"@type":"EntryPoint","urlTemplate":"https:\/\/alinvest-verde.eu\/?s={search_term_string}"},"query-input":{"@type":"PropertyValueSpecification","valueRequired":true,"valueName":"search_term_string"}}],"inLanguage":"pt-PT"},{"@type":"Organization","@id":"https:\/\/alinvest-verde.eu\/#organization","name":"Programa AL-INVEST Verde","url":"https:\/\/alinvest-verde.eu\/","logo":{"@type":"ImageObject","inLanguage":"pt-PT","@id":"https:\/\/alinvest-verde.eu\/#\/schema\/logo\/image\/","url":"https:\/\/alinvest-verde.eu\/wp-content\/uploads\/2022\/01\/cropped-logo-financiado-por-la-UE.jpg","contentUrl":"https:\/\/alinvest-verde.eu\/wp-content\/uploads\/2022\/01\/cropped-logo-financiado-por-la-UE.jpg","width":756,"height":216,"caption":"Programme AL-INVEST Verde"},"image":{"@id":"https:\/\/alinvest-verde.eu\/#\/schema\/logo\/image\/"}},{"@type":"Person","@id":"https:\/\/alinvest-verde.eu\/#\/schema\/person\/f18f811fbc283c4879102f4ba5f9e9cc","name":"Malena Sousa","image":{"@type":"ImageObject","inLanguage":"pt-PT","@id":"https:\/\/secure.gravatar.com\/avatar\/74c4287a4f65459fc00b8d8be549ed384ace7d1edd2dab408eba902c46cbcab1?s=96&d=mm&r=g","url":"https:\/\/secure.gravatar.com\/avatar\/74c4287a4f65459fc00b8d8be549ed384ace7d1edd2dab408eba902c46cbcab1?s=96&d=mm&r=g","contentUrl":"https:\/\/secure.gravatar.com\/avatar\/74c4287a4f65459fc00b8d8be549ed384ace7d1edd2dab408eba902c46cbcab1?s=96&d=mm&r=g","caption":"Malena Sousa"},"url":"https:\/\/alinvest-verde.eu\/pt_pt_ao90\/author\/malena-sousa\/"}]}},"_links":{"self":[{"href":"https:\/\/alinvest-verde.eu\/pt_pt_ao90\/wp-json\/wp\/v2\/posts\/20557","targetHints":{"allow":["GET"]}}],"collection":[{"href":"https:\/\/alinvest-verde.eu\/pt_pt_ao90\/wp-json\/wp\/v2\/posts"}],"about":[{"href":"https:\/\/alinvest-verde.eu\/pt_pt_ao90\/wp-json\/wp\/v2\/types\/post"}],"author":[{"embeddable":true,"href":"https:\/\/alinvest-verde.eu\/pt_pt_ao90\/wp-json\/wp\/v2\/users\/4"}],"replies":[{"embeddable":true,"href":"https:\/\/alinvest-verde.eu\/pt_pt_ao90\/wp-json\/wp\/v2\/comments?post=20557"}],"version-history":[{"count":7,"href":"https:\/\/alinvest-verde.eu\/pt_pt_ao90\/wp-json\/wp\/v2\/posts\/20557\/revisions"}],"predecessor-version":[{"id":21656,"href":"https:\/\/alinvest-verde.eu\/pt_pt_ao90\/wp-json\/wp\/v2\/posts\/20557\/revisions\/21656"}],"wp:featuredmedia":[{"embeddable":true,"href":"https:\/\/alinvest-verde.eu\/pt_pt_ao90\/wp-json\/wp\/v2\/media\/21576"}],"wp:attachment":[{"href":"https:\/\/alinvest-verde.eu\/pt_pt_ao90\/wp-json\/wp\/v2\/media?parent=20557"}],"wp:term":[{"taxonomy":"category","embeddable":true,"href":"https:\/\/alinvest-verde.eu\/pt_pt_ao90\/wp-json\/wp\/v2\/categories?post=20557"},{"taxonomy":"post_tag","embeddable":true,"href":"https:\/\/alinvest-verde.eu\/pt_pt_ao90\/wp-json\/wp\/v2\/tags?post=20557"}],"curies":[{"name":"wp","href":"https:\/\/api.w.org\/{rel}","templated":true}]}}