{"id":20905,"date":"2026-03-11T00:08:20","date_gmt":"2026-03-10T23:08:20","guid":{"rendered":"https:\/\/alinvest-verde.eu\/?p=20905"},"modified":"2026-03-11T00:08:21","modified_gmt":"2026-03-10T23:08:21","slug":"eventos-de-marzo","status":"publish","type":"post","link":"https:\/\/alinvest-verde.eu\/pt_pt_ao90\/eventos-de-marzo\/","title":{"rendered":"Eventos de mar\u00e7o"},"content":{"rendered":"<p class=\"wp-block-paragraph\"><strong>Eventos de liga\u00e7\u00e3o em rede e de sensibiliza\u00e7\u00e3o<\/strong><\/p>\n\n\n\n<figure class=\"wp-block-table is-style-stripes\"><table><tbody><tr><td><strong>Data<\/strong><\/td><td><strong>Evento<\/strong><\/td><td><strong>Descri\u00e7\u00e3o<\/strong><\/td><td><strong>Local<\/strong><\/td><td><strong>Modalidade<\/strong><\/td><td><strong>Organizador<\/strong><\/td><td><strong>Projeto <\/strong><\/td><\/tr><tr><td>19 de mar\u00e7o<\/td><td>Empregos verdes: dos desafios \u00e0 a\u00e7\u00e3o empresarial<\/td><td>Sess\u00e3o de webinar sobre a implementa\u00e7\u00e3o de empregos verdes no sector agroalimentar<\/td><td>Col\u00f4mbia<\/td><td>Virtual<\/td><td>Centro de Impacto<\/td><td><a href=\"https:\/\/alinvest-verde.eu\/pt_pt_ao90\/aseguramiento-de-la-sostenibilidad-de-la-cadena-de-valor-del-cafe-colombiano-duplicar\/\">EIXOS<\/a><\/td><\/tr><\/tbody><\/table><\/figure>\n\n\n\n<p class=\"wp-block-paragraph\"><strong>Eventos t\u00e9cnicos ou espec\u00edficos<\/strong><\/p>\n\n\n\n<figure class=\"wp-block-table is-style-stripes\"><table><tbody><tr><td><strong>Data<\/strong><\/td><td><strong>Evento<\/strong><\/td><td><strong>Descri\u00e7\u00e3o<\/strong><\/td><td><strong>Local<\/strong><\/td><td><strong>Modalidade<\/strong><\/td><td><strong>Organizador<\/strong><\/td><td><strong>Projeto<\/strong><\/td><\/tr><tr><td>10 de mar\u00e7o<\/td><td>Forma\u00e7\u00e3o<\/td><td>Curso de financiamento das PME<\/td><td>Brasil<\/td><td>Pessoalmente<\/td><td>Instituto T\u00eaxtil dos Focos<\/td><td><a href=\"https:\/\/alinvest-verde.eu\/pt_pt_ao90\/moda-regenerativa-y-circular\/\">Moda regenerativa e circular<\/a><\/td><\/tr><tr><td>10 de mar\u00e7o<\/td><td>Curso<\/td><td>Curso centrado nas finan\u00e7as e na governa\u00e7\u00e3o sustent\u00e1veis<\/td><td>Bol\u00edvia<\/td><td>H\u00edbrido<\/td><td>Fundares Santa Cruz<\/td><td><a href=\"https:\/\/alinvest-verde.eu\/pt_pt_ao90\/santa-cruz-distrito-zero\/\">Santa Cruz Distrito Zero<\/a><\/td><\/tr><tr><td>10 de mar\u00e7o<\/td><td>Innova Eco-fashion 2026<\/td><td>Curso de forma\u00e7\u00e3o para PME do sector da moda<\/td><td>Brasil<\/td><td>Pessoalmente<\/td><td>Instituto T\u00eaxtil dos Focos<\/td><td><a href=\"https:\/\/alinvest-verde.eu\/pt_pt_ao90\/moda-regenerativa-y-circular\/\">Moda regenerativa e circular<\/a><\/td><\/tr><tr><td>11 de mar\u00e7o<\/td><td>Reuni\u00e3o de neg\u00f3cios<\/td><td>Atividade de aproxima\u00e7\u00e3o das empresas salvadorenhas (B2B)<\/td><td>El Salvador<\/td><td>Pessoalmente<\/td><td>FUSAI<\/td><td><a href=\"https:\/\/alinvest-verde.eu\/pt_pt_ao90\/escuela-de-negocios-para-el-fortalecimiento-de-capacidades-de-mipymes-en-el-salvador-innovacion-para-el-crecimiento-economico-sostenible-y-la-transicion-hacia-una-economia-baja-en-carbono-principalm\/\">Escola de Neg\u00f3cios<\/a><\/td><\/tr><tr><td>11 de mar\u00e7o<\/td><td>Oficina<\/td><td>Workshop para PME com abordagem e pr\u00e1tica de marketing imersivo<\/td><td>Brasil<\/td><td>Pessoalmente<\/td><td>SEBRAE RO<\/td><td><a href=\"https:\/\/alinvest-verde.eu\/pt_pt_ao90\/cultivo-sostenible-de-cacao-de-especies-nativas-de-la-amazonia-en-rondonia\/\">Cultivo de cacau de esp\u00e9cies nativas da Amaz\u00f4nia em Rond\u00f4nia<\/a> &nbsp;<\/td><\/tr><tr><td>17 de mar\u00e7o<\/td><td>Curso de financiamento<\/td><td>Curso destinado \u00e0s PME do sector da moda<\/td><td>Brasil<\/td><td>Pessoalmente<\/td><td>Instituto T\u00eaxtil dos Focos<\/td><td><a href=\"https:\/\/alinvest-verde.eu\/pt_pt_ao90\/moda-regenerativa-y-circular\/\">Moda regenerativa e circular<\/a><\/td><\/tr><tr><td>18 de mar\u00e7o<\/td><td>Reuni\u00e3o de neg\u00f3cios<\/td><td>Atividade de aproxima\u00e7\u00e3o das empresas brasileiras (B2B)<\/td><td>Brasil<\/td><td>Pessoalmente<\/td><td>AHK Brasil<\/td><td><a href=\"https:\/\/alinvest-verde.eu\/pt_pt_ao90\/msmes-go-green-acelerando-cadenas-verdes-en-la-industria-quimica-y-automotriz\/\">As MPMEs tornam-se ecol\u00f3gicas<\/a> &nbsp;<\/td><\/tr><tr><td>21 de Mar\u00e7o<\/td><td>Biofach 2026<\/td><td>Participa\u00e7\u00e3o no evento internacional Biofach para o sector dos alimentos biol\u00f3gicos<\/td><td>Alemanha<\/td><td>Pessoalmente<\/td><td>APP Cacau<\/td><td><a href=\"https:\/\/alinvest-verde.eu\/pt_pt_ao90\/residuos-cacao\/\">Menos desperd\u00edcio, mais cacau<\/a><\/td><\/tr><tr><td>24 de mar\u00e7o<\/td><td>Curso<\/td><td>Ac\u00e7\u00f5es de forma\u00e7\u00e3o para PME do sector da moda<\/td><td>Brasil<\/td><td>Pessoalmente<\/td><td>Instituto T\u00eaxtil dos Focos<\/td><td><a href=\"https:\/\/alinvest-verde.eu\/pt_pt_ao90\/moda-regenerativa-y-circular\/\">Moda regenerativa e circular<\/a><\/td><\/tr><tr><td>24 de mar\u00e7o<\/td><td>Reuni\u00e3o de Incubadoras e Aceleradoras<\/td><td>III Encontro de incubadoras latino-americanas<\/td><td>Uruguai<\/td><td>Pessoalmente<\/td><td>CUDECOOP<\/td><td><a href=\"https:\/\/alinvest-verde.eu\/pt_pt_ao90\/innov-hubs-centros-de-innovacion-social-ecologico-y-digital\/\">Innov-hub's<\/a> &nbsp;<\/td><\/tr><tr><td>24 de mar\u00e7o&nbsp;<\/td><td>Curso<\/td><td>Curso centrado na circularidade e na gest\u00e3o da \u00e1gua<\/td><td>Bol\u00edvia<\/td><td>H\u00edbrido<\/td><td>Fundares Santa Cruz<\/td><td><a href=\"https:\/\/alinvest-verde.eu\/pt_pt_ao90\/santa-cruz-distrito-zero\/\">Santa Cruz Distrito Zero<\/a><\/td><\/tr><tr><td>25 de mar\u00e7o<\/td><td>Divulga\u00e7\u00e3o de experi\u00eancias e boas pr\u00e1ticas<\/td><td>Interc\u00e2mbio de ac\u00e7\u00f5es para promover a compreens\u00e3o da vida selvagem e do bem-estar dos ecossistemas.<\/td><td>Argentina<\/td><td>Pessoalmente<\/td><td>Sociedade Rural da Argentina<\/td><td><a href=\"https:\/\/alinvest-verde.eu\/pt_pt_ao90\/sello-de-triple-impacto-para-la-produccion-agropecuaria-y-forestal-de-argentina\/\">Veda\u00e7\u00e3o tripla de impacto<\/a><\/td><\/tr><tr><td>27 de mar\u00e7o<\/td><td>Webinar<\/td><td>Lan\u00e7amento de protocolos de auditoria e controlo<\/td><td>Brasil<\/td><td>Virtual<\/td><td>PROFOREST<\/td><td><a href=\"https:\/\/alinvest-verde.eu\/pt_pt_ao90\/improving-the-traceability-monitoring-and-transparency-systems-on-forest-risk-supply-chains-in-critical-brazilian-biomes\/\">Melhorar os sistemas de rastreabilidade<\/a><\/td><\/tr><tr><td>30 de mar\u00e7o<\/td><td>Finan\u00e7as sustent\u00e1veis<\/td><td>Curso centrado nas finan\u00e7as e na governa\u00e7\u00e3o sustent\u00e1veis<\/td><td>Bol\u00edvia<\/td><td>H\u00edbrido<\/td><td>Fundares Santa Cruz<\/td><td><a href=\"https:\/\/alinvest-verde.eu\/pt_pt_ao90\/santa-cruz-distrito-zero\/\">Santa Cruz Distrito Zero<\/a><\/td><\/tr><tr><td>31 de mar\u00e7o<\/td><td>Curso<\/td><td>Curso centrado na circularidade e na gest\u00e3o da \u00e1gua<\/td><td>Bol\u00edvia<\/td><td>H\u00edbrido<\/td><td>Fundares Santa Cruz<\/td><td><a href=\"https:\/\/alinvest-verde.eu\/pt_pt_ao90\/santa-cruz-distrito-zero\/\">Santa Cruz Distrito Zero<\/a><\/td><\/tr><\/tbody><\/table><\/figure>","protected":false},"excerpt":{"rendered":"<p>Eventos de conexi\u00f3n y difusi\u00f3n Fecha Evento Descripci\u00f3n Lugar Modalidad Organizador Proyecto 19 de marzo Empleos Verdes: de los retos a la acci\u00f3n empresarial Sesi\u00f3n de Webinar sobre la implementaci\u00f3n verde empleos verdes en el sector agroalimentario Colombia Virtual Impact Hub AXES Eventos t\u00e9cnicos o espec\u00edficos Fecha Evento Descripci\u00f3n Lugar Modalidad Organizador Proyecto 10 de [&hellip;]<\/p>\n","protected":false},"author":4,"featured_media":20906,"comment_status":"closed","ping_status":"closed","sticky":false,"template":"","format":"standard","meta":{"footnotes":""},"categories":[1],"tags":[],"class_list":["post-20905","post","type-post","status-publish","format-standard","has-post-thumbnail","hentry","category-allgemein"],"yoast_head":"<!-- This site is optimized with the Yoast SEO plugin v28.4 - https:\/\/yoast.com\/product\/yoast-seo-wordpress\/ -->\n<title>Eventos de marzo - Programme AL-INVEST Verde<\/title>\n<meta name=\"robots\" content=\"index, follow, max-snippet:-1, max-image-preview:large, max-video-preview:-1\" \/>\n<link rel=\"canonical\" href=\"https:\/\/alinvest-verde.eu\/pt_pt_ao90\/eventos-de-marzo\/\" \/>\n<meta property=\"og:locale\" content=\"pt_PT\" \/>\n<meta property=\"og:type\" content=\"article\" \/>\n<meta property=\"og:title\" content=\"Eventos de marzo - Programme AL-INVEST Verde\" \/>\n<meta property=\"og:description\" content=\"Eventos de conexi\u00f3n y difusi\u00f3n Fecha Evento Descripci\u00f3n Lugar Modalidad Organizador Proyecto 19 de marzo Empleos Verdes: de los retos a la acci\u00f3n empresarial Sesi\u00f3n de Webinar sobre la implementaci\u00f3n verde empleos verdes en el sector agroalimentario Colombia Virtual Impact Hub AXES Eventos t\u00e9cnicos o espec\u00edficos Fecha Evento Descripci\u00f3n Lugar Modalidad Organizador Proyecto 10 de [&hellip;]\" \/>\n<meta property=\"og:url\" content=\"https:\/\/alinvest-verde.eu\/pt_pt_ao90\/eventos-de-marzo\/\" \/>\n<meta property=\"og:site_name\" content=\"Programme AL-INVEST Verde\" \/>\n<meta property=\"article:published_time\" content=\"2026-03-10T23:08:20+00:00\" \/>\n<meta property=\"article:modified_time\" content=\"2026-03-10T23:08:21+00:00\" \/>\n<meta property=\"og:image\" content=\"https:\/\/alinvest-verde.eu\/wp-content\/uploads\/2026\/03\/ChatGPT-Image-Mar-10-2026-05_54_17-PM.png\" \/>\n\t<meta property=\"og:image:width\" content=\"1536\" \/>\n\t<meta property=\"og:image:height\" content=\"1024\" \/>\n\t<meta property=\"og:image:type\" content=\"image\/png\" \/>\n<meta name=\"author\" content=\"Malena Sousa\" \/>\n<meta name=\"twitter:card\" content=\"summary_large_image\" \/>\n<meta name=\"twitter:label1\" content=\"Written by\" \/>\n\t<meta name=\"twitter:data1\" content=\"\" \/>\n\t<meta name=\"twitter:label2\" content=\"Est. reading time\" \/>\n\t<meta name=\"twitter:data2\" content=\"2 minutos\" \/>\n<script type=\"application\/ld+json\" class=\"yoast-schema-graph\">{\"@context\":\"https:\\\/\\\/schema.org\",\"@graph\":[{\"@type\":\"Article\",\"@id\":\"https:\\\/\\\/alinvest-verde.eu\\\/eventos-de-marzo\\\/#article\",\"isPartOf\":{\"@id\":\"https:\\\/\\\/alinvest-verde.eu\\\/eventos-de-marzo\\\/\"},\"author\":{\"name\":\"Malena Sousa\",\"@id\":\"https:\\\/\\\/alinvest-verde.eu\\\/#\\\/schema\\\/person\\\/f18f811fbc283c4879102f4ba5f9e9cc\"},\"headline\":\"Eventos de marzo\",\"datePublished\":\"2026-03-10T23:08:20+00:00\",\"dateModified\":\"2026-03-10T23:08:21+00:00\",\"mainEntityOfPage\":{\"@id\":\"https:\\\/\\\/alinvest-verde.eu\\\/eventos-de-marzo\\\/\"},\"wordCount\":405,\"publisher\":{\"@id\":\"https:\\\/\\\/alinvest-verde.eu\\\/#organization\"},\"image\":{\"@id\":\"https:\\\/\\\/alinvest-verde.eu\\\/eventos-de-marzo\\\/#primaryimage\"},\"thumbnailUrl\":\"https:\\\/\\\/alinvest-verde.eu\\\/wp-content\\\/uploads\\\/2026\\\/03\\\/ChatGPT-Image-Mar-10-2026-05_54_17-PM.webp\",\"articleSection\":[\"Allgemein\"],\"inLanguage\":\"pt-PT\"},{\"@type\":\"WebPage\",\"@id\":\"https:\\\/\\\/alinvest-verde.eu\\\/eventos-de-marzo\\\/\",\"url\":\"https:\\\/\\\/alinvest-verde.eu\\\/eventos-de-marzo\\\/\",\"name\":\"Eventos de marzo - Programme AL-INVEST Verde\",\"isPartOf\":{\"@id\":\"https:\\\/\\\/alinvest-verde.eu\\\/#website\"},\"primaryImageOfPage\":{\"@id\":\"https:\\\/\\\/alinvest-verde.eu\\\/eventos-de-marzo\\\/#primaryimage\"},\"image\":{\"@id\":\"https:\\\/\\\/alinvest-verde.eu\\\/eventos-de-marzo\\\/#primaryimage\"},\"thumbnailUrl\":\"https:\\\/\\\/alinvest-verde.eu\\\/wp-content\\\/uploads\\\/2026\\\/03\\\/ChatGPT-Image-Mar-10-2026-05_54_17-PM.webp\",\"datePublished\":\"2026-03-10T23:08:20+00:00\",\"dateModified\":\"2026-03-10T23:08:21+00:00\",\"breadcrumb\":{\"@id\":\"https:\\\/\\\/alinvest-verde.eu\\\/eventos-de-marzo\\\/#breadcrumb\"},\"inLanguage\":\"pt-PT\",\"potentialAction\":[{\"@type\":\"ReadAction\",\"target\":[\"https:\\\/\\\/alinvest-verde.eu\\\/eventos-de-marzo\\\/\"]}]},{\"@type\":\"ImageObject\",\"inLanguage\":\"pt-PT\",\"@id\":\"https:\\\/\\\/alinvest-verde.eu\\\/eventos-de-marzo\\\/#primaryimage\",\"url\":\"https:\\\/\\\/alinvest-verde.eu\\\/wp-content\\\/uploads\\\/2026\\\/03\\\/ChatGPT-Image-Mar-10-2026-05_54_17-PM.webp\",\"contentUrl\":\"https:\\\/\\\/alinvest-verde.eu\\\/wp-content\\\/uploads\\\/2026\\\/03\\\/ChatGPT-Image-Mar-10-2026-05_54_17-PM.webp\",\"width\":1536,\"height\":1024},{\"@type\":\"BreadcrumbList\",\"@id\":\"https:\\\/\\\/alinvest-verde.eu\\\/eventos-de-marzo\\\/#breadcrumb\",\"itemListElement\":[{\"@type\":\"ListItem\",\"position\":1,\"name\":\"Inicio\",\"item\":\"https:\\\/\\\/alinvest-verde.eu\\\/\"},{\"@type\":\"ListItem\",\"position\":2,\"name\":\"Allgemein\",\"item\":\"https:\\\/\\\/alinvest-verde.eu\\\/category\\\/allgemein\\\/\"},{\"@type\":\"ListItem\",\"position\":3,\"name\":\"Eventos de marzo\"}]},{\"@type\":\"WebSite\",\"@id\":\"https:\\\/\\\/alinvest-verde.eu\\\/#website\",\"url\":\"https:\\\/\\\/alinvest-verde.eu\\\/\",\"name\":\"Programme AL-INVEST Verde\",\"description\":\"Building alliances with the private sector in LA and promote sustainable growth and jobs creation by supporting the transition towards a low-carbon, resource-efficient economy\",\"publisher\":{\"@id\":\"https:\\\/\\\/alinvest-verde.eu\\\/#organization\"},\"potentialAction\":[{\"@type\":\"SearchAction\",\"target\":{\"@type\":\"EntryPoint\",\"urlTemplate\":\"https:\\\/\\\/alinvest-verde.eu\\\/?s={search_term_string}\"},\"query-input\":{\"@type\":\"PropertyValueSpecification\",\"valueRequired\":true,\"valueName\":\"search_term_string\"}}],\"inLanguage\":\"pt-PT\"},{\"@type\":\"Organization\",\"@id\":\"https:\\\/\\\/alinvest-verde.eu\\\/#organization\",\"name\":\"Programme AL-INVEST Verde\",\"url\":\"https:\\\/\\\/alinvest-verde.eu\\\/\",\"logo\":{\"@type\":\"ImageObject\",\"inLanguage\":\"pt-PT\",\"@id\":\"https:\\\/\\\/alinvest-verde.eu\\\/#\\\/schema\\\/logo\\\/image\\\/\",\"url\":\"https:\\\/\\\/alinvest-verde.eu\\\/wp-content\\\/uploads\\\/2022\\\/01\\\/cropped-logo-financiado-por-la-UE.jpg\",\"contentUrl\":\"https:\\\/\\\/alinvest-verde.eu\\\/wp-content\\\/uploads\\\/2022\\\/01\\\/cropped-logo-financiado-por-la-UE.jpg\",\"width\":756,\"height\":216,\"caption\":\"Programme AL-INVEST Verde\"},\"image\":{\"@id\":\"https:\\\/\\\/alinvest-verde.eu\\\/#\\\/schema\\\/logo\\\/image\\\/\"}},{\"@type\":\"Person\",\"@id\":\"https:\\\/\\\/alinvest-verde.eu\\\/#\\\/schema\\\/person\\\/f18f811fbc283c4879102f4ba5f9e9cc\",\"name\":\"Malena Sousa\",\"image\":{\"@type\":\"ImageObject\",\"inLanguage\":\"pt-PT\",\"@id\":\"https:\\\/\\\/secure.gravatar.com\\\/avatar\\\/74c4287a4f65459fc00b8d8be549ed384ace7d1edd2dab408eba902c46cbcab1?s=96&d=mm&r=g\",\"url\":\"https:\\\/\\\/secure.gravatar.com\\\/avatar\\\/74c4287a4f65459fc00b8d8be549ed384ace7d1edd2dab408eba902c46cbcab1?s=96&d=mm&r=g\",\"contentUrl\":\"https:\\\/\\\/secure.gravatar.com\\\/avatar\\\/74c4287a4f65459fc00b8d8be549ed384ace7d1edd2dab408eba902c46cbcab1?s=96&d=mm&r=g\",\"caption\":\"Malena Sousa\"},\"url\":\"https:\\\/\\\/alinvest-verde.eu\\\/pt_pt_ao90\\\/author\\\/malena-sousa\\\/\"}]}<\/script>\n<!-- \/ Yoast SEO plugin. -->","yoast_head_json":{"title":"Eventos de mar\u00e7o - Programa AL-INVEST Verde","robots":{"index":"index","follow":"follow","max-snippet":"max-snippet:-1","max-image-preview":"max-image-preview:large","max-video-preview":"max-video-preview:-1"},"canonical":"https:\/\/alinvest-verde.eu\/pt_pt_ao90\/eventos-de-marzo\/","og_locale":"pt_PT","og_type":"article","og_title":"Eventos de marzo - Programme AL-INVEST Verde","og_description":"Eventos de conexi\u00f3n y difusi\u00f3n Fecha Evento Descripci\u00f3n Lugar Modalidad Organizador Proyecto 19 de marzo Empleos Verdes: de los retos a la acci\u00f3n empresarial Sesi\u00f3n de Webinar sobre la implementaci\u00f3n verde empleos verdes en el sector agroalimentario Colombia Virtual Impact Hub AXES Eventos t\u00e9cnicos o espec\u00edficos Fecha Evento Descripci\u00f3n Lugar Modalidad Organizador Proyecto 10 de [&hellip;]","og_url":"https:\/\/alinvest-verde.eu\/pt_pt_ao90\/eventos-de-marzo\/","og_site_name":"Programme AL-INVEST Verde","article_published_time":"2026-03-10T23:08:20+00:00","article_modified_time":"2026-03-10T23:08:21+00:00","og_image":[{"width":1536,"height":1024,"url":"https:\/\/alinvest-verde.eu\/wp-content\/uploads\/2026\/03\/ChatGPT-Image-Mar-10-2026-05_54_17-PM.png","type":"image\/png"}],"author":"Malena Sousa","twitter_card":"summary_large_image","twitter_misc":{"Written by":false,"Est. reading time":"2 minutos"},"schema":{"@context":"https:\/\/schema.org","@graph":[{"@type":"Article","@id":"https:\/\/alinvest-verde.eu\/eventos-de-marzo\/#article","isPartOf":{"@id":"https:\/\/alinvest-verde.eu\/eventos-de-marzo\/"},"author":{"name":"Malena Sousa","@id":"https:\/\/alinvest-verde.eu\/#\/schema\/person\/f18f811fbc283c4879102f4ba5f9e9cc"},"headline":"Eventos de marzo","datePublished":"2026-03-10T23:08:20+00:00","dateModified":"2026-03-10T23:08:21+00:00","mainEntityOfPage":{"@id":"https:\/\/alinvest-verde.eu\/eventos-de-marzo\/"},"wordCount":405,"publisher":{"@id":"https:\/\/alinvest-verde.eu\/#organization"},"image":{"@id":"https:\/\/alinvest-verde.eu\/eventos-de-marzo\/#primaryimage"},"thumbnailUrl":"https:\/\/alinvest-verde.eu\/wp-content\/uploads\/2026\/03\/ChatGPT-Image-Mar-10-2026-05_54_17-PM.webp","articleSection":["Allgemein"],"inLanguage":"pt-PT"},{"@type":"WebPage","@id":"https:\/\/alinvest-verde.eu\/eventos-de-marzo\/","url":"https:\/\/alinvest-verde.eu\/eventos-de-marzo\/","name":"Eventos de mar\u00e7o - Programa AL-INVEST Verde","isPartOf":{"@id":"https:\/\/alinvest-verde.eu\/#website"},"primaryImageOfPage":{"@id":"https:\/\/alinvest-verde.eu\/eventos-de-marzo\/#primaryimage"},"image":{"@id":"https:\/\/alinvest-verde.eu\/eventos-de-marzo\/#primaryimage"},"thumbnailUrl":"https:\/\/alinvest-verde.eu\/wp-content\/uploads\/2026\/03\/ChatGPT-Image-Mar-10-2026-05_54_17-PM.webp","datePublished":"2026-03-10T23:08:20+00:00","dateModified":"2026-03-10T23:08:21+00:00","breadcrumb":{"@id":"https:\/\/alinvest-verde.eu\/eventos-de-marzo\/#breadcrumb"},"inLanguage":"pt-PT","potentialAction":[{"@type":"ReadAction","target":["https:\/\/alinvest-verde.eu\/eventos-de-marzo\/"]}]},{"@type":"ImageObject","inLanguage":"pt-PT","@id":"https:\/\/alinvest-verde.eu\/eventos-de-marzo\/#primaryimage","url":"https:\/\/alinvest-verde.eu\/wp-content\/uploads\/2026\/03\/ChatGPT-Image-Mar-10-2026-05_54_17-PM.webp","contentUrl":"https:\/\/alinvest-verde.eu\/wp-content\/uploads\/2026\/03\/ChatGPT-Image-Mar-10-2026-05_54_17-PM.webp","width":1536,"height":1024},{"@type":"BreadcrumbList","@id":"https:\/\/alinvest-verde.eu\/eventos-de-marzo\/#breadcrumb","itemListElement":[{"@type":"ListItem","position":1,"name":"Inicio","item":"https:\/\/alinvest-verde.eu\/"},{"@type":"ListItem","position":2,"name":"Allgemein","item":"https:\/\/alinvest-verde.eu\/category\/allgemein\/"},{"@type":"ListItem","position":3,"name":"Eventos de marzo"}]},{"@type":"WebSite","@id":"https:\/\/alinvest-verde.eu\/#website","url":"https:\/\/alinvest-verde.eu\/","name":"Programa AL-INVEST Verde","description":"Construir alian\u00e7as com o sector privado na AL e promover o crescimento sustent\u00e1vel e a cria\u00e7\u00e3o de empregos, apoiando a transi\u00e7\u00e3o para uma economia de baixo carbono e eficiente em termos de recursos","publisher":{"@id":"https:\/\/alinvest-verde.eu\/#organization"},"potentialAction":[{"@type":"SearchAction","target":{"@type":"EntryPoint","urlTemplate":"https:\/\/alinvest-verde.eu\/?s={search_term_string}"},"query-input":{"@type":"PropertyValueSpecification","valueRequired":true,"valueName":"search_term_string"}}],"inLanguage":"pt-PT"},{"@type":"Organization","@id":"https:\/\/alinvest-verde.eu\/#organization","name":"Programa AL-INVEST Verde","url":"https:\/\/alinvest-verde.eu\/","logo":{"@type":"ImageObject","inLanguage":"pt-PT","@id":"https:\/\/alinvest-verde.eu\/#\/schema\/logo\/image\/","url":"https:\/\/alinvest-verde.eu\/wp-content\/uploads\/2022\/01\/cropped-logo-financiado-por-la-UE.jpg","contentUrl":"https:\/\/alinvest-verde.eu\/wp-content\/uploads\/2022\/01\/cropped-logo-financiado-por-la-UE.jpg","width":756,"height":216,"caption":"Programme AL-INVEST Verde"},"image":{"@id":"https:\/\/alinvest-verde.eu\/#\/schema\/logo\/image\/"}},{"@type":"Person","@id":"https:\/\/alinvest-verde.eu\/#\/schema\/person\/f18f811fbc283c4879102f4ba5f9e9cc","name":"Malena Sousa","image":{"@type":"ImageObject","inLanguage":"pt-PT","@id":"https:\/\/secure.gravatar.com\/avatar\/74c4287a4f65459fc00b8d8be549ed384ace7d1edd2dab408eba902c46cbcab1?s=96&d=mm&r=g","url":"https:\/\/secure.gravatar.com\/avatar\/74c4287a4f65459fc00b8d8be549ed384ace7d1edd2dab408eba902c46cbcab1?s=96&d=mm&r=g","contentUrl":"https:\/\/secure.gravatar.com\/avatar\/74c4287a4f65459fc00b8d8be549ed384ace7d1edd2dab408eba902c46cbcab1?s=96&d=mm&r=g","caption":"Malena Sousa"},"url":"https:\/\/alinvest-verde.eu\/pt_pt_ao90\/author\/malena-sousa\/"}]}},"_links":{"self":[{"href":"https:\/\/alinvest-verde.eu\/pt_pt_ao90\/wp-json\/wp\/v2\/posts\/20905","targetHints":{"allow":["GET"]}}],"collection":[{"href":"https:\/\/alinvest-verde.eu\/pt_pt_ao90\/wp-json\/wp\/v2\/posts"}],"about":[{"href":"https:\/\/alinvest-verde.eu\/pt_pt_ao90\/wp-json\/wp\/v2\/types\/post"}],"author":[{"embeddable":true,"href":"https:\/\/alinvest-verde.eu\/pt_pt_ao90\/wp-json\/wp\/v2\/users\/4"}],"replies":[{"embeddable":true,"href":"https:\/\/alinvest-verde.eu\/pt_pt_ao90\/wp-json\/wp\/v2\/comments?post=20905"}],"version-history":[{"count":7,"href":"https:\/\/alinvest-verde.eu\/pt_pt_ao90\/wp-json\/wp\/v2\/posts\/20905\/revisions"}],"predecessor-version":[{"id":20913,"href":"https:\/\/alinvest-verde.eu\/pt_pt_ao90\/wp-json\/wp\/v2\/posts\/20905\/revisions\/20913"}],"wp:featuredmedia":[{"embeddable":true,"href":"https:\/\/alinvest-verde.eu\/pt_pt_ao90\/wp-json\/wp\/v2\/media\/20906"}],"wp:attachment":[{"href":"https:\/\/alinvest-verde.eu\/pt_pt_ao90\/wp-json\/wp\/v2\/media?parent=20905"}],"wp:term":[{"taxonomy":"category","embeddable":true,"href":"https:\/\/alinvest-verde.eu\/pt_pt_ao90\/wp-json\/wp\/v2\/categories?post=20905"},{"taxonomy":"post_tag","embeddable":true,"href":"https:\/\/alinvest-verde.eu\/pt_pt_ao90\/wp-json\/wp\/v2\/tags?post=20905"}],"curies":[{"name":"wp","href":"https:\/\/api.w.org\/{rel}","templated":true}]}}