{"id":21248,"date":"2026-04-15T00:35:20","date_gmt":"2026-04-14T22:35:20","guid":{"rendered":"https:\/\/alinvest-verde.eu\/?p=21248"},"modified":"2026-08-07T19:20:38","modified_gmt":"2026-08-07T17:20:38","slug":"coltexcircular","status":"publish","type":"post","link":"https:\/\/alinvest-verde.eu\/pt_pt_ao90\/coltexcircular\/","title":{"rendered":"CIRCULAB"},"content":{"rendered":"<p class=\"wp-block-paragraph\"><strong>Ado\u00e7\u00e3o de pr\u00e1ticas de economia circular no sector da moda (t\u00eaxtil e vestu\u00e1rio) das PME na Col\u00f4mbia.<\/strong><\/p>\n\n\n\n<p class=\"wp-block-paragraph\">O CircuLAB impulsiona a transi\u00e7\u00e3o para modelos de economia circular no setor t\u00eaxtil e da moda na Col\u00f4mbia, refor\u00e7ando a competitividade e a sustentabilidade das pequenas e m\u00e9dias empresas. O projeto responde \u00e0 necessidade de transformar os processos produtivos do setor atrav\u00e9s da ado\u00e7\u00e3o de pr\u00e1ticas mais eficientes na utiliza\u00e7\u00e3o dos recursos, de metodologias de ecodesign e de inova\u00e7\u00e3o sustent\u00e1vel, contribuindo assim para reduzir os impactos ambientais e para consolidar cadeias de valor mais resilientes e competitivas.<\/p>\n\n\n\n<p class=\"wp-block-paragraph\">Para tal, a iniciativa oferece forma\u00e7\u00e3o, assist\u00eancia t\u00e9cnica e acompanhamento especializado para apoiar as empresas na incorpora\u00e7\u00e3o dos princ\u00edpios da economia circular nos seus modelos de neg\u00f3cio e processos produtivos. Al\u00e9m disso, promove a colabora\u00e7\u00e3o entre empresas, institui\u00e7\u00f5es t\u00e9cnicas e intervenientes do ecossistema de inova\u00e7\u00e3o, favorecendo a partilha de conhecimentos e a ado\u00e7\u00e3o de solu\u00e7\u00f5es que acelerem a transi\u00e7\u00e3o para uma ind\u00fastria t\u00eaxtil mais sustent\u00e1vel, inovadora e preparada para responder aos desafios do mercado.<\/p>\n\n\n\n<p class=\"wp-block-paragraph\"><strong>Cons\u00f3rcio de implementa\u00e7\u00e3o<\/strong>:<\/p>\n\n\n\n<p class=\"wp-block-paragraph\">Entidade coordenadora: <\/p>\n\n\n\n<figure class=\"wp-block-image size-full is-resized\"><a href=\"https:\/\/inexmoda.org.co\/\"><img decoding=\"async\" width=\"219\" height=\"66\" src=\"https:\/\/alinvest-verde.eu\/wp-content\/uploads\/image-1.webp\" alt=\"\" class=\"wp-image-21251\" style=\"aspect-ratio:3.319015191199581;width:158px;height:auto\" srcset=\"https:\/\/alinvest-verde.eu\/wp-content\/uploads\/image-1.webp 219w, https:\/\/alinvest-verde.eu\/wp-content\/uploads\/image-1-150x45.webp 150w, https:\/\/alinvest-verde.eu\/wp-content\/uploads\/image-1-18x5.webp 18w\" sizes=\"(max-width: 219px) 100vw, 219px\" \/><\/a><\/figure>\n\n\n\n<p class=\"wp-block-paragraph\">Entidade parceira: <\/p>\n\n\n\n<figure class=\"wp-block-image size-full is-resized\"><a href=\"https:\/\/www.cleantechnetwork.org\/\"><img decoding=\"async\" width=\"356\" height=\"86\" src=\"https:\/\/alinvest-verde.eu\/wp-content\/uploads\/image-2.webp\" alt=\"\" class=\"wp-image-21252\" style=\"aspect-ratio:4.140328290955906;width:161px;height:auto\" srcset=\"https:\/\/alinvest-verde.eu\/wp-content\/uploads\/image-2.webp 356w, https:\/\/alinvest-verde.eu\/wp-content\/uploads\/image-2-300x72.webp 300w, https:\/\/alinvest-verde.eu\/wp-content\/uploads\/image-2-150x36.webp 150w, https:\/\/alinvest-verde.eu\/wp-content\/uploads\/image-2-18x4.webp 18w\" sizes=\"(max-width: 356px) 100vw, 356px\" \/><\/a><\/figure>\n\n\n\n<p class=\"wp-block-paragraph\"><strong>Benefici\u00e1rios:<\/strong><\/p>\n\n\n\n<p class=\"wp-block-paragraph\">45 pequenas e m\u00e9dias empresas (PME) do setor t\u00eaxtil e da moda da Col\u00f4mbia, que recebem forma\u00e7\u00e3o, assist\u00eancia t\u00e9cnica e apoio para adotarem pr\u00e1ticas de economia circular, ecodesign e inova\u00e7\u00e3o sustent\u00e1vel.<\/p>\n\n\n\n<p class=\"wp-block-paragraph\"><strong>Em poucas palavras:&nbsp;<\/strong><\/p>\n\n\n\n<figure class=\"wp-block-table\"><table class=\"has-luminous-vivid-amber-background-color has-background has-fixed-layout\"><tbody><tr><td><strong>Regi\u00e3o\/Cidades de implementa\u00e7\u00e3o<\/strong><\/td><td><strong>Dura\u00e7\u00e3o&nbsp;<\/strong><\/td><td><strong>Or\u00e7amento<\/strong><\/td><td><strong>N.\u00ba de PME benefici\u00e1rias&nbsp;<\/strong><\/td><\/tr><tr><td>Divulga\u00e7\u00e3o nacional&nbsp;<\/td><td>10 meses <\/td><td>\u20ac 288.060,38<\/td><td>45<\/td><\/tr><\/tbody><\/table><\/figure>\n\n\n\n<p class=\"wp-block-paragraph\"><strong>Contactar este projeto:&nbsp;<\/strong><\/p>\n\n\n\n<p class=\"wp-block-paragraph\">Ximena Arboleada<\/p>\n\n\n\n<p class=\"wp-block-paragraph\">Gestor de projectos <\/p>\n\n\n\n<p class=\"wp-block-paragraph\">ximena.arboleda@inexmoda.org.co<\/p>\n\n\n\n<p class=\"wp-block-paragraph\"><\/p>","protected":false},"excerpt":{"rendered":"<p>Adopci\u00f3n de pr\u00e1cticas econ\u00f3micas circulares en el sector moda (textil y confecci\u00f3n) de PYMES en Colombia CircuLAB impulsa la transici\u00f3n hacia modelos de econom\u00eda circular en el sector textil y de la moda en Colombia, fortaleciendo la competitividad y sostenibilidad de las peque\u00f1as y medianas empresas. El proyecto responde a la necesidad de transformar los [&hellip;]<\/p>\n","protected":false},"author":4,"featured_media":14759,"comment_status":"closed","ping_status":"closed","sticky":false,"template":"","format":"standard","meta":{"footnotes":""},"categories":[1],"tags":[],"class_list":["post-21248","post","type-post","status-publish","format-standard","has-post-thumbnail","hentry","category-allgemein"],"yoast_head":"<!-- This site is optimized with the Yoast SEO plugin v28.4 - https:\/\/yoast.com\/product\/yoast-seo-wordpress\/ -->\n<title>CIRCULAB - Programme AL-INVEST Verde<\/title>\n<meta name=\"robots\" content=\"index, follow, max-snippet:-1, max-image-preview:large, max-video-preview:-1\" \/>\n<link rel=\"canonical\" href=\"https:\/\/alinvest-verde.eu\/pt_pt_ao90\/coltexcircular\/\" \/>\n<meta property=\"og:locale\" content=\"pt_PT\" \/>\n<meta property=\"og:type\" content=\"article\" \/>\n<meta property=\"og:title\" content=\"CIRCULAB - Programme AL-INVEST Verde\" \/>\n<meta property=\"og:description\" content=\"Adopci\u00f3n de pr\u00e1cticas econ\u00f3micas circulares en el sector moda (textil y confecci\u00f3n) de PYMES en Colombia CircuLAB impulsa la transici\u00f3n hacia modelos de econom\u00eda circular en el sector textil y de la moda en Colombia, fortaleciendo la competitividad y sostenibilidad de las peque\u00f1as y medianas empresas. El proyecto responde a la necesidad de transformar los [&hellip;]\" \/>\n<meta property=\"og:url\" content=\"https:\/\/alinvest-verde.eu\/pt_pt_ao90\/coltexcircular\/\" \/>\n<meta property=\"og:site_name\" content=\"Programme AL-INVEST Verde\" \/>\n<meta property=\"article:published_time\" content=\"2026-04-14T22:35:20+00:00\" \/>\n<meta property=\"article:modified_time\" content=\"2026-08-07T17:20:38+00:00\" \/>\n<meta property=\"og:image\" content=\"https:\/\/alinvest-verde.eu\/wp-content\/uploads\/2024\/07\/telas.jpg\" \/>\n\t<meta property=\"og:image:width\" content=\"1280\" \/>\n\t<meta property=\"og:image:height\" content=\"853\" \/>\n\t<meta property=\"og:image:type\" content=\"image\/jpeg\" \/>\n<meta name=\"author\" content=\"Malena Sousa\" \/>\n<meta name=\"twitter:card\" content=\"summary_large_image\" \/>\n<meta name=\"twitter:label1\" content=\"Written by\" \/>\n\t<meta name=\"twitter:data1\" content=\"\" \/>\n\t<meta name=\"twitter:label2\" content=\"Est. reading time\" \/>\n\t<meta name=\"twitter:data2\" content=\"2 minutos\" \/>\n<script type=\"application\/ld+json\" class=\"yoast-schema-graph\">{\"@context\":\"https:\\\/\\\/schema.org\",\"@graph\":[{\"@type\":\"Article\",\"@id\":\"https:\\\/\\\/alinvest-verde.eu\\\/coltexcircular\\\/#article\",\"isPartOf\":{\"@id\":\"https:\\\/\\\/alinvest-verde.eu\\\/coltexcircular\\\/\"},\"author\":{\"name\":\"Malena Sousa\",\"@id\":\"https:\\\/\\\/alinvest-verde.eu\\\/#\\\/schema\\\/person\\\/f18f811fbc283c4879102f4ba5f9e9cc\"},\"headline\":\"CIRCULAB\",\"datePublished\":\"2026-04-14T22:35:20+00:00\",\"dateModified\":\"2026-08-07T17:20:38+00:00\",\"mainEntityOfPage\":{\"@id\":\"https:\\\/\\\/alinvest-verde.eu\\\/coltexcircular\\\/\"},\"wordCount\":280,\"publisher\":{\"@id\":\"https:\\\/\\\/alinvest-verde.eu\\\/#organization\"},\"image\":{\"@id\":\"https:\\\/\\\/alinvest-verde.eu\\\/coltexcircular\\\/#primaryimage\"},\"thumbnailUrl\":\"https:\\\/\\\/alinvest-verde.eu\\\/wp-content\\\/uploads\\\/2024\\\/07\\\/telas.jpg\",\"articleSection\":[\"Allgemein\"],\"inLanguage\":\"pt-PT\"},{\"@type\":\"WebPage\",\"@id\":\"https:\\\/\\\/alinvest-verde.eu\\\/coltexcircular\\\/\",\"url\":\"https:\\\/\\\/alinvest-verde.eu\\\/coltexcircular\\\/\",\"name\":\"CIRCULAB - Programme AL-INVEST Verde\",\"isPartOf\":{\"@id\":\"https:\\\/\\\/alinvest-verde.eu\\\/#website\"},\"primaryImageOfPage\":{\"@id\":\"https:\\\/\\\/alinvest-verde.eu\\\/coltexcircular\\\/#primaryimage\"},\"image\":{\"@id\":\"https:\\\/\\\/alinvest-verde.eu\\\/coltexcircular\\\/#primaryimage\"},\"thumbnailUrl\":\"https:\\\/\\\/alinvest-verde.eu\\\/wp-content\\\/uploads\\\/2024\\\/07\\\/telas.jpg\",\"datePublished\":\"2026-04-14T22:35:20+00:00\",\"dateModified\":\"2026-08-07T17:20:38+00:00\",\"breadcrumb\":{\"@id\":\"https:\\\/\\\/alinvest-verde.eu\\\/coltexcircular\\\/#breadcrumb\"},\"inLanguage\":\"pt-PT\",\"potentialAction\":[{\"@type\":\"ReadAction\",\"target\":[\"https:\\\/\\\/alinvest-verde.eu\\\/coltexcircular\\\/\"]}]},{\"@type\":\"ImageObject\",\"inLanguage\":\"pt-PT\",\"@id\":\"https:\\\/\\\/alinvest-verde.eu\\\/coltexcircular\\\/#primaryimage\",\"url\":\"https:\\\/\\\/alinvest-verde.eu\\\/wp-content\\\/uploads\\\/2024\\\/07\\\/telas.jpg\",\"contentUrl\":\"https:\\\/\\\/alinvest-verde.eu\\\/wp-content\\\/uploads\\\/2024\\\/07\\\/telas.jpg\",\"width\":1280,\"height\":853},{\"@type\":\"BreadcrumbList\",\"@id\":\"https:\\\/\\\/alinvest-verde.eu\\\/coltexcircular\\\/#breadcrumb\",\"itemListElement\":[{\"@type\":\"ListItem\",\"position\":1,\"name\":\"Inicio\",\"item\":\"https:\\\/\\\/alinvest-verde.eu\\\/\"},{\"@type\":\"ListItem\",\"position\":2,\"name\":\"Allgemein\",\"item\":\"https:\\\/\\\/alinvest-verde.eu\\\/category\\\/allgemein\\\/\"},{\"@type\":\"ListItem\",\"position\":3,\"name\":\"CIRCULAB\"}]},{\"@type\":\"WebSite\",\"@id\":\"https:\\\/\\\/alinvest-verde.eu\\\/#website\",\"url\":\"https:\\\/\\\/alinvest-verde.eu\\\/\",\"name\":\"Programme AL-INVEST Verde\",\"description\":\"Building alliances with the private sector in LA and promote sustainable growth and jobs creation by supporting the transition towards a low-carbon, resource-efficient economy\",\"publisher\":{\"@id\":\"https:\\\/\\\/alinvest-verde.eu\\\/#organization\"},\"potentialAction\":[{\"@type\":\"SearchAction\",\"target\":{\"@type\":\"EntryPoint\",\"urlTemplate\":\"https:\\\/\\\/alinvest-verde.eu\\\/?s={search_term_string}\"},\"query-input\":{\"@type\":\"PropertyValueSpecification\",\"valueRequired\":true,\"valueName\":\"search_term_string\"}}],\"inLanguage\":\"pt-PT\"},{\"@type\":\"Organization\",\"@id\":\"https:\\\/\\\/alinvest-verde.eu\\\/#organization\",\"name\":\"Programme AL-INVEST Verde\",\"url\":\"https:\\\/\\\/alinvest-verde.eu\\\/\",\"logo\":{\"@type\":\"ImageObject\",\"inLanguage\":\"pt-PT\",\"@id\":\"https:\\\/\\\/alinvest-verde.eu\\\/#\\\/schema\\\/logo\\\/image\\\/\",\"url\":\"https:\\\/\\\/alinvest-verde.eu\\\/wp-content\\\/uploads\\\/2022\\\/01\\\/cropped-logo-financiado-por-la-UE.jpg\",\"contentUrl\":\"https:\\\/\\\/alinvest-verde.eu\\\/wp-content\\\/uploads\\\/2022\\\/01\\\/cropped-logo-financiado-por-la-UE.jpg\",\"width\":756,\"height\":216,\"caption\":\"Programme AL-INVEST Verde\"},\"image\":{\"@id\":\"https:\\\/\\\/alinvest-verde.eu\\\/#\\\/schema\\\/logo\\\/image\\\/\"}},{\"@type\":\"Person\",\"@id\":\"https:\\\/\\\/alinvest-verde.eu\\\/#\\\/schema\\\/person\\\/f18f811fbc283c4879102f4ba5f9e9cc\",\"name\":\"Malena Sousa\",\"image\":{\"@type\":\"ImageObject\",\"inLanguage\":\"pt-PT\",\"@id\":\"https:\\\/\\\/secure.gravatar.com\\\/avatar\\\/74c4287a4f65459fc00b8d8be549ed384ace7d1edd2dab408eba902c46cbcab1?s=96&d=mm&r=g\",\"url\":\"https:\\\/\\\/secure.gravatar.com\\\/avatar\\\/74c4287a4f65459fc00b8d8be549ed384ace7d1edd2dab408eba902c46cbcab1?s=96&d=mm&r=g\",\"contentUrl\":\"https:\\\/\\\/secure.gravatar.com\\\/avatar\\\/74c4287a4f65459fc00b8d8be549ed384ace7d1edd2dab408eba902c46cbcab1?s=96&d=mm&r=g\",\"caption\":\"Malena Sousa\"},\"url\":\"https:\\\/\\\/alinvest-verde.eu\\\/pt_pt_ao90\\\/author\\\/malena-sousa\\\/\"}]}<\/script>\n<!-- \/ Yoast SEO plugin. -->","yoast_head_json":{"title":"CIRCULAB - Programa AL-INVEST Verde","robots":{"index":"index","follow":"follow","max-snippet":"max-snippet:-1","max-image-preview":"max-image-preview:large","max-video-preview":"max-video-preview:-1"},"canonical":"https:\/\/alinvest-verde.eu\/pt_pt_ao90\/coltexcircular\/","og_locale":"pt_PT","og_type":"article","og_title":"CIRCULAB - Programme AL-INVEST Verde","og_description":"Adopci\u00f3n de pr\u00e1cticas econ\u00f3micas circulares en el sector moda (textil y confecci\u00f3n) de PYMES en Colombia CircuLAB impulsa la transici\u00f3n hacia modelos de econom\u00eda circular en el sector textil y de la moda en Colombia, fortaleciendo la competitividad y sostenibilidad de las peque\u00f1as y medianas empresas. El proyecto responde a la necesidad de transformar los [&hellip;]","og_url":"https:\/\/alinvest-verde.eu\/pt_pt_ao90\/coltexcircular\/","og_site_name":"Programme AL-INVEST Verde","article_published_time":"2026-04-14T22:35:20+00:00","article_modified_time":"2026-08-07T17:20:38+00:00","og_image":[{"width":1280,"height":853,"url":"https:\/\/alinvest-verde.eu\/wp-content\/uploads\/2024\/07\/telas.jpg","type":"image\/jpeg"}],"author":"Malena Sousa","twitter_card":"summary_large_image","twitter_misc":{"Written by":false,"Est. reading time":"2 minutos"},"schema":{"@context":"https:\/\/schema.org","@graph":[{"@type":"Article","@id":"https:\/\/alinvest-verde.eu\/coltexcircular\/#article","isPartOf":{"@id":"https:\/\/alinvest-verde.eu\/coltexcircular\/"},"author":{"name":"Malena Sousa","@id":"https:\/\/alinvest-verde.eu\/#\/schema\/person\/f18f811fbc283c4879102f4ba5f9e9cc"},"headline":"CIRCULAB","datePublished":"2026-04-14T22:35:20+00:00","dateModified":"2026-08-07T17:20:38+00:00","mainEntityOfPage":{"@id":"https:\/\/alinvest-verde.eu\/coltexcircular\/"},"wordCount":280,"publisher":{"@id":"https:\/\/alinvest-verde.eu\/#organization"},"image":{"@id":"https:\/\/alinvest-verde.eu\/coltexcircular\/#primaryimage"},"thumbnailUrl":"https:\/\/alinvest-verde.eu\/wp-content\/uploads\/2024\/07\/telas.jpg","articleSection":["Allgemein"],"inLanguage":"pt-PT"},{"@type":"WebPage","@id":"https:\/\/alinvest-verde.eu\/coltexcircular\/","url":"https:\/\/alinvest-verde.eu\/coltexcircular\/","name":"CIRCULAB - Programa AL-INVEST Verde","isPartOf":{"@id":"https:\/\/alinvest-verde.eu\/#website"},"primaryImageOfPage":{"@id":"https:\/\/alinvest-verde.eu\/coltexcircular\/#primaryimage"},"image":{"@id":"https:\/\/alinvest-verde.eu\/coltexcircular\/#primaryimage"},"thumbnailUrl":"https:\/\/alinvest-verde.eu\/wp-content\/uploads\/2024\/07\/telas.jpg","datePublished":"2026-04-14T22:35:20+00:00","dateModified":"2026-08-07T17:20:38+00:00","breadcrumb":{"@id":"https:\/\/alinvest-verde.eu\/coltexcircular\/#breadcrumb"},"inLanguage":"pt-PT","potentialAction":[{"@type":"ReadAction","target":["https:\/\/alinvest-verde.eu\/coltexcircular\/"]}]},{"@type":"ImageObject","inLanguage":"pt-PT","@id":"https:\/\/alinvest-verde.eu\/coltexcircular\/#primaryimage","url":"https:\/\/alinvest-verde.eu\/wp-content\/uploads\/2024\/07\/telas.jpg","contentUrl":"https:\/\/alinvest-verde.eu\/wp-content\/uploads\/2024\/07\/telas.jpg","width":1280,"height":853},{"@type":"BreadcrumbList","@id":"https:\/\/alinvest-verde.eu\/coltexcircular\/#breadcrumb","itemListElement":[{"@type":"ListItem","position":1,"name":"Inicio","item":"https:\/\/alinvest-verde.eu\/"},{"@type":"ListItem","position":2,"name":"Allgemein","item":"https:\/\/alinvest-verde.eu\/category\/allgemein\/"},{"@type":"ListItem","position":3,"name":"CIRCULAB"}]},{"@type":"WebSite","@id":"https:\/\/alinvest-verde.eu\/#website","url":"https:\/\/alinvest-verde.eu\/","name":"Programa AL-INVEST Verde","description":"Construir alian\u00e7as com o sector privado na AL e promover o crescimento sustent\u00e1vel e a cria\u00e7\u00e3o de empregos, apoiando a transi\u00e7\u00e3o para uma economia de baixo carbono e eficiente em termos de recursos","publisher":{"@id":"https:\/\/alinvest-verde.eu\/#organization"},"potentialAction":[{"@type":"SearchAction","target":{"@type":"EntryPoint","urlTemplate":"https:\/\/alinvest-verde.eu\/?s={search_term_string}"},"query-input":{"@type":"PropertyValueSpecification","valueRequired":true,"valueName":"search_term_string"}}],"inLanguage":"pt-PT"},{"@type":"Organization","@id":"https:\/\/alinvest-verde.eu\/#organization","name":"Programa AL-INVEST Verde","url":"https:\/\/alinvest-verde.eu\/","logo":{"@type":"ImageObject","inLanguage":"pt-PT","@id":"https:\/\/alinvest-verde.eu\/#\/schema\/logo\/image\/","url":"https:\/\/alinvest-verde.eu\/wp-content\/uploads\/2022\/01\/cropped-logo-financiado-por-la-UE.jpg","contentUrl":"https:\/\/alinvest-verde.eu\/wp-content\/uploads\/2022\/01\/cropped-logo-financiado-por-la-UE.jpg","width":756,"height":216,"caption":"Programme AL-INVEST Verde"},"image":{"@id":"https:\/\/alinvest-verde.eu\/#\/schema\/logo\/image\/"}},{"@type":"Person","@id":"https:\/\/alinvest-verde.eu\/#\/schema\/person\/f18f811fbc283c4879102f4ba5f9e9cc","name":"Malena Sousa","image":{"@type":"ImageObject","inLanguage":"pt-PT","@id":"https:\/\/secure.gravatar.com\/avatar\/74c4287a4f65459fc00b8d8be549ed384ace7d1edd2dab408eba902c46cbcab1?s=96&d=mm&r=g","url":"https:\/\/secure.gravatar.com\/avatar\/74c4287a4f65459fc00b8d8be549ed384ace7d1edd2dab408eba902c46cbcab1?s=96&d=mm&r=g","contentUrl":"https:\/\/secure.gravatar.com\/avatar\/74c4287a4f65459fc00b8d8be549ed384ace7d1edd2dab408eba902c46cbcab1?s=96&d=mm&r=g","caption":"Malena Sousa"},"url":"https:\/\/alinvest-verde.eu\/pt_pt_ao90\/author\/malena-sousa\/"}]}},"_links":{"self":[{"href":"https:\/\/alinvest-verde.eu\/pt_pt_ao90\/wp-json\/wp\/v2\/posts\/21248","targetHints":{"allow":["GET"]}}],"collection":[{"href":"https:\/\/alinvest-verde.eu\/pt_pt_ao90\/wp-json\/wp\/v2\/posts"}],"about":[{"href":"https:\/\/alinvest-verde.eu\/pt_pt_ao90\/wp-json\/wp\/v2\/types\/post"}],"author":[{"embeddable":true,"href":"https:\/\/alinvest-verde.eu\/pt_pt_ao90\/wp-json\/wp\/v2\/users\/4"}],"replies":[{"embeddable":true,"href":"https:\/\/alinvest-verde.eu\/pt_pt_ao90\/wp-json\/wp\/v2\/comments?post=21248"}],"version-history":[{"count":3,"href":"https:\/\/alinvest-verde.eu\/pt_pt_ao90\/wp-json\/wp\/v2\/posts\/21248\/revisions"}],"predecessor-version":[{"id":21780,"href":"https:\/\/alinvest-verde.eu\/pt_pt_ao90\/wp-json\/wp\/v2\/posts\/21248\/revisions\/21780"}],"wp:featuredmedia":[{"embeddable":true,"href":"https:\/\/alinvest-verde.eu\/pt_pt_ao90\/wp-json\/wp\/v2\/media\/14759"}],"wp:attachment":[{"href":"https:\/\/alinvest-verde.eu\/pt_pt_ao90\/wp-json\/wp\/v2\/media?parent=21248"}],"wp:term":[{"taxonomy":"category","embeddable":true,"href":"https:\/\/alinvest-verde.eu\/pt_pt_ao90\/wp-json\/wp\/v2\/categories?post=21248"},{"taxonomy":"post_tag","embeddable":true,"href":"https:\/\/alinvest-verde.eu\/pt_pt_ao90\/wp-json\/wp\/v2\/tags?post=21248"}],"curies":[{"name":"wp","href":"https:\/\/api.w.org\/{rel}","templated":true}]}}