{"id":21873,"date":"2026-08-31T13:39:01","date_gmt":"2026-08-31T11:39:01","guid":{"rendered":"https:\/\/alinvest-verde.eu\/?p=21873"},"modified":"2026-08-31T13:39:03","modified_gmt":"2026-08-31T11:39:03","slug":"conexionverde-reune-en-bruselas-a-mas-de-200-representantes-de-europa-y-america-latina-para-reforzar-las-alianzas-y-consolidar-el-legado-de-al-invest-verde","status":"publish","type":"post","link":"https:\/\/alinvest-verde.eu\/pt_pt_ao90\/conexionverde-reune-en-bruselas-a-mas-de-200-representantes-de-europa-y-america-latina-para-reforzar-las-alianzas-y-consolidar-el-legado-de-al-invest-verde\/","title":{"rendered":"A CONEXI\u00d3NVerde+ re\u00fane em Bruxelas mais de 200 representantes da Europa e da Am\u00e9rica Latina para refor\u00e7ar as alian\u00e7as e consolidar o legado da AL-INVEST Verde\u00a0"},"content":{"rendered":"<p class=\"wp-block-paragraph\">Mais de 200 representantes de governos, organiza\u00e7\u00f5es empresariais, empresas, organismos e institui\u00e7\u00f5es da Am\u00e9rica Latina e da Uni\u00e3o Europeia participaram no #CONEXI\u00d3NVerde, o evento anual do programa AL-INVEST Verde, realizado em Bruxelas (B\u00e9lgica) de 16 a 18 de junho. Esta edi\u00e7\u00e3o, concebida como um evento de encerramento, centrou-se na reflex\u00e3o sobre o legado do programa e no refor\u00e7o das alian\u00e7as necess\u00e1rias para garantir a continuidade dos resultados alcan\u00e7ados em mat\u00e9ria de sustentabilidade, inova\u00e7\u00e3o e desenvolvimento econ\u00f3mico.&nbsp;<\/p>\n\n\n\n<p class=\"wp-block-paragraph\">O evento foi organizado em torno de sess\u00f5es de alto n\u00edvel, pain\u00e9is tem\u00e1ticos e di\u00e1logos estrat\u00e9gicos, com o objetivo de consolidar as li\u00e7\u00f5es aprendidas e promover novas sinergias que impulsionem o progresso em mat\u00e9ria de emprego, competitividade sustent\u00e1vel e&nbsp;<s>a<\/s>&nbsp;transi\u00e7\u00e3o verde na Am\u00e9rica Latina.&nbsp;<\/p>\n\n\n\n<p class=\"wp-block-paragraph\">No primeiro dia, 16 de junho, as sess\u00f5es paralelas centraram-se no apoio ao setor privado e no refor\u00e7o do setor p\u00fablico. No segundo dia, 17 de junho, uma sess\u00e3o plen\u00e1ria apresentou os resultados e o legado do programa, bem como os desafios a enfrentar, ao mesmo tempo que reconheceu os principais intervenientes que contribu\u00edram para o seu sucesso. O terceiro dia, 18 de junho, foi dedicado a v\u00e1rias visitas de campo destinadas a aprofundar o conhecimento das pr\u00e1ticas europeias e a refor\u00e7ar o\u00a0<em>trabalho em rede<\/em>\u00a0entre os participantes.\u00a0<\/p>\n\n\n\n<p class=\"wp-block-paragraph\">Durante a sess\u00e3o plen\u00e1ria, intitulada \u201cO legado do AL-INVEST Verde: da experi\u00eancia \u00e0 continuidade\u201d, funcion\u00e1rios da Comiss\u00e3o Europeia, representantes governamentais e intervenientes do setor privado da Am\u00e9rica Latina, bem como as organiza\u00e7\u00f5es respons\u00e1veis pela execu\u00e7\u00e3o do programa, analisaram os progressos alcan\u00e7ados e o papel da coopera\u00e7\u00e3o birregional para impulsionar a transi\u00e7\u00e3o para modelos de produ\u00e7\u00e3o mais sustent\u00e1veis, resilientes e competitivos.&nbsp;<\/p>\n\n\n\n<p class=\"wp-block-paragraph\">O evento foi inaugurado pelo Sr. F\u00e9lix Fern\u00e1ndez Shaw, diretor para a Am\u00e9rica Latina e as Cara\u00edbas da Dire\u00e7\u00e3o-Geral das Associa\u00e7\u00f5es Internacionais (DG INTPA) da Comiss\u00e3o Europeia, que salientou a import\u00e2ncia de aprofundar a rela\u00e7\u00e3o entre ambas as regi\u00f5es:&nbsp;<em>\u201c\u00c9 uma alian\u00e7a que deve continuar a estreitar-se, uma vez que re\u00fane os valores de sustentabilidade que gostar\u00edamos de ver refletidos em todo o mundo\u201d<\/em>.&nbsp;<\/p>\n\n\n\n<p class=\"wp-block-paragraph\">Representantes governamentais da Am\u00e9rica Latina tamb\u00e9m tomaram a palavra. O Sr. Gustavo Gim\u00e9nez Fern\u00e1ndez, vice-ministro respons\u00e1vel pelas MPMEs do Minist\u00e9rio da Ind\u00fastria e Com\u00e9rcio do Paraguai, sublinhou a necessidade de que&nbsp;<em>\u201cque a sustentabilidade seja uma porta de entrada para as nossas micro, pequenas e m\u00e9dias empresas, e n\u00e3o um obst\u00e1culo\u201d<\/em>. Por seu lado, o Sr. Jorge Luis S\u00e1enz Rabanal, vice-ministro da Pol\u00edtica e Supervis\u00e3o do Desenvolvimento Agr\u00e1rio do Minist\u00e9rio do Desenvolvimento Agr\u00e1rio e da Irriga\u00e7\u00e3o (MIDAGRI) do Peru, afirmou que&nbsp;<em>\u201cPara o Peru, a sustentabilidade das cadeias de agroexporta\u00e7\u00e3o \u00e9 uma prioridade estrat\u00e9gica\u201d<\/em>&nbsp;e salientou que&nbsp;<em>\u201cA Uni\u00e3o Europeia \u00e9 um parceiro fundamental e estrat\u00e9gico para o pa\u00eds\u201d<\/em>.&nbsp;<\/p>\n\n\n\n<p class=\"wp-block-paragraph\">O Sr. Ren\u00e9 Vossen, diretor-geral da&nbsp;<em>seca<\/em>; o Sr. Francisco Tierraseca, diretor da FIAP; e o Sr. Gianandrea Rossi, diretor executivo do IILA, tamb\u00e9m intervieram em representa\u00e7\u00e3o das tr\u00eas institui\u00e7\u00f5es respons\u00e1veis pela implementa\u00e7\u00e3o do apoio do programa aos setores privado e p\u00fablico. O Sr. Vossen salientou que&nbsp;<em>\u201cO AL-INVEST Verde n\u00e3o \u00e9 apenas um programa, mas sim uma alian\u00e7a\u201d<\/em>, enquanto o Sr. Tierraseca destacou o apoio do programa a&nbsp;<em>\u201cpol\u00edticas p\u00fablicas com impacto real nos pa\u00edses com os quais trabalhamos\u201d<\/em>. O Sr. Rossi salientou o desafio de&nbsp;<em>\u201cproduzir mais e melhor, respeitando o ambiente\u201d<\/em>&nbsp;e recordou que esta agenda est\u00e1 plenamente integrada nas linhas de trabalho do IILA. Estas interven\u00e7\u00f5es refor\u00e7aram a \u00eanfase do programa na coopera\u00e7\u00e3o institucional e no compromisso comum de promover uma produ\u00e7\u00e3o sustent\u00e1vel.&nbsp;&nbsp;<\/p>\n\n\n\n<p class=\"wp-block-paragraph\">A apresenta\u00e7\u00e3o dos resultados ficou a cargo do Sr. Frank Summa, diretor da Componente de Apoio ao Setor Privado (sequa); do Sr. Emilio Calvo, diretor da Componente de Apoio ao Setor P\u00fablico (FIAP); e pelo Sr. Andrea Monaco, l\u00edder da equipa do programa no IILA. Todos eles destacaram as principais conquistas do programa e a sua contribui\u00e7\u00e3o para a sustentabilidade, a competitividade empresarial e as pol\u00edticas p\u00fablicas na Am\u00e9rica Latina.<\/p>\n\n\n\n<p class=\"wp-block-paragraph\">A agenda incluiu ainda debates estrat\u00e9gicos sobre o refor\u00e7o de cadeias de valor sustent\u00e1veis e inovadoras, a utiliza\u00e7\u00e3o de ferramentas digitais para apoiar a produ\u00e7\u00e3o sustent\u00e1vel e o potencial de expans\u00e3o das iniciativas desenvolvidas no \u00e2mbito do programa. Peritos e representantes da Argentina, do Brasil, do Chile, da Col\u00f4mbia, do Equador, de El Salvador, do Paraguai, do Peru e do Uruguai partilharam experi\u00eancias relacionadas com a rastreabilidade, a certifica\u00e7\u00e3o, o com\u00e9rcio internacional, a sustentabilidade empresarial e a transforma\u00e7\u00e3o digital.&nbsp;<\/p>\n\n\n\n<p class=\"wp-block-paragraph\">Empresas, organiza\u00e7\u00f5es empresariais e organismos internacionais tamb\u00e9m analisaram os desafios e as oportunidades da transi\u00e7\u00e3o verde no setor privado, salientando a import\u00e2ncia da coopera\u00e7\u00e3o entre a Uni\u00e3o Europeia e a Am\u00e9rica Latina para acelerar a ado\u00e7\u00e3o de modelos de produ\u00e7\u00e3o sustent\u00e1veis. Foram apresentadas experi\u00eancias bem-sucedidas desenvolvidas no \u00e2mbito do AL-INVEST Verde, que demonstraram resultados concretos em mat\u00e9ria de inova\u00e7\u00e3o, fortalecimento empresarial e acesso aos mercados.&nbsp;<\/p>\n\n\n\n<p class=\"wp-block-paragraph\">Os participantes concordaram que os avan\u00e7os alcan\u00e7ados nos \u00faltimos anos constituem uma base s\u00f3lida para avan\u00e7ar no sentido de cadeias de valor mais resilientes, inclusivas e sustent\u00e1veis. A sess\u00e3o plen\u00e1ria concluiu com um apelo ao refor\u00e7o das alian\u00e7as estrat\u00e9gicas, \u00e0 amplia\u00e7\u00e3o dos espa\u00e7os de coopera\u00e7\u00e3o e \u00e0 garantia da continuidade das iniciativas promovidas pela AL-INVEST Verde para al\u00e9m de 2026.&nbsp;<\/p>\n\n\n\n<p class=\"wp-block-paragraph\"><strong>Resultados de destaque em sustentabilidade e rastreabilidade na Am\u00e9rica Latina<\/strong>&nbsp;<\/p>\n\n\n\n<p class=\"wp-block-paragraph\">No \u00e2mbito do apoio ao setor privado, o programa beneficiou mais de 80 000 micro, pequenas e m\u00e9dias empresas latino-americanas atrav\u00e9s de 71 projetos realizados em 15 pa\u00edses, promovendo a ado\u00e7\u00e3o de pr\u00e1ticas sustent\u00e1veis, modelos de economia circular, digitaliza\u00e7\u00e3o e produ\u00e7\u00e3o com baixas emiss\u00f5es de carbono. Al\u00e9m disso, contribuiu para consolidar uma rede de mais de 200 institui\u00e7\u00f5es latino-americanas e europeias, refor\u00e7ando a coopera\u00e7\u00e3o empresarial e a partilha de conhecimentos para impulsionar a transi\u00e7\u00e3o verde.&nbsp;<\/p>\n\n\n\n<p class=\"wp-block-paragraph\">At\u00e9 \u00e0 data, mais de 20 600 empresas adotaram novas pr\u00e1ticas empresariais sustent\u00e1veis e mais de 12 100 micro, pequenas e m\u00e9dias empresas (MPME) relatam poupan\u00e7as em recursos como \u00e1gua, energia, combust\u00edvel e materiais. Uma vez que a cria\u00e7\u00e3o de emprego \u00e9 um dos principais objetivos do programa, foram criados ou refor\u00e7ados quase 20 000 empregos verdes e digitais \u2014 dos quais 50% destinados a mulheres \u2014 gra\u00e7as \u00e0s interven\u00e7\u00f5es do programa.&nbsp;<\/p>\n\n\n\n<p class=\"wp-block-paragraph\">No \u00e2mbito do apoio ao setor p\u00fablico, foram realizados trabalhos em nove pa\u00edses da Am\u00e9rica Latina para refor\u00e7ar os sistemas de rastreabilidade, melhorar a gest\u00e3o da informa\u00e7\u00e3o produtiva e facilitar a adapta\u00e7\u00e3o aos novos requisitos de sustentabilidade e de desfloresta\u00e7\u00e3o zero. Entre os principais resultados, destacam-se o lan\u00e7amento de nove plataformas p\u00fablicas de rastreabilidade, a certifica\u00e7\u00e3o de 1 969 formadores, a georreferencia\u00e7\u00e3o e o registo de 26 411 parcelas agr\u00edcolas e a integra\u00e7\u00e3o de 1,2 milh\u00f5es de hectares de planta\u00e7\u00f5es florestais.\u00a0Al\u00e9m disso, foram realizadas 91 791 an\u00e1lises de desfloresta\u00e7\u00e3o relacionadas com as cadeias de abastecimento de soja e carne na Argentina, e foram informados 30 460 operadores econ\u00f3micos no Peru, na Argentina e no Equador sobre o Regulamento da Uni\u00e3o Europeia relativo \u00e0 Desfloresta\u00e7\u00e3o (EUDR) e a utiliza\u00e7\u00e3o de plataformas de rastreabilidade.&nbsp;<\/p>\n\n\n\n<p class=\"wp-block-paragraph\">O programa promoveu ainda 22 di\u00e1logos birregionais em torno de seis cadeias de valor estrat\u00e9gicas, com a participa\u00e7\u00e3o de 3 493 representantes de 38 pa\u00edses e cinco autoridades da EUDR, consolidando espa\u00e7os de interc\u00e2mbio e coopera\u00e7\u00e3o entre a Am\u00e9rica Latina e a Uni\u00e3o Europeia para impulsionar cadeias agroalimentares mais sustent\u00e1veis e resilientes.&nbsp;<\/p>\n\n\n\n<p class=\"wp-block-paragraph\"><strong>Sobre o AL-INVEST Verde<\/strong>&nbsp;<\/p>\n\n\n\n<p class=\"wp-block-paragraph\">O AL-INVEST Verde \u00e9 um programa da Uni\u00e3o Europeia cujo principal objetivo \u00e9 promover o crescimento sustent\u00e1vel e a cria\u00e7\u00e3o de emprego na Am\u00e9rica Latina, apoiando a transi\u00e7\u00e3o para uma economia com baixas emiss\u00f5es de carbono, eficiente na utiliza\u00e7\u00e3o de recursos e mais circular.&nbsp;<\/p>\n\n\n\n<p class=\"wp-block-paragraph\">O programa colabora com o setor privado, as administra\u00e7\u00f5es p\u00fablicas e as institui\u00e7\u00f5es de propriedade intelectual para refor\u00e7ar as capacidades, impulsionar a inova\u00e7\u00e3o, promover cadeias de valor sustent\u00e1veis e fomentar quadros que favore\u00e7am o desenvolvimento econ\u00f3mico sustent\u00e1vel na regi\u00e3o.<\/p>\n\n\n\n<p class=\"wp-block-paragraph\">O AL-INVEST Verde \u00e9 um pilar fundamental da estrat\u00e9gia Global Gateway e ilustra a forma como a Uni\u00e3o Europeia traduz a sua vis\u00e3o em a\u00e7\u00f5es concretas, atrav\u00e9s de parcerias que promovem o desenvolvimento sustent\u00e1vel e o crescimento econ\u00f3mico respons\u00e1vel na Am\u00e9rica Latina.\u00a0<\/p>\n\n\n\n<p class=\"wp-block-paragraph\"><\/p>","protected":false},"excerpt":{"rendered":"<p>M\u00e1s de 200 representantes de gobiernos, organizaciones empresariales, empresas, organismos e instituciones de Am\u00e9rica Latina y la Uni\u00f3n Europea participaron en #CONEXI\u00d3NVerde, el evento anual del programa AL-INVEST Verde, celebrado en Bruselas (B\u00e9lgica) del 16 al 18 de junio. Esta edici\u00f3n, concebida como un evento de clausura, se centr\u00f3 en reflexionar sobre el legado del [&hellip;]<\/p>\n","protected":false},"author":6,"featured_media":21457,"comment_status":"closed","ping_status":"closed","sticky":false,"template":"","format":"standard","meta":{"footnotes":""},"categories":[24,1,159],"tags":[],"class_list":["post-21873","post","type-post","status-publish","format-standard","has-post-thumbnail","hentry","category-actualidad","category-allgemein","category-belgica-bruselas"],"yoast_head":"<!-- This site is optimized with the Yoast SEO plugin v28.3 - https:\/\/yoast.com\/product\/yoast-seo-wordpress\/ -->\n<title>CONEXI\u00d3NVerde+ re\u00fane en Bruselas a m\u00e1s de 200 representantes de Europa y Am\u00e9rica Latina para reforzar las alianzas y consolidar el legado de AL-INVEST Verde\u00a0 - Programme AL-INVEST Verde<\/title>\n<meta name=\"robots\" content=\"index, follow, max-snippet:-1, max-image-preview:large, max-video-preview:-1\" \/>\n<link rel=\"canonical\" href=\"https:\/\/alinvest-verde.eu\/pt_pt_ao90\/conexionverde-reune-en-bruselas-a-mas-de-200-representantes-de-europa-y-america-latina-para-reforzar-las-alianzas-y-consolidar-el-legado-de-al-invest-verde\/\" \/>\n<meta property=\"og:locale\" content=\"pt_PT\" \/>\n<meta property=\"og:type\" content=\"article\" \/>\n<meta property=\"og:title\" content=\"CONEXI\u00d3NVerde+ re\u00fane en Bruselas a m\u00e1s de 200 representantes de Europa y Am\u00e9rica Latina para reforzar las alianzas y consolidar el legado de AL-INVEST Verde\u00a0 - Programme AL-INVEST Verde\" \/>\n<meta property=\"og:description\" content=\"M\u00e1s de 200 representantes de gobiernos, organizaciones empresariales, empresas, organismos e instituciones de Am\u00e9rica Latina y la Uni\u00f3n Europea participaron en #CONEXI\u00d3NVerde, el evento anual del programa AL-INVEST Verde, celebrado en Bruselas (B\u00e9lgica) del 16 al 18 de junio. Esta edici\u00f3n, concebida como un evento de clausura, se centr\u00f3 en reflexionar sobre el legado del [&hellip;]\" \/>\n<meta property=\"og:url\" content=\"https:\/\/alinvest-verde.eu\/pt_pt_ao90\/conexionverde-reune-en-bruselas-a-mas-de-200-representantes-de-europa-y-america-latina-para-reforzar-las-alianzas-y-consolidar-el-legado-de-al-invest-verde\/\" \/>\n<meta property=\"og:site_name\" content=\"Programme AL-INVEST Verde\" \/>\n<meta property=\"article:published_time\" content=\"2026-08-31T11:39:01+00:00\" \/>\n<meta property=\"article:modified_time\" content=\"2026-08-31T11:39:03+00:00\" \/>\n<meta property=\"og:image\" content=\"https:\/\/alinvest-verde.eu\/wp-content\/uploads\/V10_FINAL_Fondo_de_pantalla_ES-scaled.jpg\" \/>\n\t<meta property=\"og:image:width\" content=\"2560\" \/>\n\t<meta property=\"og:image:height\" content=\"1440\" \/>\n\t<meta property=\"og:image:type\" content=\"image\/jpeg\" \/>\n<meta name=\"author\" content=\"Azucena Garc\u00eda\" \/>\n<meta name=\"twitter:card\" content=\"summary_large_image\" \/>\n<meta name=\"twitter:creator\" content=\"@Frank Summa\" \/>\n<meta name=\"twitter:label1\" content=\"Written by\" \/>\n\t<meta name=\"twitter:data1\" content=\"\" \/>\n\t<meta name=\"twitter:label2\" content=\"Est. reading time\" \/>\n\t<meta name=\"twitter:data2\" content=\"7 minutos\" \/>\n<script type=\"application\/ld+json\" class=\"yoast-schema-graph\">{\"@context\":\"https:\\\/\\\/schema.org\",\"@graph\":[{\"@type\":\"Article\",\"@id\":\"https:\\\/\\\/alinvest-verde.eu\\\/conexionverde-reune-en-bruselas-a-mas-de-200-representantes-de-europa-y-america-latina-para-reforzar-las-alianzas-y-consolidar-el-legado-de-al-invest-verde\\\/#article\",\"isPartOf\":{\"@id\":\"https:\\\/\\\/alinvest-verde.eu\\\/conexionverde-reune-en-bruselas-a-mas-de-200-representantes-de-europa-y-america-latina-para-reforzar-las-alianzas-y-consolidar-el-legado-de-al-invest-verde\\\/\"},\"author\":{\"name\":\"Azucena Garc\u00eda\",\"@id\":\"https:\\\/\\\/alinvest-verde.eu\\\/#\\\/schema\\\/person\\\/8804ec49772ba377829838bc11b6aa6b\"},\"headline\":\"CONEXI\u00d3NVerde+ re\u00fane en Bruselas a m\u00e1s de 200 representantes de Europa y Am\u00e9rica Latina para reforzar las alianzas y consolidar el legado de AL-INVEST Verde\u00a0\",\"datePublished\":\"2026-08-31T11:39:01+00:00\",\"dateModified\":\"2026-08-31T11:39:03+00:00\",\"mainEntityOfPage\":{\"@id\":\"https:\\\/\\\/alinvest-verde.eu\\\/conexionverde-reune-en-bruselas-a-mas-de-200-representantes-de-europa-y-america-latina-para-reforzar-las-alianzas-y-consolidar-el-legado-de-al-invest-verde\\\/\"},\"wordCount\":1492,\"publisher\":{\"@id\":\"https:\\\/\\\/alinvest-verde.eu\\\/#organization\"},\"image\":{\"@id\":\"https:\\\/\\\/alinvest-verde.eu\\\/conexionverde-reune-en-bruselas-a-mas-de-200-representantes-de-europa-y-america-latina-para-reforzar-las-alianzas-y-consolidar-el-legado-de-al-invest-verde\\\/#primaryimage\"},\"thumbnailUrl\":\"https:\\\/\\\/alinvest-verde.eu\\\/wp-content\\\/uploads\\\/V10_FINAL_Fondo_de_pantalla_ES-scaled.jpg\",\"articleSection\":[\"Actualidad\",\"Allgemein\",\"B\u00e9lgica, Bruselas\"],\"inLanguage\":\"pt-PT\"},{\"@type\":\"WebPage\",\"@id\":\"https:\\\/\\\/alinvest-verde.eu\\\/conexionverde-reune-en-bruselas-a-mas-de-200-representantes-de-europa-y-america-latina-para-reforzar-las-alianzas-y-consolidar-el-legado-de-al-invest-verde\\\/\",\"url\":\"https:\\\/\\\/alinvest-verde.eu\\\/conexionverde-reune-en-bruselas-a-mas-de-200-representantes-de-europa-y-america-latina-para-reforzar-las-alianzas-y-consolidar-el-legado-de-al-invest-verde\\\/\",\"name\":\"CONEXI\u00d3NVerde+ re\u00fane en Bruselas a m\u00e1s de 200 representantes de Europa y Am\u00e9rica Latina para reforzar las alianzas y consolidar el legado de AL-INVEST Verde\u00a0 - Programme AL-INVEST Verde\",\"isPartOf\":{\"@id\":\"https:\\\/\\\/alinvest-verde.eu\\\/#website\"},\"primaryImageOfPage\":{\"@id\":\"https:\\\/\\\/alinvest-verde.eu\\\/conexionverde-reune-en-bruselas-a-mas-de-200-representantes-de-europa-y-america-latina-para-reforzar-las-alianzas-y-consolidar-el-legado-de-al-invest-verde\\\/#primaryimage\"},\"image\":{\"@id\":\"https:\\\/\\\/alinvest-verde.eu\\\/conexionverde-reune-en-bruselas-a-mas-de-200-representantes-de-europa-y-america-latina-para-reforzar-las-alianzas-y-consolidar-el-legado-de-al-invest-verde\\\/#primaryimage\"},\"thumbnailUrl\":\"https:\\\/\\\/alinvest-verde.eu\\\/wp-content\\\/uploads\\\/V10_FINAL_Fondo_de_pantalla_ES-scaled.jpg\",\"datePublished\":\"2026-08-31T11:39:01+00:00\",\"dateModified\":\"2026-08-31T11:39:03+00:00\",\"breadcrumb\":{\"@id\":\"https:\\\/\\\/alinvest-verde.eu\\\/conexionverde-reune-en-bruselas-a-mas-de-200-representantes-de-europa-y-america-latina-para-reforzar-las-alianzas-y-consolidar-el-legado-de-al-invest-verde\\\/#breadcrumb\"},\"inLanguage\":\"pt-PT\",\"potentialAction\":[{\"@type\":\"ReadAction\",\"target\":[\"https:\\\/\\\/alinvest-verde.eu\\\/conexionverde-reune-en-bruselas-a-mas-de-200-representantes-de-europa-y-america-latina-para-reforzar-las-alianzas-y-consolidar-el-legado-de-al-invest-verde\\\/\"]}]},{\"@type\":\"ImageObject\",\"inLanguage\":\"pt-PT\",\"@id\":\"https:\\\/\\\/alinvest-verde.eu\\\/conexionverde-reune-en-bruselas-a-mas-de-200-representantes-de-europa-y-america-latina-para-reforzar-las-alianzas-y-consolidar-el-legado-de-al-invest-verde\\\/#primaryimage\",\"url\":\"https:\\\/\\\/alinvest-verde.eu\\\/wp-content\\\/uploads\\\/V10_FINAL_Fondo_de_pantalla_ES-scaled.jpg\",\"contentUrl\":\"https:\\\/\\\/alinvest-verde.eu\\\/wp-content\\\/uploads\\\/V10_FINAL_Fondo_de_pantalla_ES-scaled.jpg\",\"width\":2560,\"height\":1440},{\"@type\":\"BreadcrumbList\",\"@id\":\"https:\\\/\\\/alinvest-verde.eu\\\/conexionverde-reune-en-bruselas-a-mas-de-200-representantes-de-europa-y-america-latina-para-reforzar-las-alianzas-y-consolidar-el-legado-de-al-invest-verde\\\/#breadcrumb\",\"itemListElement\":[{\"@type\":\"ListItem\",\"position\":1,\"name\":\"Inicio\",\"item\":\"https:\\\/\\\/alinvest-verde.eu\\\/\"},{\"@type\":\"ListItem\",\"position\":2,\"name\":\"Actualidad\",\"item\":\"https:\\\/\\\/alinvest-verde.eu\\\/category\\\/actualidad\\\/\"},{\"@type\":\"ListItem\",\"position\":3,\"name\":\"CONEXI\u00d3NVerde+ re\u00fane en Bruselas a m\u00e1s de 200 representantes de Europa y Am\u00e9rica Latina para reforzar las alianzas y consolidar el legado de AL-INVEST Verde\u00a0\"}]},{\"@type\":\"WebSite\",\"@id\":\"https:\\\/\\\/alinvest-verde.eu\\\/#website\",\"url\":\"https:\\\/\\\/alinvest-verde.eu\\\/\",\"name\":\"Programme AL-INVEST Verde\",\"description\":\"Building alliances with the private sector in LA and promote sustainable growth and jobs creation by supporting the transition towards a low-carbon, resource-efficient economy\",\"publisher\":{\"@id\":\"https:\\\/\\\/alinvest-verde.eu\\\/#organization\"},\"potentialAction\":[{\"@type\":\"SearchAction\",\"target\":{\"@type\":\"EntryPoint\",\"urlTemplate\":\"https:\\\/\\\/alinvest-verde.eu\\\/?s={search_term_string}\"},\"query-input\":{\"@type\":\"PropertyValueSpecification\",\"valueRequired\":true,\"valueName\":\"search_term_string\"}}],\"inLanguage\":\"pt-PT\"},{\"@type\":\"Organization\",\"@id\":\"https:\\\/\\\/alinvest-verde.eu\\\/#organization\",\"name\":\"Programme AL-INVEST Verde\",\"url\":\"https:\\\/\\\/alinvest-verde.eu\\\/\",\"logo\":{\"@type\":\"ImageObject\",\"inLanguage\":\"pt-PT\",\"@id\":\"https:\\\/\\\/alinvest-verde.eu\\\/#\\\/schema\\\/logo\\\/image\\\/\",\"url\":\"https:\\\/\\\/alinvest-verde.eu\\\/wp-content\\\/uploads\\\/2022\\\/01\\\/cropped-logo-financiado-por-la-UE.jpg\",\"contentUrl\":\"https:\\\/\\\/alinvest-verde.eu\\\/wp-content\\\/uploads\\\/2022\\\/01\\\/cropped-logo-financiado-por-la-UE.jpg\",\"width\":756,\"height\":216,\"caption\":\"Programme AL-INVEST Verde\"},\"image\":{\"@id\":\"https:\\\/\\\/alinvest-verde.eu\\\/#\\\/schema\\\/logo\\\/image\\\/\"}},{\"@type\":\"Person\",\"@id\":\"https:\\\/\\\/alinvest-verde.eu\\\/#\\\/schema\\\/person\\\/8804ec49772ba377829838bc11b6aa6b\",\"name\":\"Azucena Garc\u00eda\",\"image\":{\"@type\":\"ImageObject\",\"inLanguage\":\"pt-PT\",\"@id\":\"https:\\\/\\\/secure.gravatar.com\\\/avatar\\\/fc4d91c562d3c4ac55cafd2f4ae4ebd513d2304b007a5c8d4f2d8543edeb9d79?s=96&d=mm&r=g\",\"url\":\"https:\\\/\\\/secure.gravatar.com\\\/avatar\\\/fc4d91c562d3c4ac55cafd2f4ae4ebd513d2304b007a5c8d4f2d8543edeb9d79?s=96&d=mm&r=g\",\"contentUrl\":\"https:\\\/\\\/secure.gravatar.com\\\/avatar\\\/fc4d91c562d3c4ac55cafd2f4ae4ebd513d2304b007a5c8d4f2d8543edeb9d79?s=96&d=mm&r=g\",\"caption\":\"Azucena Garc\u00eda\"},\"sameAs\":[\"https:\\\/\\\/x.com\\\/Frank Summa\"],\"url\":\"https:\\\/\\\/alinvest-verde.eu\\\/pt_pt_ao90\\\/author\\\/azucena-garcia\\\/\"}]}<\/script>\n<!-- \/ Yoast SEO plugin. -->","yoast_head_json":{"title":"CONEXI\u00d3NVerde+ re\u00fane en Bruselas a m\u00e1s de 200 representantes de Europa y Am\u00e9rica Latina para reforzar las alianzas y consolidar el legado de AL-INVEST Verde\u00a0 - Programme AL-INVEST Verde","robots":{"index":"index","follow":"follow","max-snippet":"max-snippet:-1","max-image-preview":"max-image-preview:large","max-video-preview":"max-video-preview:-1"},"canonical":"https:\/\/alinvest-verde.eu\/pt_pt_ao90\/conexionverde-reune-en-bruselas-a-mas-de-200-representantes-de-europa-y-america-latina-para-reforzar-las-alianzas-y-consolidar-el-legado-de-al-invest-verde\/","og_locale":"pt_PT","og_type":"article","og_title":"CONEXI\u00d3NVerde+ re\u00fane en Bruselas a m\u00e1s de 200 representantes de Europa y Am\u00e9rica Latina para reforzar las alianzas y consolidar el legado de AL-INVEST Verde\u00a0 - Programme AL-INVEST Verde","og_description":"M\u00e1s de 200 representantes de gobiernos, organizaciones empresariales, empresas, organismos e instituciones de Am\u00e9rica Latina y la Uni\u00f3n Europea participaron en #CONEXI\u00d3NVerde, el evento anual del programa AL-INVEST Verde, celebrado en Bruselas (B\u00e9lgica) del 16 al 18 de junio. Esta edici\u00f3n, concebida como un evento de clausura, se centr\u00f3 en reflexionar sobre el legado del [&hellip;]","og_url":"https:\/\/alinvest-verde.eu\/pt_pt_ao90\/conexionverde-reune-en-bruselas-a-mas-de-200-representantes-de-europa-y-america-latina-para-reforzar-las-alianzas-y-consolidar-el-legado-de-al-invest-verde\/","og_site_name":"Programme AL-INVEST Verde","article_published_time":"2026-08-31T11:39:01+00:00","article_modified_time":"2026-08-31T11:39:03+00:00","og_image":[{"width":2560,"height":1440,"url":"https:\/\/alinvest-verde.eu\/wp-content\/uploads\/V10_FINAL_Fondo_de_pantalla_ES-scaled.jpg","type":"image\/jpeg"}],"author":"Azucena Garc\u00eda","twitter_card":"summary_large_image","twitter_creator":"@Frank Summa","twitter_misc":{"Written by":false,"Est. reading time":"7 minutos"},"schema":{"@context":"https:\/\/schema.org","@graph":[{"@type":"Article","@id":"https:\/\/alinvest-verde.eu\/conexionverde-reune-en-bruselas-a-mas-de-200-representantes-de-europa-y-america-latina-para-reforzar-las-alianzas-y-consolidar-el-legado-de-al-invest-verde\/#article","isPartOf":{"@id":"https:\/\/alinvest-verde.eu\/conexionverde-reune-en-bruselas-a-mas-de-200-representantes-de-europa-y-america-latina-para-reforzar-las-alianzas-y-consolidar-el-legado-de-al-invest-verde\/"},"author":{"name":"Azucena Garc\u00eda","@id":"https:\/\/alinvest-verde.eu\/#\/schema\/person\/8804ec49772ba377829838bc11b6aa6b"},"headline":"CONEXI\u00d3NVerde+ re\u00fane en Bruselas a m\u00e1s de 200 representantes de Europa y Am\u00e9rica Latina para reforzar las alianzas y consolidar el legado de AL-INVEST Verde\u00a0","datePublished":"2026-08-31T11:39:01+00:00","dateModified":"2026-08-31T11:39:03+00:00","mainEntityOfPage":{"@id":"https:\/\/alinvest-verde.eu\/conexionverde-reune-en-bruselas-a-mas-de-200-representantes-de-europa-y-america-latina-para-reforzar-las-alianzas-y-consolidar-el-legado-de-al-invest-verde\/"},"wordCount":1492,"publisher":{"@id":"https:\/\/alinvest-verde.eu\/#organization"},"image":{"@id":"https:\/\/alinvest-verde.eu\/conexionverde-reune-en-bruselas-a-mas-de-200-representantes-de-europa-y-america-latina-para-reforzar-las-alianzas-y-consolidar-el-legado-de-al-invest-verde\/#primaryimage"},"thumbnailUrl":"https:\/\/alinvest-verde.eu\/wp-content\/uploads\/V10_FINAL_Fondo_de_pantalla_ES-scaled.jpg","articleSection":["Actualidad","Allgemein","B\u00e9lgica, Bruselas"],"inLanguage":"pt-PT"},{"@type":"WebPage","@id":"https:\/\/alinvest-verde.eu\/conexionverde-reune-en-bruselas-a-mas-de-200-representantes-de-europa-y-america-latina-para-reforzar-las-alianzas-y-consolidar-el-legado-de-al-invest-verde\/","url":"https:\/\/alinvest-verde.eu\/conexionverde-reune-en-bruselas-a-mas-de-200-representantes-de-europa-y-america-latina-para-reforzar-las-alianzas-y-consolidar-el-legado-de-al-invest-verde\/","name":"CONEXI\u00d3NVerde+ re\u00fane en Bruselas a m\u00e1s de 200 representantes de Europa y Am\u00e9rica Latina para reforzar las alianzas y consolidar el legado de AL-INVEST Verde\u00a0 - Programme AL-INVEST Verde","isPartOf":{"@id":"https:\/\/alinvest-verde.eu\/#website"},"primaryImageOfPage":{"@id":"https:\/\/alinvest-verde.eu\/conexionverde-reune-en-bruselas-a-mas-de-200-representantes-de-europa-y-america-latina-para-reforzar-las-alianzas-y-consolidar-el-legado-de-al-invest-verde\/#primaryimage"},"image":{"@id":"https:\/\/alinvest-verde.eu\/conexionverde-reune-en-bruselas-a-mas-de-200-representantes-de-europa-y-america-latina-para-reforzar-las-alianzas-y-consolidar-el-legado-de-al-invest-verde\/#primaryimage"},"thumbnailUrl":"https:\/\/alinvest-verde.eu\/wp-content\/uploads\/V10_FINAL_Fondo_de_pantalla_ES-scaled.jpg","datePublished":"2026-08-31T11:39:01+00:00","dateModified":"2026-08-31T11:39:03+00:00","breadcrumb":{"@id":"https:\/\/alinvest-verde.eu\/conexionverde-reune-en-bruselas-a-mas-de-200-representantes-de-europa-y-america-latina-para-reforzar-las-alianzas-y-consolidar-el-legado-de-al-invest-verde\/#breadcrumb"},"inLanguage":"pt-PT","potentialAction":[{"@type":"ReadAction","target":["https:\/\/alinvest-verde.eu\/conexionverde-reune-en-bruselas-a-mas-de-200-representantes-de-europa-y-america-latina-para-reforzar-las-alianzas-y-consolidar-el-legado-de-al-invest-verde\/"]}]},{"@type":"ImageObject","inLanguage":"pt-PT","@id":"https:\/\/alinvest-verde.eu\/conexionverde-reune-en-bruselas-a-mas-de-200-representantes-de-europa-y-america-latina-para-reforzar-las-alianzas-y-consolidar-el-legado-de-al-invest-verde\/#primaryimage","url":"https:\/\/alinvest-verde.eu\/wp-content\/uploads\/V10_FINAL_Fondo_de_pantalla_ES-scaled.jpg","contentUrl":"https:\/\/alinvest-verde.eu\/wp-content\/uploads\/V10_FINAL_Fondo_de_pantalla_ES-scaled.jpg","width":2560,"height":1440},{"@type":"BreadcrumbList","@id":"https:\/\/alinvest-verde.eu\/conexionverde-reune-en-bruselas-a-mas-de-200-representantes-de-europa-y-america-latina-para-reforzar-las-alianzas-y-consolidar-el-legado-de-al-invest-verde\/#breadcrumb","itemListElement":[{"@type":"ListItem","position":1,"name":"Inicio","item":"https:\/\/alinvest-verde.eu\/"},{"@type":"ListItem","position":2,"name":"Actualidad","item":"https:\/\/alinvest-verde.eu\/category\/actualidad\/"},{"@type":"ListItem","position":3,"name":"CONEXI\u00d3NVerde+ re\u00fane en Bruselas a m\u00e1s de 200 representantes de Europa y Am\u00e9rica Latina para reforzar las alianzas y consolidar el legado de AL-INVEST Verde\u00a0"}]},{"@type":"WebSite","@id":"https:\/\/alinvest-verde.eu\/#website","url":"https:\/\/alinvest-verde.eu\/","name":"Programa AL-INVEST Verde","description":"Construir alian\u00e7as com o sector privado na AL e promover o crescimento sustent\u00e1vel e a cria\u00e7\u00e3o de empregos, apoiando a transi\u00e7\u00e3o para uma economia de baixo carbono e eficiente em termos de recursos","publisher":{"@id":"https:\/\/alinvest-verde.eu\/#organization"},"potentialAction":[{"@type":"SearchAction","target":{"@type":"EntryPoint","urlTemplate":"https:\/\/alinvest-verde.eu\/?s={search_term_string}"},"query-input":{"@type":"PropertyValueSpecification","valueRequired":true,"valueName":"search_term_string"}}],"inLanguage":"pt-PT"},{"@type":"Organization","@id":"https:\/\/alinvest-verde.eu\/#organization","name":"Programa AL-INVEST Verde","url":"https:\/\/alinvest-verde.eu\/","logo":{"@type":"ImageObject","inLanguage":"pt-PT","@id":"https:\/\/alinvest-verde.eu\/#\/schema\/logo\/image\/","url":"https:\/\/alinvest-verde.eu\/wp-content\/uploads\/2022\/01\/cropped-logo-financiado-por-la-UE.jpg","contentUrl":"https:\/\/alinvest-verde.eu\/wp-content\/uploads\/2022\/01\/cropped-logo-financiado-por-la-UE.jpg","width":756,"height":216,"caption":"Programme AL-INVEST Verde"},"image":{"@id":"https:\/\/alinvest-verde.eu\/#\/schema\/logo\/image\/"}},{"@type":"Person","@id":"https:\/\/alinvest-verde.eu\/#\/schema\/person\/8804ec49772ba377829838bc11b6aa6b","name":"Azucena Garcia","image":{"@type":"ImageObject","inLanguage":"pt-PT","@id":"https:\/\/secure.gravatar.com\/avatar\/fc4d91c562d3c4ac55cafd2f4ae4ebd513d2304b007a5c8d4f2d8543edeb9d79?s=96&d=mm&r=g","url":"https:\/\/secure.gravatar.com\/avatar\/fc4d91c562d3c4ac55cafd2f4ae4ebd513d2304b007a5c8d4f2d8543edeb9d79?s=96&d=mm&r=g","contentUrl":"https:\/\/secure.gravatar.com\/avatar\/fc4d91c562d3c4ac55cafd2f4ae4ebd513d2304b007a5c8d4f2d8543edeb9d79?s=96&d=mm&r=g","caption":"Azucena Garc\u00eda"},"sameAs":["https:\/\/x.com\/Frank Summa"],"url":"https:\/\/alinvest-verde.eu\/pt_pt_ao90\/author\/azucena-garcia\/"}]}},"_links":{"self":[{"href":"https:\/\/alinvest-verde.eu\/pt_pt_ao90\/wp-json\/wp\/v2\/posts\/21873","targetHints":{"allow":["GET"]}}],"collection":[{"href":"https:\/\/alinvest-verde.eu\/pt_pt_ao90\/wp-json\/wp\/v2\/posts"}],"about":[{"href":"https:\/\/alinvest-verde.eu\/pt_pt_ao90\/wp-json\/wp\/v2\/types\/post"}],"author":[{"embeddable":true,"href":"https:\/\/alinvest-verde.eu\/pt_pt_ao90\/wp-json\/wp\/v2\/users\/6"}],"replies":[{"embeddable":true,"href":"https:\/\/alinvest-verde.eu\/pt_pt_ao90\/wp-json\/wp\/v2\/comments?post=21873"}],"version-history":[{"count":2,"href":"https:\/\/alinvest-verde.eu\/pt_pt_ao90\/wp-json\/wp\/v2\/posts\/21873\/revisions"}],"predecessor-version":[{"id":21875,"href":"https:\/\/alinvest-verde.eu\/pt_pt_ao90\/wp-json\/wp\/v2\/posts\/21873\/revisions\/21875"}],"wp:featuredmedia":[{"embeddable":true,"href":"https:\/\/alinvest-verde.eu\/pt_pt_ao90\/wp-json\/wp\/v2\/media\/21457"}],"wp:attachment":[{"href":"https:\/\/alinvest-verde.eu\/pt_pt_ao90\/wp-json\/wp\/v2\/media?parent=21873"}],"wp:term":[{"taxonomy":"category","embeddable":true,"href":"https:\/\/alinvest-verde.eu\/pt_pt_ao90\/wp-json\/wp\/v2\/categories?post=21873"},{"taxonomy":"post_tag","embeddable":true,"href":"https:\/\/alinvest-verde.eu\/pt_pt_ao90\/wp-json\/wp\/v2\/tags?post=21873"}],"curies":[{"name":"wp","href":"https:\/\/api.w.org\/{rel}","templated":true}]}}