{"id":2764,"date":"2022-07-19T17:26:10","date_gmt":"2022-07-19T15:26:10","guid":{"rendered":"https:\/\/alinvest-verde.eu\/?p=2764"},"modified":"2024-07-05T17:22:00","modified_gmt":"2024-07-05T15:22:00","slug":"title","status":"publish","type":"post","link":"https:\/\/alinvest-verde.eu\/pt_pt_ao90\/title\/","title":{"rendered":"Brasil - Di\u00e1logos t\u00e9cnicos sobre sustentabilidade e rastreabilidade nas cadeias de valor da carne e do couro"},"content":{"rendered":"<div data-elementor-type=\"wp-post\" data-elementor-id=\"2764\" class=\"elementor elementor-2764\" data-elementor-post-type=\"post\">\n\t\t\t\t\t\t<section class=\"elementor-section elementor-top-section elementor-element elementor-element-2070b8bc elementor-section-boxed elementor-section-height-default elementor-section-height-default\" data-id=\"2070b8bc\" data-element_type=\"section\" data-e-type=\"section\">\n\t\t\t\t\t\t<div class=\"elementor-container elementor-column-gap-default\">\n\t\t\t\t\t<div class=\"elementor-column elementor-col-100 elementor-top-column elementor-element elementor-element-5fd5a2d1\" data-id=\"5fd5a2d1\" data-element_type=\"column\" data-e-type=\"column\">\n\t\t\t<div class=\"elementor-widget-wrap elementor-element-populated\">\n\t\t\t\t\t\t<div class=\"elementor-element elementor-element-5b25861d elementor-widget elementor-widget-text-editor\" data-id=\"5b25861d\" data-element_type=\"widget\" data-e-type=\"widget\" data-widget_type=\"text-editor.default\">\n\t\t\t\t<div class=\"elementor-widget-container\">\n\t\t\t\t\t\t\t\t\t<p><\/p>\n<p class=\"wp-block-paragraph\"><strong>Bras\u00edlia, 19 de Julho de 2022.<\/strong> O <a href=\"https:\/\/alinvest-verde.eu\/pt_pt_ao90\/component-2\/\">Componente 2<\/a> AL-INVEST Verde, em colabora\u00e7\u00e3o com o Instituto de Investiga\u00e7\u00e3o Ambiental da Amaz\u00f3nia (IPAM), organizou uma s\u00e9rie de di\u00e1logos t\u00e9cnicos para analisar os desafios, oportunidades e esfor\u00e7os futuros para a sustentabilidade e rastreabilidade das cadeias de valor da carne e do couro no Brasil. O objectivo desta iniciativa, financiada pela Uni\u00e3o Europeia (UE), \u00e9 <strong>contribuir para a identifica\u00e7\u00e3o e promo\u00e7\u00e3o de boas pr\u00e1ticas e parcerias<\/strong> entre os diferentes intervenientes, devido \u00e0 grande import\u00e2ncia destes sectores no combate \u00e0s altera\u00e7\u00f5es clim\u00e1ticas e na promo\u00e7\u00e3o de pol\u00edticas ambientais. A mesa redonda de abertura foi realizada a 2 e 3 de Dezembro, seguida de tr\u00eas di\u00e1logos. O evento final ter\u00e1 lugar em Setembro.<\/p>\n<p><\/p>\n<p><\/p>\n<ul class=\"wp-block-list\">\n<li><strong>1\u00ba di\u00e1logo t\u00e9cnico - \"Aumentar a produtividade de forma sustent\u00e1vel\" com a devida dilig\u00eancia (17.03.2022)<\/strong><\/li>\n<\/ul>\n<p><\/p>\n<p><\/p>\n<p class=\"wp-block-paragraph\">Realizada em 9 de Mar\u00e7o de 2022, a primeira <a href=\"https:\/\/ipam.org.br\/increasing-productivity-in-a-sustainable-way\/\">\"Di\u00e1logo t\u00e9cnico sobre a sustentabilidade e a rastreabilidade da cadeia de valor da carne e do couro\".<\/a> concentrado em <strong>o papel da devida dilig\u00eancia na regulariza\u00e7\u00e3o das cadeias de valor da carne e do couro<\/strong>. O di\u00e1logo reuniu, em formato virtual, mais de 40 actores relevantes, representando o sector p\u00fablico brasileiro (a n\u00edvel federal e subfederal), a Comiss\u00e3o Europeia, organiza\u00e7\u00f5es internacionais, a cadeia de valor da carne e couro (processadores de carne, retalhistas, importadores), agentes de certifica\u00e7\u00e3o, academias e sociedade civil da Europa e do Brasil.<\/p>\n<p>Neste primeiro di\u00e1logo t\u00e9cnico, os participantes partilharam os seus conhecimentos sobre os desafios e oportunidades de aplicar a devida dilig\u00eancia na cadeia de valor da carne e do couro como uma ferramenta para melhorar a sustentabilidade e reduzir a desfloresta\u00e7\u00e3o. Ap\u00f3s uma introdu\u00e7\u00e3o sobre o processo de due diligence e os recentes desenvolvimentos regulamentares na UE e no Brasil, foi discutida a relev\u00e2ncia e o impacto do processo de due diligence nestas cadeias de valor e poss\u00edveis canais de coopera\u00e7\u00e3o.<\/p>\n<p><\/p>\n<p><\/p>\n<p class=\"wp-block-paragraph\">Os participantes salientaram a relev\u00e2ncia desta quest\u00e3o para a economia pecu\u00e1ria e os compromissos de <strong>mitigar as altera\u00e7\u00f5es clim\u00e1ticas e reduzir a desfloresta\u00e7\u00e3o<\/strong>. Sublinharam a import\u00e2ncia de compreender as origens e a complexidade do problema do desflorestamento no Brasil, bem como a necessidade de <strong>parcerias p\u00fablico-privadas<\/strong> para a implementa\u00e7\u00e3o de sistemas de rastreabilidade para rastrear os produtos desde a explora\u00e7\u00e3o agr\u00edcola at\u00e9 ao consumidor. O di\u00e1logo centrou-se tamb\u00e9m na forma como o instrumento de dilig\u00eancia devida deve ser adaptado \u00e0s condi\u00e7\u00f5es espec\u00edficas de cada cadeia de valor e na import\u00e2ncia de adoptar medidas que incentivem o sector agr\u00edcola a aumentar a produtividade, protegendo ao mesmo tempo as florestas nativas.<\/p>\n<p><\/p>\n<p><\/p>\n<p class=\"wp-block-paragraph\">O objectivo geral desta iniciativa \u00e9 contribuir para a identifica\u00e7\u00e3o e promo\u00e7\u00e3o de pr\u00e1ticas colectivas e parcerias entre as principais partes interessadas para a sustentabilidade da cadeia de valor da carne de bovino e do couro.<\/p>\n<p><\/p>\n<p><\/p>\n<p class=\"wp-block-paragraph\"><a href=\"https:\/\/alinvest-verde.eu\/wp-content\/uploads\/2022\/07\/I-Executive-summary-ENG.pdf\">Descarregue aqui o resumo executivo.<\/a><\/p>\n<p><\/p>\n<p><\/p>\n<ul class=\"wp-block-list\">\n<li><strong>II\u00a0<\/strong><strong>di\u00e1logo t\u00e9cnico - O acesso \u00e0 tecnologia \u00e9 uma das chaves para uma produ\u00e7\u00e3o eficiente e sustent\u00e1vel (<\/strong><strong>02.05.2022)<\/strong><\/li>\n<\/ul>\n<p><\/p>\n<p><\/p>\n<p class=\"wp-block-paragraph\">Realizada em 20 de Abril de 2022, o segundo <a href=\"https:\/\/ipam.org.br\/access-to-technology-is-one-of-the-keys-to-efficient-and-sustainable-production\/\">\"Di\u00e1logo t\u00e9cnico sobre sustentabilidade e rastreabilidade na cadeia de valor da carne e do couro\".<\/a> centrado no <strong>acesso \u00e0 tecnologia para a sustentabilidade <\/strong>nestas cadeias.<\/p>\n<p><\/p>\n<p><\/p>\n<p class=\"wp-block-paragraph\">O di\u00e1logo reuniu, em formato virtual, mais de 40 actores relevantes representando o sector p\u00fablico brasileiro (a n\u00edvel federal e sub-federal), a Comiss\u00e3o Europeia, organiza\u00e7\u00f5es internacionais, actores-chave das cadeias de valor da carne e do couro (processadores de carne, retalhistas, importadores), agentes de certifica\u00e7\u00e3o, academia e sociedade civil, tanto da Europa como do Brasil.<\/p>\n<p><\/p>\n<p><\/p>\n<p class=\"wp-block-paragraph\">Ap\u00f3s uma introdu\u00e7\u00e3o centrada no <strong>desafios da pecu\u00e1ria na Amaz\u00f3nia<\/strong>Na sua opini\u00e3o, para al\u00e9m de desencorajar a desfloresta\u00e7\u00e3o de novas \u00e1reas, a tecnologia \u00e9 crucial para aumentar a produtividade de pequenas, m\u00e9dias e grandes propriedades rurais, permitindo a sustentabilidade ambiental ligada ao aumento do rendimento dos agricultores. Na sua opini\u00e3o, para al\u00e9m de desencorajar a desfloresta\u00e7\u00e3o de novas \u00e1reas, a tecnologia \u00e9 crucial para aumentar a produtividade de pequenas, m\u00e9dias e grandes propriedades rurais, permitindo a sustentabilidade ambiental ligada ao aumento dos rendimentos dos agricultores. Por este motivo, \u00e9 essencial <strong>investindo em assist\u00eancia t\u00e9cnica<\/strong> para promover melhores pr\u00e1ticas de produ\u00e7\u00e3o e gest\u00e3o.<\/p>\n<p><\/p>\n<p><\/p>\n<p class=\"wp-block-paragraph\">Os participantes citaram alguns recursos e ac\u00e7\u00f5es tecnol\u00f3gicas - tais como a integra\u00e7\u00e3o cultura-pecu\u00e1ria, a utiliza\u00e7\u00e3o de forragens em associa\u00e7\u00e3o com leguminosas, t\u00e9cnicas de recupera\u00e7\u00e3o de pastagens, rota\u00e7\u00e3o de pastagens e nutri\u00e7\u00e3o adequada, entre outras - para aumentar a <strong>acesso \u00e0s tecnologias<\/strong>. Se implementadas, elas melhorariam a produtividade, sustentabilidade, transpar\u00eancia e rastreabilidade nas cadeias de carne e couro.<\/p>\n<p><\/p>\n<p><\/p>\n<p class=\"wp-block-paragraph\">A adop\u00e7\u00e3o de novas tecnologias e o aumento dos crit\u00e9rios de qualidade em resposta \u00e0 procura dos consumidores foi tamb\u00e9m abordada. Dados recentes de tend\u00eancias globais mostraram uma nova prefer\u00eancia dos consumidores por produtos mais sustent\u00e1veis.<\/p>\n<p>A rastreabilidade foi identificada como uma tecnologia poss\u00edvel para controlar toda a cadeia. No entanto, h\u00e1 necessidade de uma melhor coordena\u00e7\u00e3o e troca de informa\u00e7\u00f5es. Segundo os peritos convidados, o trabalho em rede em cadeias de valor integradas, como a carne e o couro, facilitar\u00e1 o desenvolvimento de sistemas de rastreabilidade adequados. No entanto, haver\u00e1 a necessidade de <strong>boa governa\u00e7\u00e3o<\/strong> para promover e alinhar os incentivos econ\u00f3micos entre todos os actores.<\/p>\n<p><\/p>\n<p><\/p>\n<p class=\"wp-block-paragraph\">Os participantes tamb\u00e9m destacaram a necessidade de aplicar tecnologias e crit\u00e9rios para facilitar o acesso num pa\u00eds t\u00e3o grande como o Brasil. Sublinharam tamb\u00e9m a import\u00e2ncia do acesso ao cr\u00e9dito e \u00e0 assist\u00eancia t\u00e9cnica e de gest\u00e3o, permitindo que os produtores desenvolvam as suas actividades de forma mais eficiente. Os pequenos produtores enfrentam frequentemente obst\u00e1culos mais significativos \u00e0 adapta\u00e7\u00e3o independente, embora sejam frequentemente os principais afectados por constrangimentos internos ou externos.<\/p>\n<p><\/p>\n<p><\/p>\n<p class=\"wp-block-paragraph\">Este segundo di\u00e1logo seguiu-se a discuss\u00f5es anteriores realizadas durante a mesa redonda inaugural em Dezembro de 2021 e o primeiro di\u00e1logo t\u00e9cnico a 9 de Mar\u00e7o de 2022.<\/p>\n<p><\/p>\n<p><\/p>\n<p class=\"wp-block-paragraph\"><a href=\"https:\/\/alinvest-verde.eu\/wp-content\/uploads\/2022\/07\/II-Executive-Summary-ENG.pdf\">Descarregue aqui o resumo executivo.<\/a><\/p>\n<p><\/p>\n<p><\/p>\n<ul class=\"wp-block-list\">\n<li><strong>III di\u00e1logo t\u00e9cnico - Sistemas de rastreabilidade para aumentar a sustentabilidade na cadeia da carne e do couro (18.05.2022)<\/strong><\/li>\n<\/ul>\n<p><\/p>\n<p><\/p>\n<p class=\"wp-block-paragraph\">Realizada em 18 de Maio de 2022, o terceiro <a href=\"https:\/\/ipam.org.br\/traceability-is-the-subject-of-the-third-technical-dialogue-between-brazil-and-the-european-union\/\">\"Di\u00e1logo t\u00e9cnico sobre a sustentabilidade e a rastreabilidade da cadeia de valor da carne e do couro\".<\/a> reuniram mais de 40 participantes, que abordaram a rastreabilidade como uma resposta para melhorar a sustentabilidade nas cadeias de carne e couro.<\/p>\n<p>O evento reuniu praticamente actores relevantes das institui\u00e7\u00f5es brasileiras e da UE em sectores ligados \u00e0s cadeias acima mencionadas, tais como o sector p\u00fablico, produtores, exportadores e distribuidores, organiza\u00e7\u00f5es da sociedade civil e universidades, entre outros.<\/p>\n<p>Durante o evento, o IPAM apresentou <strong>12 experi\u00eancias de rastreabilidade<\/strong> desenvolvido no Brasil e uma an\u00e1lise aprofundada dos seus pontos fortes e fracos, realizada atrav\u00e9s de um inqu\u00e9rito desenvolvido no \u00e2mbito desta iniciativa.<\/p>\n<p>Ao longo do di\u00e1logo, os participantes concordaram sobre a import\u00e2ncia do <strong>rastreabilidade para fins sanit\u00e1rios e sanit\u00e1rios<\/strong>mas tamb\u00e9m para implementar a sustentabilidade s\u00f3cio-ambiental na cadeia de valor, em particular na luta contra a desfloresta\u00e7\u00e3o ilegal. Um representante de uma organiza\u00e7\u00e3o da sociedade civil mencionou que a rastreabilidade \u00e9 um instrumento que aumenta o conhecimento do territ\u00f3rio.<\/p>\n<p>Outros participantes destacaram como <strong>a rastreabilidade permite uma resposta r\u00e1pida aos acontecimentos adversos, refor\u00e7ando a gest\u00e3o e a resili\u00eancia dos riscos<\/strong> cadeia. Finalmente, foi sublinhado que sistemas de rastreabilidade fi\u00e1veis e eficientes tamb\u00e9m melhoram a qualidade dos produtos, promovendo oportunidades comerciais. Em \u00faltima an\u00e1lise, foi salientada a forma como a transpar\u00eancia pode ser alcan\u00e7ada atrav\u00e9s da rastreabilidade.<\/p>\n<p>Como desafios, foi salientada a necessidade de uma melhor coordena\u00e7\u00e3o entre o governo federal e os estados para desenvolver um sistema de rastreabilidade eficiente que possa ser escalonado. Para este fim, seria essencial uma pol\u00edtica nacional e um quadro regulamentar. Os dados existentes tamb\u00e9m poderiam ser melhor aproveitados, particularmente para a <strong>controlo dos fornecedores indirectos<\/strong>. No entanto, a gest\u00e3o de dados levanta quest\u00f5es de privacidade que ainda t\u00eam de ser resolvidas.<\/p>\n<p>Finalmente, um inqu\u00e9rito realizado durante o evento revelou que a falta de infra-estruturas de rede, a aus\u00eancia de incentivos econ\u00f3micos e a necessidade de assist\u00eancia t\u00e9cnica s\u00e3o os principais obst\u00e1culos \u00e0 participa\u00e7\u00e3o dos pequenos e m\u00e9dios agricultores nos sistemas de rastreabilidade.<\/p>\n<p><\/p>\n<p><\/p>\n<p class=\"wp-block-paragraph\"><a href=\"https:\/\/alinvest-verde.eu\/wp-content\/uploads\/2022\/07\/III-Executive-Summary-ENG.pdf\">Descarregue aqui o resumo executivo<\/a><\/p>\n<p><strong>Pr\u00f3ximos passos<\/strong><\/p>\n<p><\/p>\n<p><\/p>\n<p class=\"wp-block-paragraph\">Os resultados dos tr\u00eas di\u00e1logos ser\u00e3o apresentados durante um evento final, aberto ao p\u00fablico, em Setembro de 2022.<\/p>\n<p><\/p>\n<p><\/p>\n<p class=\"wp-block-paragraph\"><\/p>\t\t\t\t\t\t\t\t<\/div>\n\t\t\t\t<\/div>\n\t\t\t\t\t<\/div>\n\t\t<\/div>\n\t\t\t\t\t<\/div>\n\t\t<\/section>\n\t\t\t\t<\/div>","protected":false},"excerpt":{"rendered":"<p>Brasilia, 19 de julio de 2022.- El Componente 2 de AL-INVEST Verde, en colaboraci\u00f3n con el Instituto de Investigaci\u00f3n Ambiental de la Amazonia (IPAM), ha organizado una serie de di\u00e1logos t\u00e9cnicos para analizar los desaf\u00edos, oportunidades y esfuerzos futuros para la sostenibilidad y trazabilidad de las cadenas de valor de la carne y el cuero [&hellip;]<\/p>\n","protected":false},"author":1,"featured_media":2866,"comment_status":"closed","ping_status":"closed","sticky":false,"template":"","format":"standard","meta":{"footnotes":""},"categories":[24,19,20],"tags":[],"class_list":["post-2764","post","type-post","status-publish","format-standard","has-post-thumbnail","hentry","category-actualidad","category-component-2","category-news"],"yoast_head":"<!-- This site is optimized with the Yoast SEO plugin v28.4 - https:\/\/yoast.com\/product\/yoast-seo-wordpress\/ -->\n<title>Brasil - Di\u00e1logos t\u00e9cnicos sobre sostenibilidad y trazabilidad en las cadenas de valor de la carne y el cuero - Programme AL-INVEST Verde<\/title>\n<meta name=\"robots\" content=\"index, follow, max-snippet:-1, max-image-preview:large, max-video-preview:-1\" \/>\n<link rel=\"canonical\" href=\"https:\/\/alinvest-verde.eu\/pt_pt_ao90\/title\/\" \/>\n<meta property=\"og:locale\" content=\"pt_PT\" \/>\n<meta property=\"og:type\" content=\"article\" \/>\n<meta property=\"og:title\" content=\"Brasil - Di\u00e1logos t\u00e9cnicos sobre sostenibilidad y trazabilidad en las cadenas de valor de la carne y el cuero - Programme AL-INVEST Verde\" \/>\n<meta property=\"og:description\" content=\"Brasilia, 19 de julio de 2022.- El Componente 2 de AL-INVEST Verde, en colaboraci\u00f3n con el Instituto de Investigaci\u00f3n Ambiental de la Amazonia (IPAM), ha organizado una serie de di\u00e1logos t\u00e9cnicos para analizar los desaf\u00edos, oportunidades y esfuerzos futuros para la sostenibilidad y trazabilidad de las cadenas de valor de la carne y el cuero [&hellip;]\" \/>\n<meta property=\"og:url\" content=\"https:\/\/alinvest-verde.eu\/pt_pt_ao90\/title\/\" \/>\n<meta property=\"og:site_name\" content=\"Programme AL-INVEST Verde\" \/>\n<meta property=\"article:published_time\" content=\"2022-07-19T15:26:10+00:00\" \/>\n<meta property=\"article:modified_time\" content=\"2024-07-05T15:22:00+00:00\" \/>\n<meta property=\"og:image\" content=\"https:\/\/alinvest-verde.eu\/wp-content\/uploads\/2022\/08\/cattle-2515195_1920.jpg\" \/>\n\t<meta property=\"og:image:width\" content=\"1920\" \/>\n\t<meta property=\"og:image:height\" content=\"1280\" \/>\n\t<meta property=\"og:image:type\" content=\"image\/jpeg\" \/>\n<meta name=\"author\" content=\"p607373\" \/>\n<meta name=\"twitter:card\" content=\"summary_large_image\" \/>\n<meta name=\"twitter:label1\" content=\"Written by\" \/>\n\t<meta name=\"twitter:data1\" content=\"\" \/>\n\t<meta name=\"twitter:label2\" content=\"Est. reading time\" \/>\n\t<meta name=\"twitter:data2\" content=\"7 minutos\" \/>\n<script type=\"application\/ld+json\" class=\"yoast-schema-graph\">{\"@context\":\"https:\\\/\\\/schema.org\",\"@graph\":[{\"@type\":\"Article\",\"@id\":\"https:\\\/\\\/alinvest-verde.eu\\\/title\\\/#article\",\"isPartOf\":{\"@id\":\"https:\\\/\\\/alinvest-verde.eu\\\/title\\\/\"},\"author\":{\"name\":\"p607373\",\"@id\":\"https:\\\/\\\/alinvest-verde.eu\\\/#\\\/schema\\\/person\\\/17a7334b811df6e2450dd1d20218cdfa\"},\"headline\":\"Brasil &#8211; Di\u00e1logos t\u00e9cnicos sobre sostenibilidad y trazabilidad en las cadenas de valor de la carne y el cuero\",\"datePublished\":\"2022-07-19T15:26:10+00:00\",\"dateModified\":\"2024-07-05T15:22:00+00:00\",\"mainEntityOfPage\":{\"@id\":\"https:\\\/\\\/alinvest-verde.eu\\\/title\\\/\"},\"wordCount\":1570,\"publisher\":{\"@id\":\"https:\\\/\\\/alinvest-verde.eu\\\/#organization\"},\"image\":{\"@id\":\"https:\\\/\\\/alinvest-verde.eu\\\/title\\\/#primaryimage\"},\"thumbnailUrl\":\"https:\\\/\\\/alinvest-verde.eu\\\/wp-content\\\/uploads\\\/2022\\\/08\\\/cattle-2515195_1920.jpg\",\"articleSection\":[\"Actualidad\",\"Component 2\",\"News\"],\"inLanguage\":\"pt-PT\"},{\"@type\":\"WebPage\",\"@id\":\"https:\\\/\\\/alinvest-verde.eu\\\/title\\\/\",\"url\":\"https:\\\/\\\/alinvest-verde.eu\\\/title\\\/\",\"name\":\"Brasil - Di\u00e1logos t\u00e9cnicos sobre sostenibilidad y trazabilidad en las cadenas de valor de la carne y el cuero - Programme AL-INVEST Verde\",\"isPartOf\":{\"@id\":\"https:\\\/\\\/alinvest-verde.eu\\\/#website\"},\"primaryImageOfPage\":{\"@id\":\"https:\\\/\\\/alinvest-verde.eu\\\/title\\\/#primaryimage\"},\"image\":{\"@id\":\"https:\\\/\\\/alinvest-verde.eu\\\/title\\\/#primaryimage\"},\"thumbnailUrl\":\"https:\\\/\\\/alinvest-verde.eu\\\/wp-content\\\/uploads\\\/2022\\\/08\\\/cattle-2515195_1920.jpg\",\"datePublished\":\"2022-07-19T15:26:10+00:00\",\"dateModified\":\"2024-07-05T15:22:00+00:00\",\"breadcrumb\":{\"@id\":\"https:\\\/\\\/alinvest-verde.eu\\\/title\\\/#breadcrumb\"},\"inLanguage\":\"pt-PT\",\"potentialAction\":[{\"@type\":\"ReadAction\",\"target\":[\"https:\\\/\\\/alinvest-verde.eu\\\/title\\\/\"]}]},{\"@type\":\"ImageObject\",\"inLanguage\":\"pt-PT\",\"@id\":\"https:\\\/\\\/alinvest-verde.eu\\\/title\\\/#primaryimage\",\"url\":\"https:\\\/\\\/alinvest-verde.eu\\\/wp-content\\\/uploads\\\/2022\\\/08\\\/cattle-2515195_1920.jpg\",\"contentUrl\":\"https:\\\/\\\/alinvest-verde.eu\\\/wp-content\\\/uploads\\\/2022\\\/08\\\/cattle-2515195_1920.jpg\",\"width\":1920,\"height\":1280},{\"@type\":\"BreadcrumbList\",\"@id\":\"https:\\\/\\\/alinvest-verde.eu\\\/title\\\/#breadcrumb\",\"itemListElement\":[{\"@type\":\"ListItem\",\"position\":1,\"name\":\"Inicio\",\"item\":\"https:\\\/\\\/alinvest-verde.eu\\\/\"},{\"@type\":\"ListItem\",\"position\":2,\"name\":\"Actualidad\",\"item\":\"https:\\\/\\\/alinvest-verde.eu\\\/category\\\/actualidad\\\/\"},{\"@type\":\"ListItem\",\"position\":3,\"name\":\"Brasil &#8211; Di\u00e1logos t\u00e9cnicos sobre sostenibilidad y trazabilidad en las cadenas de valor de la carne y el cuero\"}]},{\"@type\":\"WebSite\",\"@id\":\"https:\\\/\\\/alinvest-verde.eu\\\/#website\",\"url\":\"https:\\\/\\\/alinvest-verde.eu\\\/\",\"name\":\"Programme AL-INVEST Verde\",\"description\":\"Building alliances with the private sector in LA and promote sustainable growth and jobs creation by supporting the transition towards a low-carbon, resource-efficient economy\",\"publisher\":{\"@id\":\"https:\\\/\\\/alinvest-verde.eu\\\/#organization\"},\"potentialAction\":[{\"@type\":\"SearchAction\",\"target\":{\"@type\":\"EntryPoint\",\"urlTemplate\":\"https:\\\/\\\/alinvest-verde.eu\\\/?s={search_term_string}\"},\"query-input\":{\"@type\":\"PropertyValueSpecification\",\"valueRequired\":true,\"valueName\":\"search_term_string\"}}],\"inLanguage\":\"pt-PT\"},{\"@type\":\"Organization\",\"@id\":\"https:\\\/\\\/alinvest-verde.eu\\\/#organization\",\"name\":\"Programme AL-INVEST Verde\",\"url\":\"https:\\\/\\\/alinvest-verde.eu\\\/\",\"logo\":{\"@type\":\"ImageObject\",\"inLanguage\":\"pt-PT\",\"@id\":\"https:\\\/\\\/alinvest-verde.eu\\\/#\\\/schema\\\/logo\\\/image\\\/\",\"url\":\"https:\\\/\\\/alinvest-verde.eu\\\/wp-content\\\/uploads\\\/2022\\\/01\\\/cropped-logo-financiado-por-la-UE.jpg\",\"contentUrl\":\"https:\\\/\\\/alinvest-verde.eu\\\/wp-content\\\/uploads\\\/2022\\\/01\\\/cropped-logo-financiado-por-la-UE.jpg\",\"width\":756,\"height\":216,\"caption\":\"Programme AL-INVEST Verde\"},\"image\":{\"@id\":\"https:\\\/\\\/alinvest-verde.eu\\\/#\\\/schema\\\/logo\\\/image\\\/\"}},{\"@type\":\"Person\",\"@id\":\"https:\\\/\\\/alinvest-verde.eu\\\/#\\\/schema\\\/person\\\/17a7334b811df6e2450dd1d20218cdfa\",\"name\":\"p607373\",\"image\":{\"@type\":\"ImageObject\",\"inLanguage\":\"pt-PT\",\"@id\":\"https:\\\/\\\/secure.gravatar.com\\\/avatar\\\/e90c3720651a1eff37395009d271885d250a4494273b5261697c102bdadbc94f?s=96&d=mm&r=g\",\"url\":\"https:\\\/\\\/secure.gravatar.com\\\/avatar\\\/e90c3720651a1eff37395009d271885d250a4494273b5261697c102bdadbc94f?s=96&d=mm&r=g\",\"contentUrl\":\"https:\\\/\\\/secure.gravatar.com\\\/avatar\\\/e90c3720651a1eff37395009d271885d250a4494273b5261697c102bdadbc94f?s=96&d=mm&r=g\",\"caption\":\"p607373\"},\"url\":\"https:\\\/\\\/alinvest-verde.eu\\\/pt_pt_ao90\\\/author\\\/administrator\\\/\"}]}<\/script>\n<!-- \/ Yoast SEO plugin. -->","yoast_head_json":{"title":"Brasil - Di\u00e1logos T\u00e9cnicos sobre Sustentabilidade e Rastreabilidade nas Cadeias de Valor da Carne e do Couro - Programa AL-INVEST Verde","robots":{"index":"index","follow":"follow","max-snippet":"max-snippet:-1","max-image-preview":"max-image-preview:large","max-video-preview":"max-video-preview:-1"},"canonical":"https:\/\/alinvest-verde.eu\/pt_pt_ao90\/title\/","og_locale":"pt_PT","og_type":"article","og_title":"Brasil - Di\u00e1logos t\u00e9cnicos sobre sostenibilidad y trazabilidad en las cadenas de valor de la carne y el cuero - Programme AL-INVEST Verde","og_description":"Brasilia, 19 de julio de 2022.- El Componente 2 de AL-INVEST Verde, en colaboraci\u00f3n con el Instituto de Investigaci\u00f3n Ambiental de la Amazonia (IPAM), ha organizado una serie de di\u00e1logos t\u00e9cnicos para analizar los desaf\u00edos, oportunidades y esfuerzos futuros para la sostenibilidad y trazabilidad de las cadenas de valor de la carne y el cuero [&hellip;]","og_url":"https:\/\/alinvest-verde.eu\/pt_pt_ao90\/title\/","og_site_name":"Programme AL-INVEST Verde","article_published_time":"2022-07-19T15:26:10+00:00","article_modified_time":"2024-07-05T15:22:00+00:00","og_image":[{"width":1920,"height":1280,"url":"https:\/\/alinvest-verde.eu\/wp-content\/uploads\/2022\/08\/cattle-2515195_1920.jpg","type":"image\/jpeg"}],"author":"p607373","twitter_card":"summary_large_image","twitter_misc":{"Written by":false,"Est. reading time":"7 minutos"},"schema":{"@context":"https:\/\/schema.org","@graph":[{"@type":"Article","@id":"https:\/\/alinvest-verde.eu\/title\/#article","isPartOf":{"@id":"https:\/\/alinvest-verde.eu\/title\/"},"author":{"name":"p607373","@id":"https:\/\/alinvest-verde.eu\/#\/schema\/person\/17a7334b811df6e2450dd1d20218cdfa"},"headline":"Brasil &#8211; Di\u00e1logos t\u00e9cnicos sobre sostenibilidad y trazabilidad en las cadenas de valor de la carne y el cuero","datePublished":"2022-07-19T15:26:10+00:00","dateModified":"2024-07-05T15:22:00+00:00","mainEntityOfPage":{"@id":"https:\/\/alinvest-verde.eu\/title\/"},"wordCount":1570,"publisher":{"@id":"https:\/\/alinvest-verde.eu\/#organization"},"image":{"@id":"https:\/\/alinvest-verde.eu\/title\/#primaryimage"},"thumbnailUrl":"https:\/\/alinvest-verde.eu\/wp-content\/uploads\/2022\/08\/cattle-2515195_1920.jpg","articleSection":["Actualidad","Component 2","News"],"inLanguage":"pt-PT"},{"@type":"WebPage","@id":"https:\/\/alinvest-verde.eu\/title\/","url":"https:\/\/alinvest-verde.eu\/title\/","name":"Brasil - Di\u00e1logos T\u00e9cnicos sobre Sustentabilidade e Rastreabilidade nas Cadeias de Valor da Carne e do Couro - Programa AL-INVEST Verde","isPartOf":{"@id":"https:\/\/alinvest-verde.eu\/#website"},"primaryImageOfPage":{"@id":"https:\/\/alinvest-verde.eu\/title\/#primaryimage"},"image":{"@id":"https:\/\/alinvest-verde.eu\/title\/#primaryimage"},"thumbnailUrl":"https:\/\/alinvest-verde.eu\/wp-content\/uploads\/2022\/08\/cattle-2515195_1920.jpg","datePublished":"2022-07-19T15:26:10+00:00","dateModified":"2024-07-05T15:22:00+00:00","breadcrumb":{"@id":"https:\/\/alinvest-verde.eu\/title\/#breadcrumb"},"inLanguage":"pt-PT","potentialAction":[{"@type":"ReadAction","target":["https:\/\/alinvest-verde.eu\/title\/"]}]},{"@type":"ImageObject","inLanguage":"pt-PT","@id":"https:\/\/alinvest-verde.eu\/title\/#primaryimage","url":"https:\/\/alinvest-verde.eu\/wp-content\/uploads\/2022\/08\/cattle-2515195_1920.jpg","contentUrl":"https:\/\/alinvest-verde.eu\/wp-content\/uploads\/2022\/08\/cattle-2515195_1920.jpg","width":1920,"height":1280},{"@type":"BreadcrumbList","@id":"https:\/\/alinvest-verde.eu\/title\/#breadcrumb","itemListElement":[{"@type":"ListItem","position":1,"name":"Inicio","item":"https:\/\/alinvest-verde.eu\/"},{"@type":"ListItem","position":2,"name":"Actualidad","item":"https:\/\/alinvest-verde.eu\/category\/actualidad\/"},{"@type":"ListItem","position":3,"name":"Brasil &#8211; Di\u00e1logos t\u00e9cnicos sobre sostenibilidad y trazabilidad en las cadenas de valor de la carne y el cuero"}]},{"@type":"WebSite","@id":"https:\/\/alinvest-verde.eu\/#website","url":"https:\/\/alinvest-verde.eu\/","name":"Programa AL-INVEST Verde","description":"Construir alian\u00e7as com o sector privado na AL e promover o crescimento sustent\u00e1vel e a cria\u00e7\u00e3o de empregos, apoiando a transi\u00e7\u00e3o para uma economia de baixo carbono e eficiente em termos de recursos","publisher":{"@id":"https:\/\/alinvest-verde.eu\/#organization"},"potentialAction":[{"@type":"SearchAction","target":{"@type":"EntryPoint","urlTemplate":"https:\/\/alinvest-verde.eu\/?s={search_term_string}"},"query-input":{"@type":"PropertyValueSpecification","valueRequired":true,"valueName":"search_term_string"}}],"inLanguage":"pt-PT"},{"@type":"Organization","@id":"https:\/\/alinvest-verde.eu\/#organization","name":"Programa AL-INVEST Verde","url":"https:\/\/alinvest-verde.eu\/","logo":{"@type":"ImageObject","inLanguage":"pt-PT","@id":"https:\/\/alinvest-verde.eu\/#\/schema\/logo\/image\/","url":"https:\/\/alinvest-verde.eu\/wp-content\/uploads\/2022\/01\/cropped-logo-financiado-por-la-UE.jpg","contentUrl":"https:\/\/alinvest-verde.eu\/wp-content\/uploads\/2022\/01\/cropped-logo-financiado-por-la-UE.jpg","width":756,"height":216,"caption":"Programme AL-INVEST Verde"},"image":{"@id":"https:\/\/alinvest-verde.eu\/#\/schema\/logo\/image\/"}},{"@type":"Person","@id":"https:\/\/alinvest-verde.eu\/#\/schema\/person\/17a7334b811df6e2450dd1d20218cdfa","name":"p607373","image":{"@type":"ImageObject","inLanguage":"pt-PT","@id":"https:\/\/secure.gravatar.com\/avatar\/e90c3720651a1eff37395009d271885d250a4494273b5261697c102bdadbc94f?s=96&d=mm&r=g","url":"https:\/\/secure.gravatar.com\/avatar\/e90c3720651a1eff37395009d271885d250a4494273b5261697c102bdadbc94f?s=96&d=mm&r=g","contentUrl":"https:\/\/secure.gravatar.com\/avatar\/e90c3720651a1eff37395009d271885d250a4494273b5261697c102bdadbc94f?s=96&d=mm&r=g","caption":"p607373"},"url":"https:\/\/alinvest-verde.eu\/pt_pt_ao90\/author\/administrator\/"}]}},"_links":{"self":[{"href":"https:\/\/alinvest-verde.eu\/pt_pt_ao90\/wp-json\/wp\/v2\/posts\/2764","targetHints":{"allow":["GET"]}}],"collection":[{"href":"https:\/\/alinvest-verde.eu\/pt_pt_ao90\/wp-json\/wp\/v2\/posts"}],"about":[{"href":"https:\/\/alinvest-verde.eu\/pt_pt_ao90\/wp-json\/wp\/v2\/types\/post"}],"author":[{"embeddable":true,"href":"https:\/\/alinvest-verde.eu\/pt_pt_ao90\/wp-json\/wp\/v2\/users\/1"}],"replies":[{"embeddable":true,"href":"https:\/\/alinvest-verde.eu\/pt_pt_ao90\/wp-json\/wp\/v2\/comments?post=2764"}],"version-history":[{"count":32,"href":"https:\/\/alinvest-verde.eu\/pt_pt_ao90\/wp-json\/wp\/v2\/posts\/2764\/revisions"}],"predecessor-version":[{"id":5837,"href":"https:\/\/alinvest-verde.eu\/pt_pt_ao90\/wp-json\/wp\/v2\/posts\/2764\/revisions\/5837"}],"wp:featuredmedia":[{"embeddable":true,"href":"https:\/\/alinvest-verde.eu\/pt_pt_ao90\/wp-json\/wp\/v2\/media\/2866"}],"wp:attachment":[{"href":"https:\/\/alinvest-verde.eu\/pt_pt_ao90\/wp-json\/wp\/v2\/media?parent=2764"}],"wp:term":[{"taxonomy":"category","embeddable":true,"href":"https:\/\/alinvest-verde.eu\/pt_pt_ao90\/wp-json\/wp\/v2\/categories?post=2764"},{"taxonomy":"post_tag","embeddable":true,"href":"https:\/\/alinvest-verde.eu\/pt_pt_ao90\/wp-json\/wp\/v2\/tags?post=2764"}],"curies":[{"name":"wp","href":"https:\/\/api.w.org\/{rel}","templated":true}]}}