{"id":4496,"date":"2023-01-24T14:50:24","date_gmt":"2023-01-24T13:50:24","guid":{"rendered":"https:\/\/alinvest-verde.eu\/?p=4496"},"modified":"2024-07-05T17:22:00","modified_gmt":"2024-07-05T15:22:00","slug":"presentacion-a-argentina-y-paraguay-del-sistema-de-trazabilidad-selo-verde-implantado-en-el-estado-brasileno-de-para","status":"publish","type":"post","link":"https:\/\/alinvest-verde.eu\/pt_pt_ao90\/presentacion-a-argentina-y-paraguay-del-sistema-de-trazabilidad-selo-verde-implantado-en-el-estado-brasileno-de-para\/","title":{"rendered":"Apresenta\u00e7\u00e3o \u00e0 Argentina e ao Paraguai do sistema de rastreabilidade Selo Verde, implementado no estado brasileiro do Par\u00e1."},"content":{"rendered":"<p class=\"wp-block-paragraph\"> <strong>Madrid, 23 de Janeiro de 2023.<\/strong> Atrav\u00e9s do <a href=\"https:\/\/alinvest-verde.eu\/pt_pt_ao90\/component-2\/\">Componente 2<\/a>AL-INVEST Verde organizou a apresenta\u00e7\u00e3o \u00e0 Argentina e ao Paraguai da plataforma Selo Verde, um sistema de rastreabilidade. <strong>p\u00fablico e gratuito<\/strong> implementado no estado do Par\u00e1, Brasil. <\/p>\n\n\n\n<p class=\"wp-block-paragraph\">A apresenta\u00e7\u00e3o teve lugar online, atrav\u00e9s da plataforma Zoom, e contou com a presen\u00e7a de representantes das delega\u00e7\u00f5es da UE na Argentina, Paraguai e Brasil, da Comiss\u00e3o Europeia e do programa AL-INVEST Verde.<\/p>\n\n\n\n<p class=\"wp-block-paragraph\">Tamb\u00e9m estiveram presentes representantes do Minist\u00e9rio do Ambiente e Altera\u00e7\u00f5es Clim\u00e1ticas, do Minist\u00e9rio da Produ\u00e7\u00e3o, Ci\u00eancia e Tecnologia e do Secretariado para a Coopera\u00e7\u00e3o Internacional da Prov\u00edncia de Santa F\u00e9, assim como do Servi\u00e7o Nacional de Sa\u00fade e Qualidade Agro-alimentar (SENASA). Do Paraguai, participaram membros da Rede de Investimento e Exporta\u00e7\u00e3o (REDIEX), uma ag\u00eancia do Minist\u00e9rio da Ind\u00fastria e Com\u00e9rcio (MIC), e a Associa\u00e7\u00e3o Rural do Paraguai.<\/p>\n\n\n\n<p class=\"wp-block-paragraph\">A apresenta\u00e7\u00e3o foi feita por Felipe Nunes, director do Centro de Intelig\u00eancia Territorial (CIT) e investigador da Universidade Federal de Minas Gerais (UFMG). Ambas as institui\u00e7\u00f5es colaboraram no desenvolvimento deste sistema de rastreabilidade, o que Nunes explicou, <strong>analisa o cumprimento das normas socioambientais e, em particular, a aus\u00eancia de desfloresta\u00e7\u00e3o relacionada com a produ\u00e7\u00e3o.<\/strong><\/p>\n\n\n\n<p class=\"wp-block-paragraph\">Para tal, a plataforma integra dados de institui\u00e7\u00f5es federais e estatais, mapas de imagens de sat\u00e9lite e an\u00e1lise geoespacial, permitindo relat\u00f3rios detalhados sobre a <a href=\"https:\/\/alinvest-verde.eu\/pt_pt_ao90\/emilio-calvo-director-de-al-invest-verde-componente-2-nuestro-objetivo-es-fomentar-cadenas-de-valor-mas-verdes-y-sostenibles\/\">conformidade social e ambiental<\/a> de explora\u00e7\u00f5es agr\u00edcolas inscritas no Registo Ambiental Rural (CAR).<\/p>\n\n\n\n<p class=\"wp-block-paragraph\">Actualmente, o programa AL-INVEST Verde, atrav\u00e9s da Componente 2, est\u00e1 a trabalhar para apoiar a implementa\u00e7\u00e3o da plataforma Selo Verde no estado brasileiro de Minas Gerais. Al\u00e9m disso, fornece <a href=\"https:\/\/alinvest-verde.eu\/pt_pt_ao90\/la-provincia-argentina-de-santa-fe-inicia-colaboracion-con-al-invest-verde-para-la-sostenibilidad-del-sector-carnico\/\">assist\u00eancia t\u00e9cnica ao Governo de Santa Fe<\/a>Argentina, para o refor\u00e7o das pol\u00edticas p\u00fablicas de sustentabilidade no sector da carne e das aves de capoeira. <a href=\"https:\/\/alinvest-verde.eu\/pt_pt_ao90\/al-invest-verde-colabora-con-rediex-en-paraguay-para-apoyar-la-trazabilidad-del-proceso-productivo-del-cuero-y-su-certificacion\/\">colabora com a REDIEX no Paraguai<\/a> para apoiar a rastreabilidade do processo de produ\u00e7\u00e3o do couro e a sua certifica\u00e7\u00e3o.<\/p>\n\n\n\n<p class=\"wp-block-paragraph\">No \u00e2mbito destas colabora\u00e7\u00f5es, a apresenta\u00e7\u00e3o regional da plataforma foi coordenada com o objectivo de trocar experi\u00eancias e analisar as possibilidades de implementa\u00e7\u00e3o atrav\u00e9s da assist\u00eancia existente.<\/p>\n\n\n\n<p class=\"wp-block-paragraph\"><strong>Sobre o AL-INVEST Verde<\/strong><\/p>\n\n\n\n<p class=\"wp-block-paragraph\">AL-INVEST Verde \u00e9 um programa da Uni\u00e3o Europeia (UE) cujo principal objectivo \u00e9 promover o crescimento sustent\u00e1vel e a cria\u00e7\u00e3o de emprego na Am\u00e9rica Latina, apoiando a transi\u00e7\u00e3o para uma economia de baixo carbono, eficiente em termos de recursos e mais circular. Atrav\u00e9s da Componente 2, liderada pela FIIAPP em cons\u00f3rcio com o IILA, o programa fornece assist\u00eancia para refor\u00e7ar as pol\u00edticas p\u00fablicas e os di\u00e1logos entre as v\u00e1rias partes interessadas sobre cadeias agr\u00edcolas e de valor sustent\u00e1veis, normas ambientais e laborais, bem como o com\u00e9rcio sustent\u00e1vel e os quadros de pol\u00edtica econ\u00f3mica e reguladores.<\/p>\n\n\n\n<p class=\"wp-block-paragraph\">Mais informa\u00e7\u00f5es: <a href=\"https:\/\/alinvest-verde.eu\/pt_pt_ao90\/\">www.alinvest-verde.eu<\/a><\/p>\n\n\n\n<hr class=\"wp-block-separator has-alpha-channel-opacity\"\/>\n\n\n\n<p class=\"wp-block-paragraph\"><a id=\"_msocom_1\"><\/a><\/p>\n\n\n\n<p class=\"wp-block-paragraph\"><\/p>\n\n\n\n<h2 class=\"wp-block-heading\"><\/h2>","protected":false},"excerpt":{"rendered":"<p>Madrid, 23 de enero de 2023.- A trav\u00e9s del Componente 2, AL-INVEST Verde organiz\u00f3 la presentaci\u00f3n a Argentina y Paraguay de la plataforma Selo Verde, un sistema de trazabilidad p\u00fablico y gratuito implementado en el estado de Par\u00e1, en Brasil. La presentaci\u00f3n tuvo lugar v\u00eda online, a trav\u00e9s de la plataforma Zoom, y cont\u00f3 con [&hellip;]<\/p>\n","protected":false},"author":6,"featured_media":4497,"comment_status":"closed","ping_status":"closed","sticky":false,"template":"","format":"standard","meta":{"footnotes":""},"categories":[24,1,19,20],"tags":[21,26,38,30,43],"class_list":["post-4496","post","type-post","status-publish","format-standard","has-post-thumbnail","hentry","category-actualidad","category-allgemein","category-component-2","category-news","tag-cadenas-de-valor","tag-component-2","tag-deforestacion","tag-sostenibilidad","tag-trazabilidad"],"yoast_head":"<!-- This site is optimized with the Yoast SEO plugin v28.4 - https:\/\/yoast.com\/product\/yoast-seo-wordpress\/ -->\n<title>Presentaci\u00f3n a Argentina y Paraguay del sistema de trazabilidad Selo Verde, implantado en el estado brasile\u00f1o de Par\u00e1 - Programme AL-INVEST Verde<\/title>\n<meta name=\"robots\" content=\"index, follow, max-snippet:-1, max-image-preview:large, max-video-preview:-1\" \/>\n<link rel=\"canonical\" href=\"https:\/\/alinvest-verde.eu\/pt_pt_ao90\/presentacion-a-argentina-y-paraguay-del-sistema-de-trazabilidad-selo-verde-implantado-en-el-estado-brasileno-de-para\/\" \/>\n<meta property=\"og:locale\" content=\"pt_PT\" \/>\n<meta property=\"og:type\" content=\"article\" \/>\n<meta property=\"og:title\" content=\"Presentaci\u00f3n a Argentina y Paraguay del sistema de trazabilidad Selo Verde, implantado en el estado brasile\u00f1o de Par\u00e1 - Programme AL-INVEST Verde\" \/>\n<meta property=\"og:description\" content=\"Madrid, 23 de enero de 2023.- A trav\u00e9s del Componente 2, AL-INVEST Verde organiz\u00f3 la presentaci\u00f3n a Argentina y Paraguay de la plataforma Selo Verde, un sistema de trazabilidad p\u00fablico y gratuito implementado en el estado de Par\u00e1, en Brasil. La presentaci\u00f3n tuvo lugar v\u00eda online, a trav\u00e9s de la plataforma Zoom, y cont\u00f3 con [&hellip;]\" \/>\n<meta property=\"og:url\" content=\"https:\/\/alinvest-verde.eu\/pt_pt_ao90\/presentacion-a-argentina-y-paraguay-del-sistema-de-trazabilidad-selo-verde-implantado-en-el-estado-brasileno-de-para\/\" \/>\n<meta property=\"og:site_name\" content=\"Programme AL-INVEST Verde\" \/>\n<meta property=\"article:published_time\" content=\"2023-01-24T13:50:24+00:00\" \/>\n<meta property=\"article:modified_time\" content=\"2024-07-05T15:22:00+00:00\" \/>\n<meta property=\"og:image\" content=\"https:\/\/alinvest-verde.eu\/wp-content\/uploads\/2023\/01\/Foto.jpg\" \/>\n\t<meta property=\"og:image:width\" content=\"568\" \/>\n\t<meta property=\"og:image:height\" content=\"207\" \/>\n\t<meta property=\"og:image:type\" content=\"image\/jpeg\" \/>\n<meta name=\"author\" content=\"Azucena Garc\u00eda\" \/>\n<meta name=\"twitter:card\" content=\"summary_large_image\" \/>\n<meta name=\"twitter:creator\" content=\"@Frank Summa\" \/>\n<meta name=\"twitter:label1\" content=\"Written by\" \/>\n\t<meta name=\"twitter:data1\" content=\"\" \/>\n\t<meta name=\"twitter:label2\" content=\"Est. reading time\" \/>\n\t<meta name=\"twitter:data2\" content=\"3 minutos\" \/>\n<script type=\"application\/ld+json\" class=\"yoast-schema-graph\">{\"@context\":\"https:\\\/\\\/schema.org\",\"@graph\":[{\"@type\":\"Article\",\"@id\":\"https:\\\/\\\/alinvest-verde.eu\\\/presentacion-a-argentina-y-paraguay-del-sistema-de-trazabilidad-selo-verde-implantado-en-el-estado-brasileno-de-para\\\/#article\",\"isPartOf\":{\"@id\":\"https:\\\/\\\/alinvest-verde.eu\\\/presentacion-a-argentina-y-paraguay-del-sistema-de-trazabilidad-selo-verde-implantado-en-el-estado-brasileno-de-para\\\/\"},\"author\":{\"name\":\"Azucena Garc\u00eda\",\"@id\":\"https:\\\/\\\/alinvest-verde.eu\\\/#\\\/schema\\\/person\\\/8804ec49772ba377829838bc11b6aa6b\"},\"headline\":\"Presentaci\u00f3n a Argentina y Paraguay del sistema de trazabilidad Selo Verde, implantado en el estado brasile\u00f1o de Par\u00e1\",\"datePublished\":\"2023-01-24T13:50:24+00:00\",\"dateModified\":\"2024-07-05T15:22:00+00:00\",\"mainEntityOfPage\":{\"@id\":\"https:\\\/\\\/alinvest-verde.eu\\\/presentacion-a-argentina-y-paraguay-del-sistema-de-trazabilidad-selo-verde-implantado-en-el-estado-brasileno-de-para\\\/\"},\"wordCount\":519,\"publisher\":{\"@id\":\"https:\\\/\\\/alinvest-verde.eu\\\/#organization\"},\"image\":{\"@id\":\"https:\\\/\\\/alinvest-verde.eu\\\/presentacion-a-argentina-y-paraguay-del-sistema-de-trazabilidad-selo-verde-implantado-en-el-estado-brasileno-de-para\\\/#primaryimage\"},\"thumbnailUrl\":\"https:\\\/\\\/alinvest-verde.eu\\\/wp-content\\\/uploads\\\/2023\\\/01\\\/Foto.jpg\",\"keywords\":[\"cadenas de valor\",\"Component 2\",\"deforestaci\u00f3n\",\"sostenibilidad\",\"trazabilidad\"],\"articleSection\":[\"Actualidad\",\"Allgemein\",\"Component 2\",\"News\"],\"inLanguage\":\"pt-PT\"},{\"@type\":\"WebPage\",\"@id\":\"https:\\\/\\\/alinvest-verde.eu\\\/presentacion-a-argentina-y-paraguay-del-sistema-de-trazabilidad-selo-verde-implantado-en-el-estado-brasileno-de-para\\\/\",\"url\":\"https:\\\/\\\/alinvest-verde.eu\\\/presentacion-a-argentina-y-paraguay-del-sistema-de-trazabilidad-selo-verde-implantado-en-el-estado-brasileno-de-para\\\/\",\"name\":\"Presentaci\u00f3n a Argentina y Paraguay del sistema de trazabilidad Selo Verde, implantado en el estado brasile\u00f1o de Par\u00e1 - Programme AL-INVEST Verde\",\"isPartOf\":{\"@id\":\"https:\\\/\\\/alinvest-verde.eu\\\/#website\"},\"primaryImageOfPage\":{\"@id\":\"https:\\\/\\\/alinvest-verde.eu\\\/presentacion-a-argentina-y-paraguay-del-sistema-de-trazabilidad-selo-verde-implantado-en-el-estado-brasileno-de-para\\\/#primaryimage\"},\"image\":{\"@id\":\"https:\\\/\\\/alinvest-verde.eu\\\/presentacion-a-argentina-y-paraguay-del-sistema-de-trazabilidad-selo-verde-implantado-en-el-estado-brasileno-de-para\\\/#primaryimage\"},\"thumbnailUrl\":\"https:\\\/\\\/alinvest-verde.eu\\\/wp-content\\\/uploads\\\/2023\\\/01\\\/Foto.jpg\",\"datePublished\":\"2023-01-24T13:50:24+00:00\",\"dateModified\":\"2024-07-05T15:22:00+00:00\",\"breadcrumb\":{\"@id\":\"https:\\\/\\\/alinvest-verde.eu\\\/presentacion-a-argentina-y-paraguay-del-sistema-de-trazabilidad-selo-verde-implantado-en-el-estado-brasileno-de-para\\\/#breadcrumb\"},\"inLanguage\":\"pt-PT\",\"potentialAction\":[{\"@type\":\"ReadAction\",\"target\":[\"https:\\\/\\\/alinvest-verde.eu\\\/presentacion-a-argentina-y-paraguay-del-sistema-de-trazabilidad-selo-verde-implantado-en-el-estado-brasileno-de-para\\\/\"]}]},{\"@type\":\"ImageObject\",\"inLanguage\":\"pt-PT\",\"@id\":\"https:\\\/\\\/alinvest-verde.eu\\\/presentacion-a-argentina-y-paraguay-del-sistema-de-trazabilidad-selo-verde-implantado-en-el-estado-brasileno-de-para\\\/#primaryimage\",\"url\":\"https:\\\/\\\/alinvest-verde.eu\\\/wp-content\\\/uploads\\\/2023\\\/01\\\/Foto.jpg\",\"contentUrl\":\"https:\\\/\\\/alinvest-verde.eu\\\/wp-content\\\/uploads\\\/2023\\\/01\\\/Foto.jpg\",\"width\":568,\"height\":207},{\"@type\":\"BreadcrumbList\",\"@id\":\"https:\\\/\\\/alinvest-verde.eu\\\/presentacion-a-argentina-y-paraguay-del-sistema-de-trazabilidad-selo-verde-implantado-en-el-estado-brasileno-de-para\\\/#breadcrumb\",\"itemListElement\":[{\"@type\":\"ListItem\",\"position\":1,\"name\":\"Inicio\",\"item\":\"https:\\\/\\\/alinvest-verde.eu\\\/\"},{\"@type\":\"ListItem\",\"position\":2,\"name\":\"Component 2\",\"item\":\"https:\\\/\\\/alinvest-verde.eu\\\/category\\\/component-2\\\/\"},{\"@type\":\"ListItem\",\"position\":3,\"name\":\"Presentaci\u00f3n a Argentina y Paraguay del sistema de trazabilidad Selo Verde, implantado en el estado brasile\u00f1o de Par\u00e1\"}]},{\"@type\":\"WebSite\",\"@id\":\"https:\\\/\\\/alinvest-verde.eu\\\/#website\",\"url\":\"https:\\\/\\\/alinvest-verde.eu\\\/\",\"name\":\"Programme AL-INVEST Verde\",\"description\":\"Building alliances with the private sector in LA and promote sustainable growth and jobs creation by supporting the transition towards a low-carbon, resource-efficient economy\",\"publisher\":{\"@id\":\"https:\\\/\\\/alinvest-verde.eu\\\/#organization\"},\"potentialAction\":[{\"@type\":\"SearchAction\",\"target\":{\"@type\":\"EntryPoint\",\"urlTemplate\":\"https:\\\/\\\/alinvest-verde.eu\\\/?s={search_term_string}\"},\"query-input\":{\"@type\":\"PropertyValueSpecification\",\"valueRequired\":true,\"valueName\":\"search_term_string\"}}],\"inLanguage\":\"pt-PT\"},{\"@type\":\"Organization\",\"@id\":\"https:\\\/\\\/alinvest-verde.eu\\\/#organization\",\"name\":\"Programme AL-INVEST Verde\",\"url\":\"https:\\\/\\\/alinvest-verde.eu\\\/\",\"logo\":{\"@type\":\"ImageObject\",\"inLanguage\":\"pt-PT\",\"@id\":\"https:\\\/\\\/alinvest-verde.eu\\\/#\\\/schema\\\/logo\\\/image\\\/\",\"url\":\"https:\\\/\\\/alinvest-verde.eu\\\/wp-content\\\/uploads\\\/2022\\\/01\\\/cropped-logo-financiado-por-la-UE.jpg\",\"contentUrl\":\"https:\\\/\\\/alinvest-verde.eu\\\/wp-content\\\/uploads\\\/2022\\\/01\\\/cropped-logo-financiado-por-la-UE.jpg\",\"width\":756,\"height\":216,\"caption\":\"Programme AL-INVEST Verde\"},\"image\":{\"@id\":\"https:\\\/\\\/alinvest-verde.eu\\\/#\\\/schema\\\/logo\\\/image\\\/\"}},{\"@type\":\"Person\",\"@id\":\"https:\\\/\\\/alinvest-verde.eu\\\/#\\\/schema\\\/person\\\/8804ec49772ba377829838bc11b6aa6b\",\"name\":\"Azucena Garc\u00eda\",\"image\":{\"@type\":\"ImageObject\",\"inLanguage\":\"pt-PT\",\"@id\":\"https:\\\/\\\/secure.gravatar.com\\\/avatar\\\/fc4d91c562d3c4ac55cafd2f4ae4ebd513d2304b007a5c8d4f2d8543edeb9d79?s=96&d=mm&r=g\",\"url\":\"https:\\\/\\\/secure.gravatar.com\\\/avatar\\\/fc4d91c562d3c4ac55cafd2f4ae4ebd513d2304b007a5c8d4f2d8543edeb9d79?s=96&d=mm&r=g\",\"contentUrl\":\"https:\\\/\\\/secure.gravatar.com\\\/avatar\\\/fc4d91c562d3c4ac55cafd2f4ae4ebd513d2304b007a5c8d4f2d8543edeb9d79?s=96&d=mm&r=g\",\"caption\":\"Azucena Garc\u00eda\"},\"sameAs\":[\"https:\\\/\\\/x.com\\\/Frank Summa\"],\"url\":\"https:\\\/\\\/alinvest-verde.eu\\\/pt_pt_ao90\\\/author\\\/azucena-garcia\\\/\"}]}<\/script>\n<!-- \/ Yoast SEO plugin. -->","yoast_head_json":{"title":"Apresenta\u00e7\u00e3o \u00e0 Argentina e ao Paraguai do sistema de rastreabilidade Selo Verde, implementado no estado brasileiro do Par\u00e1 - Programa AL-INVEST Verde","robots":{"index":"index","follow":"follow","max-snippet":"max-snippet:-1","max-image-preview":"max-image-preview:large","max-video-preview":"max-video-preview:-1"},"canonical":"https:\/\/alinvest-verde.eu\/pt_pt_ao90\/presentacion-a-argentina-y-paraguay-del-sistema-de-trazabilidad-selo-verde-implantado-en-el-estado-brasileno-de-para\/","og_locale":"pt_PT","og_type":"article","og_title":"Presentaci\u00f3n a Argentina y Paraguay del sistema de trazabilidad Selo Verde, implantado en el estado brasile\u00f1o de Par\u00e1 - Programme AL-INVEST Verde","og_description":"Madrid, 23 de enero de 2023.- A trav\u00e9s del Componente 2, AL-INVEST Verde organiz\u00f3 la presentaci\u00f3n a Argentina y Paraguay de la plataforma Selo Verde, un sistema de trazabilidad p\u00fablico y gratuito implementado en el estado de Par\u00e1, en Brasil. La presentaci\u00f3n tuvo lugar v\u00eda online, a trav\u00e9s de la plataforma Zoom, y cont\u00f3 con [&hellip;]","og_url":"https:\/\/alinvest-verde.eu\/pt_pt_ao90\/presentacion-a-argentina-y-paraguay-del-sistema-de-trazabilidad-selo-verde-implantado-en-el-estado-brasileno-de-para\/","og_site_name":"Programme AL-INVEST Verde","article_published_time":"2023-01-24T13:50:24+00:00","article_modified_time":"2024-07-05T15:22:00+00:00","og_image":[{"width":568,"height":207,"url":"https:\/\/alinvest-verde.eu\/wp-content\/uploads\/2023\/01\/Foto.jpg","type":"image\/jpeg"}],"author":"Azucena Garc\u00eda","twitter_card":"summary_large_image","twitter_creator":"@Frank Summa","twitter_misc":{"Written by":false,"Est. reading time":"3 minutos"},"schema":{"@context":"https:\/\/schema.org","@graph":[{"@type":"Article","@id":"https:\/\/alinvest-verde.eu\/presentacion-a-argentina-y-paraguay-del-sistema-de-trazabilidad-selo-verde-implantado-en-el-estado-brasileno-de-para\/#article","isPartOf":{"@id":"https:\/\/alinvest-verde.eu\/presentacion-a-argentina-y-paraguay-del-sistema-de-trazabilidad-selo-verde-implantado-en-el-estado-brasileno-de-para\/"},"author":{"name":"Azucena Garc\u00eda","@id":"https:\/\/alinvest-verde.eu\/#\/schema\/person\/8804ec49772ba377829838bc11b6aa6b"},"headline":"Presentaci\u00f3n a Argentina y Paraguay del sistema de trazabilidad Selo Verde, implantado en el estado brasile\u00f1o de Par\u00e1","datePublished":"2023-01-24T13:50:24+00:00","dateModified":"2024-07-05T15:22:00+00:00","mainEntityOfPage":{"@id":"https:\/\/alinvest-verde.eu\/presentacion-a-argentina-y-paraguay-del-sistema-de-trazabilidad-selo-verde-implantado-en-el-estado-brasileno-de-para\/"},"wordCount":519,"publisher":{"@id":"https:\/\/alinvest-verde.eu\/#organization"},"image":{"@id":"https:\/\/alinvest-verde.eu\/presentacion-a-argentina-y-paraguay-del-sistema-de-trazabilidad-selo-verde-implantado-en-el-estado-brasileno-de-para\/#primaryimage"},"thumbnailUrl":"https:\/\/alinvest-verde.eu\/wp-content\/uploads\/2023\/01\/Foto.jpg","keywords":["cadenas de valor","Component 2","deforestaci\u00f3n","sostenibilidad","trazabilidad"],"articleSection":["Actualidad","Allgemein","Component 2","News"],"inLanguage":"pt-PT"},{"@type":"WebPage","@id":"https:\/\/alinvest-verde.eu\/presentacion-a-argentina-y-paraguay-del-sistema-de-trazabilidad-selo-verde-implantado-en-el-estado-brasileno-de-para\/","url":"https:\/\/alinvest-verde.eu\/presentacion-a-argentina-y-paraguay-del-sistema-de-trazabilidad-selo-verde-implantado-en-el-estado-brasileno-de-para\/","name":"Apresenta\u00e7\u00e3o \u00e0 Argentina e ao Paraguai do sistema de rastreabilidade Selo Verde, implementado no estado brasileiro do Par\u00e1 - Programa AL-INVEST Verde","isPartOf":{"@id":"https:\/\/alinvest-verde.eu\/#website"},"primaryImageOfPage":{"@id":"https:\/\/alinvest-verde.eu\/presentacion-a-argentina-y-paraguay-del-sistema-de-trazabilidad-selo-verde-implantado-en-el-estado-brasileno-de-para\/#primaryimage"},"image":{"@id":"https:\/\/alinvest-verde.eu\/presentacion-a-argentina-y-paraguay-del-sistema-de-trazabilidad-selo-verde-implantado-en-el-estado-brasileno-de-para\/#primaryimage"},"thumbnailUrl":"https:\/\/alinvest-verde.eu\/wp-content\/uploads\/2023\/01\/Foto.jpg","datePublished":"2023-01-24T13:50:24+00:00","dateModified":"2024-07-05T15:22:00+00:00","breadcrumb":{"@id":"https:\/\/alinvest-verde.eu\/presentacion-a-argentina-y-paraguay-del-sistema-de-trazabilidad-selo-verde-implantado-en-el-estado-brasileno-de-para\/#breadcrumb"},"inLanguage":"pt-PT","potentialAction":[{"@type":"ReadAction","target":["https:\/\/alinvest-verde.eu\/presentacion-a-argentina-y-paraguay-del-sistema-de-trazabilidad-selo-verde-implantado-en-el-estado-brasileno-de-para\/"]}]},{"@type":"ImageObject","inLanguage":"pt-PT","@id":"https:\/\/alinvest-verde.eu\/presentacion-a-argentina-y-paraguay-del-sistema-de-trazabilidad-selo-verde-implantado-en-el-estado-brasileno-de-para\/#primaryimage","url":"https:\/\/alinvest-verde.eu\/wp-content\/uploads\/2023\/01\/Foto.jpg","contentUrl":"https:\/\/alinvest-verde.eu\/wp-content\/uploads\/2023\/01\/Foto.jpg","width":568,"height":207},{"@type":"BreadcrumbList","@id":"https:\/\/alinvest-verde.eu\/presentacion-a-argentina-y-paraguay-del-sistema-de-trazabilidad-selo-verde-implantado-en-el-estado-brasileno-de-para\/#breadcrumb","itemListElement":[{"@type":"ListItem","position":1,"name":"Inicio","item":"https:\/\/alinvest-verde.eu\/"},{"@type":"ListItem","position":2,"name":"Component 2","item":"https:\/\/alinvest-verde.eu\/category\/component-2\/"},{"@type":"ListItem","position":3,"name":"Presentaci\u00f3n a Argentina y Paraguay del sistema de trazabilidad Selo Verde, implantado en el estado brasile\u00f1o de Par\u00e1"}]},{"@type":"WebSite","@id":"https:\/\/alinvest-verde.eu\/#website","url":"https:\/\/alinvest-verde.eu\/","name":"Programa AL-INVEST Verde","description":"Construir alian\u00e7as com o sector privado na AL e promover o crescimento sustent\u00e1vel e a cria\u00e7\u00e3o de empregos, apoiando a transi\u00e7\u00e3o para uma economia de baixo carbono e eficiente em termos de recursos","publisher":{"@id":"https:\/\/alinvest-verde.eu\/#organization"},"potentialAction":[{"@type":"SearchAction","target":{"@type":"EntryPoint","urlTemplate":"https:\/\/alinvest-verde.eu\/?s={search_term_string}"},"query-input":{"@type":"PropertyValueSpecification","valueRequired":true,"valueName":"search_term_string"}}],"inLanguage":"pt-PT"},{"@type":"Organization","@id":"https:\/\/alinvest-verde.eu\/#organization","name":"Programa AL-INVEST Verde","url":"https:\/\/alinvest-verde.eu\/","logo":{"@type":"ImageObject","inLanguage":"pt-PT","@id":"https:\/\/alinvest-verde.eu\/#\/schema\/logo\/image\/","url":"https:\/\/alinvest-verde.eu\/wp-content\/uploads\/2022\/01\/cropped-logo-financiado-por-la-UE.jpg","contentUrl":"https:\/\/alinvest-verde.eu\/wp-content\/uploads\/2022\/01\/cropped-logo-financiado-por-la-UE.jpg","width":756,"height":216,"caption":"Programme AL-INVEST Verde"},"image":{"@id":"https:\/\/alinvest-verde.eu\/#\/schema\/logo\/image\/"}},{"@type":"Person","@id":"https:\/\/alinvest-verde.eu\/#\/schema\/person\/8804ec49772ba377829838bc11b6aa6b","name":"Azucena Garcia","image":{"@type":"ImageObject","inLanguage":"pt-PT","@id":"https:\/\/secure.gravatar.com\/avatar\/fc4d91c562d3c4ac55cafd2f4ae4ebd513d2304b007a5c8d4f2d8543edeb9d79?s=96&d=mm&r=g","url":"https:\/\/secure.gravatar.com\/avatar\/fc4d91c562d3c4ac55cafd2f4ae4ebd513d2304b007a5c8d4f2d8543edeb9d79?s=96&d=mm&r=g","contentUrl":"https:\/\/secure.gravatar.com\/avatar\/fc4d91c562d3c4ac55cafd2f4ae4ebd513d2304b007a5c8d4f2d8543edeb9d79?s=96&d=mm&r=g","caption":"Azucena Garc\u00eda"},"sameAs":["https:\/\/x.com\/Frank Summa"],"url":"https:\/\/alinvest-verde.eu\/pt_pt_ao90\/author\/azucena-garcia\/"}]}},"_links":{"self":[{"href":"https:\/\/alinvest-verde.eu\/pt_pt_ao90\/wp-json\/wp\/v2\/posts\/4496","targetHints":{"allow":["GET"]}}],"collection":[{"href":"https:\/\/alinvest-verde.eu\/pt_pt_ao90\/wp-json\/wp\/v2\/posts"}],"about":[{"href":"https:\/\/alinvest-verde.eu\/pt_pt_ao90\/wp-json\/wp\/v2\/types\/post"}],"author":[{"embeddable":true,"href":"https:\/\/alinvest-verde.eu\/pt_pt_ao90\/wp-json\/wp\/v2\/users\/6"}],"replies":[{"embeddable":true,"href":"https:\/\/alinvest-verde.eu\/pt_pt_ao90\/wp-json\/wp\/v2\/comments?post=4496"}],"version-history":[{"count":6,"href":"https:\/\/alinvest-verde.eu\/pt_pt_ao90\/wp-json\/wp\/v2\/posts\/4496\/revisions"}],"predecessor-version":[{"id":4505,"href":"https:\/\/alinvest-verde.eu\/pt_pt_ao90\/wp-json\/wp\/v2\/posts\/4496\/revisions\/4505"}],"wp:featuredmedia":[{"embeddable":true,"href":"https:\/\/alinvest-verde.eu\/pt_pt_ao90\/wp-json\/wp\/v2\/media\/4497"}],"wp:attachment":[{"href":"https:\/\/alinvest-verde.eu\/pt_pt_ao90\/wp-json\/wp\/v2\/media?parent=4496"}],"wp:term":[{"taxonomy":"category","embeddable":true,"href":"https:\/\/alinvest-verde.eu\/pt_pt_ao90\/wp-json\/wp\/v2\/categories?post=4496"},{"taxonomy":"post_tag","embeddable":true,"href":"https:\/\/alinvest-verde.eu\/pt_pt_ao90\/wp-json\/wp\/v2\/tags?post=4496"}],"curies":[{"name":"wp","href":"https:\/\/api.w.org\/{rel}","templated":true}]}}