{"id":4639,"date":"2023-02-03T19:36:10","date_gmt":"2023-02-03T18:36:10","guid":{"rendered":"https:\/\/alinvest-verde.eu\/?p=4639"},"modified":"2023-08-07T19:20:26","modified_gmt":"2023-08-07T17:20:26","slug":"seminario-moda-sostenible-en-el-sector-textil","status":"publish","type":"post","link":"https:\/\/alinvest-verde.eu\/pt_pt_ao90\/seminario-moda-sostenible-en-el-sector-textil\/","title":{"rendered":"SEMIN\u00c1RIO: MODA SUSTENT\u00c1VEL NO SECTOR T\u00caXTIL"},"content":{"rendered":"<p class=\"wp-block-paragraph\">A ind\u00fastria t\u00eaxtil \u00e9 uma importante fonte de rendimento e de emprego para muitos pa\u00edses, particularmente para os pa\u00edses em desenvolvimento. Neste sentido, \u00e9 essencial estar atento \u00e0s novas tend\u00eancias, incluindo a escolha de tecidos, cores sazonais, mudan\u00e7as no comportamento dos consumidores e novas transforma\u00e7\u00f5es nas esferas social, tecnol\u00f3gica e ambiental. No Peru, a moda sustent\u00e1vel \u00e9 uma alternativa em que as mudan\u00e7as a favor do ambiente podem ser vistas gra\u00e7as aos recursos que emprega, porque \u00e9 uma pr\u00e1tica que utiliza vestu\u00e1rio livre de qu\u00edmicos e de processos poluentes. Este evento, organizado no \u00e2mbito da Componente 1 do programa AL-INVEST Verde, destina-se a empres\u00e1rios de PMEs, empres\u00e1rios profissionais e pessoas interessadas em conhecer as tend\u00eancias do Ver\u00e3o de 2024 no sector t\u00eaxtil e do vestu\u00e1rio.<\/p>\n\n\n\n<ul class=\"wp-block-list\">\n<li>Data: 28 de Fevereiro de 2023<\/li>\n\n\n\n<li>Pa\u00eds ou Regi\u00e3o: Lima (Peru)<\/li>\n\n\n\n<li>Formato: virtual<\/li>\n\n\n\n<li>Organizador: C\u00e2mara de Com\u00e9rcio de Lima (na Componente 1)<\/li>\n<\/ul>\n\n\n\n<p class=\"wp-block-paragraph\"><\/p>\n\n\n\n<div class=\"wp-block-buttons is-layout-flex wp-block-buttons-is-layout-flex\">\n<div class=\"wp-block-button\"><a class=\"wp-block-button__link has-vivid-cyan-blue-background-color has-background wp-element-button\" href=\"https:\/\/www.camaralima.org.pe\/events\/seminario-tendencias-de-moda-primavera-verano-2024\/inquire\/?source=14\">Liga\u00e7\u00e3o de registo<\/a><\/div>\n<\/div>","protected":false},"excerpt":{"rendered":"<p>La industria textil constituye una importante fuente de ingresos y empleo para muchos pa\u00edses, en particular para pa\u00edses en desarrollo. En ese sentido, es fundamental conocer las nuevas tendencias que se refieren incluso desde la elecci\u00f3n de los tejidos, colores de la temporada, los cambios en el comportamiento del consumidor y nuevas transformaciones en el [&hellip;]<\/p>\n","protected":false},"author":4,"featured_media":4640,"comment_status":"closed","ping_status":"closed","sticky":false,"template":"","format":"standard","meta":{"footnotes":""},"categories":[23,85],"tags":[],"class_list":["post-4639","post","type-post","status-publish","format-standard","has-post-thumbnail","hentry","category-event","category-green-agenda"],"yoast_head":"<!-- This site is optimized with the Yoast SEO plugin v28.4 - https:\/\/yoast.com\/product\/yoast-seo-wordpress\/ -->\n<title>SEMINARIO: MODA SOSTENIBLE EN EL SECTOR TEXTIL - Programme AL-INVEST Verde<\/title>\n<meta name=\"robots\" content=\"index, follow, max-snippet:-1, max-image-preview:large, max-video-preview:-1\" \/>\n<link rel=\"canonical\" href=\"https:\/\/alinvest-verde.eu\/pt_pt_ao90\/seminario-moda-sostenible-en-el-sector-textil\/\" \/>\n<meta property=\"og:locale\" content=\"pt_PT\" \/>\n<meta property=\"og:type\" content=\"article\" \/>\n<meta property=\"og:title\" content=\"SEMINARIO: MODA SOSTENIBLE EN EL SECTOR TEXTIL - Programme AL-INVEST Verde\" \/>\n<meta property=\"og:description\" content=\"La industria textil constituye una importante fuente de ingresos y empleo para muchos pa\u00edses, en particular para pa\u00edses en desarrollo. En ese sentido, es fundamental conocer las nuevas tendencias que se refieren incluso desde la elecci\u00f3n de los tejidos, colores de la temporada, los cambios en el comportamiento del consumidor y nuevas transformaciones en el [&hellip;]\" \/>\n<meta property=\"og:url\" content=\"https:\/\/alinvest-verde.eu\/pt_pt_ao90\/seminario-moda-sostenible-en-el-sector-textil\/\" \/>\n<meta property=\"og:site_name\" content=\"Programme AL-INVEST Verde\" \/>\n<meta property=\"article:published_time\" content=\"2023-02-03T18:36:10+00:00\" \/>\n<meta property=\"article:modified_time\" content=\"2023-08-07T17:20:26+00:00\" \/>\n<meta property=\"og:image\" content=\"https:\/\/alinvest-verde.eu\/wp-content\/uploads\/2023\/02\/tendencias-moda-sostenible-.jpg\" \/>\n\t<meta property=\"og:image:width\" content=\"1080\" \/>\n\t<meta property=\"og:image:height\" content=\"1080\" \/>\n\t<meta property=\"og:image:type\" content=\"image\/jpeg\" \/>\n<meta name=\"author\" content=\"Malena Sousa\" \/>\n<meta name=\"twitter:card\" content=\"summary_large_image\" \/>\n<meta name=\"twitter:label1\" content=\"Written by\" \/>\n\t<meta name=\"twitter:data1\" content=\"\" \/>\n\t<meta name=\"twitter:label2\" content=\"Est. reading time\" \/>\n\t<meta name=\"twitter:data2\" content=\"1 minuto\" \/>\n<script type=\"application\/ld+json\" class=\"yoast-schema-graph\">{\"@context\":\"https:\\\/\\\/schema.org\",\"@graph\":[{\"@type\":\"Article\",\"@id\":\"https:\\\/\\\/alinvest-verde.eu\\\/es_es\\\/seminario-moda-sostenible-en-el-sector-textil\\\/#article\",\"isPartOf\":{\"@id\":\"https:\\\/\\\/alinvest-verde.eu\\\/es_es\\\/seminario-moda-sostenible-en-el-sector-textil\\\/\"},\"author\":{\"name\":\"Malena Sousa\",\"@id\":\"https:\\\/\\\/alinvest-verde.eu\\\/#\\\/schema\\\/person\\\/f18f811fbc283c4879102f4ba5f9e9cc\"},\"headline\":\"SEMINARIO: MODA SOSTENIBLE EN EL SECTOR TEXTIL\",\"datePublished\":\"2023-02-03T18:36:10+00:00\",\"dateModified\":\"2023-08-07T17:20:26+00:00\",\"mainEntityOfPage\":{\"@id\":\"https:\\\/\\\/alinvest-verde.eu\\\/es_es\\\/seminario-moda-sostenible-en-el-sector-textil\\\/\"},\"wordCount\":178,\"publisher\":{\"@id\":\"https:\\\/\\\/alinvest-verde.eu\\\/#organization\"},\"image\":{\"@id\":\"https:\\\/\\\/alinvest-verde.eu\\\/es_es\\\/seminario-moda-sostenible-en-el-sector-textil\\\/#primaryimage\"},\"thumbnailUrl\":\"https:\\\/\\\/alinvest-verde.eu\\\/wp-content\\\/uploads\\\/2023\\\/02\\\/tendencias-moda-sostenible-.jpg\",\"articleSection\":[\"Event\",\"Green Agenda\"],\"inLanguage\":\"pt-PT\"},{\"@type\":\"WebPage\",\"@id\":\"https:\\\/\\\/alinvest-verde.eu\\\/es_es\\\/seminario-moda-sostenible-en-el-sector-textil\\\/\",\"url\":\"https:\\\/\\\/alinvest-verde.eu\\\/es_es\\\/seminario-moda-sostenible-en-el-sector-textil\\\/\",\"name\":\"SEMINARIO: MODA SOSTENIBLE EN EL SECTOR TEXTIL - Programme AL-INVEST Verde\",\"isPartOf\":{\"@id\":\"https:\\\/\\\/alinvest-verde.eu\\\/#website\"},\"primaryImageOfPage\":{\"@id\":\"https:\\\/\\\/alinvest-verde.eu\\\/es_es\\\/seminario-moda-sostenible-en-el-sector-textil\\\/#primaryimage\"},\"image\":{\"@id\":\"https:\\\/\\\/alinvest-verde.eu\\\/es_es\\\/seminario-moda-sostenible-en-el-sector-textil\\\/#primaryimage\"},\"thumbnailUrl\":\"https:\\\/\\\/alinvest-verde.eu\\\/wp-content\\\/uploads\\\/2023\\\/02\\\/tendencias-moda-sostenible-.jpg\",\"datePublished\":\"2023-02-03T18:36:10+00:00\",\"dateModified\":\"2023-08-07T17:20:26+00:00\",\"breadcrumb\":{\"@id\":\"https:\\\/\\\/alinvest-verde.eu\\\/es_es\\\/seminario-moda-sostenible-en-el-sector-textil\\\/#breadcrumb\"},\"inLanguage\":\"pt-PT\",\"potentialAction\":[{\"@type\":\"ReadAction\",\"target\":[\"https:\\\/\\\/alinvest-verde.eu\\\/es_es\\\/seminario-moda-sostenible-en-el-sector-textil\\\/\"]}]},{\"@type\":\"ImageObject\",\"inLanguage\":\"pt-PT\",\"@id\":\"https:\\\/\\\/alinvest-verde.eu\\\/es_es\\\/seminario-moda-sostenible-en-el-sector-textil\\\/#primaryimage\",\"url\":\"https:\\\/\\\/alinvest-verde.eu\\\/wp-content\\\/uploads\\\/2023\\\/02\\\/tendencias-moda-sostenible-.jpg\",\"contentUrl\":\"https:\\\/\\\/alinvest-verde.eu\\\/wp-content\\\/uploads\\\/2023\\\/02\\\/tendencias-moda-sostenible-.jpg\",\"width\":1080,\"height\":1080},{\"@type\":\"BreadcrumbList\",\"@id\":\"https:\\\/\\\/alinvest-verde.eu\\\/es_es\\\/seminario-moda-sostenible-en-el-sector-textil\\\/#breadcrumb\",\"itemListElement\":[{\"@type\":\"ListItem\",\"position\":1,\"name\":\"Inicio\",\"item\":\"https:\\\/\\\/alinvest-verde.eu\\\/\"},{\"@type\":\"ListItem\",\"position\":2,\"name\":\"Event\",\"item\":\"https:\\\/\\\/alinvest-verde.eu\\\/category\\\/event\\\/\"},{\"@type\":\"ListItem\",\"position\":3,\"name\":\"SEMINARIO: MODA SOSTENIBLE EN EL SECTOR TEXTIL\"}]},{\"@type\":\"WebSite\",\"@id\":\"https:\\\/\\\/alinvest-verde.eu\\\/#website\",\"url\":\"https:\\\/\\\/alinvest-verde.eu\\\/\",\"name\":\"Programme AL-INVEST Verde\",\"description\":\"Building alliances with the private sector in LA and promote sustainable growth and jobs creation by supporting the transition towards a low-carbon, resource-efficient economy\",\"publisher\":{\"@id\":\"https:\\\/\\\/alinvest-verde.eu\\\/#organization\"},\"potentialAction\":[{\"@type\":\"SearchAction\",\"target\":{\"@type\":\"EntryPoint\",\"urlTemplate\":\"https:\\\/\\\/alinvest-verde.eu\\\/?s={search_term_string}\"},\"query-input\":{\"@type\":\"PropertyValueSpecification\",\"valueRequired\":true,\"valueName\":\"search_term_string\"}}],\"inLanguage\":\"pt-PT\"},{\"@type\":\"Organization\",\"@id\":\"https:\\\/\\\/alinvest-verde.eu\\\/#organization\",\"name\":\"Programme AL-INVEST Verde\",\"url\":\"https:\\\/\\\/alinvest-verde.eu\\\/\",\"logo\":{\"@type\":\"ImageObject\",\"inLanguage\":\"pt-PT\",\"@id\":\"https:\\\/\\\/alinvest-verde.eu\\\/#\\\/schema\\\/logo\\\/image\\\/\",\"url\":\"https:\\\/\\\/alinvest-verde.eu\\\/wp-content\\\/uploads\\\/2022\\\/01\\\/cropped-logo-financiado-por-la-UE.jpg\",\"contentUrl\":\"https:\\\/\\\/alinvest-verde.eu\\\/wp-content\\\/uploads\\\/2022\\\/01\\\/cropped-logo-financiado-por-la-UE.jpg\",\"width\":756,\"height\":216,\"caption\":\"Programme AL-INVEST Verde\"},\"image\":{\"@id\":\"https:\\\/\\\/alinvest-verde.eu\\\/#\\\/schema\\\/logo\\\/image\\\/\"}},{\"@type\":\"Person\",\"@id\":\"https:\\\/\\\/alinvest-verde.eu\\\/#\\\/schema\\\/person\\\/f18f811fbc283c4879102f4ba5f9e9cc\",\"name\":\"Malena Sousa\",\"image\":{\"@type\":\"ImageObject\",\"inLanguage\":\"pt-PT\",\"@id\":\"https:\\\/\\\/secure.gravatar.com\\\/avatar\\\/74c4287a4f65459fc00b8d8be549ed384ace7d1edd2dab408eba902c46cbcab1?s=96&d=mm&r=g\",\"url\":\"https:\\\/\\\/secure.gravatar.com\\\/avatar\\\/74c4287a4f65459fc00b8d8be549ed384ace7d1edd2dab408eba902c46cbcab1?s=96&d=mm&r=g\",\"contentUrl\":\"https:\\\/\\\/secure.gravatar.com\\\/avatar\\\/74c4287a4f65459fc00b8d8be549ed384ace7d1edd2dab408eba902c46cbcab1?s=96&d=mm&r=g\",\"caption\":\"Malena Sousa\"},\"url\":\"https:\\\/\\\/alinvest-verde.eu\\\/pt_pt_ao90\\\/author\\\/malena-sousa\\\/\"}]}<\/script>\n<!-- \/ Yoast SEO plugin. -->","yoast_head_json":{"title":"SEMIN\u00c1RIO: MODA SUSTENT\u00c1VEL NO SETOR T\u00caXTIL - Programa AL-INVEST Verde","robots":{"index":"index","follow":"follow","max-snippet":"max-snippet:-1","max-image-preview":"max-image-preview:large","max-video-preview":"max-video-preview:-1"},"canonical":"https:\/\/alinvest-verde.eu\/pt_pt_ao90\/seminario-moda-sostenible-en-el-sector-textil\/","og_locale":"pt_PT","og_type":"article","og_title":"SEMINARIO: MODA SOSTENIBLE EN EL SECTOR TEXTIL - Programme AL-INVEST Verde","og_description":"La industria textil constituye una importante fuente de ingresos y empleo para muchos pa\u00edses, en particular para pa\u00edses en desarrollo. En ese sentido, es fundamental conocer las nuevas tendencias que se refieren incluso desde la elecci\u00f3n de los tejidos, colores de la temporada, los cambios en el comportamiento del consumidor y nuevas transformaciones en el [&hellip;]","og_url":"https:\/\/alinvest-verde.eu\/pt_pt_ao90\/seminario-moda-sostenible-en-el-sector-textil\/","og_site_name":"Programme AL-INVEST Verde","article_published_time":"2023-02-03T18:36:10+00:00","article_modified_time":"2023-08-07T17:20:26+00:00","og_image":[{"width":1080,"height":1080,"url":"https:\/\/alinvest-verde.eu\/wp-content\/uploads\/2023\/02\/tendencias-moda-sostenible-.jpg","type":"image\/jpeg"}],"author":"Malena Sousa","twitter_card":"summary_large_image","twitter_misc":{"Written by":false,"Est. reading time":"1 minuto"},"schema":{"@context":"https:\/\/schema.org","@graph":[{"@type":"Article","@id":"https:\/\/alinvest-verde.eu\/es_es\/seminario-moda-sostenible-en-el-sector-textil\/#article","isPartOf":{"@id":"https:\/\/alinvest-verde.eu\/es_es\/seminario-moda-sostenible-en-el-sector-textil\/"},"author":{"name":"Malena Sousa","@id":"https:\/\/alinvest-verde.eu\/#\/schema\/person\/f18f811fbc283c4879102f4ba5f9e9cc"},"headline":"SEMINARIO: MODA SOSTENIBLE EN EL SECTOR TEXTIL","datePublished":"2023-02-03T18:36:10+00:00","dateModified":"2023-08-07T17:20:26+00:00","mainEntityOfPage":{"@id":"https:\/\/alinvest-verde.eu\/es_es\/seminario-moda-sostenible-en-el-sector-textil\/"},"wordCount":178,"publisher":{"@id":"https:\/\/alinvest-verde.eu\/#organization"},"image":{"@id":"https:\/\/alinvest-verde.eu\/es_es\/seminario-moda-sostenible-en-el-sector-textil\/#primaryimage"},"thumbnailUrl":"https:\/\/alinvest-verde.eu\/wp-content\/uploads\/2023\/02\/tendencias-moda-sostenible-.jpg","articleSection":["Event","Green Agenda"],"inLanguage":"pt-PT"},{"@type":"WebPage","@id":"https:\/\/alinvest-verde.eu\/es_es\/seminario-moda-sostenible-en-el-sector-textil\/","url":"https:\/\/alinvest-verde.eu\/es_es\/seminario-moda-sostenible-en-el-sector-textil\/","name":"SEMIN\u00c1RIO: MODA SUSTENT\u00c1VEL NO SETOR T\u00caXTIL - Programa AL-INVEST Verde","isPartOf":{"@id":"https:\/\/alinvest-verde.eu\/#website"},"primaryImageOfPage":{"@id":"https:\/\/alinvest-verde.eu\/es_es\/seminario-moda-sostenible-en-el-sector-textil\/#primaryimage"},"image":{"@id":"https:\/\/alinvest-verde.eu\/es_es\/seminario-moda-sostenible-en-el-sector-textil\/#primaryimage"},"thumbnailUrl":"https:\/\/alinvest-verde.eu\/wp-content\/uploads\/2023\/02\/tendencias-moda-sostenible-.jpg","datePublished":"2023-02-03T18:36:10+00:00","dateModified":"2023-08-07T17:20:26+00:00","breadcrumb":{"@id":"https:\/\/alinvest-verde.eu\/es_es\/seminario-moda-sostenible-en-el-sector-textil\/#breadcrumb"},"inLanguage":"pt-PT","potentialAction":[{"@type":"ReadAction","target":["https:\/\/alinvest-verde.eu\/es_es\/seminario-moda-sostenible-en-el-sector-textil\/"]}]},{"@type":"ImageObject","inLanguage":"pt-PT","@id":"https:\/\/alinvest-verde.eu\/es_es\/seminario-moda-sostenible-en-el-sector-textil\/#primaryimage","url":"https:\/\/alinvest-verde.eu\/wp-content\/uploads\/2023\/02\/tendencias-moda-sostenible-.jpg","contentUrl":"https:\/\/alinvest-verde.eu\/wp-content\/uploads\/2023\/02\/tendencias-moda-sostenible-.jpg","width":1080,"height":1080},{"@type":"BreadcrumbList","@id":"https:\/\/alinvest-verde.eu\/es_es\/seminario-moda-sostenible-en-el-sector-textil\/#breadcrumb","itemListElement":[{"@type":"ListItem","position":1,"name":"Inicio","item":"https:\/\/alinvest-verde.eu\/"},{"@type":"ListItem","position":2,"name":"Event","item":"https:\/\/alinvest-verde.eu\/category\/event\/"},{"@type":"ListItem","position":3,"name":"SEMINARIO: MODA SOSTENIBLE EN EL SECTOR TEXTIL"}]},{"@type":"WebSite","@id":"https:\/\/alinvest-verde.eu\/#website","url":"https:\/\/alinvest-verde.eu\/","name":"Programa AL-INVEST Verde","description":"Construir alian\u00e7as com o sector privado na AL e promover o crescimento sustent\u00e1vel e a cria\u00e7\u00e3o de empregos, apoiando a transi\u00e7\u00e3o para uma economia de baixo carbono e eficiente em termos de recursos","publisher":{"@id":"https:\/\/alinvest-verde.eu\/#organization"},"potentialAction":[{"@type":"SearchAction","target":{"@type":"EntryPoint","urlTemplate":"https:\/\/alinvest-verde.eu\/?s={search_term_string}"},"query-input":{"@type":"PropertyValueSpecification","valueRequired":true,"valueName":"search_term_string"}}],"inLanguage":"pt-PT"},{"@type":"Organization","@id":"https:\/\/alinvest-verde.eu\/#organization","name":"Programa AL-INVEST Verde","url":"https:\/\/alinvest-verde.eu\/","logo":{"@type":"ImageObject","inLanguage":"pt-PT","@id":"https:\/\/alinvest-verde.eu\/#\/schema\/logo\/image\/","url":"https:\/\/alinvest-verde.eu\/wp-content\/uploads\/2022\/01\/cropped-logo-financiado-por-la-UE.jpg","contentUrl":"https:\/\/alinvest-verde.eu\/wp-content\/uploads\/2022\/01\/cropped-logo-financiado-por-la-UE.jpg","width":756,"height":216,"caption":"Programme AL-INVEST Verde"},"image":{"@id":"https:\/\/alinvest-verde.eu\/#\/schema\/logo\/image\/"}},{"@type":"Person","@id":"https:\/\/alinvest-verde.eu\/#\/schema\/person\/f18f811fbc283c4879102f4ba5f9e9cc","name":"Malena Sousa","image":{"@type":"ImageObject","inLanguage":"pt-PT","@id":"https:\/\/secure.gravatar.com\/avatar\/74c4287a4f65459fc00b8d8be549ed384ace7d1edd2dab408eba902c46cbcab1?s=96&d=mm&r=g","url":"https:\/\/secure.gravatar.com\/avatar\/74c4287a4f65459fc00b8d8be549ed384ace7d1edd2dab408eba902c46cbcab1?s=96&d=mm&r=g","contentUrl":"https:\/\/secure.gravatar.com\/avatar\/74c4287a4f65459fc00b8d8be549ed384ace7d1edd2dab408eba902c46cbcab1?s=96&d=mm&r=g","caption":"Malena Sousa"},"url":"https:\/\/alinvest-verde.eu\/pt_pt_ao90\/author\/malena-sousa\/"}]}},"_links":{"self":[{"href":"https:\/\/alinvest-verde.eu\/pt_pt_ao90\/wp-json\/wp\/v2\/posts\/4639","targetHints":{"allow":["GET"]}}],"collection":[{"href":"https:\/\/alinvest-verde.eu\/pt_pt_ao90\/wp-json\/wp\/v2\/posts"}],"about":[{"href":"https:\/\/alinvest-verde.eu\/pt_pt_ao90\/wp-json\/wp\/v2\/types\/post"}],"author":[{"embeddable":true,"href":"https:\/\/alinvest-verde.eu\/pt_pt_ao90\/wp-json\/wp\/v2\/users\/4"}],"replies":[{"embeddable":true,"href":"https:\/\/alinvest-verde.eu\/pt_pt_ao90\/wp-json\/wp\/v2\/comments?post=4639"}],"version-history":[{"count":1,"href":"https:\/\/alinvest-verde.eu\/pt_pt_ao90\/wp-json\/wp\/v2\/posts\/4639\/revisions"}],"predecessor-version":[{"id":4641,"href":"https:\/\/alinvest-verde.eu\/pt_pt_ao90\/wp-json\/wp\/v2\/posts\/4639\/revisions\/4641"}],"wp:featuredmedia":[{"embeddable":true,"href":"https:\/\/alinvest-verde.eu\/pt_pt_ao90\/wp-json\/wp\/v2\/media\/4640"}],"wp:attachment":[{"href":"https:\/\/alinvest-verde.eu\/pt_pt_ao90\/wp-json\/wp\/v2\/media?parent=4639"}],"wp:term":[{"taxonomy":"category","embeddable":true,"href":"https:\/\/alinvest-verde.eu\/pt_pt_ao90\/wp-json\/wp\/v2\/categories?post=4639"},{"taxonomy":"post_tag","embeddable":true,"href":"https:\/\/alinvest-verde.eu\/pt_pt_ao90\/wp-json\/wp\/v2\/tags?post=4639"}],"curies":[{"name":"wp","href":"https:\/\/api.w.org\/{rel}","templated":true}]}}