{"id":6336,"date":"2023-05-12T12:29:47","date_gmt":"2023-05-12T10:29:47","guid":{"rendered":"https:\/\/alinvest-verde.eu\/?p=6336"},"modified":"2024-07-05T17:43:23","modified_gmt":"2024-07-05T15:43:23","slug":"artengina-se-une-a-designclass","status":"publish","type":"post","link":"https:\/\/alinvest-verde.eu\/pt_pt_ao90\/artengina-se-une-a-designclass\/","title":{"rendered":"Argentina adere \u00e0 DesignClass para promover a propriedade intelectual na concep\u00e7\u00e3o de produtos"},"content":{"rendered":"<p class=\"wp-block-paragraph\"><strong>Argentina<\/strong>, <strong>12 de maio de 2023.<\/strong> O <strong>Instituto Nacional da Propriedade Industrial da Argentina<\/strong> (<a href=\"https:\/\/www.argentina.gob.ar\/inpi\" target=\"_blank\" rel=\"noreferrer noopener\">INPI-AR<\/a>) juntou-se \u00e0 DesignClass, pelo que utilizar\u00e1 e aceitar\u00e1 a lista de termos na <strong>base de dados harmonizada de indica\u00e7\u00f5es de produtos<\/strong> (HDBPI) inclu\u00eddos nesta ferramenta. Para a ado\u00e7\u00e3o do HDBPI, o INPI-AR foi apoiado pela Componente 3 do AL-INVEST Verde, financiado pela Uni\u00e3o Europeia e implementado pelo Instituto da Propriedade Intelectual da Uni\u00e3o Europeia (EUIPO).<\/p>\n\n\n\n<p class=\"wp-block-paragraph\"><a href=\"https:\/\/euipo.europa.eu\/designclass\/\" target=\"_blank\" rel=\"noreferrer noopener\">Classe de projeto<\/a> ajuda a encontrar e a traduzir as indica\u00e7\u00f5es de produtos necess\u00e1rias para <strong>solicitar a prote\u00e7\u00e3o do desenho ou modelo<\/strong>. Oferece, num ambiente baseado na Web, um conjunto de fun\u00e7\u00f5es f\u00e1ceis de utilizar que permitem aos utilizadores encontrar as Indica\u00e7\u00f5es de Produto da Base de Dados Harmonizada (HDBPI) que melhor correspondem aos produtos a que se aplica um desenho ou modelo. Os utilizadores do DesignClass t\u00eam a possibilidade de pesquisar e traduzir indica\u00e7\u00f5es de produtos em 30 l\u00ednguas. <\/p>\n\n\n\n<p class=\"wp-block-paragraph\">A adi\u00e7\u00e3o do INPI-AR eleva o n\u00famero total de institutos de propriedade intelectual (PI) que participam no DesignClass para 42, enquanto 16 institutos de PI fora da UE utilizam e aceitam agora os termos desta base de dados harmonizada. <\/p>\n\n\n\n<p class=\"wp-block-paragraph\">A Base de Dados Harmonizada de Indica\u00e7\u00f5es de Produtos (HDBPI) \u00e9 uma base de dados criada pelos Institutos de Propriedade Intelectual da UE e pelo EUIPO, num esfor\u00e7o para mapear melhor todos os produtos para os quais um desenho ou modelo pode ser registado.<\/p>\n\n\n\n<p class=\"wp-block-paragraph\"><strong>Sobre o AL-INVEST Verde<\/strong><\/p>\n\n\n\n<p class=\"wp-block-paragraph\">O AL-INVEST Verde \u00e9 um programa da Uni\u00e3o Europeia (UE) cujo principal objectivo \u00e9 promover o crescimento sustent\u00e1vel e a cria\u00e7\u00e3o de emprego na Am\u00e9rica Latina, apoiando a transi\u00e7\u00e3o para uma economia de baixo carbono, eficiente em termos de recursos e mais circular. Atrav\u00e9s da Componente 3, AL-INVEST Verde IPR, liderada pelo Instituto da Propriedade Intelectual da UE (EUIPO), o programa procura alcan\u00e7ar uma maior utiliza\u00e7\u00e3o e efic\u00e1cia dos Direitos de Propriedade Intelectual (DPI) na Am\u00e9rica Latina, particularmente nos pa\u00edses do MERCOSUL, para aumentar as oportunidades de coopera\u00e7\u00e3o em investiga\u00e7\u00e3o e estimular a competitividade e a inova\u00e7\u00e3o sustent\u00e1vel.<\/p>\n\n\n\n<p class=\"wp-block-paragraph\">Mais informa\u00e7\u00f5es: <a href=\"http:\/\/www.euipn.org\">www.euipn.org<\/a>, <a href=\"http:\/\/euipo.europa.eu\/designclass\">http:\/\/euipo.europa.eu\/designclass<\/a> y <a href=\"https:\/\/internationalipcooperation.eu\/en\/alinvest-pi\">https:\/\/internationalipcooperation.eu\/en\/alinvest-pi<\/a><\/p>","protected":false},"excerpt":{"rendered":"<p>A partir de 12 de Maio de 2023, o Instituto Nacional da Propriedade Industrial da Argentina (INPI-AR) faz parte da DesignClass.<\/p>","protected":false},"author":7,"featured_media":6338,"comment_status":"closed","ping_status":"closed","sticky":false,"template":"","format":"standard","meta":{"footnotes":""},"categories":[24,28],"tags":[119,120,93,92,35],"class_list":["post-6336","post","type-post","status-publish","format-standard","has-post-thumbnail","hentry","category-actualidad","category-component-3","tag-componente-3","tag-intellectual-property","tag-ip","tag-pi","tag-propiedad-intelectual"],"yoast_head":"<!-- This site is optimized with the Yoast SEO plugin v28.4 - https:\/\/yoast.com\/product\/yoast-seo-wordpress\/ -->\n<title>Argentina se une a DesignClass para promover la propiedad intelectual del dise\u00f1o de productos - Programa AL-INVEST Verde DPI<\/title>\n<meta name=\"description\" content=\"A partir del 12 de mayo de 2023, el Instituto Nacional de la Propiedad Industrial de Argentina (INPI-AR) forma parte de DesignClass y...\" \/>\n<meta name=\"robots\" content=\"index, follow, max-snippet:-1, max-image-preview:large, max-video-preview:-1\" \/>\n<link rel=\"canonical\" href=\"https:\/\/alinvest-verde.eu\/pt_pt_ao90\/artengina-se-une-a-designclass\/\" \/>\n<meta property=\"og:locale\" content=\"pt_PT\" \/>\n<meta property=\"og:type\" content=\"article\" \/>\n<meta property=\"og:title\" content=\"Argentina se une a DesignClass para promover la propiedad intelectual del dise\u00f1o de productos - Programa AL-INVEST Verde DPI\" \/>\n<meta property=\"og:description\" content=\"A partir del 12 de mayo de 2023, el Instituto Nacional de la Propiedad Industrial de Argentina (INPI-AR) forma parte de DesignClass y...\" \/>\n<meta property=\"og:url\" content=\"https:\/\/alinvest-verde.eu\/pt_pt_ao90\/artengina-se-une-a-designclass\/\" \/>\n<meta property=\"og:site_name\" content=\"Programme AL-INVEST Verde\" \/>\n<meta property=\"article:published_time\" content=\"2023-05-12T10:29:47+00:00\" \/>\n<meta property=\"article:modified_time\" content=\"2024-07-05T15:43:23+00:00\" \/>\n<meta property=\"og:image\" content=\"https:\/\/alinvest-verde.eu\/wp-content\/uploads\/2023\/05\/DESIGNCLASS-ALINVEST-Verde-DPI.png\" \/>\n\t<meta property=\"og:image:width\" content=\"1920\" \/>\n\t<meta property=\"og:image:height\" content=\"1080\" \/>\n\t<meta property=\"og:image:type\" content=\"image\/png\" \/>\n<meta name=\"author\" content=\"Marties Dijxhoorn\" \/>\n<meta name=\"twitter:card\" content=\"summary_large_image\" \/>\n<meta name=\"twitter:label1\" content=\"Written by\" \/>\n\t<meta name=\"twitter:data1\" content=\"\" \/>\n\t<meta name=\"twitter:label2\" content=\"Est. reading time\" \/>\n\t<meta name=\"twitter:data2\" content=\"2 minutos\" \/>\n<script type=\"application\/ld+json\" class=\"yoast-schema-graph\">{\"@context\":\"https:\\\/\\\/schema.org\",\"@graph\":[{\"@type\":\"Article\",\"@id\":\"https:\\\/\\\/alinvest-verde.eu\\\/artengina-se-une-a-designclass\\\/#article\",\"isPartOf\":{\"@id\":\"https:\\\/\\\/alinvest-verde.eu\\\/artengina-se-une-a-designclass\\\/\"},\"author\":{\"name\":\"Marties Dijxhoorn\",\"@id\":\"https:\\\/\\\/alinvest-verde.eu\\\/#\\\/schema\\\/person\\\/7ca85c4000a126377888a08fe7a51de3\"},\"headline\":\"Argentina se une a DesignClass para promover la propiedad intelectual del dise\u00f1o de productos\",\"datePublished\":\"2023-05-12T10:29:47+00:00\",\"dateModified\":\"2024-07-05T15:43:23+00:00\",\"mainEntityOfPage\":{\"@id\":\"https:\\\/\\\/alinvest-verde.eu\\\/artengina-se-une-a-designclass\\\/\"},\"wordCount\":410,\"publisher\":{\"@id\":\"https:\\\/\\\/alinvest-verde.eu\\\/#organization\"},\"image\":{\"@id\":\"https:\\\/\\\/alinvest-verde.eu\\\/artengina-se-une-a-designclass\\\/#primaryimage\"},\"thumbnailUrl\":\"https:\\\/\\\/alinvest-verde.eu\\\/wp-content\\\/uploads\\\/2023\\\/05\\\/DESIGNCLASS-ALINVEST-Verde-DPI.png\",\"keywords\":[\"Componente 3\",\"intellectual property\",\"IP\",\"PI\",\"propiedad intelectual\"],\"articleSection\":[\"Actualidad\",\"Component 3\"],\"inLanguage\":\"pt-PT\"},{\"@type\":\"WebPage\",\"@id\":\"https:\\\/\\\/alinvest-verde.eu\\\/artengina-se-une-a-designclass\\\/\",\"url\":\"https:\\\/\\\/alinvest-verde.eu\\\/artengina-se-une-a-designclass\\\/\",\"name\":\"Argentina se une a DesignClass para promover la propiedad intelectual del dise\u00f1o de productos - Programa AL-INVEST Verde DPI\",\"isPartOf\":{\"@id\":\"https:\\\/\\\/alinvest-verde.eu\\\/#website\"},\"primaryImageOfPage\":{\"@id\":\"https:\\\/\\\/alinvest-verde.eu\\\/artengina-se-une-a-designclass\\\/#primaryimage\"},\"image\":{\"@id\":\"https:\\\/\\\/alinvest-verde.eu\\\/artengina-se-une-a-designclass\\\/#primaryimage\"},\"thumbnailUrl\":\"https:\\\/\\\/alinvest-verde.eu\\\/wp-content\\\/uploads\\\/2023\\\/05\\\/DESIGNCLASS-ALINVEST-Verde-DPI.png\",\"datePublished\":\"2023-05-12T10:29:47+00:00\",\"dateModified\":\"2024-07-05T15:43:23+00:00\",\"description\":\"A partir del 12 de mayo de 2023, el Instituto Nacional de la Propiedad Industrial de Argentina (INPI-AR) forma parte de DesignClass y...\",\"breadcrumb\":{\"@id\":\"https:\\\/\\\/alinvest-verde.eu\\\/artengina-se-une-a-designclass\\\/#breadcrumb\"},\"inLanguage\":\"pt-PT\",\"potentialAction\":[{\"@type\":\"ReadAction\",\"target\":[\"https:\\\/\\\/alinvest-verde.eu\\\/artengina-se-une-a-designclass\\\/\"]}]},{\"@type\":\"ImageObject\",\"inLanguage\":\"pt-PT\",\"@id\":\"https:\\\/\\\/alinvest-verde.eu\\\/artengina-se-une-a-designclass\\\/#primaryimage\",\"url\":\"https:\\\/\\\/alinvest-verde.eu\\\/wp-content\\\/uploads\\\/2023\\\/05\\\/DESIGNCLASS-ALINVEST-Verde-DPI.png\",\"contentUrl\":\"https:\\\/\\\/alinvest-verde.eu\\\/wp-content\\\/uploads\\\/2023\\\/05\\\/DESIGNCLASS-ALINVEST-Verde-DPI.png\",\"width\":1920,\"height\":1080},{\"@type\":\"BreadcrumbList\",\"@id\":\"https:\\\/\\\/alinvest-verde.eu\\\/artengina-se-une-a-designclass\\\/#breadcrumb\",\"itemListElement\":[{\"@type\":\"ListItem\",\"position\":1,\"name\":\"Inicio\",\"item\":\"https:\\\/\\\/alinvest-verde.eu\\\/\"},{\"@type\":\"ListItem\",\"position\":2,\"name\":\"Actualidad\",\"item\":\"https:\\\/\\\/alinvest-verde.eu\\\/category\\\/actualidad\\\/\"},{\"@type\":\"ListItem\",\"position\":3,\"name\":\"Argentina se une a DesignClass para promover la propiedad intelectual del dise\u00f1o de productos\"}]},{\"@type\":\"WebSite\",\"@id\":\"https:\\\/\\\/alinvest-verde.eu\\\/#website\",\"url\":\"https:\\\/\\\/alinvest-verde.eu\\\/\",\"name\":\"Programme AL-INVEST Verde\",\"description\":\"Building alliances with the private sector in LA and promote sustainable growth and jobs creation by supporting the transition towards a low-carbon, resource-efficient economy\",\"publisher\":{\"@id\":\"https:\\\/\\\/alinvest-verde.eu\\\/#organization\"},\"potentialAction\":[{\"@type\":\"SearchAction\",\"target\":{\"@type\":\"EntryPoint\",\"urlTemplate\":\"https:\\\/\\\/alinvest-verde.eu\\\/?s={search_term_string}\"},\"query-input\":{\"@type\":\"PropertyValueSpecification\",\"valueRequired\":true,\"valueName\":\"search_term_string\"}}],\"inLanguage\":\"pt-PT\"},{\"@type\":\"Organization\",\"@id\":\"https:\\\/\\\/alinvest-verde.eu\\\/#organization\",\"name\":\"Programme AL-INVEST Verde\",\"url\":\"https:\\\/\\\/alinvest-verde.eu\\\/\",\"logo\":{\"@type\":\"ImageObject\",\"inLanguage\":\"pt-PT\",\"@id\":\"https:\\\/\\\/alinvest-verde.eu\\\/#\\\/schema\\\/logo\\\/image\\\/\",\"url\":\"https:\\\/\\\/alinvest-verde.eu\\\/wp-content\\\/uploads\\\/2022\\\/01\\\/cropped-logo-financiado-por-la-UE.jpg\",\"contentUrl\":\"https:\\\/\\\/alinvest-verde.eu\\\/wp-content\\\/uploads\\\/2022\\\/01\\\/cropped-logo-financiado-por-la-UE.jpg\",\"width\":756,\"height\":216,\"caption\":\"Programme AL-INVEST Verde\"},\"image\":{\"@id\":\"https:\\\/\\\/alinvest-verde.eu\\\/#\\\/schema\\\/logo\\\/image\\\/\"}},{\"@type\":\"Person\",\"@id\":\"https:\\\/\\\/alinvest-verde.eu\\\/#\\\/schema\\\/person\\\/7ca85c4000a126377888a08fe7a51de3\",\"name\":\"Marties Dijxhoorn\",\"image\":{\"@type\":\"ImageObject\",\"inLanguage\":\"pt-PT\",\"@id\":\"https:\\\/\\\/secure.gravatar.com\\\/avatar\\\/36fd71169a6aa0697a52a3872bcf0b390004a3a4fdf09a6754c64a6d032b9d76?s=96&d=mm&r=g\",\"url\":\"https:\\\/\\\/secure.gravatar.com\\\/avatar\\\/36fd71169a6aa0697a52a3872bcf0b390004a3a4fdf09a6754c64a6d032b9d76?s=96&d=mm&r=g\",\"contentUrl\":\"https:\\\/\\\/secure.gravatar.com\\\/avatar\\\/36fd71169a6aa0697a52a3872bcf0b390004a3a4fdf09a6754c64a6d032b9d76?s=96&d=mm&r=g\",\"caption\":\"Marties Dijxhoorn\"},\"url\":\"https:\\\/\\\/alinvest-verde.eu\\\/pt_pt_ao90\\\/author\\\/marties-dijxhoorn\\\/\"}]}<\/script>\n<!-- \/ Yoast SEO plugin. -->","yoast_head_json":{"title":"Argentina junta-se \u00e0 DesignClass para promover a propriedade intelectual do design de produtos - Programa AL-INVEST Verde DPI","description":"A partir de 12 de maio de 2023, o Instituto Nacional da Propriedade Industrial da Argentina (INPI-AR) faz parte da DesignClass e...","robots":{"index":"index","follow":"follow","max-snippet":"max-snippet:-1","max-image-preview":"max-image-preview:large","max-video-preview":"max-video-preview:-1"},"canonical":"https:\/\/alinvest-verde.eu\/pt_pt_ao90\/artengina-se-une-a-designclass\/","og_locale":"pt_PT","og_type":"article","og_title":"Argentina se une a DesignClass para promover la propiedad intelectual del dise\u00f1o de productos - Programa AL-INVEST Verde DPI","og_description":"A partir del 12 de mayo de 2023, el Instituto Nacional de la Propiedad Industrial de Argentina (INPI-AR) forma parte de DesignClass y...","og_url":"https:\/\/alinvest-verde.eu\/pt_pt_ao90\/artengina-se-une-a-designclass\/","og_site_name":"Programme AL-INVEST Verde","article_published_time":"2023-05-12T10:29:47+00:00","article_modified_time":"2024-07-05T15:43:23+00:00","og_image":[{"width":1920,"height":1080,"url":"https:\/\/alinvest-verde.eu\/wp-content\/uploads\/2023\/05\/DESIGNCLASS-ALINVEST-Verde-DPI.png","type":"image\/png"}],"author":"Marties Dijxhoorn","twitter_card":"summary_large_image","twitter_misc":{"Written by":false,"Est. reading time":"2 minutos"},"schema":{"@context":"https:\/\/schema.org","@graph":[{"@type":"Article","@id":"https:\/\/alinvest-verde.eu\/artengina-se-une-a-designclass\/#article","isPartOf":{"@id":"https:\/\/alinvest-verde.eu\/artengina-se-une-a-designclass\/"},"author":{"name":"Marties Dijxhoorn","@id":"https:\/\/alinvest-verde.eu\/#\/schema\/person\/7ca85c4000a126377888a08fe7a51de3"},"headline":"Argentina se une a DesignClass para promover la propiedad intelectual del dise\u00f1o de productos","datePublished":"2023-05-12T10:29:47+00:00","dateModified":"2024-07-05T15:43:23+00:00","mainEntityOfPage":{"@id":"https:\/\/alinvest-verde.eu\/artengina-se-une-a-designclass\/"},"wordCount":410,"publisher":{"@id":"https:\/\/alinvest-verde.eu\/#organization"},"image":{"@id":"https:\/\/alinvest-verde.eu\/artengina-se-une-a-designclass\/#primaryimage"},"thumbnailUrl":"https:\/\/alinvest-verde.eu\/wp-content\/uploads\/2023\/05\/DESIGNCLASS-ALINVEST-Verde-DPI.png","keywords":["Componente 3","intellectual property","IP","PI","propiedad intelectual"],"articleSection":["Actualidad","Component 3"],"inLanguage":"pt-PT"},{"@type":"WebPage","@id":"https:\/\/alinvest-verde.eu\/artengina-se-une-a-designclass\/","url":"https:\/\/alinvest-verde.eu\/artengina-se-une-a-designclass\/","name":"Argentina junta-se \u00e0 DesignClass para promover a propriedade intelectual do design de produtos - Programa AL-INVEST Verde DPI","isPartOf":{"@id":"https:\/\/alinvest-verde.eu\/#website"},"primaryImageOfPage":{"@id":"https:\/\/alinvest-verde.eu\/artengina-se-une-a-designclass\/#primaryimage"},"image":{"@id":"https:\/\/alinvest-verde.eu\/artengina-se-une-a-designclass\/#primaryimage"},"thumbnailUrl":"https:\/\/alinvest-verde.eu\/wp-content\/uploads\/2023\/05\/DESIGNCLASS-ALINVEST-Verde-DPI.png","datePublished":"2023-05-12T10:29:47+00:00","dateModified":"2024-07-05T15:43:23+00:00","description":"A partir de 12 de maio de 2023, o Instituto Nacional da Propriedade Industrial da Argentina (INPI-AR) faz parte da DesignClass e...","breadcrumb":{"@id":"https:\/\/alinvest-verde.eu\/artengina-se-une-a-designclass\/#breadcrumb"},"inLanguage":"pt-PT","potentialAction":[{"@type":"ReadAction","target":["https:\/\/alinvest-verde.eu\/artengina-se-une-a-designclass\/"]}]},{"@type":"ImageObject","inLanguage":"pt-PT","@id":"https:\/\/alinvest-verde.eu\/artengina-se-une-a-designclass\/#primaryimage","url":"https:\/\/alinvest-verde.eu\/wp-content\/uploads\/2023\/05\/DESIGNCLASS-ALINVEST-Verde-DPI.png","contentUrl":"https:\/\/alinvest-verde.eu\/wp-content\/uploads\/2023\/05\/DESIGNCLASS-ALINVEST-Verde-DPI.png","width":1920,"height":1080},{"@type":"BreadcrumbList","@id":"https:\/\/alinvest-verde.eu\/artengina-se-une-a-designclass\/#breadcrumb","itemListElement":[{"@type":"ListItem","position":1,"name":"Inicio","item":"https:\/\/alinvest-verde.eu\/"},{"@type":"ListItem","position":2,"name":"Actualidad","item":"https:\/\/alinvest-verde.eu\/category\/actualidad\/"},{"@type":"ListItem","position":3,"name":"Argentina se une a DesignClass para promover la propiedad intelectual del dise\u00f1o de productos"}]},{"@type":"WebSite","@id":"https:\/\/alinvest-verde.eu\/#website","url":"https:\/\/alinvest-verde.eu\/","name":"Programa AL-INVEST Verde","description":"Construir alian\u00e7as com o sector privado na AL e promover o crescimento sustent\u00e1vel e a cria\u00e7\u00e3o de empregos, apoiando a transi\u00e7\u00e3o para uma economia de baixo carbono e eficiente em termos de recursos","publisher":{"@id":"https:\/\/alinvest-verde.eu\/#organization"},"potentialAction":[{"@type":"SearchAction","target":{"@type":"EntryPoint","urlTemplate":"https:\/\/alinvest-verde.eu\/?s={search_term_string}"},"query-input":{"@type":"PropertyValueSpecification","valueRequired":true,"valueName":"search_term_string"}}],"inLanguage":"pt-PT"},{"@type":"Organization","@id":"https:\/\/alinvest-verde.eu\/#organization","name":"Programa AL-INVEST Verde","url":"https:\/\/alinvest-verde.eu\/","logo":{"@type":"ImageObject","inLanguage":"pt-PT","@id":"https:\/\/alinvest-verde.eu\/#\/schema\/logo\/image\/","url":"https:\/\/alinvest-verde.eu\/wp-content\/uploads\/2022\/01\/cropped-logo-financiado-por-la-UE.jpg","contentUrl":"https:\/\/alinvest-verde.eu\/wp-content\/uploads\/2022\/01\/cropped-logo-financiado-por-la-UE.jpg","width":756,"height":216,"caption":"Programme AL-INVEST Verde"},"image":{"@id":"https:\/\/alinvest-verde.eu\/#\/schema\/logo\/image\/"}},{"@type":"Person","@id":"https:\/\/alinvest-verde.eu\/#\/schema\/person\/7ca85c4000a126377888a08fe7a51de3","name":"Marties Dijxhoorn","image":{"@type":"ImageObject","inLanguage":"pt-PT","@id":"https:\/\/secure.gravatar.com\/avatar\/36fd71169a6aa0697a52a3872bcf0b390004a3a4fdf09a6754c64a6d032b9d76?s=96&d=mm&r=g","url":"https:\/\/secure.gravatar.com\/avatar\/36fd71169a6aa0697a52a3872bcf0b390004a3a4fdf09a6754c64a6d032b9d76?s=96&d=mm&r=g","contentUrl":"https:\/\/secure.gravatar.com\/avatar\/36fd71169a6aa0697a52a3872bcf0b390004a3a4fdf09a6754c64a6d032b9d76?s=96&d=mm&r=g","caption":"Marties Dijxhoorn"},"url":"https:\/\/alinvest-verde.eu\/pt_pt_ao90\/author\/marties-dijxhoorn\/"}]}},"_links":{"self":[{"href":"https:\/\/alinvest-verde.eu\/pt_pt_ao90\/wp-json\/wp\/v2\/posts\/6336","targetHints":{"allow":["GET"]}}],"collection":[{"href":"https:\/\/alinvest-verde.eu\/pt_pt_ao90\/wp-json\/wp\/v2\/posts"}],"about":[{"href":"https:\/\/alinvest-verde.eu\/pt_pt_ao90\/wp-json\/wp\/v2\/types\/post"}],"author":[{"embeddable":true,"href":"https:\/\/alinvest-verde.eu\/pt_pt_ao90\/wp-json\/wp\/v2\/users\/7"}],"replies":[{"embeddable":true,"href":"https:\/\/alinvest-verde.eu\/pt_pt_ao90\/wp-json\/wp\/v2\/comments?post=6336"}],"version-history":[{"count":9,"href":"https:\/\/alinvest-verde.eu\/pt_pt_ao90\/wp-json\/wp\/v2\/posts\/6336\/revisions"}],"predecessor-version":[{"id":6575,"href":"https:\/\/alinvest-verde.eu\/pt_pt_ao90\/wp-json\/wp\/v2\/posts\/6336\/revisions\/6575"}],"wp:featuredmedia":[{"embeddable":true,"href":"https:\/\/alinvest-verde.eu\/pt_pt_ao90\/wp-json\/wp\/v2\/media\/6338"}],"wp:attachment":[{"href":"https:\/\/alinvest-verde.eu\/pt_pt_ao90\/wp-json\/wp\/v2\/media?parent=6336"}],"wp:term":[{"taxonomy":"category","embeddable":true,"href":"https:\/\/alinvest-verde.eu\/pt_pt_ao90\/wp-json\/wp\/v2\/categories?post=6336"},{"taxonomy":"post_tag","embeddable":true,"href":"https:\/\/alinvest-verde.eu\/pt_pt_ao90\/wp-json\/wp\/v2\/tags?post=6336"}],"curies":[{"name":"wp","href":"https:\/\/api.w.org\/{rel}","templated":true}]}}