{"id":7639,"date":"2023-06-15T16:00:42","date_gmt":"2023-06-15T14:00:42","guid":{"rendered":"https:\/\/alinvest-verde.eu\/?p=7639"},"modified":"2024-07-05T17:21:59","modified_gmt":"2024-07-05T15:21:59","slug":"seminario-de-alto-nivel-en-paraguay-para-promover-el-dialogo-sobre-la-sostenibilidad-del-cuero-y-el-comercio-internacional","status":"publish","type":"post","link":"https:\/\/alinvest-verde.eu\/pt_pt_ao90\/seminario-de-alto-nivel-en-paraguay-para-promover-el-dialogo-sobre-la-sostenibilidad-del-cuero-y-el-comercio-internacional\/","title":{"rendered":"Semin\u00e1rio de alto n\u00edvel no Paraguai para promover o di\u00e1logo sobre a sustentabilidade do couro e o com\u00e9rcio internacional"},"content":{"rendered":"<div data-elementor-type=\"wp-post\" data-elementor-id=\"7639\" class=\"elementor elementor-7639\" data-elementor-post-type=\"post\">\n\t\t\t\t\t\t<section class=\"elementor-section elementor-top-section elementor-element elementor-element-640773ef elementor-section-boxed elementor-section-height-default elementor-section-height-default\" data-id=\"640773ef\" data-element_type=\"section\" data-e-type=\"section\">\n\t\t\t\t\t\t<div class=\"elementor-container elementor-column-gap-default\">\n\t\t\t\t\t<div class=\"elementor-column elementor-col-100 elementor-top-column elementor-element elementor-element-929ff0\" data-id=\"929ff0\" data-element_type=\"column\" data-e-type=\"column\">\n\t\t\t<div class=\"elementor-widget-wrap elementor-element-populated\">\n\t\t\t\t\t\t<div class=\"elementor-element elementor-element-46d2df0a elementor-widget elementor-widget-text-editor\" data-id=\"46d2df0a\" data-element_type=\"widget\" data-e-type=\"widget\" data-widget_type=\"text-editor.default\">\n\t\t\t\t<div class=\"elementor-widget-container\">\n\t\t\t\t\t\t\t\t\t\n<p class=\"wp-block-paragraph\"><strong>Assun\u00e7\u00e3o, 15 de junho de 2023.<\/strong> A Rede de Investimento e Exporta\u00e7\u00e3o (REDIEX) do Minist\u00e9rio da Ind\u00fastria e Com\u00e9rcio do Paraguai (MIC), com o apoio da Uni\u00e3o Europeia, organizou um semin\u00e1rio de alto n\u00edvel para promover o di\u00e1logo sobre a import\u00e2ncia da sustentabilidade na cadeia de valor da carne e do couro como uma ferramenta para favorecer o com\u00e9rcio internacional.<\/p>\n\n<p class=\"wp-block-paragraph\">O semin\u00e1rio teve lugar no \u00e2mbito da assist\u00eancia t\u00e9cnica que a Componente 2 do AL-INVEST Verde est\u00e1 a prestar \u00e0 REDIEX para o desenvolvimento de um projeto de<strong> estrat\u00e9gia nacional de rastreabilidade e certifica\u00e7\u00e3o do couro <\/strong>aumentar a competitividade dos produtos paraguaios nos mercados internacionais.<\/p>\n\n<p class=\"wp-block-paragraph\">O semin\u00e1rio, que foi organizado na sede do MIC, contou com a participa\u00e7\u00e3o de intervenientes da cadeia da carne e do couro, tais como representantes dos sectores p\u00fablico e privado, de organiza\u00e7\u00f5es internacionais e da sociedade civil.<\/p>\n<p><strong><br \/>Diagn\u00f3stico da cadeia de valor da carne e do couro no Paraguai<\/strong><\/p>\n\n<p class=\"wp-block-paragraph\">O evento foi inaugurado pelo Ministro da Ind\u00fastria e Com\u00e9rcio, Luis Castiglioni; a Vice-Ministra da REDIEX, Gilda Susana Arr\u00e9llaga; o Presidente do Servi\u00e7o Nacional de Sa\u00fade e Qualidade Animal, Jos\u00e9 Carlos Mart\u00edn Campercholi, e o Chefe de Coopera\u00e7\u00e3o da Uni\u00e3o Europeia no Paraguai, Matteo Sirtori.<\/p>\n\n<p class=\"wp-block-paragraph\">Da REDIEX, Andr\u00e9s Gin\u00e9s, especialista da Plataforma de Carnes e Derivados<em>s, <\/em>explicou o contexto em que foi definida a assist\u00eancia t\u00e9cnica prestada pela AL-INVEST Verde. Por sua vez, Lorenzo Nalin, t\u00e9cnico especialista da AL-INVEST Verde, destacou as conclus\u00f5es do diagn\u00f3stico da cadeia de valor da carne e do couro paraguaios, bem como as <strong>proposta de projeto-piloto sobre rastreabilidade e certifica\u00e7\u00e3o ambiental<\/strong> para a cadeia do couro e outros elos envolvidos, concebidos no \u00e2mbito da presente assist\u00eancia.<\/p>\n\n<p class=\"wp-block-paragraph\">Nalin indicou que, para a elabora\u00e7\u00e3o do diagn\u00f3stico, foram efectuados os seguintes trabalhos <strong>entrevistas com os principais actores da produ\u00e7\u00e3o de couro<\/strong>dos sectores p\u00fablico e privado. As informa\u00e7\u00f5es recolhidas permitiram analisar diferentes aspectos do Sistema de Rastreabilidade Paraguaio (SITRAP) e propor, com base nos resultados, um projeto-piloto de rastreabilidade e certifica\u00e7\u00e3o ambiental, p\u00fablico e gratuito, que garanta a sustentabilidade dos produtos paraguaios e melhore a sua qualidade. <strong>inser\u00e7\u00e3o nos mercados internacionais<\/strong>.<\/p>\n<p>O evento contou tamb\u00e9m com a presen\u00e7a de representantes do Minist\u00e9rio do Ambiente e do Desenvolvimento Sustent\u00e1vel, do Vice-Minist\u00e9rio das Rela\u00e7\u00f5es Econ\u00f3micas e da Integra\u00e7\u00e3o, do Servi\u00e7o Nacional de Cadastro e do Instituto Ind\u00edgena Paraguaio (INDI). Do sector privado, participaram membros da Asociaci\u00f3n Rural del Paraguay (ARP), da Central de Cooperativas de Producci\u00f3n (CENCOPROD) e das empresas de curtumes Lecom, Sadesa e Durli. Por parte da AL-INVEST Verde, participaram Andrea Monaco e Lorenzo Nalin, juntamente com o consultor Mathew Vercruysse, respons\u00e1vel pelo apoio t\u00e9cnico \u00e0 REDIEX.<\/p>\n\n<p class=\"wp-block-paragraph\"><\/p>\n\n<p class=\"wp-block-paragraph\">\u00a0<\/p>\n<p><strong>Sobre o AL-INVEST Verde<\/strong><\/p>\n\n<p class=\"wp-block-paragraph\">O AL-INVEST Verde \u00e9 um programa financiado pela Uni\u00e3o Europeia (UE). O seu principal objectivo \u00e9 promover o crescimento sustent\u00e1vel e a cria\u00e7\u00e3o de emprego na Am\u00e9rica Latina, apoiando a transi\u00e7\u00e3o para uma economia de baixo carbono, eficiente em termos de recursos e mais circular. Atrav\u00e9s da Componente 2, liderada por <a href=\"https:\/\/www.fiiapp.org\/\">FIIAPP<\/a> em cons\u00f3rcio com <a href=\"https:\/\/iila.org\/es\/\">IILA<\/a>O programa presta assist\u00eancia ao refor\u00e7o das pol\u00edticas p\u00fablicas e dos di\u00e1logos entre as v\u00e1rias partes interessadas em mat\u00e9ria de agricultura sustent\u00e1vel e cadeias de valor, normas ambientais e laborais, bem como pol\u00edticas comerciais e econ\u00f3micas sustent\u00e1veis e quadros regulamentares.\u00a0<\/p>\n\n<p class=\"wp-block-paragraph\">Mais informa\u00e7\u00f5es: <a href=\"https:\/\/alinvest-verde.eu\/pt_pt_ao90\/\">www.alinvest-verde.eu<\/a><\/p>\n\t\t\t\t\t\t\t\t<\/div>\n\t\t\t\t<\/div>\n\t\t\t\t\t<\/div>\n\t\t<\/div>\n\t\t\t\t\t<\/div>\n\t\t<\/section>\n\t\t\t\t<\/div>","protected":false},"excerpt":{"rendered":"<p>Asunci\u00f3n, 15 de junio de 2023.- La Red de Inversiones y Exportaciones (REDIEX) del Ministerio de Industria y Comercio de Paraguay (MIC), con el apoyo de la Uni\u00f3n Europea, organiz\u00f3 un seminario de alto nivel para promover el di\u00e1logo sobre la importancia de la sostenibilidad en la cadena de valor de la carne y el [&hellip;]<\/p>\n","protected":false},"author":6,"featured_media":7641,"comment_status":"closed","ping_status":"closed","sticky":false,"template":"","format":"standard","meta":{"footnotes":""},"categories":[54,60,24,19,20],"tags":[21,41,26,42,30,43],"class_list":["post-7639","post","type-post","status-publish","format-standard","has-post-thumbnail","hentry","category-2023-component-2","category-2023-news","category-actualidad","category-component-2","category-news","tag-cadenas-de-valor","tag-carne","tag-component-2","tag-cuero","tag-sostenibilidad","tag-trazabilidad"],"yoast_head":"<!-- This site is optimized with the Yoast SEO plugin v28.4 - https:\/\/yoast.com\/product\/yoast-seo-wordpress\/ -->\n<title>Seminario de alto nivel en Paraguay para promover el di\u00e1logo sobre la sostenibilidad del cuero y el comercio internacional - Programme AL-INVEST Verde<\/title>\n<meta name=\"robots\" content=\"index, follow, max-snippet:-1, max-image-preview:large, max-video-preview:-1\" \/>\n<link rel=\"canonical\" href=\"https:\/\/alinvest-verde.eu\/pt_pt_ao90\/seminario-de-alto-nivel-en-paraguay-para-promover-el-dialogo-sobre-la-sostenibilidad-del-cuero-y-el-comercio-internacional\/\" \/>\n<meta property=\"og:locale\" content=\"pt_PT\" \/>\n<meta property=\"og:type\" content=\"article\" \/>\n<meta property=\"og:title\" content=\"Seminario de alto nivel en Paraguay para promover el di\u00e1logo sobre la sostenibilidad del cuero y el comercio internacional - Programme AL-INVEST Verde\" \/>\n<meta property=\"og:description\" content=\"Asunci\u00f3n, 15 de junio de 2023.- La Red de Inversiones y Exportaciones (REDIEX) del Ministerio de Industria y Comercio de Paraguay (MIC), con el apoyo de la Uni\u00f3n Europea, organiz\u00f3 un seminario de alto nivel para promover el di\u00e1logo sobre la importancia de la sostenibilidad en la cadena de valor de la carne y el [&hellip;]\" \/>\n<meta property=\"og:url\" content=\"https:\/\/alinvest-verde.eu\/pt_pt_ao90\/seminario-de-alto-nivel-en-paraguay-para-promover-el-dialogo-sobre-la-sostenibilidad-del-cuero-y-el-comercio-internacional\/\" \/>\n<meta property=\"og:site_name\" content=\"Programme AL-INVEST Verde\" \/>\n<meta property=\"article:published_time\" content=\"2023-06-15T14:00:42+00:00\" \/>\n<meta property=\"article:modified_time\" content=\"2024-07-05T15:21:59+00:00\" \/>\n<meta property=\"og:image\" content=\"https:\/\/alinvest-verde.eu\/wp-content\/uploads\/2023\/06\/Paraguay.png\" \/>\n\t<meta property=\"og:image:width\" content=\"1234\" \/>\n\t<meta property=\"og:image:height\" content=\"862\" \/>\n\t<meta property=\"og:image:type\" content=\"image\/png\" \/>\n<meta name=\"author\" content=\"Azucena Garc\u00eda\" \/>\n<meta name=\"twitter:card\" content=\"summary_large_image\" \/>\n<meta name=\"twitter:creator\" content=\"@Frank Summa\" \/>\n<meta name=\"twitter:label1\" content=\"Written by\" \/>\n\t<meta name=\"twitter:data1\" content=\"\" \/>\n\t<meta name=\"twitter:label2\" content=\"Est. reading time\" \/>\n\t<meta name=\"twitter:data2\" content=\"3 minutos\" \/>\n<script type=\"application\/ld+json\" class=\"yoast-schema-graph\">{\"@context\":\"https:\\\/\\\/schema.org\",\"@graph\":[{\"@type\":\"Article\",\"@id\":\"https:\\\/\\\/alinvest-verde.eu\\\/seminario-de-alto-nivel-en-paraguay-para-promover-el-dialogo-sobre-la-sostenibilidad-del-cuero-y-el-comercio-internacional\\\/#article\",\"isPartOf\":{\"@id\":\"https:\\\/\\\/alinvest-verde.eu\\\/seminario-de-alto-nivel-en-paraguay-para-promover-el-dialogo-sobre-la-sostenibilidad-del-cuero-y-el-comercio-internacional\\\/\"},\"author\":{\"name\":\"Azucena Garc\u00eda\",\"@id\":\"https:\\\/\\\/alinvest-verde.eu\\\/#\\\/schema\\\/person\\\/8804ec49772ba377829838bc11b6aa6b\"},\"headline\":\"Seminario de alto nivel en Paraguay para promover el di\u00e1logo sobre la sostenibilidad del cuero y el comercio internacional\",\"datePublished\":\"2023-06-15T14:00:42+00:00\",\"dateModified\":\"2024-07-05T15:21:59+00:00\",\"mainEntityOfPage\":{\"@id\":\"https:\\\/\\\/alinvest-verde.eu\\\/seminario-de-alto-nivel-en-paraguay-para-promover-el-dialogo-sobre-la-sostenibilidad-del-cuero-y-el-comercio-internacional\\\/\"},\"wordCount\":617,\"publisher\":{\"@id\":\"https:\\\/\\\/alinvest-verde.eu\\\/#organization\"},\"image\":{\"@id\":\"https:\\\/\\\/alinvest-verde.eu\\\/seminario-de-alto-nivel-en-paraguay-para-promover-el-dialogo-sobre-la-sostenibilidad-del-cuero-y-el-comercio-internacional\\\/#primaryimage\"},\"thumbnailUrl\":\"https:\\\/\\\/alinvest-verde.eu\\\/wp-content\\\/uploads\\\/2023\\\/06\\\/Paraguay.png\",\"keywords\":[\"cadenas de valor\",\"carne\",\"Component 2\",\"cuero\",\"sostenibilidad\",\"trazabilidad\"],\"articleSection\":[\"2023\",\"2023\",\"Actualidad\",\"Component 2\",\"News\"],\"inLanguage\":\"pt-PT\"},{\"@type\":\"WebPage\",\"@id\":\"https:\\\/\\\/alinvest-verde.eu\\\/seminario-de-alto-nivel-en-paraguay-para-promover-el-dialogo-sobre-la-sostenibilidad-del-cuero-y-el-comercio-internacional\\\/\",\"url\":\"https:\\\/\\\/alinvest-verde.eu\\\/seminario-de-alto-nivel-en-paraguay-para-promover-el-dialogo-sobre-la-sostenibilidad-del-cuero-y-el-comercio-internacional\\\/\",\"name\":\"Seminario de alto nivel en Paraguay para promover el di\u00e1logo sobre la sostenibilidad del cuero y el comercio internacional - Programme AL-INVEST Verde\",\"isPartOf\":{\"@id\":\"https:\\\/\\\/alinvest-verde.eu\\\/#website\"},\"primaryImageOfPage\":{\"@id\":\"https:\\\/\\\/alinvest-verde.eu\\\/seminario-de-alto-nivel-en-paraguay-para-promover-el-dialogo-sobre-la-sostenibilidad-del-cuero-y-el-comercio-internacional\\\/#primaryimage\"},\"image\":{\"@id\":\"https:\\\/\\\/alinvest-verde.eu\\\/seminario-de-alto-nivel-en-paraguay-para-promover-el-dialogo-sobre-la-sostenibilidad-del-cuero-y-el-comercio-internacional\\\/#primaryimage\"},\"thumbnailUrl\":\"https:\\\/\\\/alinvest-verde.eu\\\/wp-content\\\/uploads\\\/2023\\\/06\\\/Paraguay.png\",\"datePublished\":\"2023-06-15T14:00:42+00:00\",\"dateModified\":\"2024-07-05T15:21:59+00:00\",\"breadcrumb\":{\"@id\":\"https:\\\/\\\/alinvest-verde.eu\\\/seminario-de-alto-nivel-en-paraguay-para-promover-el-dialogo-sobre-la-sostenibilidad-del-cuero-y-el-comercio-internacional\\\/#breadcrumb\"},\"inLanguage\":\"pt-PT\",\"potentialAction\":[{\"@type\":\"ReadAction\",\"target\":[\"https:\\\/\\\/alinvest-verde.eu\\\/seminario-de-alto-nivel-en-paraguay-para-promover-el-dialogo-sobre-la-sostenibilidad-del-cuero-y-el-comercio-internacional\\\/\"]}]},{\"@type\":\"ImageObject\",\"inLanguage\":\"pt-PT\",\"@id\":\"https:\\\/\\\/alinvest-verde.eu\\\/seminario-de-alto-nivel-en-paraguay-para-promover-el-dialogo-sobre-la-sostenibilidad-del-cuero-y-el-comercio-internacional\\\/#primaryimage\",\"url\":\"https:\\\/\\\/alinvest-verde.eu\\\/wp-content\\\/uploads\\\/2023\\\/06\\\/Paraguay.png\",\"contentUrl\":\"https:\\\/\\\/alinvest-verde.eu\\\/wp-content\\\/uploads\\\/2023\\\/06\\\/Paraguay.png\",\"width\":1234,\"height\":862},{\"@type\":\"BreadcrumbList\",\"@id\":\"https:\\\/\\\/alinvest-verde.eu\\\/seminario-de-alto-nivel-en-paraguay-para-promover-el-dialogo-sobre-la-sostenibilidad-del-cuero-y-el-comercio-internacional\\\/#breadcrumb\",\"itemListElement\":[{\"@type\":\"ListItem\",\"position\":1,\"name\":\"Inicio\",\"item\":\"https:\\\/\\\/alinvest-verde.eu\\\/\"},{\"@type\":\"ListItem\",\"position\":2,\"name\":\"Component 2\",\"item\":\"https:\\\/\\\/alinvest-verde.eu\\\/category\\\/component-2\\\/\"},{\"@type\":\"ListItem\",\"position\":3,\"name\":\"Seminario de alto nivel en Paraguay para promover el di\u00e1logo sobre la sostenibilidad del cuero y el comercio internacional\"}]},{\"@type\":\"WebSite\",\"@id\":\"https:\\\/\\\/alinvest-verde.eu\\\/#website\",\"url\":\"https:\\\/\\\/alinvest-verde.eu\\\/\",\"name\":\"Programme AL-INVEST Verde\",\"description\":\"Building alliances with the private sector in LA and promote sustainable growth and jobs creation by supporting the transition towards a low-carbon, resource-efficient economy\",\"publisher\":{\"@id\":\"https:\\\/\\\/alinvest-verde.eu\\\/#organization\"},\"potentialAction\":[{\"@type\":\"SearchAction\",\"target\":{\"@type\":\"EntryPoint\",\"urlTemplate\":\"https:\\\/\\\/alinvest-verde.eu\\\/?s={search_term_string}\"},\"query-input\":{\"@type\":\"PropertyValueSpecification\",\"valueRequired\":true,\"valueName\":\"search_term_string\"}}],\"inLanguage\":\"pt-PT\"},{\"@type\":\"Organization\",\"@id\":\"https:\\\/\\\/alinvest-verde.eu\\\/#organization\",\"name\":\"Programme AL-INVEST Verde\",\"url\":\"https:\\\/\\\/alinvest-verde.eu\\\/\",\"logo\":{\"@type\":\"ImageObject\",\"inLanguage\":\"pt-PT\",\"@id\":\"https:\\\/\\\/alinvest-verde.eu\\\/#\\\/schema\\\/logo\\\/image\\\/\",\"url\":\"https:\\\/\\\/alinvest-verde.eu\\\/wp-content\\\/uploads\\\/2022\\\/01\\\/cropped-logo-financiado-por-la-UE.jpg\",\"contentUrl\":\"https:\\\/\\\/alinvest-verde.eu\\\/wp-content\\\/uploads\\\/2022\\\/01\\\/cropped-logo-financiado-por-la-UE.jpg\",\"width\":756,\"height\":216,\"caption\":\"Programme AL-INVEST Verde\"},\"image\":{\"@id\":\"https:\\\/\\\/alinvest-verde.eu\\\/#\\\/schema\\\/logo\\\/image\\\/\"}},{\"@type\":\"Person\",\"@id\":\"https:\\\/\\\/alinvest-verde.eu\\\/#\\\/schema\\\/person\\\/8804ec49772ba377829838bc11b6aa6b\",\"name\":\"Azucena Garc\u00eda\",\"image\":{\"@type\":\"ImageObject\",\"inLanguage\":\"pt-PT\",\"@id\":\"https:\\\/\\\/secure.gravatar.com\\\/avatar\\\/fc4d91c562d3c4ac55cafd2f4ae4ebd513d2304b007a5c8d4f2d8543edeb9d79?s=96&d=mm&r=g\",\"url\":\"https:\\\/\\\/secure.gravatar.com\\\/avatar\\\/fc4d91c562d3c4ac55cafd2f4ae4ebd513d2304b007a5c8d4f2d8543edeb9d79?s=96&d=mm&r=g\",\"contentUrl\":\"https:\\\/\\\/secure.gravatar.com\\\/avatar\\\/fc4d91c562d3c4ac55cafd2f4ae4ebd513d2304b007a5c8d4f2d8543edeb9d79?s=96&d=mm&r=g\",\"caption\":\"Azucena Garc\u00eda\"},\"sameAs\":[\"https:\\\/\\\/x.com\\\/Frank Summa\"],\"url\":\"https:\\\/\\\/alinvest-verde.eu\\\/pt_pt_ao90\\\/author\\\/azucena-garcia\\\/\"}]}<\/script>\n<!-- \/ Yoast SEO plugin. -->","yoast_head_json":{"title":"Semin\u00e1rio de alto n\u00edvel no Paraguai para promover o di\u00e1logo sobre a sustentabilidade do couro e o com\u00e9rcio internacional - Programa AL-INVEST Verde","robots":{"index":"index","follow":"follow","max-snippet":"max-snippet:-1","max-image-preview":"max-image-preview:large","max-video-preview":"max-video-preview:-1"},"canonical":"https:\/\/alinvest-verde.eu\/pt_pt_ao90\/seminario-de-alto-nivel-en-paraguay-para-promover-el-dialogo-sobre-la-sostenibilidad-del-cuero-y-el-comercio-internacional\/","og_locale":"pt_PT","og_type":"article","og_title":"Seminario de alto nivel en Paraguay para promover el di\u00e1logo sobre la sostenibilidad del cuero y el comercio internacional - Programme AL-INVEST Verde","og_description":"Asunci\u00f3n, 15 de junio de 2023.- La Red de Inversiones y Exportaciones (REDIEX) del Ministerio de Industria y Comercio de Paraguay (MIC), con el apoyo de la Uni\u00f3n Europea, organiz\u00f3 un seminario de alto nivel para promover el di\u00e1logo sobre la importancia de la sostenibilidad en la cadena de valor de la carne y el [&hellip;]","og_url":"https:\/\/alinvest-verde.eu\/pt_pt_ao90\/seminario-de-alto-nivel-en-paraguay-para-promover-el-dialogo-sobre-la-sostenibilidad-del-cuero-y-el-comercio-internacional\/","og_site_name":"Programme AL-INVEST Verde","article_published_time":"2023-06-15T14:00:42+00:00","article_modified_time":"2024-07-05T15:21:59+00:00","og_image":[{"width":1234,"height":862,"url":"https:\/\/alinvest-verde.eu\/wp-content\/uploads\/2023\/06\/Paraguay.png","type":"image\/png"}],"author":"Azucena Garc\u00eda","twitter_card":"summary_large_image","twitter_creator":"@Frank Summa","twitter_misc":{"Written by":false,"Est. reading time":"3 minutos"},"schema":{"@context":"https:\/\/schema.org","@graph":[{"@type":"Article","@id":"https:\/\/alinvest-verde.eu\/seminario-de-alto-nivel-en-paraguay-para-promover-el-dialogo-sobre-la-sostenibilidad-del-cuero-y-el-comercio-internacional\/#article","isPartOf":{"@id":"https:\/\/alinvest-verde.eu\/seminario-de-alto-nivel-en-paraguay-para-promover-el-dialogo-sobre-la-sostenibilidad-del-cuero-y-el-comercio-internacional\/"},"author":{"name":"Azucena Garc\u00eda","@id":"https:\/\/alinvest-verde.eu\/#\/schema\/person\/8804ec49772ba377829838bc11b6aa6b"},"headline":"Seminario de alto nivel en Paraguay para promover el di\u00e1logo sobre la sostenibilidad del cuero y el comercio internacional","datePublished":"2023-06-15T14:00:42+00:00","dateModified":"2024-07-05T15:21:59+00:00","mainEntityOfPage":{"@id":"https:\/\/alinvest-verde.eu\/seminario-de-alto-nivel-en-paraguay-para-promover-el-dialogo-sobre-la-sostenibilidad-del-cuero-y-el-comercio-internacional\/"},"wordCount":617,"publisher":{"@id":"https:\/\/alinvest-verde.eu\/#organization"},"image":{"@id":"https:\/\/alinvest-verde.eu\/seminario-de-alto-nivel-en-paraguay-para-promover-el-dialogo-sobre-la-sostenibilidad-del-cuero-y-el-comercio-internacional\/#primaryimage"},"thumbnailUrl":"https:\/\/alinvest-verde.eu\/wp-content\/uploads\/2023\/06\/Paraguay.png","keywords":["cadenas de valor","carne","Component 2","cuero","sostenibilidad","trazabilidad"],"articleSection":["2023","2023","Actualidad","Component 2","News"],"inLanguage":"pt-PT"},{"@type":"WebPage","@id":"https:\/\/alinvest-verde.eu\/seminario-de-alto-nivel-en-paraguay-para-promover-el-dialogo-sobre-la-sostenibilidad-del-cuero-y-el-comercio-internacional\/","url":"https:\/\/alinvest-verde.eu\/seminario-de-alto-nivel-en-paraguay-para-promover-el-dialogo-sobre-la-sostenibilidad-del-cuero-y-el-comercio-internacional\/","name":"Semin\u00e1rio de alto n\u00edvel no Paraguai para promover o di\u00e1logo sobre a sustentabilidade do couro e o com\u00e9rcio internacional - Programa AL-INVEST Verde","isPartOf":{"@id":"https:\/\/alinvest-verde.eu\/#website"},"primaryImageOfPage":{"@id":"https:\/\/alinvest-verde.eu\/seminario-de-alto-nivel-en-paraguay-para-promover-el-dialogo-sobre-la-sostenibilidad-del-cuero-y-el-comercio-internacional\/#primaryimage"},"image":{"@id":"https:\/\/alinvest-verde.eu\/seminario-de-alto-nivel-en-paraguay-para-promover-el-dialogo-sobre-la-sostenibilidad-del-cuero-y-el-comercio-internacional\/#primaryimage"},"thumbnailUrl":"https:\/\/alinvest-verde.eu\/wp-content\/uploads\/2023\/06\/Paraguay.png","datePublished":"2023-06-15T14:00:42+00:00","dateModified":"2024-07-05T15:21:59+00:00","breadcrumb":{"@id":"https:\/\/alinvest-verde.eu\/seminario-de-alto-nivel-en-paraguay-para-promover-el-dialogo-sobre-la-sostenibilidad-del-cuero-y-el-comercio-internacional\/#breadcrumb"},"inLanguage":"pt-PT","potentialAction":[{"@type":"ReadAction","target":["https:\/\/alinvest-verde.eu\/seminario-de-alto-nivel-en-paraguay-para-promover-el-dialogo-sobre-la-sostenibilidad-del-cuero-y-el-comercio-internacional\/"]}]},{"@type":"ImageObject","inLanguage":"pt-PT","@id":"https:\/\/alinvest-verde.eu\/seminario-de-alto-nivel-en-paraguay-para-promover-el-dialogo-sobre-la-sostenibilidad-del-cuero-y-el-comercio-internacional\/#primaryimage","url":"https:\/\/alinvest-verde.eu\/wp-content\/uploads\/2023\/06\/Paraguay.png","contentUrl":"https:\/\/alinvest-verde.eu\/wp-content\/uploads\/2023\/06\/Paraguay.png","width":1234,"height":862},{"@type":"BreadcrumbList","@id":"https:\/\/alinvest-verde.eu\/seminario-de-alto-nivel-en-paraguay-para-promover-el-dialogo-sobre-la-sostenibilidad-del-cuero-y-el-comercio-internacional\/#breadcrumb","itemListElement":[{"@type":"ListItem","position":1,"name":"Inicio","item":"https:\/\/alinvest-verde.eu\/"},{"@type":"ListItem","position":2,"name":"Component 2","item":"https:\/\/alinvest-verde.eu\/category\/component-2\/"},{"@type":"ListItem","position":3,"name":"Seminario de alto nivel en Paraguay para promover el di\u00e1logo sobre la sostenibilidad del cuero y el comercio internacional"}]},{"@type":"WebSite","@id":"https:\/\/alinvest-verde.eu\/#website","url":"https:\/\/alinvest-verde.eu\/","name":"Programa AL-INVEST Verde","description":"Construir alian\u00e7as com o sector privado na AL e promover o crescimento sustent\u00e1vel e a cria\u00e7\u00e3o de empregos, apoiando a transi\u00e7\u00e3o para uma economia de baixo carbono e eficiente em termos de recursos","publisher":{"@id":"https:\/\/alinvest-verde.eu\/#organization"},"potentialAction":[{"@type":"SearchAction","target":{"@type":"EntryPoint","urlTemplate":"https:\/\/alinvest-verde.eu\/?s={search_term_string}"},"query-input":{"@type":"PropertyValueSpecification","valueRequired":true,"valueName":"search_term_string"}}],"inLanguage":"pt-PT"},{"@type":"Organization","@id":"https:\/\/alinvest-verde.eu\/#organization","name":"Programa AL-INVEST Verde","url":"https:\/\/alinvest-verde.eu\/","logo":{"@type":"ImageObject","inLanguage":"pt-PT","@id":"https:\/\/alinvest-verde.eu\/#\/schema\/logo\/image\/","url":"https:\/\/alinvest-verde.eu\/wp-content\/uploads\/2022\/01\/cropped-logo-financiado-por-la-UE.jpg","contentUrl":"https:\/\/alinvest-verde.eu\/wp-content\/uploads\/2022\/01\/cropped-logo-financiado-por-la-UE.jpg","width":756,"height":216,"caption":"Programme AL-INVEST Verde"},"image":{"@id":"https:\/\/alinvest-verde.eu\/#\/schema\/logo\/image\/"}},{"@type":"Person","@id":"https:\/\/alinvest-verde.eu\/#\/schema\/person\/8804ec49772ba377829838bc11b6aa6b","name":"Azucena Garcia","image":{"@type":"ImageObject","inLanguage":"pt-PT","@id":"https:\/\/secure.gravatar.com\/avatar\/fc4d91c562d3c4ac55cafd2f4ae4ebd513d2304b007a5c8d4f2d8543edeb9d79?s=96&d=mm&r=g","url":"https:\/\/secure.gravatar.com\/avatar\/fc4d91c562d3c4ac55cafd2f4ae4ebd513d2304b007a5c8d4f2d8543edeb9d79?s=96&d=mm&r=g","contentUrl":"https:\/\/secure.gravatar.com\/avatar\/fc4d91c562d3c4ac55cafd2f4ae4ebd513d2304b007a5c8d4f2d8543edeb9d79?s=96&d=mm&r=g","caption":"Azucena Garc\u00eda"},"sameAs":["https:\/\/x.com\/Frank Summa"],"url":"https:\/\/alinvest-verde.eu\/pt_pt_ao90\/author\/azucena-garcia\/"}]}},"_links":{"self":[{"href":"https:\/\/alinvest-verde.eu\/pt_pt_ao90\/wp-json\/wp\/v2\/posts\/7639","targetHints":{"allow":["GET"]}}],"collection":[{"href":"https:\/\/alinvest-verde.eu\/pt_pt_ao90\/wp-json\/wp\/v2\/posts"}],"about":[{"href":"https:\/\/alinvest-verde.eu\/pt_pt_ao90\/wp-json\/wp\/v2\/types\/post"}],"author":[{"embeddable":true,"href":"https:\/\/alinvest-verde.eu\/pt_pt_ao90\/wp-json\/wp\/v2\/users\/6"}],"replies":[{"embeddable":true,"href":"https:\/\/alinvest-verde.eu\/pt_pt_ao90\/wp-json\/wp\/v2\/comments?post=7639"}],"version-history":[{"count":10,"href":"https:\/\/alinvest-verde.eu\/pt_pt_ao90\/wp-json\/wp\/v2\/posts\/7639\/revisions"}],"predecessor-version":[{"id":7750,"href":"https:\/\/alinvest-verde.eu\/pt_pt_ao90\/wp-json\/wp\/v2\/posts\/7639\/revisions\/7750"}],"wp:featuredmedia":[{"embeddable":true,"href":"https:\/\/alinvest-verde.eu\/pt_pt_ao90\/wp-json\/wp\/v2\/media\/7641"}],"wp:attachment":[{"href":"https:\/\/alinvest-verde.eu\/pt_pt_ao90\/wp-json\/wp\/v2\/media?parent=7639"}],"wp:term":[{"taxonomy":"category","embeddable":true,"href":"https:\/\/alinvest-verde.eu\/pt_pt_ao90\/wp-json\/wp\/v2\/categories?post=7639"},{"taxonomy":"post_tag","embeddable":true,"href":"https:\/\/alinvest-verde.eu\/pt_pt_ao90\/wp-json\/wp\/v2\/tags?post=7639"}],"curies":[{"name":"wp","href":"https:\/\/api.w.org\/{rel}","templated":true}]}}