{"id":8077,"date":"2023-07-28T04:50:59","date_gmt":"2023-07-28T02:50:59","guid":{"rendered":"https:\/\/alinvest-verde.eu\/?p=8077"},"modified":"2024-07-05T17:21:58","modified_gmt":"2024-07-05T15:21:58","slug":"avances-para-reforzar-la-ganaderia-sostenible-en-santa-fe-argentina","status":"publish","type":"post","link":"https:\/\/alinvest-verde.eu\/pt_pt_ao90\/avances-para-reforzar-la-ganaderia-sostenible-en-santa-fe-argentina\/","title":{"rendered":"Progressos para refor\u00e7ar a pecu\u00e1ria sustent\u00e1vel em Santa F\u00e9, Argentina"},"content":{"rendered":"<div data-elementor-type=\"wp-post\" data-elementor-id=\"8077\" class=\"elementor elementor-8077\" data-elementor-post-type=\"post\">\n\t\t\t\t\t\t<section class=\"elementor-section elementor-top-section elementor-element elementor-element-21acb4b0 elementor-section-boxed elementor-section-height-default elementor-section-height-default\" data-id=\"21acb4b0\" data-element_type=\"section\" data-e-type=\"section\">\n\t\t\t\t\t\t<div class=\"elementor-container elementor-column-gap-default\">\n\t\t\t\t\t<div class=\"elementor-column elementor-col-100 elementor-top-column elementor-element elementor-element-380f5937\" data-id=\"380f5937\" data-element_type=\"column\" data-e-type=\"column\">\n\t\t\t<div class=\"elementor-widget-wrap elementor-element-populated\">\n\t\t\t\t\t\t<div class=\"elementor-element elementor-element-4704647c elementor-widget elementor-widget-text-editor\" data-id=\"4704647c\" data-element_type=\"widget\" data-e-type=\"widget\" data-widget_type=\"text-editor.default\">\n\t\t\t\t<div class=\"elementor-widget-container\">\n\t\t\t\t\t\t\t\t\t<p><\/p>\n<p class=\"wp-block-paragraph\"><strong>Ros\u00e1rio, 26 de julho de 2023.<\/strong> O Governo de Santa F\u00e9, na Argentina, e o AL-INVEST Verde Componente 2 apresentaram a segunda fase da a\u00e7\u00e3o conjunta para o <a href=\"https:\/\/alinvest-verde.eu\/pt_pt_ao90\/accion-argentina-santa-fe\/\">sustentabilidade da cadeia de valor da carne de bovino e do couro<\/a>. Atrav\u00e9s desta a\u00e7\u00e3o, o <strong>estrat\u00e9gia provincial para um sistema p\u00fablico de rastreabilidade e certifica\u00e7\u00e3o<\/strong> produ\u00e7\u00e3o de carne de bovino e de couro sem desfloresta\u00e7\u00e3o e uma produ\u00e7\u00e3o de carne de bovino e de couro sem desfloresta\u00e7\u00e3o <strong>regime de incentivos<\/strong> para os actores da cadeia aderirem a este sistema.<\/p>\n<p><\/p>\n<p class=\"wp-block-paragraph\">Durante a apresenta\u00e7\u00e3o, o Ministro da Produ\u00e7\u00e3o, Ci\u00eancia e Tecnologia, Daniel Costamagna, indicou que o avan\u00e7o na rastreabilidade e certifica\u00e7\u00e3o da cadeia de valor da carne permite \u00e0 prov\u00edncia de Santa F\u00e9 \"...\".<strong>estar na vanguarda das exig\u00eancias do mercado internacional<\/strong> e acompanhar a produ\u00e7\u00e3o, garantindo o posicionamento dos nossos produtos nos mercados\".<\/p>\n<p><\/p>\n<p class=\"wp-block-paragraph\">A Ministra do Ambiente e das Altera\u00e7\u00f5es Clim\u00e1ticas, Erika Gonnet, sublinhou que \"estas ac\u00e7\u00f5es s\u00e3o fundamentais, pois permitem-nos <strong>valor acrescentado <\/strong>para as nossas exporta\u00e7\u00f5es, tendo em conta as exig\u00eancias da Uni\u00e3o Europeia\".<\/p>\n<p><\/p>\n<p class=\"wp-block-paragraph\">A este respeito, o diretor da Componente 2, Emilio Calvo Rold\u00e1n, referiu-se \u00e0 entrada em vigor do novo regulamento da UE sobre cadeias de abastecimento livres de desfloresta\u00e7\u00e3o e degrada\u00e7\u00e3o florestal e sublinhou que Santa F\u00e9 \"tem uma base s\u00f3lida para o seu cumprimento\", uma vez que a prov\u00edncia \u00e9 \"pioneira na <strong>progressos em mat\u00e9ria de rastreabilidade e certifica\u00e7\u00e3o<\/strong>atrav\u00e9s do programa de carne e peles sem desfloresta\u00e7\u00e3o em que estamos a trabalhar em conjunto.<\/p>\n<p><\/p>\n<p class=\"wp-block-paragraph\"><strong>Acrescentar valor <\/strong><\/p>\n<p><\/p>\n<p class=\"wp-block-paragraph\">A prov\u00edncia de Santa F\u00e9 e a AL-INVEST Verde iniciaram a sua colabora\u00e7\u00e3o no final de 2022, antes da aprova\u00e7\u00e3o do referido regulamento, com o objetivo de consolidar a inser\u00e7\u00e3o da prov\u00edncia em cadeias de abastecimento sustent\u00e1veis \u00e0 escala global e posicionar a sua produ\u00e7\u00e3o no mercado internacional, acrescentando valor aos seus produtos.<\/p>\n<p><\/p>\n<p class=\"wp-block-paragraph\">Na primeira fase da a\u00e7\u00e3o para o <a href=\"https:\/\/alinvest-verde.eu\/pt_pt_ao90\/la-provincia-argentina-de-santa-fe-inicia-colaboracion-con-al-invest-verde-para-la-sostenibilidad-del-sector-carnico\/\">refor\u00e7o da cadeia de valor da carne de Santa F\u00e9<\/a>Realizou-se uma revis\u00e3o das actuais pol\u00edticas socioambientais implementadas na prov\u00edncia de Santa F\u00e9 e promoveu-se uma reflex\u00e3o sobre os sistemas de rastreabilidade e a sua rela\u00e7\u00e3o com a redu\u00e7\u00e3o do risco de desfloresta\u00e7\u00e3o. Tamb\u00e9m foram realizadas reuni\u00f5es com equipas t\u00e9cnicas provinciais e actores do sector p\u00fablico e privado para recolher informa\u00e7\u00e3o sobre as ac\u00e7\u00f5es de rastreabilidade implementadas na prov\u00edncia, com vista ao desenvolvimento da segunda fase da a\u00e7\u00e3o.<\/p>\n<p><\/p>\n<p class=\"wp-block-paragraph\">A a\u00e7\u00e3o \u00e9 implementada atrav\u00e9s do Minist\u00e9rio da Produ\u00e7\u00e3o, Ci\u00eancia e Tecnologia, do Minist\u00e9rio do Ambiente e das Altera\u00e7\u00f5es Clim\u00e1ticas e da Secretaria para a Coopera\u00e7\u00e3o Internacional e Integra\u00e7\u00e3o Regional. O evento de apresenta\u00e7\u00e3o da segunda fase contou com a presen\u00e7a de funcion\u00e1rios provinciais, representantes do sector p\u00fablico e privado, c\u00e2maras e associa\u00e7\u00f5es da cadeia de valor da carne de Santa F\u00e9, o Diretor Regional do INTA e do SENASA, a Bolsa de Valores de Ros\u00e1rio e representantes de curtumes e f\u00e1bricas de processamento de carne. A apresenta\u00e7\u00e3o foi tamb\u00e9m acompanhada pelos respons\u00e1veis da Funda\u00e7\u00e3o Argentina para a Vida Selvagem e do World Wildlife Fund (WWF).<\/p>\n<p><\/p>\n<p class=\"wp-block-paragraph\"><strong>Sobre o AL-INVEST Verde<\/strong><\/p>\n<p><\/p>\n<p class=\"wp-block-paragraph\">AL-INVEST Verde \u00e9 um programa da Uni\u00e3o Europeia (UE) cujo principal objectivo \u00e9 promover o crescimento sustent\u00e1vel e a cria\u00e7\u00e3o de emprego na Am\u00e9rica Latina, apoiando a transi\u00e7\u00e3o para uma economia de baixo carbono, eficiente em termos de recursos e mais circular. Atrav\u00e9s da Componente 2, liderada pela FIIAPP em cons\u00f3rcio com o IILA, o programa fornece assist\u00eancia para refor\u00e7ar as pol\u00edticas p\u00fablicas e os di\u00e1logos entre as v\u00e1rias partes interessadas sobre cadeias agr\u00edcolas e de valor sustent\u00e1veis, normas ambientais e laborais, bem como o com\u00e9rcio sustent\u00e1vel e os quadros de pol\u00edtica econ\u00f3mica e reguladores.<\/p>\n<p><\/p>\t\t\t\t\t\t\t\t<\/div>\n\t\t\t\t<\/div>\n\t\t\t\t\t<\/div>\n\t\t<\/div>\n\t\t\t\t\t<\/div>\n\t\t<\/section>\n\t\t\t\t<section class=\"elementor-section elementor-top-section elementor-element elementor-element-728e6a3 elementor-section-boxed elementor-section-height-default elementor-section-height-default\" data-id=\"728e6a3\" data-element_type=\"section\" data-e-type=\"section\">\n\t\t\t\t\t\t<div class=\"elementor-container elementor-column-gap-default\">\n\t\t\t\t\t<div class=\"elementor-column elementor-col-100 elementor-top-column elementor-element elementor-element-831cf71\" data-id=\"831cf71\" data-element_type=\"column\" data-e-type=\"column\">\n\t\t\t<div class=\"elementor-widget-wrap elementor-element-populated\">\n\t\t\t\t\t\t<div class=\"elementor-element elementor-element-f2c58d2 elementor-widget elementor-widget-html\" data-id=\"f2c58d2\" data-element_type=\"widget\" data-e-type=\"widget\" data-widget_type=\"html.default\">\n\t\t\t\t<div class=\"elementor-widget-container\">\n\t\t\t\t\t<a data-flickr-embed=\"true\" href=\"https:\/\/www.flickr.com\/photos\/al-investverde\/albums\/72177720310077666\" title=\"A\u00e7\u00e3o para uma pecu\u00e1ria sustent\u00e1vel em Santa F\u00e9, Argentina\"><img fetchpriority=\"high\" decoding=\"async\" src=\"https:\/\/live.staticflickr.com\/65535\/53076229391_002a7ac250_c.jpg\" width=\"800\" height=\"600\" alt=\"Acci\u00f3n para la ganader\u00eda sostenible en Santa Fe, Argentina\"\/><\/a><script async src=\"\/\/embedr.flickr.com\/assets\/client-code.js\" charset=\"utf-8\"><\/script>\t\t\t\t<\/div>\n\t\t\t\t<\/div>\n\t\t\t\t\t<\/div>\n\t\t<\/div>\n\t\t\t\t\t<\/div>\n\t\t<\/section>\n\t\t\t\t<\/div>","protected":false},"excerpt":{"rendered":"<p>Rosario, 26 de julio de 2023.- El Gobierno de Santa Fe, en Argentina, y el Componente 2 de AL-INVEST Verde presentaron la segunda fase de la acci\u00f3n conjunta para la sostenibilidad de la cadena de valor de la carne bovina y el cuero. Mediante esta acci\u00f3n, se desarrollar\u00e1 la estrategia provincial de un sistema p\u00fablico [&hellip;]<\/p>\n","protected":false},"author":6,"featured_media":8091,"comment_status":"closed","ping_status":"closed","sticky":false,"template":"","format":"standard","meta":{"footnotes":""},"categories":[54,60,24,19,20],"tags":[21,41,25,42,38,32,30,43],"class_list":["post-8077","post","type-post","status-publish","format-standard","has-post-thumbnail","hentry","category-2023-component-2","category-2023-news","category-actualidad","category-component-2","category-news","tag-cadenas-de-valor","tag-carne","tag-componente-2","tag-cuero","tag-deforestacion","tag-ganaderia","tag-sostenibilidad","tag-trazabilidad"],"yoast_head":"<!-- This site is optimized with the Yoast SEO plugin v28.4 - https:\/\/yoast.com\/product\/yoast-seo-wordpress\/ -->\n<title>Avances para reforzar la ganader\u00eda sostenible en Santa Fe, Argentina - Programme AL-INVEST Verde<\/title>\n<meta name=\"robots\" content=\"index, follow, max-snippet:-1, max-image-preview:large, max-video-preview:-1\" \/>\n<link rel=\"canonical\" href=\"https:\/\/alinvest-verde.eu\/pt_pt_ao90\/avances-para-reforzar-la-ganaderia-sostenible-en-santa-fe-argentina\/\" \/>\n<meta property=\"og:locale\" content=\"pt_PT\" \/>\n<meta property=\"og:type\" content=\"article\" \/>\n<meta property=\"og:title\" content=\"Avances para reforzar la ganader\u00eda sostenible en Santa Fe, Argentina - Programme AL-INVEST Verde\" \/>\n<meta property=\"og:description\" content=\"Rosario, 26 de julio de 2023.- El Gobierno de Santa Fe, en Argentina, y el Componente 2 de AL-INVEST Verde presentaron la segunda fase de la acci\u00f3n conjunta para la sostenibilidad de la cadena de valor de la carne bovina y el cuero. Mediante esta acci\u00f3n, se desarrollar\u00e1 la estrategia provincial de un sistema p\u00fablico [&hellip;]\" \/>\n<meta property=\"og:url\" content=\"https:\/\/alinvest-verde.eu\/pt_pt_ao90\/avances-para-reforzar-la-ganaderia-sostenible-en-santa-fe-argentina\/\" \/>\n<meta property=\"og:site_name\" content=\"Programme AL-INVEST Verde\" \/>\n<meta property=\"article:published_time\" content=\"2023-07-28T02:50:59+00:00\" \/>\n<meta property=\"article:modified_time\" content=\"2024-07-05T15:21:58+00:00\" \/>\n<meta property=\"og:image\" content=\"https:\/\/alinvest-verde.eu\/wp-content\/uploads\/2023\/07\/Santa-Fe-grupo-2-scaled.jpg\" \/>\n\t<meta property=\"og:image:width\" content=\"2560\" \/>\n\t<meta property=\"og:image:height\" content=\"1499\" \/>\n\t<meta property=\"og:image:type\" content=\"image\/jpeg\" \/>\n<meta name=\"author\" content=\"Azucena Garc\u00eda\" \/>\n<meta name=\"twitter:card\" content=\"summary_large_image\" \/>\n<meta name=\"twitter:creator\" content=\"@Frank Summa\" \/>\n<meta name=\"twitter:label1\" content=\"Written by\" \/>\n\t<meta name=\"twitter:data1\" content=\"\" \/>\n\t<meta name=\"twitter:label2\" content=\"Est. reading time\" \/>\n\t<meta name=\"twitter:data2\" content=\"3 minutos\" \/>\n<script type=\"application\/ld+json\" class=\"yoast-schema-graph\">{\"@context\":\"https:\\\/\\\/schema.org\",\"@graph\":[{\"@type\":\"Article\",\"@id\":\"https:\\\/\\\/alinvest-verde.eu\\\/avances-para-reforzar-la-ganaderia-sostenible-en-santa-fe-argentina\\\/#article\",\"isPartOf\":{\"@id\":\"https:\\\/\\\/alinvest-verde.eu\\\/avances-para-reforzar-la-ganaderia-sostenible-en-santa-fe-argentina\\\/\"},\"author\":{\"name\":\"Azucena Garc\u00eda\",\"@id\":\"https:\\\/\\\/alinvest-verde.eu\\\/#\\\/schema\\\/person\\\/8804ec49772ba377829838bc11b6aa6b\"},\"headline\":\"Avances para reforzar la ganader\u00eda sostenible en Santa Fe, Argentina\",\"datePublished\":\"2023-07-28T02:50:59+00:00\",\"dateModified\":\"2024-07-05T15:21:58+00:00\",\"mainEntityOfPage\":{\"@id\":\"https:\\\/\\\/alinvest-verde.eu\\\/avances-para-reforzar-la-ganaderia-sostenible-en-santa-fe-argentina\\\/\"},\"wordCount\":679,\"publisher\":{\"@id\":\"https:\\\/\\\/alinvest-verde.eu\\\/#organization\"},\"image\":{\"@id\":\"https:\\\/\\\/alinvest-verde.eu\\\/avances-para-reforzar-la-ganaderia-sostenible-en-santa-fe-argentina\\\/#primaryimage\"},\"thumbnailUrl\":\"https:\\\/\\\/alinvest-verde.eu\\\/wp-content\\\/uploads\\\/2023\\\/07\\\/Santa-Fe-grupo-2-scaled.jpg\",\"keywords\":[\"cadenas de valor\",\"carne\",\"Componente 2\",\"cuero\",\"deforestaci\u00f3n\",\"ganader\u00eda\",\"sostenibilidad\",\"trazabilidad\"],\"articleSection\":[\"2023\",\"2023\",\"Actualidad\",\"Component 2\",\"News\"],\"inLanguage\":\"pt-PT\"},{\"@type\":\"WebPage\",\"@id\":\"https:\\\/\\\/alinvest-verde.eu\\\/avances-para-reforzar-la-ganaderia-sostenible-en-santa-fe-argentina\\\/\",\"url\":\"https:\\\/\\\/alinvest-verde.eu\\\/avances-para-reforzar-la-ganaderia-sostenible-en-santa-fe-argentina\\\/\",\"name\":\"Avances para reforzar la ganader\u00eda sostenible en Santa Fe, Argentina - Programme AL-INVEST Verde\",\"isPartOf\":{\"@id\":\"https:\\\/\\\/alinvest-verde.eu\\\/#website\"},\"primaryImageOfPage\":{\"@id\":\"https:\\\/\\\/alinvest-verde.eu\\\/avances-para-reforzar-la-ganaderia-sostenible-en-santa-fe-argentina\\\/#primaryimage\"},\"image\":{\"@id\":\"https:\\\/\\\/alinvest-verde.eu\\\/avances-para-reforzar-la-ganaderia-sostenible-en-santa-fe-argentina\\\/#primaryimage\"},\"thumbnailUrl\":\"https:\\\/\\\/alinvest-verde.eu\\\/wp-content\\\/uploads\\\/2023\\\/07\\\/Santa-Fe-grupo-2-scaled.jpg\",\"datePublished\":\"2023-07-28T02:50:59+00:00\",\"dateModified\":\"2024-07-05T15:21:58+00:00\",\"breadcrumb\":{\"@id\":\"https:\\\/\\\/alinvest-verde.eu\\\/avances-para-reforzar-la-ganaderia-sostenible-en-santa-fe-argentina\\\/#breadcrumb\"},\"inLanguage\":\"pt-PT\",\"potentialAction\":[{\"@type\":\"ReadAction\",\"target\":[\"https:\\\/\\\/alinvest-verde.eu\\\/avances-para-reforzar-la-ganaderia-sostenible-en-santa-fe-argentina\\\/\"]}]},{\"@type\":\"ImageObject\",\"inLanguage\":\"pt-PT\",\"@id\":\"https:\\\/\\\/alinvest-verde.eu\\\/avances-para-reforzar-la-ganaderia-sostenible-en-santa-fe-argentina\\\/#primaryimage\",\"url\":\"https:\\\/\\\/alinvest-verde.eu\\\/wp-content\\\/uploads\\\/2023\\\/07\\\/Santa-Fe-grupo-2-scaled.jpg\",\"contentUrl\":\"https:\\\/\\\/alinvest-verde.eu\\\/wp-content\\\/uploads\\\/2023\\\/07\\\/Santa-Fe-grupo-2-scaled.jpg\",\"width\":2560,\"height\":1499},{\"@type\":\"BreadcrumbList\",\"@id\":\"https:\\\/\\\/alinvest-verde.eu\\\/avances-para-reforzar-la-ganaderia-sostenible-en-santa-fe-argentina\\\/#breadcrumb\",\"itemListElement\":[{\"@type\":\"ListItem\",\"position\":1,\"name\":\"Inicio\",\"item\":\"https:\\\/\\\/alinvest-verde.eu\\\/\"},{\"@type\":\"ListItem\",\"position\":2,\"name\":\"Component 2\",\"item\":\"https:\\\/\\\/alinvest-verde.eu\\\/category\\\/component-2\\\/\"},{\"@type\":\"ListItem\",\"position\":3,\"name\":\"Avances para reforzar la ganader\u00eda sostenible en Santa Fe, Argentina\"}]},{\"@type\":\"WebSite\",\"@id\":\"https:\\\/\\\/alinvest-verde.eu\\\/#website\",\"url\":\"https:\\\/\\\/alinvest-verde.eu\\\/\",\"name\":\"Programme AL-INVEST Verde\",\"description\":\"Building alliances with the private sector in LA and promote sustainable growth and jobs creation by supporting the transition towards a low-carbon, resource-efficient economy\",\"publisher\":{\"@id\":\"https:\\\/\\\/alinvest-verde.eu\\\/#organization\"},\"potentialAction\":[{\"@type\":\"SearchAction\",\"target\":{\"@type\":\"EntryPoint\",\"urlTemplate\":\"https:\\\/\\\/alinvest-verde.eu\\\/?s={search_term_string}\"},\"query-input\":{\"@type\":\"PropertyValueSpecification\",\"valueRequired\":true,\"valueName\":\"search_term_string\"}}],\"inLanguage\":\"pt-PT\"},{\"@type\":\"Organization\",\"@id\":\"https:\\\/\\\/alinvest-verde.eu\\\/#organization\",\"name\":\"Programme AL-INVEST Verde\",\"url\":\"https:\\\/\\\/alinvest-verde.eu\\\/\",\"logo\":{\"@type\":\"ImageObject\",\"inLanguage\":\"pt-PT\",\"@id\":\"https:\\\/\\\/alinvest-verde.eu\\\/#\\\/schema\\\/logo\\\/image\\\/\",\"url\":\"https:\\\/\\\/alinvest-verde.eu\\\/wp-content\\\/uploads\\\/2022\\\/01\\\/cropped-logo-financiado-por-la-UE.jpg\",\"contentUrl\":\"https:\\\/\\\/alinvest-verde.eu\\\/wp-content\\\/uploads\\\/2022\\\/01\\\/cropped-logo-financiado-por-la-UE.jpg\",\"width\":756,\"height\":216,\"caption\":\"Programme AL-INVEST Verde\"},\"image\":{\"@id\":\"https:\\\/\\\/alinvest-verde.eu\\\/#\\\/schema\\\/logo\\\/image\\\/\"}},{\"@type\":\"Person\",\"@id\":\"https:\\\/\\\/alinvest-verde.eu\\\/#\\\/schema\\\/person\\\/8804ec49772ba377829838bc11b6aa6b\",\"name\":\"Azucena Garc\u00eda\",\"image\":{\"@type\":\"ImageObject\",\"inLanguage\":\"pt-PT\",\"@id\":\"https:\\\/\\\/secure.gravatar.com\\\/avatar\\\/fc4d91c562d3c4ac55cafd2f4ae4ebd513d2304b007a5c8d4f2d8543edeb9d79?s=96&d=mm&r=g\",\"url\":\"https:\\\/\\\/secure.gravatar.com\\\/avatar\\\/fc4d91c562d3c4ac55cafd2f4ae4ebd513d2304b007a5c8d4f2d8543edeb9d79?s=96&d=mm&r=g\",\"contentUrl\":\"https:\\\/\\\/secure.gravatar.com\\\/avatar\\\/fc4d91c562d3c4ac55cafd2f4ae4ebd513d2304b007a5c8d4f2d8543edeb9d79?s=96&d=mm&r=g\",\"caption\":\"Azucena Garc\u00eda\"},\"sameAs\":[\"https:\\\/\\\/x.com\\\/Frank Summa\"],\"url\":\"https:\\\/\\\/alinvest-verde.eu\\\/pt_pt_ao90\\\/author\\\/azucena-garcia\\\/\"}]}<\/script>\n<!-- \/ Yoast SEO plugin. -->","yoast_head_json":{"title":"Progressos para refor\u00e7ar a pecu\u00e1ria sustent\u00e1vel em Santa F\u00e9, Argentina - Programa AL-INVEST Verde","robots":{"index":"index","follow":"follow","max-snippet":"max-snippet:-1","max-image-preview":"max-image-preview:large","max-video-preview":"max-video-preview:-1"},"canonical":"https:\/\/alinvest-verde.eu\/pt_pt_ao90\/avances-para-reforzar-la-ganaderia-sostenible-en-santa-fe-argentina\/","og_locale":"pt_PT","og_type":"article","og_title":"Avances para reforzar la ganader\u00eda sostenible en Santa Fe, Argentina - Programme AL-INVEST Verde","og_description":"Rosario, 26 de julio de 2023.- El Gobierno de Santa Fe, en Argentina, y el Componente 2 de AL-INVEST Verde presentaron la segunda fase de la acci\u00f3n conjunta para la sostenibilidad de la cadena de valor de la carne bovina y el cuero. Mediante esta acci\u00f3n, se desarrollar\u00e1 la estrategia provincial de un sistema p\u00fablico [&hellip;]","og_url":"https:\/\/alinvest-verde.eu\/pt_pt_ao90\/avances-para-reforzar-la-ganaderia-sostenible-en-santa-fe-argentina\/","og_site_name":"Programme AL-INVEST Verde","article_published_time":"2023-07-28T02:50:59+00:00","article_modified_time":"2024-07-05T15:21:58+00:00","og_image":[{"width":2560,"height":1499,"url":"https:\/\/alinvest-verde.eu\/wp-content\/uploads\/2023\/07\/Santa-Fe-grupo-2-scaled.jpg","type":"image\/jpeg"}],"author":"Azucena Garc\u00eda","twitter_card":"summary_large_image","twitter_creator":"@Frank Summa","twitter_misc":{"Written by":false,"Est. reading time":"3 minutos"},"schema":{"@context":"https:\/\/schema.org","@graph":[{"@type":"Article","@id":"https:\/\/alinvest-verde.eu\/avances-para-reforzar-la-ganaderia-sostenible-en-santa-fe-argentina\/#article","isPartOf":{"@id":"https:\/\/alinvest-verde.eu\/avances-para-reforzar-la-ganaderia-sostenible-en-santa-fe-argentina\/"},"author":{"name":"Azucena Garc\u00eda","@id":"https:\/\/alinvest-verde.eu\/#\/schema\/person\/8804ec49772ba377829838bc11b6aa6b"},"headline":"Avances para reforzar la ganader\u00eda sostenible en Santa Fe, Argentina","datePublished":"2023-07-28T02:50:59+00:00","dateModified":"2024-07-05T15:21:58+00:00","mainEntityOfPage":{"@id":"https:\/\/alinvest-verde.eu\/avances-para-reforzar-la-ganaderia-sostenible-en-santa-fe-argentina\/"},"wordCount":679,"publisher":{"@id":"https:\/\/alinvest-verde.eu\/#organization"},"image":{"@id":"https:\/\/alinvest-verde.eu\/avances-para-reforzar-la-ganaderia-sostenible-en-santa-fe-argentina\/#primaryimage"},"thumbnailUrl":"https:\/\/alinvest-verde.eu\/wp-content\/uploads\/2023\/07\/Santa-Fe-grupo-2-scaled.jpg","keywords":["cadenas de valor","carne","Componente 2","cuero","deforestaci\u00f3n","ganader\u00eda","sostenibilidad","trazabilidad"],"articleSection":["2023","2023","Actualidad","Component 2","News"],"inLanguage":"pt-PT"},{"@type":"WebPage","@id":"https:\/\/alinvest-verde.eu\/avances-para-reforzar-la-ganaderia-sostenible-en-santa-fe-argentina\/","url":"https:\/\/alinvest-verde.eu\/avances-para-reforzar-la-ganaderia-sostenible-en-santa-fe-argentina\/","name":"Progressos para refor\u00e7ar a pecu\u00e1ria sustent\u00e1vel em Santa F\u00e9, Argentina - Programa AL-INVEST Verde","isPartOf":{"@id":"https:\/\/alinvest-verde.eu\/#website"},"primaryImageOfPage":{"@id":"https:\/\/alinvest-verde.eu\/avances-para-reforzar-la-ganaderia-sostenible-en-santa-fe-argentina\/#primaryimage"},"image":{"@id":"https:\/\/alinvest-verde.eu\/avances-para-reforzar-la-ganaderia-sostenible-en-santa-fe-argentina\/#primaryimage"},"thumbnailUrl":"https:\/\/alinvest-verde.eu\/wp-content\/uploads\/2023\/07\/Santa-Fe-grupo-2-scaled.jpg","datePublished":"2023-07-28T02:50:59+00:00","dateModified":"2024-07-05T15:21:58+00:00","breadcrumb":{"@id":"https:\/\/alinvest-verde.eu\/avances-para-reforzar-la-ganaderia-sostenible-en-santa-fe-argentina\/#breadcrumb"},"inLanguage":"pt-PT","potentialAction":[{"@type":"ReadAction","target":["https:\/\/alinvest-verde.eu\/avances-para-reforzar-la-ganaderia-sostenible-en-santa-fe-argentina\/"]}]},{"@type":"ImageObject","inLanguage":"pt-PT","@id":"https:\/\/alinvest-verde.eu\/avances-para-reforzar-la-ganaderia-sostenible-en-santa-fe-argentina\/#primaryimage","url":"https:\/\/alinvest-verde.eu\/wp-content\/uploads\/2023\/07\/Santa-Fe-grupo-2-scaled.jpg","contentUrl":"https:\/\/alinvest-verde.eu\/wp-content\/uploads\/2023\/07\/Santa-Fe-grupo-2-scaled.jpg","width":2560,"height":1499},{"@type":"BreadcrumbList","@id":"https:\/\/alinvest-verde.eu\/avances-para-reforzar-la-ganaderia-sostenible-en-santa-fe-argentina\/#breadcrumb","itemListElement":[{"@type":"ListItem","position":1,"name":"Inicio","item":"https:\/\/alinvest-verde.eu\/"},{"@type":"ListItem","position":2,"name":"Component 2","item":"https:\/\/alinvest-verde.eu\/category\/component-2\/"},{"@type":"ListItem","position":3,"name":"Avances para reforzar la ganader\u00eda sostenible en Santa Fe, Argentina"}]},{"@type":"WebSite","@id":"https:\/\/alinvest-verde.eu\/#website","url":"https:\/\/alinvest-verde.eu\/","name":"Programa AL-INVEST Verde","description":"Construir alian\u00e7as com o sector privado na AL e promover o crescimento sustent\u00e1vel e a cria\u00e7\u00e3o de empregos, apoiando a transi\u00e7\u00e3o para uma economia de baixo carbono e eficiente em termos de recursos","publisher":{"@id":"https:\/\/alinvest-verde.eu\/#organization"},"potentialAction":[{"@type":"SearchAction","target":{"@type":"EntryPoint","urlTemplate":"https:\/\/alinvest-verde.eu\/?s={search_term_string}"},"query-input":{"@type":"PropertyValueSpecification","valueRequired":true,"valueName":"search_term_string"}}],"inLanguage":"pt-PT"},{"@type":"Organization","@id":"https:\/\/alinvest-verde.eu\/#organization","name":"Programa AL-INVEST Verde","url":"https:\/\/alinvest-verde.eu\/","logo":{"@type":"ImageObject","inLanguage":"pt-PT","@id":"https:\/\/alinvest-verde.eu\/#\/schema\/logo\/image\/","url":"https:\/\/alinvest-verde.eu\/wp-content\/uploads\/2022\/01\/cropped-logo-financiado-por-la-UE.jpg","contentUrl":"https:\/\/alinvest-verde.eu\/wp-content\/uploads\/2022\/01\/cropped-logo-financiado-por-la-UE.jpg","width":756,"height":216,"caption":"Programme AL-INVEST Verde"},"image":{"@id":"https:\/\/alinvest-verde.eu\/#\/schema\/logo\/image\/"}},{"@type":"Person","@id":"https:\/\/alinvest-verde.eu\/#\/schema\/person\/8804ec49772ba377829838bc11b6aa6b","name":"Azucena Garcia","image":{"@type":"ImageObject","inLanguage":"pt-PT","@id":"https:\/\/secure.gravatar.com\/avatar\/fc4d91c562d3c4ac55cafd2f4ae4ebd513d2304b007a5c8d4f2d8543edeb9d79?s=96&d=mm&r=g","url":"https:\/\/secure.gravatar.com\/avatar\/fc4d91c562d3c4ac55cafd2f4ae4ebd513d2304b007a5c8d4f2d8543edeb9d79?s=96&d=mm&r=g","contentUrl":"https:\/\/secure.gravatar.com\/avatar\/fc4d91c562d3c4ac55cafd2f4ae4ebd513d2304b007a5c8d4f2d8543edeb9d79?s=96&d=mm&r=g","caption":"Azucena Garc\u00eda"},"sameAs":["https:\/\/x.com\/Frank Summa"],"url":"https:\/\/alinvest-verde.eu\/pt_pt_ao90\/author\/azucena-garcia\/"}]}},"_links":{"self":[{"href":"https:\/\/alinvest-verde.eu\/pt_pt_ao90\/wp-json\/wp\/v2\/posts\/8077","targetHints":{"allow":["GET"]}}],"collection":[{"href":"https:\/\/alinvest-verde.eu\/pt_pt_ao90\/wp-json\/wp\/v2\/posts"}],"about":[{"href":"https:\/\/alinvest-verde.eu\/pt_pt_ao90\/wp-json\/wp\/v2\/types\/post"}],"author":[{"embeddable":true,"href":"https:\/\/alinvest-verde.eu\/pt_pt_ao90\/wp-json\/wp\/v2\/users\/6"}],"replies":[{"embeddable":true,"href":"https:\/\/alinvest-verde.eu\/pt_pt_ao90\/wp-json\/wp\/v2\/comments?post=8077"}],"version-history":[{"count":15,"href":"https:\/\/alinvest-verde.eu\/pt_pt_ao90\/wp-json\/wp\/v2\/posts\/8077\/revisions"}],"predecessor-version":[{"id":8177,"href":"https:\/\/alinvest-verde.eu\/pt_pt_ao90\/wp-json\/wp\/v2\/posts\/8077\/revisions\/8177"}],"wp:featuredmedia":[{"embeddable":true,"href":"https:\/\/alinvest-verde.eu\/pt_pt_ao90\/wp-json\/wp\/v2\/media\/8091"}],"wp:attachment":[{"href":"https:\/\/alinvest-verde.eu\/pt_pt_ao90\/wp-json\/wp\/v2\/media?parent=8077"}],"wp:term":[{"taxonomy":"category","embeddable":true,"href":"https:\/\/alinvest-verde.eu\/pt_pt_ao90\/wp-json\/wp\/v2\/categories?post=8077"},{"taxonomy":"post_tag","embeddable":true,"href":"https:\/\/alinvest-verde.eu\/pt_pt_ao90\/wp-json\/wp\/v2\/tags?post=8077"}],"curies":[{"name":"wp","href":"https:\/\/api.w.org\/{rel}","templated":true}]}}