{"id":8116,"date":"2023-07-28T14:19:09","date_gmt":"2023-07-28T12:19:09","guid":{"rendered":"https:\/\/alinvest-verde.eu\/?p=8116"},"modified":"2024-07-05T17:21:58","modified_gmt":"2024-07-05T15:21:58","slug":"fortalecimiento-de-los-laboratorios-argentinos-de-ensayo-y-certificacion","status":"publish","type":"post","link":"https:\/\/alinvest-verde.eu\/pt_pt_ao90\/fortalecimiento-de-los-laboratorios-argentinos-de-ensayo-y-certificacion\/","title":{"rendered":"Refor\u00e7o dos laborat\u00f3rios de ensaio e certifica\u00e7\u00e3o argentinos"},"content":{"rendered":"<div data-elementor-type=\"wp-post\" data-elementor-id=\"8116\" class=\"elementor elementor-8116\" data-elementor-post-type=\"post\">\n\t\t\t\t\t\t<section class=\"elementor-section elementor-top-section elementor-element elementor-element-192a5bb6 elementor-section-boxed elementor-section-height-default elementor-section-height-default\" data-id=\"192a5bb6\" data-element_type=\"section\" data-e-type=\"section\">\n\t\t\t\t\t\t<div class=\"elementor-container elementor-column-gap-default\">\n\t\t\t\t\t<div class=\"elementor-column elementor-col-100 elementor-top-column elementor-element elementor-element-4f9b85f9\" data-id=\"4f9b85f9\" data-element_type=\"column\" data-e-type=\"column\">\n\t\t\t<div class=\"elementor-widget-wrap elementor-element-populated\">\n\t\t\t\t\t\t<div class=\"elementor-element elementor-element-74f42530 elementor-widget elementor-widget-text-editor\" data-id=\"74f42530\" data-element_type=\"widget\" data-e-type=\"widget\" data-widget_type=\"text-editor.default\">\n\t\t\t\t<div class=\"elementor-widget-container\">\n\t\t\t\t\t\t\t\t\t\n<p class=\"wp-block-paragraph\"><strong>Buenos Aires, 27 de julho de 2023. <\/strong>O Minist\u00e9rio da Economia, atrav\u00e9s da Secretaria da Ind\u00fastria e do Desenvolvimento Produtivo, e o AL-INVEST Verde\/Componente 2 trabalhar\u00e3o em conjunto com o <a href=\"https:\/\/www.argentina.gob.ar\/produccion\/plan-nacional-de-calidad\">Plano Nacional de Qualidade<\/a> para o refor\u00e7o dos laborat\u00f3rios nacionais argentinos respons\u00e1veis pelo sistema de qualidade p\u00fablico e privado.<\/p>\n\n<p class=\"wp-block-paragraph\">Para o efeito, a AL-INVEST Verde prestar\u00e1 apoio atrav\u00e9s de um <strong>assist\u00eancia t\u00e9cnica para melhorar a rastreabilidade do couro bovino, da madeira, da soja e dos derivados<\/strong> e promover as exporta\u00e7\u00f5es destes produtos para a Uni\u00e3o Europeia.<\/p>\n\n<p class=\"wp-block-paragraph\">\"Este tipo de alian\u00e7a mostra que o mundo v\u00ea a Argentina como parte da agenda de longo prazo, como a produ\u00e7\u00e3o sustent\u00e1vel, e na qual estamos a fazer todos os esfor\u00e7os para fortalecer o sistema nacional de qualidade para impulsionar as nossas PME para o mundo\", disse o Secret\u00e1rio da Ind\u00fastria e Desenvolvimento Produtivo da Na\u00e7\u00e3o, Jos\u00e9 Ignacio de Mendiguren.<\/p>\n\n<p class=\"wp-block-paragraph\">Por sua vez, a subsecret\u00e1ria de Ind\u00fastria, Priscila Makari, disse que \"a qualidade \u00e9 um aspeto estrat\u00e9gico para toda a ind\u00fastria nacional e todo o aparato produtivo para que nossas exporta\u00e7\u00f5es tenham maior valor agregado argentino e gerem mais e melhores empregos\". \"Estamos a trabalhar arduamente para inserir a Argentina de forma inteligente nos mercados internacionais, adaptando-nos aos padr\u00f5es globais de qualidade. Na agenda de desenvolvimento sustent\u00e1vel com a Uni\u00e3o Europeia, procuramos fortalecer as capacidades nacionais para testar e certificar em nosso pa\u00eds\", acrescentou.<\/p>\n\n<p class=\"wp-block-paragraph\">Enrico Prezio, representante da Uni\u00e3o Europeia na Argentina, tomou ent\u00e3o a palavra, destacando esta a\u00e7\u00e3o como \"uma medida de apoio para poder acompanhar os pa\u00edses da regi\u00e3o. <em>parceiro<\/em> e refor\u00e7ar as rela\u00e7\u00f5es comerciais. \"Se quisermos fazer a diferen\u00e7a em mat\u00e9ria de altera\u00e7\u00f5es clim\u00e1ticas, entre outras, temos de trabalhar em conjunto\", afirmou.<\/p>\n\n<p class=\"wp-block-paragraph\">Emilio Calvo, diretor da Componente 2 do programa AL-INVEST Verde, referiu-se \u00e0 Argentina como \"um pa\u00eds fundamental\", uma vez que a Uni\u00e3o Europeia \u00e9 o primeiro investidor estrangeiro no pa\u00eds e o terceiro maior parceiro comercial. \"Especificamente, os derivados de soja est\u00e3o entre os principais produtos argentinos exportados para a UE, e os couros bovinos e a madeira e seus derivados est\u00e3o entre os produtos com maior potencial para aumentar os seus envios para o mercado da UE. \u00c9 devido a esta import\u00e2ncia comercial que foram priorizados na a\u00e7\u00e3o que hoje apresentamos e que definimos conjuntamente com a Subsecretaria da Ind\u00fastria\", afirmou.<\/p>\n\n<p class=\"wp-block-paragraph\"><strong>Assist\u00eancia t\u00e9cnica<\/strong><\/p>\n\n<p class=\"wp-block-paragraph\">A assist\u00eancia t\u00e9cnica para o fortalecimento dos laborat\u00f3rios argentinos foi apresentada pela Directora Nacional de Desenvolvimento Regional e Sectorial, Maria Sol Pasqualini, e pelo Coordenador do Plano de Qualidade, Pablo Barreto, que indicaram que o seu objetivo \u00e9 expandir a infraestrutura de qualidade da Argentina em produtos relacionados com o couro, a madeira e a soja.<\/p>\n\n<p class=\"wp-block-paragraph\">A consultora Anahi Monier, respons\u00e1vel pela assist\u00eancia t\u00e9cnica da AL-INVEST Verde juntamente com Andr\u00e9s De Nichilo, explicou que esta a\u00e7\u00e3o ser\u00e1 dividida em tr\u00eas fases. Em primeiro lugar, ser\u00e3o analisados os requisitos estabelecidos na legisla\u00e7\u00e3o e nas normas de ensaio e de produtos, a fim de analisar a situa\u00e7\u00e3o comercial. Uma vez sistematizados os requisitos da UE, estes ser\u00e3o comparados com a regulamenta\u00e7\u00e3o local, no que respeita \u00e0 qualidade e \u00e0 sustentabilidade dos produtos.<\/p>\n\n<p class=\"wp-block-paragraph\">Por \u00faltimo, ser\u00e3o efectuadas visitas a uma amostra federal de laborat\u00f3rios e certificadores nacionais para identificar as capacidades que devem ser desenvolvidas para que as empresas \"tenham a possibilidade de testar e certificar os seus produtos localmente para facilitar as suas opera\u00e7\u00f5es e para que esses testes sejam reconhecidos a n\u00edvel mundial\".<\/p>\n\n<p class=\"wp-block-paragraph\">Este roteiro envolver\u00e1 as empresas produtoras e as suas c\u00e2maras de com\u00e9rcio, os laborat\u00f3rios privados e p\u00fablicos, os organismos de infra-estruturas de qualidade do pa\u00eds, bem como outros organismos estatais com compet\u00eancia na legisla\u00e7\u00e3o aplic\u00e1vel e no controlo do seu cumprimento. Com esta ajuda, o objetivo \u00e9 sistematizar as normas de qualidade, rastreabilidade e sustentabilidade exigidas pela Uni\u00e3o Europeia para a entrada de produtos de couro, soja e madeira.<\/p>\n\n<p class=\"wp-block-paragraph\"><strong>Plano Nacional de Qualidade<\/strong><\/p>\n\n<p class=\"wp-block-paragraph\">O Plano Nacional de Qualidade da Argentina promove o desenvolvimento de infra-estruturas de qualidade no pa\u00eds e promove o seu reconhecimento internacional, atrav\u00e9s da forma\u00e7\u00e3o de empresas e consumidores, para atingir os mais elevados padr\u00f5es e alcan\u00e7ar uma maior sustentabilidade ambiental. Tamb\u00e9m divulga a oferta nacional de testes, calibra\u00e7\u00f5es, certifica\u00e7\u00f5es, verificadores, materiais de refer\u00eancia e interlaborat\u00f3rios.<\/p>\n\n<p class=\"wp-block-paragraph\"><strong>Sobre o AL-INVEST Verde<\/strong><\/p>\n\n<p class=\"wp-block-paragraph\">AL-INVEST Verde \u00e9 um programa da Uni\u00e3o Europeia (UE) cujo principal objectivo \u00e9 promover o crescimento sustent\u00e1vel e a cria\u00e7\u00e3o de emprego na Am\u00e9rica Latina, apoiando a transi\u00e7\u00e3o para uma economia de baixo carbono, eficiente em termos de recursos e mais circular. Atrav\u00e9s da Componente 2, liderada pela FIIAPP em cons\u00f3rcio com o IILA, o programa fornece assist\u00eancia para refor\u00e7ar as pol\u00edticas p\u00fablicas e os di\u00e1logos entre as v\u00e1rias partes interessadas sobre cadeias agr\u00edcolas e de valor sustent\u00e1veis, normas ambientais e laborais, bem como o com\u00e9rcio sustent\u00e1vel e os quadros de pol\u00edtica econ\u00f3mica e reguladores.<\/p>\n\t\t\t\t\t\t\t\t<\/div>\n\t\t\t\t<\/div>\n\t\t\t\t\t<\/div>\n\t\t<\/div>\n\t\t\t\t\t<\/div>\n\t\t<\/section>\n\t\t\t\t<section class=\"elementor-section elementor-top-section elementor-element elementor-element-e10d13f elementor-section-boxed elementor-section-height-default elementor-section-height-default\" data-id=\"e10d13f\" data-element_type=\"section\" data-e-type=\"section\">\n\t\t\t\t\t\t<div class=\"elementor-container elementor-column-gap-default\">\n\t\t\t\t\t<div class=\"elementor-column elementor-col-100 elementor-top-column elementor-element elementor-element-7bcb85b\" data-id=\"7bcb85b\" data-element_type=\"column\" data-e-type=\"column\">\n\t\t\t<div class=\"elementor-widget-wrap elementor-element-populated\">\n\t\t\t\t\t\t<div class=\"elementor-element elementor-element-0323eeb elementor-widget elementor-widget-html\" data-id=\"0323eeb\" data-element_type=\"widget\" data-e-type=\"widget\" data-widget_type=\"html.default\">\n\t\t\t\t<div class=\"elementor-widget-container\">\n\t\t\t\t\t<a data-flickr-embed=\"true\" href=\"https:\/\/www.flickr.com\/photos\/al-investverde\/albums\/72177720310161749\" title=\"Apoio aos laborat\u00f3rios nacionais argentinos\"><img fetchpriority=\"high\" decoding=\"async\" src=\"https:\/\/live.staticflickr.com\/65535\/53084035295_9490936eeb_c.jpg\" width=\"800\" height=\"600\" alt=\"Apoyo a laboratorios nacionales argentinos\"\/><\/a><script async src=\"\/\/embedr.flickr.com\/assets\/client-code.js\" charset=\"utf-8\"><\/script>\t\t\t\t<\/div>\n\t\t\t\t<\/div>\n\t\t\t\t\t<\/div>\n\t\t<\/div>\n\t\t\t\t\t<\/div>\n\t\t<\/section>\n\t\t\t\t<\/div>","protected":false},"excerpt":{"rendered":"<p>Buenos Aires, 27 de julio de 2023.- El Ministerio de Econom\u00eda, a trav\u00e9s de la Secretar\u00eda de Industria y Desarrollo Productivo, y AL-INVEST Verde\/Componente 2 trabajar\u00e1n de manera conjunta con el Plan Nacional de Calidad para el fortalecimiento de los laboratorios nacionales de Argentina encargados del sistema de calidad p\u00fablico y privado. Con este fin, [&hellip;]<\/p>\n","protected":false},"author":6,"featured_media":8117,"comment_status":"closed","ping_status":"closed","sticky":false,"template":"","format":"standard","meta":{"footnotes":""},"categories":[54,60,24,19,20],"tags":[21,26,42,32,84,83,30,43],"class_list":["post-8116","post","type-post","status-publish","format-standard","has-post-thumbnail","hentry","category-2023-component-2","category-2023-news","category-actualidad","category-component-2","category-news","tag-cadenas-de-valor","tag-component-2","tag-cuero","tag-ganaderia","tag-madera","tag-soja","tag-sostenibilidad","tag-trazabilidad"],"yoast_head":"<!-- This site is optimized with the Yoast SEO plugin v28.4 - https:\/\/yoast.com\/product\/yoast-seo-wordpress\/ -->\n<title>Fortalecimiento de los laboratorios argentinos de ensayo y certificaci\u00f3n - Programme AL-INVEST Verde<\/title>\n<meta name=\"robots\" content=\"index, follow, max-snippet:-1, max-image-preview:large, max-video-preview:-1\" \/>\n<link rel=\"canonical\" href=\"https:\/\/alinvest-verde.eu\/pt_pt_ao90\/fortalecimiento-de-los-laboratorios-argentinos-de-ensayo-y-certificacion\/\" \/>\n<meta property=\"og:locale\" content=\"pt_PT\" \/>\n<meta property=\"og:type\" content=\"article\" \/>\n<meta property=\"og:title\" content=\"Fortalecimiento de los laboratorios argentinos de ensayo y certificaci\u00f3n - Programme AL-INVEST Verde\" \/>\n<meta property=\"og:description\" content=\"Buenos Aires, 27 de julio de 2023.- El Ministerio de Econom\u00eda, a trav\u00e9s de la Secretar\u00eda de Industria y Desarrollo Productivo, y AL-INVEST Verde\/Componente 2 trabajar\u00e1n de manera conjunta con el Plan Nacional de Calidad para el fortalecimiento de los laboratorios nacionales de Argentina encargados del sistema de calidad p\u00fablico y privado. Con este fin, [&hellip;]\" \/>\n<meta property=\"og:url\" content=\"https:\/\/alinvest-verde.eu\/pt_pt_ao90\/fortalecimiento-de-los-laboratorios-argentinos-de-ensayo-y-certificacion\/\" \/>\n<meta property=\"og:site_name\" content=\"Programme AL-INVEST Verde\" \/>\n<meta property=\"article:published_time\" content=\"2023-07-28T12:19:09+00:00\" \/>\n<meta property=\"article:modified_time\" content=\"2024-07-05T15:21:58+00:00\" \/>\n<meta property=\"og:image\" content=\"https:\/\/alinvest-verde.eu\/wp-content\/uploads\/2023\/07\/20230727-LABORATORIOS-1-scaled.jpg\" \/>\n\t<meta property=\"og:image:width\" content=\"2560\" \/>\n\t<meta property=\"og:image:height\" content=\"1707\" \/>\n\t<meta property=\"og:image:type\" content=\"image\/jpeg\" \/>\n<meta name=\"author\" content=\"Azucena Garc\u00eda\" \/>\n<meta name=\"twitter:card\" content=\"summary_large_image\" \/>\n<meta name=\"twitter:creator\" content=\"@Frank Summa\" \/>\n<meta name=\"twitter:label1\" content=\"Written by\" \/>\n\t<meta name=\"twitter:data1\" content=\"\" \/>\n\t<meta name=\"twitter:label2\" content=\"Est. reading time\" \/>\n\t<meta name=\"twitter:data2\" content=\"4 minutos\" \/>\n<script type=\"application\/ld+json\" class=\"yoast-schema-graph\">{\"@context\":\"https:\\\/\\\/schema.org\",\"@graph\":[{\"@type\":\"Article\",\"@id\":\"https:\\\/\\\/alinvest-verde.eu\\\/fortalecimiento-de-los-laboratorios-argentinos-de-ensayo-y-certificacion\\\/#article\",\"isPartOf\":{\"@id\":\"https:\\\/\\\/alinvest-verde.eu\\\/fortalecimiento-de-los-laboratorios-argentinos-de-ensayo-y-certificacion\\\/\"},\"author\":{\"name\":\"Azucena Garc\u00eda\",\"@id\":\"https:\\\/\\\/alinvest-verde.eu\\\/#\\\/schema\\\/person\\\/8804ec49772ba377829838bc11b6aa6b\"},\"headline\":\"Fortalecimiento de los laboratorios argentinos de ensayo y certificaci\u00f3n\",\"datePublished\":\"2023-07-28T12:19:09+00:00\",\"dateModified\":\"2024-07-05T15:21:58+00:00\",\"mainEntityOfPage\":{\"@id\":\"https:\\\/\\\/alinvest-verde.eu\\\/fortalecimiento-de-los-laboratorios-argentinos-de-ensayo-y-certificacion\\\/\"},\"wordCount\":891,\"publisher\":{\"@id\":\"https:\\\/\\\/alinvest-verde.eu\\\/#organization\"},\"image\":{\"@id\":\"https:\\\/\\\/alinvest-verde.eu\\\/fortalecimiento-de-los-laboratorios-argentinos-de-ensayo-y-certificacion\\\/#primaryimage\"},\"thumbnailUrl\":\"https:\\\/\\\/alinvest-verde.eu\\\/wp-content\\\/uploads\\\/2023\\\/07\\\/20230727-LABORATORIOS-1-scaled.jpg\",\"keywords\":[\"cadenas de valor\",\"Component 2\",\"cuero\",\"ganader\u00eda\",\"madera\",\"soja\",\"sostenibilidad\",\"trazabilidad\"],\"articleSection\":[\"2023\",\"2023\",\"Actualidad\",\"Component 2\",\"News\"],\"inLanguage\":\"pt-PT\"},{\"@type\":\"WebPage\",\"@id\":\"https:\\\/\\\/alinvest-verde.eu\\\/fortalecimiento-de-los-laboratorios-argentinos-de-ensayo-y-certificacion\\\/\",\"url\":\"https:\\\/\\\/alinvest-verde.eu\\\/fortalecimiento-de-los-laboratorios-argentinos-de-ensayo-y-certificacion\\\/\",\"name\":\"Fortalecimiento de los laboratorios argentinos de ensayo y certificaci\u00f3n - Programme AL-INVEST Verde\",\"isPartOf\":{\"@id\":\"https:\\\/\\\/alinvest-verde.eu\\\/#website\"},\"primaryImageOfPage\":{\"@id\":\"https:\\\/\\\/alinvest-verde.eu\\\/fortalecimiento-de-los-laboratorios-argentinos-de-ensayo-y-certificacion\\\/#primaryimage\"},\"image\":{\"@id\":\"https:\\\/\\\/alinvest-verde.eu\\\/fortalecimiento-de-los-laboratorios-argentinos-de-ensayo-y-certificacion\\\/#primaryimage\"},\"thumbnailUrl\":\"https:\\\/\\\/alinvest-verde.eu\\\/wp-content\\\/uploads\\\/2023\\\/07\\\/20230727-LABORATORIOS-1-scaled.jpg\",\"datePublished\":\"2023-07-28T12:19:09+00:00\",\"dateModified\":\"2024-07-05T15:21:58+00:00\",\"breadcrumb\":{\"@id\":\"https:\\\/\\\/alinvest-verde.eu\\\/fortalecimiento-de-los-laboratorios-argentinos-de-ensayo-y-certificacion\\\/#breadcrumb\"},\"inLanguage\":\"pt-PT\",\"potentialAction\":[{\"@type\":\"ReadAction\",\"target\":[\"https:\\\/\\\/alinvest-verde.eu\\\/fortalecimiento-de-los-laboratorios-argentinos-de-ensayo-y-certificacion\\\/\"]}]},{\"@type\":\"ImageObject\",\"inLanguage\":\"pt-PT\",\"@id\":\"https:\\\/\\\/alinvest-verde.eu\\\/fortalecimiento-de-los-laboratorios-argentinos-de-ensayo-y-certificacion\\\/#primaryimage\",\"url\":\"https:\\\/\\\/alinvest-verde.eu\\\/wp-content\\\/uploads\\\/2023\\\/07\\\/20230727-LABORATORIOS-1-scaled.jpg\",\"contentUrl\":\"https:\\\/\\\/alinvest-verde.eu\\\/wp-content\\\/uploads\\\/2023\\\/07\\\/20230727-LABORATORIOS-1-scaled.jpg\",\"width\":2560,\"height\":1707},{\"@type\":\"BreadcrumbList\",\"@id\":\"https:\\\/\\\/alinvest-verde.eu\\\/fortalecimiento-de-los-laboratorios-argentinos-de-ensayo-y-certificacion\\\/#breadcrumb\",\"itemListElement\":[{\"@type\":\"ListItem\",\"position\":1,\"name\":\"Inicio\",\"item\":\"https:\\\/\\\/alinvest-verde.eu\\\/\"},{\"@type\":\"ListItem\",\"position\":2,\"name\":\"Component 2\",\"item\":\"https:\\\/\\\/alinvest-verde.eu\\\/category\\\/component-2\\\/\"},{\"@type\":\"ListItem\",\"position\":3,\"name\":\"Fortalecimiento de los laboratorios argentinos de ensayo y certificaci\u00f3n\"}]},{\"@type\":\"WebSite\",\"@id\":\"https:\\\/\\\/alinvest-verde.eu\\\/#website\",\"url\":\"https:\\\/\\\/alinvest-verde.eu\\\/\",\"name\":\"Programme AL-INVEST Verde\",\"description\":\"Building alliances with the private sector in LA and promote sustainable growth and jobs creation by supporting the transition towards a low-carbon, resource-efficient economy\",\"publisher\":{\"@id\":\"https:\\\/\\\/alinvest-verde.eu\\\/#organization\"},\"potentialAction\":[{\"@type\":\"SearchAction\",\"target\":{\"@type\":\"EntryPoint\",\"urlTemplate\":\"https:\\\/\\\/alinvest-verde.eu\\\/?s={search_term_string}\"},\"query-input\":{\"@type\":\"PropertyValueSpecification\",\"valueRequired\":true,\"valueName\":\"search_term_string\"}}],\"inLanguage\":\"pt-PT\"},{\"@type\":\"Organization\",\"@id\":\"https:\\\/\\\/alinvest-verde.eu\\\/#organization\",\"name\":\"Programme AL-INVEST Verde\",\"url\":\"https:\\\/\\\/alinvest-verde.eu\\\/\",\"logo\":{\"@type\":\"ImageObject\",\"inLanguage\":\"pt-PT\",\"@id\":\"https:\\\/\\\/alinvest-verde.eu\\\/#\\\/schema\\\/logo\\\/image\\\/\",\"url\":\"https:\\\/\\\/alinvest-verde.eu\\\/wp-content\\\/uploads\\\/2022\\\/01\\\/cropped-logo-financiado-por-la-UE.jpg\",\"contentUrl\":\"https:\\\/\\\/alinvest-verde.eu\\\/wp-content\\\/uploads\\\/2022\\\/01\\\/cropped-logo-financiado-por-la-UE.jpg\",\"width\":756,\"height\":216,\"caption\":\"Programme AL-INVEST Verde\"},\"image\":{\"@id\":\"https:\\\/\\\/alinvest-verde.eu\\\/#\\\/schema\\\/logo\\\/image\\\/\"}},{\"@type\":\"Person\",\"@id\":\"https:\\\/\\\/alinvest-verde.eu\\\/#\\\/schema\\\/person\\\/8804ec49772ba377829838bc11b6aa6b\",\"name\":\"Azucena Garc\u00eda\",\"image\":{\"@type\":\"ImageObject\",\"inLanguage\":\"pt-PT\",\"@id\":\"https:\\\/\\\/secure.gravatar.com\\\/avatar\\\/fc4d91c562d3c4ac55cafd2f4ae4ebd513d2304b007a5c8d4f2d8543edeb9d79?s=96&d=mm&r=g\",\"url\":\"https:\\\/\\\/secure.gravatar.com\\\/avatar\\\/fc4d91c562d3c4ac55cafd2f4ae4ebd513d2304b007a5c8d4f2d8543edeb9d79?s=96&d=mm&r=g\",\"contentUrl\":\"https:\\\/\\\/secure.gravatar.com\\\/avatar\\\/fc4d91c562d3c4ac55cafd2f4ae4ebd513d2304b007a5c8d4f2d8543edeb9d79?s=96&d=mm&r=g\",\"caption\":\"Azucena Garc\u00eda\"},\"sameAs\":[\"https:\\\/\\\/x.com\\\/Frank Summa\"],\"url\":\"https:\\\/\\\/alinvest-verde.eu\\\/pt_pt_ao90\\\/author\\\/azucena-garcia\\\/\"}]}<\/script>\n<!-- \/ Yoast SEO plugin. -->","yoast_head_json":{"title":"Refor\u00e7o dos laborat\u00f3rios de ensaio e certifica\u00e7\u00e3o argentinos - Programa AL-INVEST Verde","robots":{"index":"index","follow":"follow","max-snippet":"max-snippet:-1","max-image-preview":"max-image-preview:large","max-video-preview":"max-video-preview:-1"},"canonical":"https:\/\/alinvest-verde.eu\/pt_pt_ao90\/fortalecimiento-de-los-laboratorios-argentinos-de-ensayo-y-certificacion\/","og_locale":"pt_PT","og_type":"article","og_title":"Fortalecimiento de los laboratorios argentinos de ensayo y certificaci\u00f3n - Programme AL-INVEST Verde","og_description":"Buenos Aires, 27 de julio de 2023.- El Ministerio de Econom\u00eda, a trav\u00e9s de la Secretar\u00eda de Industria y Desarrollo Productivo, y AL-INVEST Verde\/Componente 2 trabajar\u00e1n de manera conjunta con el Plan Nacional de Calidad para el fortalecimiento de los laboratorios nacionales de Argentina encargados del sistema de calidad p\u00fablico y privado. Con este fin, [&hellip;]","og_url":"https:\/\/alinvest-verde.eu\/pt_pt_ao90\/fortalecimiento-de-los-laboratorios-argentinos-de-ensayo-y-certificacion\/","og_site_name":"Programme AL-INVEST Verde","article_published_time":"2023-07-28T12:19:09+00:00","article_modified_time":"2024-07-05T15:21:58+00:00","og_image":[{"width":2560,"height":1707,"url":"https:\/\/alinvest-verde.eu\/wp-content\/uploads\/2023\/07\/20230727-LABORATORIOS-1-scaled.jpg","type":"image\/jpeg"}],"author":"Azucena Garc\u00eda","twitter_card":"summary_large_image","twitter_creator":"@Frank Summa","twitter_misc":{"Written by":false,"Est. reading time":"4 minutos"},"schema":{"@context":"https:\/\/schema.org","@graph":[{"@type":"Article","@id":"https:\/\/alinvest-verde.eu\/fortalecimiento-de-los-laboratorios-argentinos-de-ensayo-y-certificacion\/#article","isPartOf":{"@id":"https:\/\/alinvest-verde.eu\/fortalecimiento-de-los-laboratorios-argentinos-de-ensayo-y-certificacion\/"},"author":{"name":"Azucena Garc\u00eda","@id":"https:\/\/alinvest-verde.eu\/#\/schema\/person\/8804ec49772ba377829838bc11b6aa6b"},"headline":"Fortalecimiento de los laboratorios argentinos de ensayo y certificaci\u00f3n","datePublished":"2023-07-28T12:19:09+00:00","dateModified":"2024-07-05T15:21:58+00:00","mainEntityOfPage":{"@id":"https:\/\/alinvest-verde.eu\/fortalecimiento-de-los-laboratorios-argentinos-de-ensayo-y-certificacion\/"},"wordCount":891,"publisher":{"@id":"https:\/\/alinvest-verde.eu\/#organization"},"image":{"@id":"https:\/\/alinvest-verde.eu\/fortalecimiento-de-los-laboratorios-argentinos-de-ensayo-y-certificacion\/#primaryimage"},"thumbnailUrl":"https:\/\/alinvest-verde.eu\/wp-content\/uploads\/2023\/07\/20230727-LABORATORIOS-1-scaled.jpg","keywords":["cadenas de valor","Component 2","cuero","ganader\u00eda","madera","soja","sostenibilidad","trazabilidad"],"articleSection":["2023","2023","Actualidad","Component 2","News"],"inLanguage":"pt-PT"},{"@type":"WebPage","@id":"https:\/\/alinvest-verde.eu\/fortalecimiento-de-los-laboratorios-argentinos-de-ensayo-y-certificacion\/","url":"https:\/\/alinvest-verde.eu\/fortalecimiento-de-los-laboratorios-argentinos-de-ensayo-y-certificacion\/","name":"Refor\u00e7o dos laborat\u00f3rios de ensaio e certifica\u00e7\u00e3o argentinos - Programa AL-INVEST Verde","isPartOf":{"@id":"https:\/\/alinvest-verde.eu\/#website"},"primaryImageOfPage":{"@id":"https:\/\/alinvest-verde.eu\/fortalecimiento-de-los-laboratorios-argentinos-de-ensayo-y-certificacion\/#primaryimage"},"image":{"@id":"https:\/\/alinvest-verde.eu\/fortalecimiento-de-los-laboratorios-argentinos-de-ensayo-y-certificacion\/#primaryimage"},"thumbnailUrl":"https:\/\/alinvest-verde.eu\/wp-content\/uploads\/2023\/07\/20230727-LABORATORIOS-1-scaled.jpg","datePublished":"2023-07-28T12:19:09+00:00","dateModified":"2024-07-05T15:21:58+00:00","breadcrumb":{"@id":"https:\/\/alinvest-verde.eu\/fortalecimiento-de-los-laboratorios-argentinos-de-ensayo-y-certificacion\/#breadcrumb"},"inLanguage":"pt-PT","potentialAction":[{"@type":"ReadAction","target":["https:\/\/alinvest-verde.eu\/fortalecimiento-de-los-laboratorios-argentinos-de-ensayo-y-certificacion\/"]}]},{"@type":"ImageObject","inLanguage":"pt-PT","@id":"https:\/\/alinvest-verde.eu\/fortalecimiento-de-los-laboratorios-argentinos-de-ensayo-y-certificacion\/#primaryimage","url":"https:\/\/alinvest-verde.eu\/wp-content\/uploads\/2023\/07\/20230727-LABORATORIOS-1-scaled.jpg","contentUrl":"https:\/\/alinvest-verde.eu\/wp-content\/uploads\/2023\/07\/20230727-LABORATORIOS-1-scaled.jpg","width":2560,"height":1707},{"@type":"BreadcrumbList","@id":"https:\/\/alinvest-verde.eu\/fortalecimiento-de-los-laboratorios-argentinos-de-ensayo-y-certificacion\/#breadcrumb","itemListElement":[{"@type":"ListItem","position":1,"name":"Inicio","item":"https:\/\/alinvest-verde.eu\/"},{"@type":"ListItem","position":2,"name":"Component 2","item":"https:\/\/alinvest-verde.eu\/category\/component-2\/"},{"@type":"ListItem","position":3,"name":"Fortalecimiento de los laboratorios argentinos de ensayo y certificaci\u00f3n"}]},{"@type":"WebSite","@id":"https:\/\/alinvest-verde.eu\/#website","url":"https:\/\/alinvest-verde.eu\/","name":"Programa AL-INVEST Verde","description":"Construir alian\u00e7as com o sector privado na AL e promover o crescimento sustent\u00e1vel e a cria\u00e7\u00e3o de empregos, apoiando a transi\u00e7\u00e3o para uma economia de baixo carbono e eficiente em termos de recursos","publisher":{"@id":"https:\/\/alinvest-verde.eu\/#organization"},"potentialAction":[{"@type":"SearchAction","target":{"@type":"EntryPoint","urlTemplate":"https:\/\/alinvest-verde.eu\/?s={search_term_string}"},"query-input":{"@type":"PropertyValueSpecification","valueRequired":true,"valueName":"search_term_string"}}],"inLanguage":"pt-PT"},{"@type":"Organization","@id":"https:\/\/alinvest-verde.eu\/#organization","name":"Programa AL-INVEST Verde","url":"https:\/\/alinvest-verde.eu\/","logo":{"@type":"ImageObject","inLanguage":"pt-PT","@id":"https:\/\/alinvest-verde.eu\/#\/schema\/logo\/image\/","url":"https:\/\/alinvest-verde.eu\/wp-content\/uploads\/2022\/01\/cropped-logo-financiado-por-la-UE.jpg","contentUrl":"https:\/\/alinvest-verde.eu\/wp-content\/uploads\/2022\/01\/cropped-logo-financiado-por-la-UE.jpg","width":756,"height":216,"caption":"Programme AL-INVEST Verde"},"image":{"@id":"https:\/\/alinvest-verde.eu\/#\/schema\/logo\/image\/"}},{"@type":"Person","@id":"https:\/\/alinvest-verde.eu\/#\/schema\/person\/8804ec49772ba377829838bc11b6aa6b","name":"Azucena Garcia","image":{"@type":"ImageObject","inLanguage":"pt-PT","@id":"https:\/\/secure.gravatar.com\/avatar\/fc4d91c562d3c4ac55cafd2f4ae4ebd513d2304b007a5c8d4f2d8543edeb9d79?s=96&d=mm&r=g","url":"https:\/\/secure.gravatar.com\/avatar\/fc4d91c562d3c4ac55cafd2f4ae4ebd513d2304b007a5c8d4f2d8543edeb9d79?s=96&d=mm&r=g","contentUrl":"https:\/\/secure.gravatar.com\/avatar\/fc4d91c562d3c4ac55cafd2f4ae4ebd513d2304b007a5c8d4f2d8543edeb9d79?s=96&d=mm&r=g","caption":"Azucena Garc\u00eda"},"sameAs":["https:\/\/x.com\/Frank Summa"],"url":"https:\/\/alinvest-verde.eu\/pt_pt_ao90\/author\/azucena-garcia\/"}]}},"_links":{"self":[{"href":"https:\/\/alinvest-verde.eu\/pt_pt_ao90\/wp-json\/wp\/v2\/posts\/8116","targetHints":{"allow":["GET"]}}],"collection":[{"href":"https:\/\/alinvest-verde.eu\/pt_pt_ao90\/wp-json\/wp\/v2\/posts"}],"about":[{"href":"https:\/\/alinvest-verde.eu\/pt_pt_ao90\/wp-json\/wp\/v2\/types\/post"}],"author":[{"embeddable":true,"href":"https:\/\/alinvest-verde.eu\/pt_pt_ao90\/wp-json\/wp\/v2\/users\/6"}],"replies":[{"embeddable":true,"href":"https:\/\/alinvest-verde.eu\/pt_pt_ao90\/wp-json\/wp\/v2\/comments?post=8116"}],"version-history":[{"count":10,"href":"https:\/\/alinvest-verde.eu\/pt_pt_ao90\/wp-json\/wp\/v2\/posts\/8116\/revisions"}],"predecessor-version":[{"id":8174,"href":"https:\/\/alinvest-verde.eu\/pt_pt_ao90\/wp-json\/wp\/v2\/posts\/8116\/revisions\/8174"}],"wp:featuredmedia":[{"embeddable":true,"href":"https:\/\/alinvest-verde.eu\/pt_pt_ao90\/wp-json\/wp\/v2\/media\/8117"}],"wp:attachment":[{"href":"https:\/\/alinvest-verde.eu\/pt_pt_ao90\/wp-json\/wp\/v2\/media?parent=8116"}],"wp:term":[{"taxonomy":"category","embeddable":true,"href":"https:\/\/alinvest-verde.eu\/pt_pt_ao90\/wp-json\/wp\/v2\/categories?post=8116"},{"taxonomy":"post_tag","embeddable":true,"href":"https:\/\/alinvest-verde.eu\/pt_pt_ao90\/wp-json\/wp\/v2\/tags?post=8116"}],"curies":[{"name":"wp","href":"https:\/\/api.w.org\/{rel}","templated":true}]}}